{"id":2260,"date":"2022-11-02T08:26:00","date_gmt":"2022-11-02T08:26:00","guid":{"rendered":"https:\/\/oeilsportif.info\/index.php\/?p=2260"},"modified":"2022-11-02T08:26:00","modified_gmt":"2022-11-02T08:26:00","slug":"les-champions-recus-par-le-ministre-des-sports","status":"publish","type":"post","link":"https:\/\/oeilsportif.info\/index.php\/les-champions-recus-par-le-ministre-des-sports\/","title":{"rendered":"Les champions re\u00e7us par le Ministre des Sports"},"content":{"rendered":"<p><strong>Ce mardi 1er novembre 2022, le Ministre de la Jeunesse et des Sports, M. Lansana B\u00e9a Diallo, a re\u00e7u les handballeurs guin\u00e9ens fra\u00eechement sacr\u00e9s champions de la zone 2 la semaine derni\u00e8re \u00e0 Conakry.<\/strong><\/p>\n<p>Au cours de cette audience accord\u00e9e \u00e0 la F\u00e9d\u00e9ration Guin\u00e9enne de Handball au si\u00e8ge du COCAN, le Ministre de la Jeunesse et des Sports a f\u00e9licit\u00e9 les joueurs, les membres du staff technique et le bureau ex\u00e9cutif de la FEGUIHAND pour le parcours enregistr\u00e9 lors du tournoi IHF Trophy &#8211; Zone 2.<\/p>\n<p>S\u2019exprimant devant le Ministre B\u00e9a Diallo, le Pr\u00e9sident Paye Camara a remerci\u00e9 les autorit\u00e9s guin\u00e9ennes pour l\u2019accompagnement, avant de solliciter leur soutien pour les prochaines comp\u00e9titions.<\/p>\n<p>\u00abMonsieur le Ministre, vous avez devant vous ces jeunes sportifs qui ont mouill\u00e9 le maillot pour d\u00e9fendre l&rsquo;hymne national et le drapeau guin\u00e9en, afin d&rsquo;honorer les autorit\u00e9s au plus haut niveau et le peuple de guin\u00e9e. Nous sollicitons votre appui aupr\u00e8s du gouvernement pour que ces jeunes soient r\u00e9compens\u00e9s \u00e0 leurs juste valeurs \u00bb, a d\u00e9clar\u00e9 le Pr\u00e9sident de la F\u00e9d\u00e9ration Guin\u00e9enne de Handball.<\/p>\n<p>Le capitaine C\u00e9c\u00e9 Camara et ses co\u00e9quipiers ont pris l\u2019engagement de continuer \u00e0 d\u00e9fendre dignement l\u2019honneur de notre pays dans les comp\u00e9titions de handball. Ils sollicitent \u00e9galement l\u2019apport de l\u2019\u00c9tat pour une tr\u00e8s bonne pr\u00e9paration de l\u2019\u00e9quipe.<\/p>\n<p>L\u2019objectif est d\u00e9sormais focalis\u00e9 sur le Challenge Continental qui sera organis\u00e9 dans un mois au Congo.<\/p>\n<p>FEGUIHAND<\/p>\n","protected":false},"excerpt":{"rendered":"<p>Ce mardi 1er novembre 2022, le Ministre de la Jeunesse et des Sports, M. Lansana B\u00e9a Diallo, a re\u00e7u les handballeurs guin\u00e9ens fra\u00eechement sacr\u00e9s champions de la zone 2 la semaine derni\u00e8re \u00e0 Conakry. Au cours de cette audience accord\u00e9e \u00e0 la F\u00e9d\u00e9ration Guin\u00e9enne de Handball au si\u00e8ge du COCAN, le Ministre de la Jeunesse [&hellip;]<\/p>\n","protected":false},"author":2,"featured_media":2261,"comment_status":"closed","ping_status":"open","sticky":false,"template":"","format":"standard","meta":{"_jetpack_memberships_contains_paid_content":false,"footnotes":"","jetpack_publicize_message":"","jetpack_publicize_feature_enabled":true,"jetpack_social_post_already_shared":true,"jetpack_social_options":{"image_generator_settings":{"template":"highway","default_image_id":0,"font":"","enabled":false},"version":2}},"categories":[6],"tags":[],"class_list":{"0":"post-2260","1":"post","2":"type-post","3":"status-publish","4":"format-standard","5":"has-post-thumbnail","7":"category-handball"},"yoast_head":"<!-- This site is optimized with the Yoast SEO plugin v27.5 - https:\/\/yoast.com\/product\/yoast-seo-wordpress\/ -->\n<title>Les champions re\u00e7us par le Ministre des Sports - le regard du sportif<\/title>\n<meta name=\"robots\" content=\"index, follow, max-snippet:-1, max-image-preview:large, max-video-preview:-1\" \/>\n<link rel=\"canonical\" href=\"https:\/\/oeilsportif.info\/index.php\/les-champions-recus-par-le-ministre-des-sports\/\" \/>\n<meta property=\"og:locale\" content=\"fr_FR\" \/>\n<meta property=\"og:type\" content=\"article\" \/>\n<meta property=\"og:title\" content=\"Les champions re\u00e7us par le Ministre des Sports - le regard du sportif\" \/>\n<meta property=\"og:description\" content=\"Ce mardi 1er novembre 2022, le Ministre de la Jeunesse et des Sports, M. Lansana B\u00e9a Diallo, a re\u00e7u les handballeurs guin\u00e9ens fra\u00eechement sacr\u00e9s champions de la zone 2 la semaine derni\u00e8re \u00e0 Conakry. Au cours de cette audience accord\u00e9e \u00e0 la F\u00e9d\u00e9ration Guin\u00e9enne de Handball au si\u00e8ge du COCAN, le Ministre de la Jeunesse [&hellip;]\" \/>\n<meta property=\"og:url\" content=\"https:\/\/oeilsportif.info\/index.php\/les-champions-recus-par-le-ministre-des-sports\/\" \/>\n<meta property=\"og:site_name\" content=\"le regard du sportif\" \/>\n<meta property=\"article:published_time\" content=\"2022-11-02T08:26:00+00:00\" \/>\n<meta property=\"og:image\" content=\"https:\/\/oeilsportif.info\/wp-content\/uploads\/2022\/11\/FB_IMG_1667377467104.jpg\" \/>\n\t<meta property=\"og:image:width\" content=\"1080\" \/>\n\t<meta property=\"og:image:height\" content=\"720\" \/>\n\t<meta property=\"og:image:type\" content=\"image\/jpeg\" \/>\n<meta name=\"author\" content=\"L&#039;Equipe de la R\u00e9daction\" \/>\n<meta name=\"twitter:label1\" content=\"\u00c9crit par\" \/>\n\t<meta name=\"twitter:data1\" content=\"L&#039;Equipe de la R\u00e9daction\" \/>\n\t<meta name=\"twitter:label2\" content=\"Dur\u00e9e de lecture estim\u00e9e\" \/>\n\t<meta name=\"twitter:data2\" content=\"2 minutes\" \/>\n<script type=\"application\/ld+json\" class=\"yoast-schema-graph\">{\"@context\":\"https:\\\/\\\/schema.org\",\"@graph\":[{\"@type\":\"Article\",\"@id\":\"https:\\\/\\\/oeilsportif.info\\\/index.php\\\/les-champions-recus-par-le-ministre-des-sports\\\/#article\",\"isPartOf\":{\"@id\":\"https:\\\/\\\/oeilsportif.info\\\/index.php\\\/les-champions-recus-par-le-ministre-des-sports\\\/\"},\"author\":{\"name\":\"L'Equipe de la R\u00e9daction\",\"@id\":\"https:\\\/\\\/oeilsportif.info\\\/#\\\/schema\\\/person\\\/cfbded294aa6095f7d96608d7905e9a1\"},\"headline\":\"Les champions re\u00e7us par le Ministre des Sports\",\"datePublished\":\"2022-11-02T08:26:00+00:00\",\"mainEntityOfPage\":{\"@id\":\"https:\\\/\\\/oeilsportif.info\\\/index.php\\\/les-champions-recus-par-le-ministre-des-sports\\\/\"},\"wordCount\":278,\"image\":{\"@id\":\"https:\\\/\\\/oeilsportif.info\\\/index.php\\\/les-champions-recus-par-le-ministre-des-sports\\\/#primaryimage\"},\"thumbnailUrl\":\"https:\\\/\\\/i0.wp.com\\\/oeilsportif.info\\\/wp-content\\\/uploads\\\/2022\\\/11\\\/FB_IMG_1667377467104.jpg?fit=1080%2C720&ssl=1\",\"articleSection\":[\"Handball\"],\"inLanguage\":\"fr-FR\"},{\"@type\":\"WebPage\",\"@id\":\"https:\\\/\\\/oeilsportif.info\\\/index.php\\\/les-champions-recus-par-le-ministre-des-sports\\\/\",\"url\":\"https:\\\/\\\/oeilsportif.info\\\/index.php\\\/les-champions-recus-par-le-ministre-des-sports\\\/\",\"name\":\"Les champions re\u00e7us par le Ministre des Sports - le regard du sportif\",\"isPartOf\":{\"@id\":\"https:\\\/\\\/oeilsportif.info\\\/#website\"},\"primaryImageOfPage\":{\"@id\":\"https:\\\/\\\/oeilsportif.info\\\/index.php\\\/les-champions-recus-par-le-ministre-des-sports\\\/#primaryimage\"},\"image\":{\"@id\":\"https:\\\/\\\/oeilsportif.info\\\/index.php\\\/les-champions-recus-par-le-ministre-des-sports\\\/#primaryimage\"},\"thumbnailUrl\":\"https:\\\/\\\/i0.wp.com\\\/oeilsportif.info\\\/wp-content\\\/uploads\\\/2022\\\/11\\\/FB_IMG_1667377467104.jpg?fit=1080%2C720&ssl=1\",\"datePublished\":\"2022-11-02T08:26:00+00:00\",\"author\":{\"@id\":\"https:\\\/\\\/oeilsportif.info\\\/#\\\/schema\\\/person\\\/cfbded294aa6095f7d96608d7905e9a1\"},\"inLanguage\":\"fr-FR\",\"potentialAction\":[{\"@type\":\"ReadAction\",\"target\":[\"https:\\\/\\\/oeilsportif.info\\\/index.php\\\/les-champions-recus-par-le-ministre-des-sports\\\/\"]}]},{\"@type\":\"ImageObject\",\"inLanguage\":\"fr-FR\",\"@id\":\"https:\\\/\\\/oeilsportif.info\\\/index.php\\\/les-champions-recus-par-le-ministre-des-sports\\\/#primaryimage\",\"url\":\"https:\\\/\\\/i0.wp.com\\\/oeilsportif.info\\\/wp-content\\\/uploads\\\/2022\\\/11\\\/FB_IMG_1667377467104.jpg?fit=1080%2C720&ssl=1\",\"contentUrl\":\"https:\\\/\\\/i0.wp.com\\\/oeilsportif.info\\\/wp-content\\\/uploads\\\/2022\\\/11\\\/FB_IMG_1667377467104.jpg?fit=1080%2C720&ssl=1\",\"width\":1080,\"height\":720},{\"@type\":\"WebSite\",\"@id\":\"https:\\\/\\\/oeilsportif.info\\\/#website\",\"url\":\"https:\\\/\\\/oeilsportif.info\\\/\",\"name\":\"le regard du sportif\",\"description\":\"\",\"potentialAction\":[{\"@type\":\"SearchAction\",\"target\":{\"@type\":\"EntryPoint\",\"urlTemplate\":\"https:\\\/\\\/oeilsportif.info\\\/?s={search_term_string}\"},\"query-input\":{\"@type\":\"PropertyValueSpecification\",\"valueRequired\":true,\"valueName\":\"search_term_string\"}}],\"inLanguage\":\"fr-FR\"},{\"@type\":\"Person\",\"@id\":\"https:\\\/\\\/oeilsportif.info\\\/#\\\/schema\\\/person\\\/cfbded294aa6095f7d96608d7905e9a1\",\"name\":\"L'Equipe de la R\u00e9daction\",\"image\":{\"@type\":\"ImageObject\",\"inLanguage\":\"fr-FR\",\"@id\":\"https:\\\/\\\/oeilsportif.info\\\/wp-content\\\/uploads\\\/2025\\\/07\\\/cropped-cropped-logo-os-96x96.jpeg\",\"url\":\"https:\\\/\\\/oeilsportif.info\\\/wp-content\\\/uploads\\\/2025\\\/07\\\/cropped-cropped-logo-os-96x96.jpeg\",\"contentUrl\":\"https:\\\/\\\/oeilsportif.info\\\/wp-content\\\/uploads\\\/2025\\\/07\\\/cropped-cropped-logo-os-96x96.jpeg\",\"caption\":\"L'Equipe de la R\u00e9daction\"},\"url\":\"https:\\\/\\\/oeilsportif.info\\\/index.php\\\/author\\\/tawel\\\/\"}]}<\/script>\n<!-- \/ Yoast SEO plugin. -->","yoast_head_json":{"title":"Les champions re\u00e7us par le Ministre des Sports - le regard du sportif","robots":{"index":"index","follow":"follow","max-snippet":"max-snippet:-1","max-image-preview":"max-image-preview:large","max-video-preview":"max-video-preview:-1"},"canonical":"https:\/\/oeilsportif.info\/index.php\/les-champions-recus-par-le-ministre-des-sports\/","og_locale":"fr_FR","og_type":"article","og_title":"Les champions re\u00e7us par le Ministre des Sports - le regard du sportif","og_description":"Ce mardi 1er novembre 2022, le Ministre de la Jeunesse et des Sports, M. Lansana B\u00e9a Diallo, a re\u00e7u les handballeurs guin\u00e9ens fra\u00eechement sacr\u00e9s champions de la zone 2 la semaine derni\u00e8re \u00e0 Conakry. Au cours de cette audience accord\u00e9e \u00e0 la F\u00e9d\u00e9ration Guin\u00e9enne de Handball au si\u00e8ge du COCAN, le Ministre de la Jeunesse [&hellip;]","og_url":"https:\/\/oeilsportif.info\/index.php\/les-champions-recus-par-le-ministre-des-sports\/","og_site_name":"le regard du sportif","article_published_time":"2022-11-02T08:26:00+00:00","og_image":[{"width":1080,"height":720,"url":"https:\/\/oeilsportif.info\/wp-content\/uploads\/2022\/11\/FB_IMG_1667377467104.jpg","type":"image\/jpeg"}],"author":"L'Equipe de la R\u00e9daction","twitter_misc":{"\u00c9crit par":"L'Equipe de la R\u00e9daction","Dur\u00e9e de lecture estim\u00e9e":"2 minutes"},"schema":{"@context":"https:\/\/schema.org","@graph":[{"@type":"Article","@id":"https:\/\/oeilsportif.info\/index.php\/les-champions-recus-par-le-ministre-des-sports\/#article","isPartOf":{"@id":"https:\/\/oeilsportif.info\/index.php\/les-champions-recus-par-le-ministre-des-sports\/"},"author":{"name":"L'Equipe de la R\u00e9daction","@id":"https:\/\/oeilsportif.info\/#\/schema\/person\/cfbded294aa6095f7d96608d7905e9a1"},"headline":"Les champions re\u00e7us par le Ministre des Sports","datePublished":"2022-11-02T08:26:00+00:00","mainEntityOfPage":{"@id":"https:\/\/oeilsportif.info\/index.php\/les-champions-recus-par-le-ministre-des-sports\/"},"wordCount":278,"image":{"@id":"https:\/\/oeilsportif.info\/index.php\/les-champions-recus-par-le-ministre-des-sports\/#primaryimage"},"thumbnailUrl":"https:\/\/i0.wp.com\/oeilsportif.info\/wp-content\/uploads\/2022\/11\/FB_IMG_1667377467104.jpg?fit=1080%2C720&ssl=1","articleSection":["Handball"],"inLanguage":"fr-FR"},{"@type":"WebPage","@id":"https:\/\/oeilsportif.info\/index.php\/les-champions-recus-par-le-ministre-des-sports\/","url":"https:\/\/oeilsportif.info\/index.php\/les-champions-recus-par-le-ministre-des-sports\/","name":"Les champions re\u00e7us par le Ministre des Sports - le regard du sportif","isPartOf":{"@id":"https:\/\/oeilsportif.info\/#website"},"primaryImageOfPage":{"@id":"https:\/\/oeilsportif.info\/index.php\/les-champions-recus-par-le-ministre-des-sports\/#primaryimage"},"image":{"@id":"https:\/\/oeilsportif.info\/index.php\/les-champions-recus-par-le-ministre-des-sports\/#primaryimage"},"thumbnailUrl":"https:\/\/i0.wp.com\/oeilsportif.info\/wp-content\/uploads\/2022\/11\/FB_IMG_1667377467104.jpg?fit=1080%2C720&ssl=1","datePublished":"2022-11-02T08:26:00+00:00","author":{"@id":"https:\/\/oeilsportif.info\/#\/schema\/person\/cfbded294aa6095f7d96608d7905e9a1"},"inLanguage":"fr-FR","potentialAction":[{"@type":"ReadAction","target":["https:\/\/oeilsportif.info\/index.php\/les-champions-recus-par-le-ministre-des-sports\/"]}]},{"@type":"ImageObject","inLanguage":"fr-FR","@id":"https:\/\/oeilsportif.info\/index.php\/les-champions-recus-par-le-ministre-des-sports\/#primaryimage","url":"https:\/\/i0.wp.com\/oeilsportif.info\/wp-content\/uploads\/2022\/11\/FB_IMG_1667377467104.jpg?fit=1080%2C720&ssl=1","contentUrl":"https:\/\/i0.wp.com\/oeilsportif.info\/wp-content\/uploads\/2022\/11\/FB_IMG_1667377467104.jpg?fit=1080%2C720&ssl=1","width":1080,"height":720},{"@type":"WebSite","@id":"https:\/\/oeilsportif.info\/#website","url":"https:\/\/oeilsportif.info\/","name":"le regard du sportif","description":"","potentialAction":[{"@type":"SearchAction","target":{"@type":"EntryPoint","urlTemplate":"https:\/\/oeilsportif.info\/?s={search_term_string}"},"query-input":{"@type":"PropertyValueSpecification","valueRequired":true,"valueName":"search_term_string"}}],"inLanguage":"fr-FR"},{"@type":"Person","@id":"https:\/\/oeilsportif.info\/#\/schema\/person\/cfbded294aa6095f7d96608d7905e9a1","name":"L'Equipe de la R\u00e9daction","image":{"@type":"ImageObject","inLanguage":"fr-FR","@id":"https:\/\/oeilsportif.info\/wp-content\/uploads\/2025\/07\/cropped-cropped-logo-os-96x96.jpeg","url":"https:\/\/oeilsportif.info\/wp-content\/uploads\/2025\/07\/cropped-cropped-logo-os-96x96.jpeg","contentUrl":"https:\/\/oeilsportif.info\/wp-content\/uploads\/2025\/07\/cropped-cropped-logo-os-96x96.jpeg","caption":"L'Equipe de la R\u00e9daction"},"url":"https:\/\/oeilsportif.info\/index.php\/author\/tawel\/"}]}},"jetpack_publicize_connections":[],"jetpack_featured_media_url":"https:\/\/i0.wp.com\/oeilsportif.info\/wp-content\/uploads\/2022\/11\/FB_IMG_1667377467104.jpg?fit=1080%2C720&ssl=1","jetpack-related-posts":[],"jetpack_sharing_enabled":true,"jetpack_likes_enabled":true,"jetpack_shortlink":"https:\/\/wp.me\/pgFE77-As","_links":{"self":[{"href":"https:\/\/oeilsportif.info\/index.php\/wp-json\/wp\/v2\/posts\/2260","targetHints":{"allow":["GET"]}}],"collection":[{"href":"https:\/\/oeilsportif.info\/index.php\/wp-json\/wp\/v2\/posts"}],"about":[{"href":"https:\/\/oeilsportif.info\/index.php\/wp-json\/wp\/v2\/types\/post"}],"author":[{"embeddable":true,"href":"https:\/\/oeilsportif.info\/index.php\/wp-json\/wp\/v2\/users\/2"}],"replies":[{"embeddable":true,"href":"https:\/\/oeilsportif.info\/index.php\/wp-json\/wp\/v2\/comments?post=2260"}],"version-history":[{"count":0,"href":"https:\/\/oeilsportif.info\/index.php\/wp-json\/wp\/v2\/posts\/2260\/revisions"}],"wp:featuredmedia":[{"embeddable":true,"href":"https:\/\/oeilsportif.info\/index.php\/wp-json\/wp\/v2\/media\/2261"}],"wp:attachment":[{"href":"https:\/\/oeilsportif.info\/index.php\/wp-json\/wp\/v2\/media?parent=2260"}],"wp:term":[{"taxonomy":"category","embeddable":true,"href":"https:\/\/oeilsportif.info\/index.php\/wp-json\/wp\/v2\/categories?post=2260"},{"taxonomy":"post_tag","embeddable":true,"href":"https:\/\/oeilsportif.info\/index.php\/wp-json\/wp\/v2\/tags?post=2260"}],"curies":[{"name":"wp","href":"https:\/\/api.w.org\/{rel}","templated":true}]}}