{"id":2257,"date":"2022-11-02T07:50:10","date_gmt":"2022-11-02T07:50:10","guid":{"rendered":"https:\/\/oeilsportif.info\/index.php\/?p=2257"},"modified":"2022-11-02T07:50:10","modified_gmt":"2022-11-02T07:50:10","slug":"deux-joueuses-cadres-rejoignent-le-groupe-a-conakry","status":"publish","type":"post","link":"https:\/\/oeilsportif.info\/index.php\/deux-joueuses-cadres-rejoignent-le-groupe-a-conakry\/","title":{"rendered":"Deux joueuses cadres rejoignent le groupe \u00e0 Conakry"},"content":{"rendered":"<p>&nbsp;<\/p>\n<p>Le quartier g\u00e9n\u00e9ral de l\u2019\u00e9quipe nationale f\u00e9minine de Guin\u00e9e a enregistr\u00e9 l\u2019arriv\u00e9e de deux (2) joueuses cadres. Il s\u2019agit de l\u2019aili\u00e8re gauche Hawa Kant\u00e9 et de la gardienne La\u00ebtitia Saibou qui sont pr\u00e9sentes dans la capitale guin\u00e9enne depuis la nuit derni\u00e8re.<\/p>\n<p>A peine install\u00e9es, les deux handballeuses guin\u00e9ennes ont pris part \u00e0 la s\u00e9ance d\u2019entra\u00eenement de ce mardi 1er novembre 2022 au gymnase de la F\u00e9d\u00e9ration Guin\u00e9enne de Handball, situ\u00e9 dans l\u2019enceinte du stade 28 septembre de Conakry.<\/p>\n<p>Selon les informations re\u00e7ues aupr\u00e8s du staff technique, la gardienne du club KHF Prishtina, Teninke Kaba arrive demain \u00e0 Conakry. Elle compl\u00e8tera ainsi le groupe \u00e0 19 joueuses avant le d\u00e9part de l\u2019\u00e9quipe sur Dakar, le lundi 07 novembre 2022.<\/p>\n<p>Source : FEGUIHAND<\/p>\n","protected":false},"excerpt":{"rendered":"<p>&nbsp; Le quartier g\u00e9n\u00e9ral de l\u2019\u00e9quipe nationale f\u00e9minine de Guin\u00e9e a enregistr\u00e9 l\u2019arriv\u00e9e de deux (2) joueuses cadres. Il s\u2019agit de l\u2019aili\u00e8re gauche Hawa Kant\u00e9 et de la gardienne La\u00ebtitia Saibou qui sont pr\u00e9sentes dans la capitale guin\u00e9enne depuis la nuit derni\u00e8re. A peine install\u00e9es, les deux handballeuses guin\u00e9ennes ont pris part \u00e0 la s\u00e9ance [&hellip;]<\/p>\n","protected":false},"author":2,"featured_media":2258,"comment_status":"closed","ping_status":"open","sticky":false,"template":"","format":"standard","meta":{"_jetpack_memberships_contains_paid_content":false,"footnotes":"","jetpack_publicize_message":"","jetpack_publicize_feature_enabled":true,"jetpack_social_post_already_shared":true,"jetpack_social_options":{"image_generator_settings":{"template":"highway","default_image_id":0,"font":"","enabled":false},"version":2}},"categories":[5],"tags":[],"class_list":{"0":"post-2257","1":"post","2":"type-post","3":"status-publish","4":"format-standard","5":"has-post-thumbnail","7":"category-football"},"yoast_head":"<!-- This site is optimized with the Yoast SEO plugin v27.5 - https:\/\/yoast.com\/product\/yoast-seo-wordpress\/ -->\n<title>Deux joueuses cadres rejoignent le groupe \u00e0 Conakry - le regard du sportif<\/title>\n<meta name=\"robots\" content=\"index, follow, max-snippet:-1, max-image-preview:large, max-video-preview:-1\" \/>\n<link rel=\"canonical\" href=\"https:\/\/oeilsportif.info\/index.php\/deux-joueuses-cadres-rejoignent-le-groupe-a-conakry\/\" \/>\n<meta property=\"og:locale\" content=\"fr_FR\" \/>\n<meta property=\"og:type\" content=\"article\" \/>\n<meta property=\"og:title\" content=\"Deux joueuses cadres rejoignent le groupe \u00e0 Conakry - le regard du sportif\" \/>\n<meta property=\"og:description\" content=\"&nbsp; Le quartier g\u00e9n\u00e9ral de l\u2019\u00e9quipe nationale f\u00e9minine de Guin\u00e9e a enregistr\u00e9 l\u2019arriv\u00e9e de deux (2) joueuses cadres. Il s\u2019agit de l\u2019aili\u00e8re gauche Hawa Kant\u00e9 et de la gardienne La\u00ebtitia Saibou qui sont pr\u00e9sentes dans la capitale guin\u00e9enne depuis la nuit derni\u00e8re. A peine install\u00e9es, les deux handballeuses guin\u00e9ennes ont pris part \u00e0 la s\u00e9ance [&hellip;]\" \/>\n<meta property=\"og:url\" content=\"https:\/\/oeilsportif.info\/index.php\/deux-joueuses-cadres-rejoignent-le-groupe-a-conakry\/\" \/>\n<meta property=\"og:site_name\" content=\"le regard du sportif\" \/>\n<meta property=\"article:published_time\" content=\"2022-11-02T07:50:10+00:00\" \/>\n<meta property=\"og:image\" content=\"https:\/\/oeilsportif.info\/wp-content\/uploads\/2022\/11\/FB_IMG_1667375214293.jpg\" \/>\n\t<meta property=\"og:image:width\" content=\"1080\" \/>\n\t<meta property=\"og:image:height\" content=\"720\" \/>\n\t<meta property=\"og:image:type\" content=\"image\/jpeg\" \/>\n<meta name=\"author\" content=\"L&#039;Equipe de la R\u00e9daction\" \/>\n<meta name=\"twitter:label1\" content=\"\u00c9crit par\" \/>\n\t<meta name=\"twitter:data1\" content=\"L&#039;Equipe de la R\u00e9daction\" \/>\n\t<meta name=\"twitter:label2\" content=\"Dur\u00e9e de lecture estim\u00e9e\" \/>\n\t<meta name=\"twitter:data2\" content=\"1 minute\" \/>\n<script type=\"application\/ld+json\" class=\"yoast-schema-graph\">{\"@context\":\"https:\\\/\\\/schema.org\",\"@graph\":[{\"@type\":\"Article\",\"@id\":\"https:\\\/\\\/oeilsportif.info\\\/index.php\\\/deux-joueuses-cadres-rejoignent-le-groupe-a-conakry\\\/#article\",\"isPartOf\":{\"@id\":\"https:\\\/\\\/oeilsportif.info\\\/index.php\\\/deux-joueuses-cadres-rejoignent-le-groupe-a-conakry\\\/\"},\"author\":{\"name\":\"L'Equipe de la R\u00e9daction\",\"@id\":\"https:\\\/\\\/oeilsportif.info\\\/#\\\/schema\\\/person\\\/cfbded294aa6095f7d96608d7905e9a1\"},\"headline\":\"Deux joueuses cadres rejoignent le groupe \u00e0 Conakry\",\"datePublished\":\"2022-11-02T07:50:10+00:00\",\"mainEntityOfPage\":{\"@id\":\"https:\\\/\\\/oeilsportif.info\\\/index.php\\\/deux-joueuses-cadres-rejoignent-le-groupe-a-conakry\\\/\"},\"wordCount\":147,\"image\":{\"@id\":\"https:\\\/\\\/oeilsportif.info\\\/index.php\\\/deux-joueuses-cadres-rejoignent-le-groupe-a-conakry\\\/#primaryimage\"},\"thumbnailUrl\":\"https:\\\/\\\/i0.wp.com\\\/oeilsportif.info\\\/wp-content\\\/uploads\\\/2022\\\/11\\\/FB_IMG_1667375214293.jpg?fit=1080%2C720&ssl=1\",\"articleSection\":[\"Football\"],\"inLanguage\":\"fr-FR\"},{\"@type\":\"WebPage\",\"@id\":\"https:\\\/\\\/oeilsportif.info\\\/index.php\\\/deux-joueuses-cadres-rejoignent-le-groupe-a-conakry\\\/\",\"url\":\"https:\\\/\\\/oeilsportif.info\\\/index.php\\\/deux-joueuses-cadres-rejoignent-le-groupe-a-conakry\\\/\",\"name\":\"Deux joueuses cadres rejoignent le groupe \u00e0 Conakry - le regard du sportif\",\"isPartOf\":{\"@id\":\"https:\\\/\\\/oeilsportif.info\\\/#website\"},\"primaryImageOfPage\":{\"@id\":\"https:\\\/\\\/oeilsportif.info\\\/index.php\\\/deux-joueuses-cadres-rejoignent-le-groupe-a-conakry\\\/#primaryimage\"},\"image\":{\"@id\":\"https:\\\/\\\/oeilsportif.info\\\/index.php\\\/deux-joueuses-cadres-rejoignent-le-groupe-a-conakry\\\/#primaryimage\"},\"thumbnailUrl\":\"https:\\\/\\\/i0.wp.com\\\/oeilsportif.info\\\/wp-content\\\/uploads\\\/2022\\\/11\\\/FB_IMG_1667375214293.jpg?fit=1080%2C720&ssl=1\",\"datePublished\":\"2022-11-02T07:50:10+00:00\",\"author\":{\"@id\":\"https:\\\/\\\/oeilsportif.info\\\/#\\\/schema\\\/person\\\/cfbded294aa6095f7d96608d7905e9a1\"},\"inLanguage\":\"fr-FR\",\"potentialAction\":[{\"@type\":\"ReadAction\",\"target\":[\"https:\\\/\\\/oeilsportif.info\\\/index.php\\\/deux-joueuses-cadres-rejoignent-le-groupe-a-conakry\\\/\"]}]},{\"@type\":\"ImageObject\",\"inLanguage\":\"fr-FR\",\"@id\":\"https:\\\/\\\/oeilsportif.info\\\/index.php\\\/deux-joueuses-cadres-rejoignent-le-groupe-a-conakry\\\/#primaryimage\",\"url\":\"https:\\\/\\\/i0.wp.com\\\/oeilsportif.info\\\/wp-content\\\/uploads\\\/2022\\\/11\\\/FB_IMG_1667375214293.jpg?fit=1080%2C720&ssl=1\",\"contentUrl\":\"https:\\\/\\\/i0.wp.com\\\/oeilsportif.info\\\/wp-content\\\/uploads\\\/2022\\\/11\\\/FB_IMG_1667375214293.jpg?fit=1080%2C720&ssl=1\",\"width\":1080,\"height\":720},{\"@type\":\"WebSite\",\"@id\":\"https:\\\/\\\/oeilsportif.info\\\/#website\",\"url\":\"https:\\\/\\\/oeilsportif.info\\\/\",\"name\":\"le regard du sportif\",\"description\":\"\",\"potentialAction\":[{\"@type\":\"SearchAction\",\"target\":{\"@type\":\"EntryPoint\",\"urlTemplate\":\"https:\\\/\\\/oeilsportif.info\\\/?s={search_term_string}\"},\"query-input\":{\"@type\":\"PropertyValueSpecification\",\"valueRequired\":true,\"valueName\":\"search_term_string\"}}],\"inLanguage\":\"fr-FR\"},{\"@type\":\"Person\",\"@id\":\"https:\\\/\\\/oeilsportif.info\\\/#\\\/schema\\\/person\\\/cfbded294aa6095f7d96608d7905e9a1\",\"name\":\"L'Equipe de la R\u00e9daction\",\"image\":{\"@type\":\"ImageObject\",\"inLanguage\":\"fr-FR\",\"@id\":\"https:\\\/\\\/oeilsportif.info\\\/wp-content\\\/uploads\\\/2025\\\/07\\\/cropped-cropped-logo-os-96x96.jpeg\",\"url\":\"https:\\\/\\\/oeilsportif.info\\\/wp-content\\\/uploads\\\/2025\\\/07\\\/cropped-cropped-logo-os-96x96.jpeg\",\"contentUrl\":\"https:\\\/\\\/oeilsportif.info\\\/wp-content\\\/uploads\\\/2025\\\/07\\\/cropped-cropped-logo-os-96x96.jpeg\",\"caption\":\"L'Equipe de la R\u00e9daction\"},\"url\":\"https:\\\/\\\/oeilsportif.info\\\/index.php\\\/author\\\/tawel\\\/\"}]}<\/script>\n<!-- \/ Yoast SEO plugin. -->","yoast_head_json":{"title":"Deux joueuses cadres rejoignent le groupe \u00e0 Conakry - le regard du sportif","robots":{"index":"index","follow":"follow","max-snippet":"max-snippet:-1","max-image-preview":"max-image-preview:large","max-video-preview":"max-video-preview:-1"},"canonical":"https:\/\/oeilsportif.info\/index.php\/deux-joueuses-cadres-rejoignent-le-groupe-a-conakry\/","og_locale":"fr_FR","og_type":"article","og_title":"Deux joueuses cadres rejoignent le groupe \u00e0 Conakry - le regard du sportif","og_description":"&nbsp; Le quartier g\u00e9n\u00e9ral de l\u2019\u00e9quipe nationale f\u00e9minine de Guin\u00e9e a enregistr\u00e9 l\u2019arriv\u00e9e de deux (2) joueuses cadres. Il s\u2019agit de l\u2019aili\u00e8re gauche Hawa Kant\u00e9 et de la gardienne La\u00ebtitia Saibou qui sont pr\u00e9sentes dans la capitale guin\u00e9enne depuis la nuit derni\u00e8re. A peine install\u00e9es, les deux handballeuses guin\u00e9ennes ont pris part \u00e0 la s\u00e9ance [&hellip;]","og_url":"https:\/\/oeilsportif.info\/index.php\/deux-joueuses-cadres-rejoignent-le-groupe-a-conakry\/","og_site_name":"le regard du sportif","article_published_time":"2022-11-02T07:50:10+00:00","og_image":[{"width":1080,"height":720,"url":"https:\/\/oeilsportif.info\/wp-content\/uploads\/2022\/11\/FB_IMG_1667375214293.jpg","type":"image\/jpeg"}],"author":"L'Equipe de la R\u00e9daction","twitter_misc":{"\u00c9crit par":"L'Equipe de la R\u00e9daction","Dur\u00e9e de lecture estim\u00e9e":"1 minute"},"schema":{"@context":"https:\/\/schema.org","@graph":[{"@type":"Article","@id":"https:\/\/oeilsportif.info\/index.php\/deux-joueuses-cadres-rejoignent-le-groupe-a-conakry\/#article","isPartOf":{"@id":"https:\/\/oeilsportif.info\/index.php\/deux-joueuses-cadres-rejoignent-le-groupe-a-conakry\/"},"author":{"name":"L'Equipe de la R\u00e9daction","@id":"https:\/\/oeilsportif.info\/#\/schema\/person\/cfbded294aa6095f7d96608d7905e9a1"},"headline":"Deux joueuses cadres rejoignent le groupe \u00e0 Conakry","datePublished":"2022-11-02T07:50:10+00:00","mainEntityOfPage":{"@id":"https:\/\/oeilsportif.info\/index.php\/deux-joueuses-cadres-rejoignent-le-groupe-a-conakry\/"},"wordCount":147,"image":{"@id":"https:\/\/oeilsportif.info\/index.php\/deux-joueuses-cadres-rejoignent-le-groupe-a-conakry\/#primaryimage"},"thumbnailUrl":"https:\/\/i0.wp.com\/oeilsportif.info\/wp-content\/uploads\/2022\/11\/FB_IMG_1667375214293.jpg?fit=1080%2C720&ssl=1","articleSection":["Football"],"inLanguage":"fr-FR"},{"@type":"WebPage","@id":"https:\/\/oeilsportif.info\/index.php\/deux-joueuses-cadres-rejoignent-le-groupe-a-conakry\/","url":"https:\/\/oeilsportif.info\/index.php\/deux-joueuses-cadres-rejoignent-le-groupe-a-conakry\/","name":"Deux joueuses cadres rejoignent le groupe \u00e0 Conakry - le regard du sportif","isPartOf":{"@id":"https:\/\/oeilsportif.info\/#website"},"primaryImageOfPage":{"@id":"https:\/\/oeilsportif.info\/index.php\/deux-joueuses-cadres-rejoignent-le-groupe-a-conakry\/#primaryimage"},"image":{"@id":"https:\/\/oeilsportif.info\/index.php\/deux-joueuses-cadres-rejoignent-le-groupe-a-conakry\/#primaryimage"},"thumbnailUrl":"https:\/\/i0.wp.com\/oeilsportif.info\/wp-content\/uploads\/2022\/11\/FB_IMG_1667375214293.jpg?fit=1080%2C720&ssl=1","datePublished":"2022-11-02T07:50:10+00:00","author":{"@id":"https:\/\/oeilsportif.info\/#\/schema\/person\/cfbded294aa6095f7d96608d7905e9a1"},"inLanguage":"fr-FR","potentialAction":[{"@type":"ReadAction","target":["https:\/\/oeilsportif.info\/index.php\/deux-joueuses-cadres-rejoignent-le-groupe-a-conakry\/"]}]},{"@type":"ImageObject","inLanguage":"fr-FR","@id":"https:\/\/oeilsportif.info\/index.php\/deux-joueuses-cadres-rejoignent-le-groupe-a-conakry\/#primaryimage","url":"https:\/\/i0.wp.com\/oeilsportif.info\/wp-content\/uploads\/2022\/11\/FB_IMG_1667375214293.jpg?fit=1080%2C720&ssl=1","contentUrl":"https:\/\/i0.wp.com\/oeilsportif.info\/wp-content\/uploads\/2022\/11\/FB_IMG_1667375214293.jpg?fit=1080%2C720&ssl=1","width":1080,"height":720},{"@type":"WebSite","@id":"https:\/\/oeilsportif.info\/#website","url":"https:\/\/oeilsportif.info\/","name":"le regard du sportif","description":"","potentialAction":[{"@type":"SearchAction","target":{"@type":"EntryPoint","urlTemplate":"https:\/\/oeilsportif.info\/?s={search_term_string}"},"query-input":{"@type":"PropertyValueSpecification","valueRequired":true,"valueName":"search_term_string"}}],"inLanguage":"fr-FR"},{"@type":"Person","@id":"https:\/\/oeilsportif.info\/#\/schema\/person\/cfbded294aa6095f7d96608d7905e9a1","name":"L'Equipe de la R\u00e9daction","image":{"@type":"ImageObject","inLanguage":"fr-FR","@id":"https:\/\/oeilsportif.info\/wp-content\/uploads\/2025\/07\/cropped-cropped-logo-os-96x96.jpeg","url":"https:\/\/oeilsportif.info\/wp-content\/uploads\/2025\/07\/cropped-cropped-logo-os-96x96.jpeg","contentUrl":"https:\/\/oeilsportif.info\/wp-content\/uploads\/2025\/07\/cropped-cropped-logo-os-96x96.jpeg","caption":"L'Equipe de la R\u00e9daction"},"url":"https:\/\/oeilsportif.info\/index.php\/author\/tawel\/"}]}},"jetpack_publicize_connections":[],"jetpack_featured_media_url":"https:\/\/i0.wp.com\/oeilsportif.info\/wp-content\/uploads\/2022\/11\/FB_IMG_1667375214293.jpg?fit=1080%2C720&ssl=1","jetpack-related-posts":[],"jetpack_sharing_enabled":true,"jetpack_likes_enabled":true,"jetpack_shortlink":"https:\/\/wp.me\/pgFE77-Ap","_links":{"self":[{"href":"https:\/\/oeilsportif.info\/index.php\/wp-json\/wp\/v2\/posts\/2257","targetHints":{"allow":["GET"]}}],"collection":[{"href":"https:\/\/oeilsportif.info\/index.php\/wp-json\/wp\/v2\/posts"}],"about":[{"href":"https:\/\/oeilsportif.info\/index.php\/wp-json\/wp\/v2\/types\/post"}],"author":[{"embeddable":true,"href":"https:\/\/oeilsportif.info\/index.php\/wp-json\/wp\/v2\/users\/2"}],"replies":[{"embeddable":true,"href":"https:\/\/oeilsportif.info\/index.php\/wp-json\/wp\/v2\/comments?post=2257"}],"version-history":[{"count":0,"href":"https:\/\/oeilsportif.info\/index.php\/wp-json\/wp\/v2\/posts\/2257\/revisions"}],"wp:featuredmedia":[{"embeddable":true,"href":"https:\/\/oeilsportif.info\/index.php\/wp-json\/wp\/v2\/media\/2258"}],"wp:attachment":[{"href":"https:\/\/oeilsportif.info\/index.php\/wp-json\/wp\/v2\/media?parent=2257"}],"wp:term":[{"taxonomy":"category","embeddable":true,"href":"https:\/\/oeilsportif.info\/index.php\/wp-json\/wp\/v2\/categories?post=2257"},{"taxonomy":"post_tag","embeddable":true,"href":"https:\/\/oeilsportif.info\/index.php\/wp-json\/wp\/v2\/tags?post=2257"}],"curies":[{"name":"wp","href":"https:\/\/api.w.org\/{rel}","templated":true}]}}