{"id":2250,"date":"2022-10-31T18:02:27","date_gmt":"2022-10-31T18:02:27","guid":{"rendered":"https:\/\/oeilsportif.info\/index.php\/?p=2250"},"modified":"2022-10-31T18:02:27","modified_gmt":"2022-10-31T18:02:27","slug":"marco-revele-ce-communique-de-la-lgfp-est-unilaterale-et-nengage-que-lucien-guilao","status":"publish","type":"post","link":"https:\/\/oeilsportif.info\/index.php\/marco-revele-ce-communique-de-la-lgfp-est-unilaterale-et-nengage-que-lucien-guilao\/","title":{"rendered":"Marco r\u00e9v\u00e8le : \u00ab Ce communiqu\u00e9 de la LGFP est unilat\u00e9rale et n\u2019engage que Lucien Guilao \u00bb"},"content":{"rendered":"<p><strong>CONAKRY- La crise dans le football local semble loin de conna\u00eetre son \u00e9pilogue. Alors que la Ligue-pro a annonc\u00e9 un accord avec des clubs dissidents pour une reprise du championnat, et un report des matchs du jour, des voix s\u2019\u00e9l\u00e8vent pour attaquer la d\u00e9cision du pr\u00e9sident du bureau provisoire, Lucien Guilao<\/strong>.<\/p>\n<p>Ce communiqu\u00e9 est jug\u00e9 unilat\u00e9rale par certains membres de la LGFP. Selon Marco Ibrahima Sory Bah, responsable du d\u00e9partement communication de la Ligue, Lucien Guilao est all\u00e9 trop loin en prenant une d\u00e9cision unilat\u00e9rale.<\/p>\n<p>\u00ab\u00a0<em><strong>Ce communiqu\u00e9 \u00e9mane seulement du pr\u00e9sident Lucien Guilao. Il n\u2019a associ\u00e9 personne et sa d\u00e9marche n\u2019est pas du tout administrative. On attend que certains clubs soient d\u00e9j\u00e0 sur le terrain pour annoncer le report des matchs. Flamme olympique \u00e9tait d\u00e9j\u00e0 sur le terrain pour son match de ce dimanche contre le CI Kamsar. Il faut qu\u2019on arr\u00eate. Ce n\u2019est pas professionnel de mettre un communiqu\u00e9 engageant une entit\u00e9 sur un compte Facebook. La Ligue va se retrouver et en tirera les cons\u00e9quences\u00a0<\/strong><\/em>\u00a0\u00bb a d\u00e9clar\u00e9 Marco Ibrahima Sory Bah.<\/p>\n<p>Visiblement, une autre crise de confiance commence entre les membres de la Ligue Guin\u00e9enne de Football professionnel.<\/p>\n<p><strong>VOICI LE COMMUNIQU\u00c9 DE LA LGFP<\/strong><\/p>\n<p style=\"text-align: center\"><a href=\"https:\/\/i0.wp.com\/oeilsportif.info\/wp-content\/uploads\/2022\/10\/IMG-20221030-WA0014.jpg?ssl=1\"><img data-recalc-dims=\"1\" loading=\"lazy\" decoding=\"async\" class=\"alignnone size-full wp-image-2251\" src=\"https:\/\/i0.wp.com\/oeilsportif.info\/wp-content\/uploads\/2022\/10\/IMG-20221030-WA0014.jpg?resize=696%2C696&#038;ssl=1\" alt=\"\" width=\"696\" height=\"696\" srcset=\"https:\/\/i0.wp.com\/oeilsportif.info\/wp-content\/uploads\/2022\/10\/IMG-20221030-WA0014.jpg?w=843&amp;ssl=1 843w, https:\/\/i0.wp.com\/oeilsportif.info\/wp-content\/uploads\/2022\/10\/IMG-20221030-WA0014.jpg?resize=300%2C300&amp;ssl=1 300w, https:\/\/i0.wp.com\/oeilsportif.info\/wp-content\/uploads\/2022\/10\/IMG-20221030-WA0014.jpg?resize=150%2C150&amp;ssl=1 150w, https:\/\/i0.wp.com\/oeilsportif.info\/wp-content\/uploads\/2022\/10\/IMG-20221030-WA0014.jpg?resize=768%2C768&amp;ssl=1 768w, https:\/\/i0.wp.com\/oeilsportif.info\/wp-content\/uploads\/2022\/10\/IMG-20221030-WA0014.jpg?resize=696%2C696&amp;ssl=1 696w, https:\/\/i0.wp.com\/oeilsportif.info\/wp-content\/uploads\/2022\/10\/IMG-20221030-WA0014.jpg?resize=420%2C420&amp;ssl=1 420w\" sizes=\"auto, (max-width: 696px) 100vw, 696px\" \/><\/a><\/p>\n<p>Guin\u00e9efoot.info<\/p>\n","protected":false},"excerpt":{"rendered":"<p>CONAKRY- La crise dans le football local semble loin de conna\u00eetre son \u00e9pilogue. Alors que la Ligue-pro a annonc\u00e9 un accord avec des clubs dissidents pour une reprise du championnat, et un report des matchs du jour, des voix s\u2019\u00e9l\u00e8vent pour attaquer la d\u00e9cision du pr\u00e9sident du bureau provisoire, Lucien Guilao. Ce communiqu\u00e9 est jug\u00e9 [&hellip;]<\/p>\n","protected":false},"author":2,"featured_media":2252,"comment_status":"closed","ping_status":"open","sticky":false,"template":"","format":"standard","meta":{"_jetpack_memberships_contains_paid_content":false,"footnotes":"","jetpack_publicize_message":"","jetpack_publicize_feature_enabled":true,"jetpack_social_post_already_shared":true,"jetpack_social_options":{"image_generator_settings":{"template":"highway","default_image_id":0,"font":"","enabled":false},"version":2}},"categories":[5],"tags":[],"class_list":{"0":"post-2250","1":"post","2":"type-post","3":"status-publish","4":"format-standard","5":"has-post-thumbnail","7":"category-football"},"yoast_head":"<!-- This site is optimized with the Yoast SEO plugin v27.5 - https:\/\/yoast.com\/product\/yoast-seo-wordpress\/ -->\n<title>Marco r\u00e9v\u00e8le : \u00ab Ce communiqu\u00e9 de la LGFP est unilat\u00e9rale et n\u2019engage que Lucien Guilao \u00bb - le regard du sportif<\/title>\n<meta name=\"robots\" content=\"index, follow, max-snippet:-1, max-image-preview:large, max-video-preview:-1\" \/>\n<link rel=\"canonical\" href=\"https:\/\/oeilsportif.info\/index.php\/marco-revele-ce-communique-de-la-lgfp-est-unilaterale-et-nengage-que-lucien-guilao\/\" \/>\n<meta property=\"og:locale\" content=\"fr_FR\" \/>\n<meta property=\"og:type\" content=\"article\" \/>\n<meta property=\"og:title\" content=\"Marco r\u00e9v\u00e8le : \u00ab Ce communiqu\u00e9 de la LGFP est unilat\u00e9rale et n\u2019engage que Lucien Guilao \u00bb - le regard du sportif\" \/>\n<meta property=\"og:description\" content=\"CONAKRY- La crise dans le football local semble loin de conna\u00eetre son \u00e9pilogue. Alors que la Ligue-pro a annonc\u00e9 un accord avec des clubs dissidents pour une reprise du championnat, et un report des matchs du jour, des voix s\u2019\u00e9l\u00e8vent pour attaquer la d\u00e9cision du pr\u00e9sident du bureau provisoire, Lucien Guilao. Ce communiqu\u00e9 est jug\u00e9 [&hellip;]\" \/>\n<meta property=\"og:url\" content=\"https:\/\/oeilsportif.info\/index.php\/marco-revele-ce-communique-de-la-lgfp-est-unilaterale-et-nengage-que-lucien-guilao\/\" \/>\n<meta property=\"og:site_name\" content=\"le regard du sportif\" \/>\n<meta property=\"article:published_time\" content=\"2022-10-31T18:02:27+00:00\" \/>\n<meta property=\"og:image\" content=\"https:\/\/oeilsportif.info\/wp-content\/uploads\/2022\/10\/Screenshot_20221031-180113_Facebook.jpg\" \/>\n\t<meta property=\"og:image:width\" content=\"1079\" \/>\n\t<meta property=\"og:image:height\" content=\"604\" \/>\n\t<meta property=\"og:image:type\" content=\"image\/jpeg\" \/>\n<meta name=\"author\" content=\"L&#039;Equipe de la R\u00e9daction\" \/>\n<meta name=\"twitter:label1\" content=\"\u00c9crit par\" \/>\n\t<meta name=\"twitter:data1\" content=\"L&#039;Equipe de la R\u00e9daction\" \/>\n\t<meta name=\"twitter:label2\" content=\"Dur\u00e9e de lecture estim\u00e9e\" \/>\n\t<meta name=\"twitter:data2\" content=\"2 minutes\" \/>\n<script type=\"application\/ld+json\" class=\"yoast-schema-graph\">{\"@context\":\"https:\\\/\\\/schema.org\",\"@graph\":[{\"@type\":\"Article\",\"@id\":\"https:\\\/\\\/oeilsportif.info\\\/index.php\\\/marco-revele-ce-communique-de-la-lgfp-est-unilaterale-et-nengage-que-lucien-guilao\\\/#article\",\"isPartOf\":{\"@id\":\"https:\\\/\\\/oeilsportif.info\\\/index.php\\\/marco-revele-ce-communique-de-la-lgfp-est-unilaterale-et-nengage-que-lucien-guilao\\\/\"},\"author\":{\"name\":\"L'Equipe de la R\u00e9daction\",\"@id\":\"https:\\\/\\\/oeilsportif.info\\\/#\\\/schema\\\/person\\\/cfbded294aa6095f7d96608d7905e9a1\"},\"headline\":\"Marco r\u00e9v\u00e8le : \u00ab Ce communiqu\u00e9 de la LGFP est unilat\u00e9rale et n\u2019engage que Lucien Guilao \u00bb\",\"datePublished\":\"2022-10-31T18:02:27+00:00\",\"mainEntityOfPage\":{\"@id\":\"https:\\\/\\\/oeilsportif.info\\\/index.php\\\/marco-revele-ce-communique-de-la-lgfp-est-unilaterale-et-nengage-que-lucien-guilao\\\/\"},\"wordCount\":238,\"image\":{\"@id\":\"https:\\\/\\\/oeilsportif.info\\\/index.php\\\/marco-revele-ce-communique-de-la-lgfp-est-unilaterale-et-nengage-que-lucien-guilao\\\/#primaryimage\"},\"thumbnailUrl\":\"https:\\\/\\\/i0.wp.com\\\/oeilsportif.info\\\/wp-content\\\/uploads\\\/2022\\\/10\\\/Screenshot_20221031-180113_Facebook.jpg?fit=1079%2C604&ssl=1\",\"articleSection\":[\"Football\"],\"inLanguage\":\"fr-FR\"},{\"@type\":\"WebPage\",\"@id\":\"https:\\\/\\\/oeilsportif.info\\\/index.php\\\/marco-revele-ce-communique-de-la-lgfp-est-unilaterale-et-nengage-que-lucien-guilao\\\/\",\"url\":\"https:\\\/\\\/oeilsportif.info\\\/index.php\\\/marco-revele-ce-communique-de-la-lgfp-est-unilaterale-et-nengage-que-lucien-guilao\\\/\",\"name\":\"Marco r\u00e9v\u00e8le : \u00ab Ce communiqu\u00e9 de la LGFP est unilat\u00e9rale et n\u2019engage que Lucien Guilao \u00bb - le regard du sportif\",\"isPartOf\":{\"@id\":\"https:\\\/\\\/oeilsportif.info\\\/#website\"},\"primaryImageOfPage\":{\"@id\":\"https:\\\/\\\/oeilsportif.info\\\/index.php\\\/marco-revele-ce-communique-de-la-lgfp-est-unilaterale-et-nengage-que-lucien-guilao\\\/#primaryimage\"},\"image\":{\"@id\":\"https:\\\/\\\/oeilsportif.info\\\/index.php\\\/marco-revele-ce-communique-de-la-lgfp-est-unilaterale-et-nengage-que-lucien-guilao\\\/#primaryimage\"},\"thumbnailUrl\":\"https:\\\/\\\/i0.wp.com\\\/oeilsportif.info\\\/wp-content\\\/uploads\\\/2022\\\/10\\\/Screenshot_20221031-180113_Facebook.jpg?fit=1079%2C604&ssl=1\",\"datePublished\":\"2022-10-31T18:02:27+00:00\",\"author\":{\"@id\":\"https:\\\/\\\/oeilsportif.info\\\/#\\\/schema\\\/person\\\/cfbded294aa6095f7d96608d7905e9a1\"},\"inLanguage\":\"fr-FR\",\"potentialAction\":[{\"@type\":\"ReadAction\",\"target\":[\"https:\\\/\\\/oeilsportif.info\\\/index.php\\\/marco-revele-ce-communique-de-la-lgfp-est-unilaterale-et-nengage-que-lucien-guilao\\\/\"]}]},{\"@type\":\"ImageObject\",\"inLanguage\":\"fr-FR\",\"@id\":\"https:\\\/\\\/oeilsportif.info\\\/index.php\\\/marco-revele-ce-communique-de-la-lgfp-est-unilaterale-et-nengage-que-lucien-guilao\\\/#primaryimage\",\"url\":\"https:\\\/\\\/i0.wp.com\\\/oeilsportif.info\\\/wp-content\\\/uploads\\\/2022\\\/10\\\/Screenshot_20221031-180113_Facebook.jpg?fit=1079%2C604&ssl=1\",\"contentUrl\":\"https:\\\/\\\/i0.wp.com\\\/oeilsportif.info\\\/wp-content\\\/uploads\\\/2022\\\/10\\\/Screenshot_20221031-180113_Facebook.jpg?fit=1079%2C604&ssl=1\",\"width\":1079,\"height\":604},{\"@type\":\"WebSite\",\"@id\":\"https:\\\/\\\/oeilsportif.info\\\/#website\",\"url\":\"https:\\\/\\\/oeilsportif.info\\\/\",\"name\":\"le regard du sportif\",\"description\":\"\",\"potentialAction\":[{\"@type\":\"SearchAction\",\"target\":{\"@type\":\"EntryPoint\",\"urlTemplate\":\"https:\\\/\\\/oeilsportif.info\\\/?s={search_term_string}\"},\"query-input\":{\"@type\":\"PropertyValueSpecification\",\"valueRequired\":true,\"valueName\":\"search_term_string\"}}],\"inLanguage\":\"fr-FR\"},{\"@type\":\"Person\",\"@id\":\"https:\\\/\\\/oeilsportif.info\\\/#\\\/schema\\\/person\\\/cfbded294aa6095f7d96608d7905e9a1\",\"name\":\"L'Equipe de la R\u00e9daction\",\"image\":{\"@type\":\"ImageObject\",\"inLanguage\":\"fr-FR\",\"@id\":\"https:\\\/\\\/oeilsportif.info\\\/wp-content\\\/uploads\\\/2025\\\/07\\\/cropped-cropped-logo-os-96x96.jpeg\",\"url\":\"https:\\\/\\\/oeilsportif.info\\\/wp-content\\\/uploads\\\/2025\\\/07\\\/cropped-cropped-logo-os-96x96.jpeg\",\"contentUrl\":\"https:\\\/\\\/oeilsportif.info\\\/wp-content\\\/uploads\\\/2025\\\/07\\\/cropped-cropped-logo-os-96x96.jpeg\",\"caption\":\"L'Equipe de la R\u00e9daction\"},\"url\":\"https:\\\/\\\/oeilsportif.info\\\/index.php\\\/author\\\/tawel\\\/\"}]}<\/script>\n<!-- \/ Yoast SEO plugin. -->","yoast_head_json":{"title":"Marco r\u00e9v\u00e8le : \u00ab Ce communiqu\u00e9 de la LGFP est unilat\u00e9rale et n\u2019engage que Lucien Guilao \u00bb - le regard du sportif","robots":{"index":"index","follow":"follow","max-snippet":"max-snippet:-1","max-image-preview":"max-image-preview:large","max-video-preview":"max-video-preview:-1"},"canonical":"https:\/\/oeilsportif.info\/index.php\/marco-revele-ce-communique-de-la-lgfp-est-unilaterale-et-nengage-que-lucien-guilao\/","og_locale":"fr_FR","og_type":"article","og_title":"Marco r\u00e9v\u00e8le : \u00ab Ce communiqu\u00e9 de la LGFP est unilat\u00e9rale et n\u2019engage que Lucien Guilao \u00bb - le regard du sportif","og_description":"CONAKRY- La crise dans le football local semble loin de conna\u00eetre son \u00e9pilogue. Alors que la Ligue-pro a annonc\u00e9 un accord avec des clubs dissidents pour une reprise du championnat, et un report des matchs du jour, des voix s\u2019\u00e9l\u00e8vent pour attaquer la d\u00e9cision du pr\u00e9sident du bureau provisoire, Lucien Guilao. Ce communiqu\u00e9 est jug\u00e9 [&hellip;]","og_url":"https:\/\/oeilsportif.info\/index.php\/marco-revele-ce-communique-de-la-lgfp-est-unilaterale-et-nengage-que-lucien-guilao\/","og_site_name":"le regard du sportif","article_published_time":"2022-10-31T18:02:27+00:00","og_image":[{"width":1079,"height":604,"url":"https:\/\/oeilsportif.info\/wp-content\/uploads\/2022\/10\/Screenshot_20221031-180113_Facebook.jpg","type":"image\/jpeg"}],"author":"L'Equipe de la R\u00e9daction","twitter_misc":{"\u00c9crit par":"L'Equipe de la R\u00e9daction","Dur\u00e9e de lecture estim\u00e9e":"2 minutes"},"schema":{"@context":"https:\/\/schema.org","@graph":[{"@type":"Article","@id":"https:\/\/oeilsportif.info\/index.php\/marco-revele-ce-communique-de-la-lgfp-est-unilaterale-et-nengage-que-lucien-guilao\/#article","isPartOf":{"@id":"https:\/\/oeilsportif.info\/index.php\/marco-revele-ce-communique-de-la-lgfp-est-unilaterale-et-nengage-que-lucien-guilao\/"},"author":{"name":"L'Equipe de la R\u00e9daction","@id":"https:\/\/oeilsportif.info\/#\/schema\/person\/cfbded294aa6095f7d96608d7905e9a1"},"headline":"Marco r\u00e9v\u00e8le : \u00ab Ce communiqu\u00e9 de la LGFP est unilat\u00e9rale et n\u2019engage que Lucien Guilao \u00bb","datePublished":"2022-10-31T18:02:27+00:00","mainEntityOfPage":{"@id":"https:\/\/oeilsportif.info\/index.php\/marco-revele-ce-communique-de-la-lgfp-est-unilaterale-et-nengage-que-lucien-guilao\/"},"wordCount":238,"image":{"@id":"https:\/\/oeilsportif.info\/index.php\/marco-revele-ce-communique-de-la-lgfp-est-unilaterale-et-nengage-que-lucien-guilao\/#primaryimage"},"thumbnailUrl":"https:\/\/i0.wp.com\/oeilsportif.info\/wp-content\/uploads\/2022\/10\/Screenshot_20221031-180113_Facebook.jpg?fit=1079%2C604&ssl=1","articleSection":["Football"],"inLanguage":"fr-FR"},{"@type":"WebPage","@id":"https:\/\/oeilsportif.info\/index.php\/marco-revele-ce-communique-de-la-lgfp-est-unilaterale-et-nengage-que-lucien-guilao\/","url":"https:\/\/oeilsportif.info\/index.php\/marco-revele-ce-communique-de-la-lgfp-est-unilaterale-et-nengage-que-lucien-guilao\/","name":"Marco r\u00e9v\u00e8le : \u00ab Ce communiqu\u00e9 de la LGFP est unilat\u00e9rale et n\u2019engage que Lucien Guilao \u00bb - le regard du sportif","isPartOf":{"@id":"https:\/\/oeilsportif.info\/#website"},"primaryImageOfPage":{"@id":"https:\/\/oeilsportif.info\/index.php\/marco-revele-ce-communique-de-la-lgfp-est-unilaterale-et-nengage-que-lucien-guilao\/#primaryimage"},"image":{"@id":"https:\/\/oeilsportif.info\/index.php\/marco-revele-ce-communique-de-la-lgfp-est-unilaterale-et-nengage-que-lucien-guilao\/#primaryimage"},"thumbnailUrl":"https:\/\/i0.wp.com\/oeilsportif.info\/wp-content\/uploads\/2022\/10\/Screenshot_20221031-180113_Facebook.jpg?fit=1079%2C604&ssl=1","datePublished":"2022-10-31T18:02:27+00:00","author":{"@id":"https:\/\/oeilsportif.info\/#\/schema\/person\/cfbded294aa6095f7d96608d7905e9a1"},"inLanguage":"fr-FR","potentialAction":[{"@type":"ReadAction","target":["https:\/\/oeilsportif.info\/index.php\/marco-revele-ce-communique-de-la-lgfp-est-unilaterale-et-nengage-que-lucien-guilao\/"]}]},{"@type":"ImageObject","inLanguage":"fr-FR","@id":"https:\/\/oeilsportif.info\/index.php\/marco-revele-ce-communique-de-la-lgfp-est-unilaterale-et-nengage-que-lucien-guilao\/#primaryimage","url":"https:\/\/i0.wp.com\/oeilsportif.info\/wp-content\/uploads\/2022\/10\/Screenshot_20221031-180113_Facebook.jpg?fit=1079%2C604&ssl=1","contentUrl":"https:\/\/i0.wp.com\/oeilsportif.info\/wp-content\/uploads\/2022\/10\/Screenshot_20221031-180113_Facebook.jpg?fit=1079%2C604&ssl=1","width":1079,"height":604},{"@type":"WebSite","@id":"https:\/\/oeilsportif.info\/#website","url":"https:\/\/oeilsportif.info\/","name":"le regard du sportif","description":"","potentialAction":[{"@type":"SearchAction","target":{"@type":"EntryPoint","urlTemplate":"https:\/\/oeilsportif.info\/?s={search_term_string}"},"query-input":{"@type":"PropertyValueSpecification","valueRequired":true,"valueName":"search_term_string"}}],"inLanguage":"fr-FR"},{"@type":"Person","@id":"https:\/\/oeilsportif.info\/#\/schema\/person\/cfbded294aa6095f7d96608d7905e9a1","name":"L'Equipe de la R\u00e9daction","image":{"@type":"ImageObject","inLanguage":"fr-FR","@id":"https:\/\/oeilsportif.info\/wp-content\/uploads\/2025\/07\/cropped-cropped-logo-os-96x96.jpeg","url":"https:\/\/oeilsportif.info\/wp-content\/uploads\/2025\/07\/cropped-cropped-logo-os-96x96.jpeg","contentUrl":"https:\/\/oeilsportif.info\/wp-content\/uploads\/2025\/07\/cropped-cropped-logo-os-96x96.jpeg","caption":"L'Equipe de la R\u00e9daction"},"url":"https:\/\/oeilsportif.info\/index.php\/author\/tawel\/"}]}},"jetpack_publicize_connections":[],"jetpack_featured_media_url":"https:\/\/i0.wp.com\/oeilsportif.info\/wp-content\/uploads\/2022\/10\/Screenshot_20221031-180113_Facebook.jpg?fit=1079%2C604&ssl=1","jetpack-related-posts":[],"jetpack_sharing_enabled":true,"jetpack_likes_enabled":true,"jetpack_shortlink":"https:\/\/wp.me\/pgFE77-Ai","_links":{"self":[{"href":"https:\/\/oeilsportif.info\/index.php\/wp-json\/wp\/v2\/posts\/2250","targetHints":{"allow":["GET"]}}],"collection":[{"href":"https:\/\/oeilsportif.info\/index.php\/wp-json\/wp\/v2\/posts"}],"about":[{"href":"https:\/\/oeilsportif.info\/index.php\/wp-json\/wp\/v2\/types\/post"}],"author":[{"embeddable":true,"href":"https:\/\/oeilsportif.info\/index.php\/wp-json\/wp\/v2\/users\/2"}],"replies":[{"embeddable":true,"href":"https:\/\/oeilsportif.info\/index.php\/wp-json\/wp\/v2\/comments?post=2250"}],"version-history":[{"count":0,"href":"https:\/\/oeilsportif.info\/index.php\/wp-json\/wp\/v2\/posts\/2250\/revisions"}],"wp:featuredmedia":[{"embeddable":true,"href":"https:\/\/oeilsportif.info\/index.php\/wp-json\/wp\/v2\/media\/2252"}],"wp:attachment":[{"href":"https:\/\/oeilsportif.info\/index.php\/wp-json\/wp\/v2\/media?parent=2250"}],"wp:term":[{"taxonomy":"category","embeddable":true,"href":"https:\/\/oeilsportif.info\/index.php\/wp-json\/wp\/v2\/categories?post=2250"},{"taxonomy":"post_tag","embeddable":true,"href":"https:\/\/oeilsportif.info\/index.php\/wp-json\/wp\/v2\/tags?post=2250"}],"curies":[{"name":"wp","href":"https:\/\/api.w.org\/{rel}","templated":true}]}}