{"id":2242,"date":"2022-10-29T11:40:26","date_gmt":"2022-10-29T11:40:26","guid":{"rendered":"https:\/\/oeilsportif.info\/index.php\/?p=2242"},"modified":"2022-10-29T11:40:26","modified_gmt":"2022-10-29T11:40:26","slug":"ligue-1-guicopres-j-1-hafia-fc-asm-pascal-baruxakis-decu-desire-fokou-heureux","status":"publish","type":"post","link":"https:\/\/oeilsportif.info\/index.php\/ligue-1-guicopres-j-1-hafia-fc-asm-pascal-baruxakis-decu-desire-fokou-heureux\/","title":{"rendered":"Ligue 1 GUICOPRES (J-1)- Hafia FC &#8211; ASM : Pascal Baruxakis \u00a0\u00bb d\u00e9\u00e7u\u00a0\u00bb D\u00e9sire Fokou \u00a0\u00bb Heureux \u00ab\u00a0"},"content":{"rendered":"<p><strong>Ce vendredi 28 octobre 2022, le Hafia FC a \u00e9t\u00e9 battu par l\u2019ASM Sangaredi sur le score de 1 but \u00e0 0, dans le cadre de la premi\u00e8re journ\u00e9e de la ligue 1 Guicopres au Stade Petit Sory de Nongo.<\/strong><\/p>\n<p>Apr\u00e8s la premi\u00e8re d\u00e9faite de son \u00e9quipe pour le match d&rsquo;ouverture de la ligue 1 Guicopres, Pascal Baruxakis, l&rsquo;entra\u00eeneur du Hafia FC s&rsquo;est dit d\u00e9\u00e7u du r\u00e9sultat de son \u00e9quipe.<\/p>\n<p>Pascal Baruxakis :\u00ab Je suis vraiment d\u00e9\u00e7u du r\u00e9sultat&#8230; \u00bb<\/p>\n<p><strong>Nous devrions gagner dans ce match mais mon \u00e9quipe n&rsquo;a pas \u00e9t\u00e9 r\u00e9aliste sinon nous avons eu des opportunit\u00e9s pour plier le match d\u00e8s la premi\u00e8re mi-temps . Mais les joueurs n&rsquo;ont pas \u00e9t\u00e9 r\u00e9alistes. Dans l&rsquo;ensemble du match nous avons propos\u00e9 un bon contenu et sur une petite erreur, l&rsquo;adversaire a fait la diff\u00e9rence. Je suis vraiment d\u00e9\u00e7u du r\u00e9sultat (&#8230;.) Je pense que nous allons travailler pour revenir tr\u00e8s fort.<\/strong><\/p>\n<p>De son c\u00f4t\u00e9, l&rsquo;entra\u00eeneur de l&rsquo;ASM de Sangar\u00e9di D\u00e9sir\u00e9 Fokou s&rsquo;est dit heureux de prendre les trois premiers points pour son premier match en ligue 1 Guicopres avec l&rsquo;ASM de Sangar\u00e9di.<\/p>\n<p>Desire Fokou :\u00ab Je suis heureux pour la voiture \u2026 \u00bb<\/p>\n<p><strong>\u00c7a \u00e9t\u00e9 vraiment dur pour nous. Mais finalement nous avons pris les trois premiers points pour notre premi\u00e8re saison en ligue 1 Guicopres. Je suis vraiment heureux pour cette victoire et surtout en d\u00e9placement contre le grand Hafia et bravo aux gar\u00e7ons (&#8230;)<\/strong><\/p>\n<p><strong>Mohamed Tawel Camara<\/strong><\/p>\n","protected":false},"excerpt":{"rendered":"<p>Ce vendredi 28 octobre 2022, le Hafia FC a \u00e9t\u00e9 battu par l\u2019ASM Sangaredi sur le score de 1 but \u00e0 0, dans le cadre de la premi\u00e8re journ\u00e9e de la ligue 1 Guicopres au Stade Petit Sory de Nongo. Apr\u00e8s la premi\u00e8re d\u00e9faite de son \u00e9quipe pour le match d&rsquo;ouverture de la ligue 1 [&hellip;]<\/p>\n","protected":false},"author":2,"featured_media":2243,"comment_status":"closed","ping_status":"open","sticky":false,"template":"","format":"standard","meta":{"_jetpack_memberships_contains_paid_content":false,"footnotes":"","jetpack_publicize_message":"","jetpack_publicize_feature_enabled":true,"jetpack_social_post_already_shared":true,"jetpack_social_options":{"image_generator_settings":{"template":"highway","default_image_id":0,"font":"","enabled":false},"version":2}},"categories":[5],"tags":[],"class_list":{"0":"post-2242","1":"post","2":"type-post","3":"status-publish","4":"format-standard","5":"has-post-thumbnail","7":"category-football"},"yoast_head":"<!-- This site is optimized with the Yoast SEO plugin v27.5 - https:\/\/yoast.com\/product\/yoast-seo-wordpress\/ -->\n<title>Ligue 1 GUICOPRES (J-1)- Hafia FC - ASM : Pascal Baruxakis &quot; d\u00e9\u00e7u&quot; D\u00e9sire Fokou &quot; Heureux &quot; - le regard du sportif<\/title>\n<meta name=\"robots\" content=\"index, follow, max-snippet:-1, max-image-preview:large, max-video-preview:-1\" \/>\n<link rel=\"canonical\" href=\"https:\/\/oeilsportif.info\/index.php\/ligue-1-guicopres-j-1-hafia-fc-asm-pascal-baruxakis-decu-desire-fokou-heureux\/\" \/>\n<meta property=\"og:locale\" content=\"fr_FR\" \/>\n<meta property=\"og:type\" content=\"article\" \/>\n<meta property=\"og:title\" content=\"Ligue 1 GUICOPRES (J-1)- Hafia FC - ASM : Pascal Baruxakis &quot; d\u00e9\u00e7u&quot; D\u00e9sire Fokou &quot; Heureux &quot; - le regard du sportif\" \/>\n<meta property=\"og:description\" content=\"Ce vendredi 28 octobre 2022, le Hafia FC a \u00e9t\u00e9 battu par l\u2019ASM Sangaredi sur le score de 1 but \u00e0 0, dans le cadre de la premi\u00e8re journ\u00e9e de la ligue 1 Guicopres au Stade Petit Sory de Nongo. Apr\u00e8s la premi\u00e8re d\u00e9faite de son \u00e9quipe pour le match d&rsquo;ouverture de la ligue 1 [&hellip;]\" \/>\n<meta property=\"og:url\" content=\"https:\/\/oeilsportif.info\/index.php\/ligue-1-guicopres-j-1-hafia-fc-asm-pascal-baruxakis-decu-desire-fokou-heureux\/\" \/>\n<meta property=\"og:site_name\" content=\"le regard du sportif\" \/>\n<meta property=\"article:published_time\" content=\"2022-10-29T11:40:26+00:00\" \/>\n<meta property=\"og:image\" content=\"https:\/\/oeilsportif.info\/wp-content\/uploads\/2022\/10\/IMG-20221028-WA0016.jpg\" \/>\n\t<meta property=\"og:image:width\" content=\"600\" \/>\n\t<meta property=\"og:image:height\" content=\"900\" \/>\n\t<meta property=\"og:image:type\" content=\"image\/jpeg\" \/>\n<meta name=\"author\" content=\"L&#039;Equipe de la R\u00e9daction\" \/>\n<meta name=\"twitter:label1\" content=\"\u00c9crit par\" \/>\n\t<meta name=\"twitter:data1\" content=\"L&#039;Equipe de la R\u00e9daction\" \/>\n\t<meta name=\"twitter:label2\" content=\"Dur\u00e9e de lecture estim\u00e9e\" \/>\n\t<meta name=\"twitter:data2\" content=\"2 minutes\" \/>\n<script type=\"application\/ld+json\" class=\"yoast-schema-graph\">{\"@context\":\"https:\\\/\\\/schema.org\",\"@graph\":[{\"@type\":\"Article\",\"@id\":\"https:\\\/\\\/oeilsportif.info\\\/index.php\\\/ligue-1-guicopres-j-1-hafia-fc-asm-pascal-baruxakis-decu-desire-fokou-heureux\\\/#article\",\"isPartOf\":{\"@id\":\"https:\\\/\\\/oeilsportif.info\\\/index.php\\\/ligue-1-guicopres-j-1-hafia-fc-asm-pascal-baruxakis-decu-desire-fokou-heureux\\\/\"},\"author\":{\"name\":\"L'Equipe de la R\u00e9daction\",\"@id\":\"https:\\\/\\\/oeilsportif.info\\\/#\\\/schema\\\/person\\\/cfbded294aa6095f7d96608d7905e9a1\"},\"headline\":\"Ligue 1 GUICOPRES (J-1)- Hafia FC &#8211; ASM : Pascal Baruxakis \u00a0\u00bb d\u00e9\u00e7u\u00a0\u00bb D\u00e9sire Fokou \u00a0\u00bb Heureux \u00ab\u00a0\",\"datePublished\":\"2022-10-29T11:40:26+00:00\",\"mainEntityOfPage\":{\"@id\":\"https:\\\/\\\/oeilsportif.info\\\/index.php\\\/ligue-1-guicopres-j-1-hafia-fc-asm-pascal-baruxakis-decu-desire-fokou-heureux\\\/\"},\"wordCount\":278,\"image\":{\"@id\":\"https:\\\/\\\/oeilsportif.info\\\/index.php\\\/ligue-1-guicopres-j-1-hafia-fc-asm-pascal-baruxakis-decu-desire-fokou-heureux\\\/#primaryimage\"},\"thumbnailUrl\":\"https:\\\/\\\/i0.wp.com\\\/oeilsportif.info\\\/wp-content\\\/uploads\\\/2022\\\/10\\\/IMG-20221028-WA0016.jpg?fit=600%2C900&ssl=1\",\"articleSection\":[\"Football\"],\"inLanguage\":\"fr-FR\"},{\"@type\":\"WebPage\",\"@id\":\"https:\\\/\\\/oeilsportif.info\\\/index.php\\\/ligue-1-guicopres-j-1-hafia-fc-asm-pascal-baruxakis-decu-desire-fokou-heureux\\\/\",\"url\":\"https:\\\/\\\/oeilsportif.info\\\/index.php\\\/ligue-1-guicopres-j-1-hafia-fc-asm-pascal-baruxakis-decu-desire-fokou-heureux\\\/\",\"name\":\"Ligue 1 GUICOPRES (J-1)- Hafia FC - ASM : Pascal Baruxakis \\\" d\u00e9\u00e7u\\\" D\u00e9sire Fokou \\\" Heureux \\\" - le regard du sportif\",\"isPartOf\":{\"@id\":\"https:\\\/\\\/oeilsportif.info\\\/#website\"},\"primaryImageOfPage\":{\"@id\":\"https:\\\/\\\/oeilsportif.info\\\/index.php\\\/ligue-1-guicopres-j-1-hafia-fc-asm-pascal-baruxakis-decu-desire-fokou-heureux\\\/#primaryimage\"},\"image\":{\"@id\":\"https:\\\/\\\/oeilsportif.info\\\/index.php\\\/ligue-1-guicopres-j-1-hafia-fc-asm-pascal-baruxakis-decu-desire-fokou-heureux\\\/#primaryimage\"},\"thumbnailUrl\":\"https:\\\/\\\/i0.wp.com\\\/oeilsportif.info\\\/wp-content\\\/uploads\\\/2022\\\/10\\\/IMG-20221028-WA0016.jpg?fit=600%2C900&ssl=1\",\"datePublished\":\"2022-10-29T11:40:26+00:00\",\"author\":{\"@id\":\"https:\\\/\\\/oeilsportif.info\\\/#\\\/schema\\\/person\\\/cfbded294aa6095f7d96608d7905e9a1\"},\"inLanguage\":\"fr-FR\",\"potentialAction\":[{\"@type\":\"ReadAction\",\"target\":[\"https:\\\/\\\/oeilsportif.info\\\/index.php\\\/ligue-1-guicopres-j-1-hafia-fc-asm-pascal-baruxakis-decu-desire-fokou-heureux\\\/\"]}]},{\"@type\":\"ImageObject\",\"inLanguage\":\"fr-FR\",\"@id\":\"https:\\\/\\\/oeilsportif.info\\\/index.php\\\/ligue-1-guicopres-j-1-hafia-fc-asm-pascal-baruxakis-decu-desire-fokou-heureux\\\/#primaryimage\",\"url\":\"https:\\\/\\\/i0.wp.com\\\/oeilsportif.info\\\/wp-content\\\/uploads\\\/2022\\\/10\\\/IMG-20221028-WA0016.jpg?fit=600%2C900&ssl=1\",\"contentUrl\":\"https:\\\/\\\/i0.wp.com\\\/oeilsportif.info\\\/wp-content\\\/uploads\\\/2022\\\/10\\\/IMG-20221028-WA0016.jpg?fit=600%2C900&ssl=1\",\"width\":600,\"height\":900},{\"@type\":\"WebSite\",\"@id\":\"https:\\\/\\\/oeilsportif.info\\\/#website\",\"url\":\"https:\\\/\\\/oeilsportif.info\\\/\",\"name\":\"le regard du sportif\",\"description\":\"\",\"potentialAction\":[{\"@type\":\"SearchAction\",\"target\":{\"@type\":\"EntryPoint\",\"urlTemplate\":\"https:\\\/\\\/oeilsportif.info\\\/?s={search_term_string}\"},\"query-input\":{\"@type\":\"PropertyValueSpecification\",\"valueRequired\":true,\"valueName\":\"search_term_string\"}}],\"inLanguage\":\"fr-FR\"},{\"@type\":\"Person\",\"@id\":\"https:\\\/\\\/oeilsportif.info\\\/#\\\/schema\\\/person\\\/cfbded294aa6095f7d96608d7905e9a1\",\"name\":\"L'Equipe de la R\u00e9daction\",\"image\":{\"@type\":\"ImageObject\",\"inLanguage\":\"fr-FR\",\"@id\":\"https:\\\/\\\/oeilsportif.info\\\/wp-content\\\/uploads\\\/2025\\\/07\\\/cropped-cropped-logo-os-96x96.jpeg\",\"url\":\"https:\\\/\\\/oeilsportif.info\\\/wp-content\\\/uploads\\\/2025\\\/07\\\/cropped-cropped-logo-os-96x96.jpeg\",\"contentUrl\":\"https:\\\/\\\/oeilsportif.info\\\/wp-content\\\/uploads\\\/2025\\\/07\\\/cropped-cropped-logo-os-96x96.jpeg\",\"caption\":\"L'Equipe de la R\u00e9daction\"},\"url\":\"https:\\\/\\\/oeilsportif.info\\\/index.php\\\/author\\\/tawel\\\/\"}]}<\/script>\n<!-- \/ Yoast SEO plugin. -->","yoast_head_json":{"title":"Ligue 1 GUICOPRES (J-1)- Hafia FC - ASM : Pascal Baruxakis \" d\u00e9\u00e7u\" D\u00e9sire Fokou \" Heureux \" - le regard du sportif","robots":{"index":"index","follow":"follow","max-snippet":"max-snippet:-1","max-image-preview":"max-image-preview:large","max-video-preview":"max-video-preview:-1"},"canonical":"https:\/\/oeilsportif.info\/index.php\/ligue-1-guicopres-j-1-hafia-fc-asm-pascal-baruxakis-decu-desire-fokou-heureux\/","og_locale":"fr_FR","og_type":"article","og_title":"Ligue 1 GUICOPRES (J-1)- Hafia FC - ASM : Pascal Baruxakis \" d\u00e9\u00e7u\" D\u00e9sire Fokou \" Heureux \" - le regard du sportif","og_description":"Ce vendredi 28 octobre 2022, le Hafia FC a \u00e9t\u00e9 battu par l\u2019ASM Sangaredi sur le score de 1 but \u00e0 0, dans le cadre de la premi\u00e8re journ\u00e9e de la ligue 1 Guicopres au Stade Petit Sory de Nongo. Apr\u00e8s la premi\u00e8re d\u00e9faite de son \u00e9quipe pour le match d&rsquo;ouverture de la ligue 1 [&hellip;]","og_url":"https:\/\/oeilsportif.info\/index.php\/ligue-1-guicopres-j-1-hafia-fc-asm-pascal-baruxakis-decu-desire-fokou-heureux\/","og_site_name":"le regard du sportif","article_published_time":"2022-10-29T11:40:26+00:00","og_image":[{"width":600,"height":900,"url":"https:\/\/oeilsportif.info\/wp-content\/uploads\/2022\/10\/IMG-20221028-WA0016.jpg","type":"image\/jpeg"}],"author":"L'Equipe de la R\u00e9daction","twitter_misc":{"\u00c9crit par":"L'Equipe de la R\u00e9daction","Dur\u00e9e de lecture estim\u00e9e":"2 minutes"},"schema":{"@context":"https:\/\/schema.org","@graph":[{"@type":"Article","@id":"https:\/\/oeilsportif.info\/index.php\/ligue-1-guicopres-j-1-hafia-fc-asm-pascal-baruxakis-decu-desire-fokou-heureux\/#article","isPartOf":{"@id":"https:\/\/oeilsportif.info\/index.php\/ligue-1-guicopres-j-1-hafia-fc-asm-pascal-baruxakis-decu-desire-fokou-heureux\/"},"author":{"name":"L'Equipe de la R\u00e9daction","@id":"https:\/\/oeilsportif.info\/#\/schema\/person\/cfbded294aa6095f7d96608d7905e9a1"},"headline":"Ligue 1 GUICOPRES (J-1)- Hafia FC &#8211; ASM : Pascal Baruxakis \u00a0\u00bb d\u00e9\u00e7u\u00a0\u00bb D\u00e9sire Fokou \u00a0\u00bb Heureux \u00ab\u00a0","datePublished":"2022-10-29T11:40:26+00:00","mainEntityOfPage":{"@id":"https:\/\/oeilsportif.info\/index.php\/ligue-1-guicopres-j-1-hafia-fc-asm-pascal-baruxakis-decu-desire-fokou-heureux\/"},"wordCount":278,"image":{"@id":"https:\/\/oeilsportif.info\/index.php\/ligue-1-guicopres-j-1-hafia-fc-asm-pascal-baruxakis-decu-desire-fokou-heureux\/#primaryimage"},"thumbnailUrl":"https:\/\/i0.wp.com\/oeilsportif.info\/wp-content\/uploads\/2022\/10\/IMG-20221028-WA0016.jpg?fit=600%2C900&ssl=1","articleSection":["Football"],"inLanguage":"fr-FR"},{"@type":"WebPage","@id":"https:\/\/oeilsportif.info\/index.php\/ligue-1-guicopres-j-1-hafia-fc-asm-pascal-baruxakis-decu-desire-fokou-heureux\/","url":"https:\/\/oeilsportif.info\/index.php\/ligue-1-guicopres-j-1-hafia-fc-asm-pascal-baruxakis-decu-desire-fokou-heureux\/","name":"Ligue 1 GUICOPRES (J-1)- Hafia FC - ASM : Pascal Baruxakis \" d\u00e9\u00e7u\" D\u00e9sire Fokou \" Heureux \" - le regard du sportif","isPartOf":{"@id":"https:\/\/oeilsportif.info\/#website"},"primaryImageOfPage":{"@id":"https:\/\/oeilsportif.info\/index.php\/ligue-1-guicopres-j-1-hafia-fc-asm-pascal-baruxakis-decu-desire-fokou-heureux\/#primaryimage"},"image":{"@id":"https:\/\/oeilsportif.info\/index.php\/ligue-1-guicopres-j-1-hafia-fc-asm-pascal-baruxakis-decu-desire-fokou-heureux\/#primaryimage"},"thumbnailUrl":"https:\/\/i0.wp.com\/oeilsportif.info\/wp-content\/uploads\/2022\/10\/IMG-20221028-WA0016.jpg?fit=600%2C900&ssl=1","datePublished":"2022-10-29T11:40:26+00:00","author":{"@id":"https:\/\/oeilsportif.info\/#\/schema\/person\/cfbded294aa6095f7d96608d7905e9a1"},"inLanguage":"fr-FR","potentialAction":[{"@type":"ReadAction","target":["https:\/\/oeilsportif.info\/index.php\/ligue-1-guicopres-j-1-hafia-fc-asm-pascal-baruxakis-decu-desire-fokou-heureux\/"]}]},{"@type":"ImageObject","inLanguage":"fr-FR","@id":"https:\/\/oeilsportif.info\/index.php\/ligue-1-guicopres-j-1-hafia-fc-asm-pascal-baruxakis-decu-desire-fokou-heureux\/#primaryimage","url":"https:\/\/i0.wp.com\/oeilsportif.info\/wp-content\/uploads\/2022\/10\/IMG-20221028-WA0016.jpg?fit=600%2C900&ssl=1","contentUrl":"https:\/\/i0.wp.com\/oeilsportif.info\/wp-content\/uploads\/2022\/10\/IMG-20221028-WA0016.jpg?fit=600%2C900&ssl=1","width":600,"height":900},{"@type":"WebSite","@id":"https:\/\/oeilsportif.info\/#website","url":"https:\/\/oeilsportif.info\/","name":"le regard du sportif","description":"","potentialAction":[{"@type":"SearchAction","target":{"@type":"EntryPoint","urlTemplate":"https:\/\/oeilsportif.info\/?s={search_term_string}"},"query-input":{"@type":"PropertyValueSpecification","valueRequired":true,"valueName":"search_term_string"}}],"inLanguage":"fr-FR"},{"@type":"Person","@id":"https:\/\/oeilsportif.info\/#\/schema\/person\/cfbded294aa6095f7d96608d7905e9a1","name":"L'Equipe de la R\u00e9daction","image":{"@type":"ImageObject","inLanguage":"fr-FR","@id":"https:\/\/oeilsportif.info\/wp-content\/uploads\/2025\/07\/cropped-cropped-logo-os-96x96.jpeg","url":"https:\/\/oeilsportif.info\/wp-content\/uploads\/2025\/07\/cropped-cropped-logo-os-96x96.jpeg","contentUrl":"https:\/\/oeilsportif.info\/wp-content\/uploads\/2025\/07\/cropped-cropped-logo-os-96x96.jpeg","caption":"L'Equipe de la R\u00e9daction"},"url":"https:\/\/oeilsportif.info\/index.php\/author\/tawel\/"}]}},"jetpack_publicize_connections":[],"jetpack_featured_media_url":"https:\/\/i0.wp.com\/oeilsportif.info\/wp-content\/uploads\/2022\/10\/IMG-20221028-WA0016.jpg?fit=600%2C900&ssl=1","jetpack-related-posts":[],"jetpack_sharing_enabled":true,"jetpack_likes_enabled":true,"jetpack_shortlink":"https:\/\/wp.me\/pgFE77-Aa","_links":{"self":[{"href":"https:\/\/oeilsportif.info\/index.php\/wp-json\/wp\/v2\/posts\/2242","targetHints":{"allow":["GET"]}}],"collection":[{"href":"https:\/\/oeilsportif.info\/index.php\/wp-json\/wp\/v2\/posts"}],"about":[{"href":"https:\/\/oeilsportif.info\/index.php\/wp-json\/wp\/v2\/types\/post"}],"author":[{"embeddable":true,"href":"https:\/\/oeilsportif.info\/index.php\/wp-json\/wp\/v2\/users\/2"}],"replies":[{"embeddable":true,"href":"https:\/\/oeilsportif.info\/index.php\/wp-json\/wp\/v2\/comments?post=2242"}],"version-history":[{"count":0,"href":"https:\/\/oeilsportif.info\/index.php\/wp-json\/wp\/v2\/posts\/2242\/revisions"}],"wp:featuredmedia":[{"embeddable":true,"href":"https:\/\/oeilsportif.info\/index.php\/wp-json\/wp\/v2\/media\/2243"}],"wp:attachment":[{"href":"https:\/\/oeilsportif.info\/index.php\/wp-json\/wp\/v2\/media?parent=2242"}],"wp:term":[{"taxonomy":"category","embeddable":true,"href":"https:\/\/oeilsportif.info\/index.php\/wp-json\/wp\/v2\/categories?post=2242"},{"taxonomy":"post_tag","embeddable":true,"href":"https:\/\/oeilsportif.info\/index.php\/wp-json\/wp\/v2\/tags?post=2242"}],"curies":[{"name":"wp","href":"https:\/\/api.w.org\/{rel}","templated":true}]}}