{"id":2217,"date":"2022-10-21T14:16:11","date_gmt":"2022-10-21T14:16:11","guid":{"rendered":"https:\/\/oeilsportif.info\/index.php\/?p=2217"},"modified":"2022-10-21T14:16:11","modified_gmt":"2022-10-21T14:16:11","slug":"hafia-fc-nouvelles-recrues-nouveau-logo-et-equipements-presentes-a-la-presse","status":"publish","type":"post","link":"https:\/\/oeilsportif.info\/index.php\/hafia-fc-nouvelles-recrues-nouveau-logo-et-equipements-presentes-a-la-presse\/","title":{"rendered":"HAFIA FC : Nouvelles recrues, nouveau logo et \u00e9quipements pr\u00e9sent\u00e9s \u00e0 la presse !"},"content":{"rendered":"<p><strong>CONAKRY le 20 oct 22- Le Hafia FC du pr\u00e9sident Kerfalla Camara met le dernier cap pour d\u00e9marrer sa nouvelle saison 2022-2023.<\/strong><\/p>\n<p>En effet, ce jeudi au stade Petit Sory de nongo en pr\u00e9sence des hommes de m\u00e9diats et des invit\u00e9s du monde du sport guin\u00e9en, le nouveau logo du premier triple champion d\u2019Afrique des clubs a \u00e9t\u00e9 pr\u00e9sent\u00e9 ainsi que le nouvel \u00e9quipementier et les nouvelles recrues du club pour de la nouvelle saison. La c\u00e9r\u00e9monie a commenc\u00e9 par le discours de bienvenue du pr\u00e9sident d\u00e9l\u00e9gu\u00e9 du Hafia FC Monsieur Ifra Dieng avant que le secr\u00e9taire g\u00e9n\u00e9ral des vert et blanc Marco Ibrahima Sory Bah ne pr\u00e9sente les nouvelles recrues du Hafia FC. Au cours de sa pr\u00e9sentation, le SG di Hafia FC a dit : \u00ab Nous sommes le Hafia, nous jouons le titre et les premiers r\u00f4les en Guin\u00e9e. Et cette volont\u00e9 du Hafia est naturelle. On a fini 7e la saison pass\u00e9e, nous comprenons la frustration des supporters, mais nous sommes dans un projet. La l\u00e9gende continue. On a fait un recrutement de joueurs qu\u2019on estime nous permettre d\u2019atteindre ces objectifs. \u00bb.<\/p>\n<p><strong>Voici la liste des joueurs qui ont \u00e9t\u00e9 pr\u00e9sent\u00e9s \u00e0 la presse :<\/strong><\/p>\n<p>Moustapha Kouyat\u00e9 ( Raja Casablanca), Morifing Donzo (FC S\u00e9quence), Laye Mamady Sano ( Milo), Mohamed Damaro ( Milo), Gaoussou Siby (ex Wakriya), Youssouf Bangoura (AS Douanes du S\u00e9n\u00e9gal), Seydouba Ciss\u00e9 (ex Fello Star), Mohamed Ch\u00e9rif, \u00c9lie Ouendouno, le nouveau directeur sportif Casimir Jagiello a \u00e9t\u00e9 pr\u00e9sent\u00e9 aussi \u00e0 la presse.<\/p>\n<p><strong>S\u00e9kouna Camara<\/strong><\/p>\n","protected":false},"excerpt":{"rendered":"<p>CONAKRY le 20 oct 22- Le Hafia FC du pr\u00e9sident Kerfalla Camara met le dernier cap pour d\u00e9marrer sa nouvelle saison 2022-2023. En effet, ce jeudi au stade Petit Sory de nongo en pr\u00e9sence des hommes de m\u00e9diats et des invit\u00e9s du monde du sport guin\u00e9en, le nouveau logo du premier triple champion d\u2019Afrique des [&hellip;]<\/p>\n","protected":false},"author":2,"featured_media":2218,"comment_status":"closed","ping_status":"open","sticky":false,"template":"","format":"standard","meta":{"_jetpack_memberships_contains_paid_content":false,"footnotes":"","jetpack_publicize_message":"","jetpack_publicize_feature_enabled":true,"jetpack_social_post_already_shared":true,"jetpack_social_options":{"image_generator_settings":{"template":"highway","default_image_id":0,"font":"","enabled":false},"version":2}},"categories":[5],"tags":[],"class_list":{"0":"post-2217","1":"post","2":"type-post","3":"status-publish","4":"format-standard","5":"has-post-thumbnail","7":"category-football"},"yoast_head":"<!-- This site is optimized with the Yoast SEO plugin v27.4 - https:\/\/yoast.com\/product\/yoast-seo-wordpress\/ -->\n<title>HAFIA FC : Nouvelles recrues, nouveau logo et \u00e9quipements pr\u00e9sent\u00e9s \u00e0 la presse ! - le regard du sportif<\/title>\n<meta name=\"robots\" content=\"index, follow, max-snippet:-1, max-image-preview:large, max-video-preview:-1\" \/>\n<link rel=\"canonical\" href=\"https:\/\/oeilsportif.info\/index.php\/hafia-fc-nouvelles-recrues-nouveau-logo-et-equipements-presentes-a-la-presse\/\" \/>\n<meta property=\"og:locale\" content=\"fr_FR\" \/>\n<meta property=\"og:type\" content=\"article\" \/>\n<meta property=\"og:title\" content=\"HAFIA FC : Nouvelles recrues, nouveau logo et \u00e9quipements pr\u00e9sent\u00e9s \u00e0 la presse ! - le regard du sportif\" \/>\n<meta property=\"og:description\" content=\"CONAKRY le 20 oct 22- Le Hafia FC du pr\u00e9sident Kerfalla Camara met le dernier cap pour d\u00e9marrer sa nouvelle saison 2022-2023. En effet, ce jeudi au stade Petit Sory de nongo en pr\u00e9sence des hommes de m\u00e9diats et des invit\u00e9s du monde du sport guin\u00e9en, le nouveau logo du premier triple champion d\u2019Afrique des [&hellip;]\" \/>\n<meta property=\"og:url\" content=\"https:\/\/oeilsportif.info\/index.php\/hafia-fc-nouvelles-recrues-nouveau-logo-et-equipements-presentes-a-la-presse\/\" \/>\n<meta property=\"og:site_name\" content=\"le regard du sportif\" \/>\n<meta property=\"article:published_time\" content=\"2022-10-21T14:16:11+00:00\" \/>\n<meta property=\"og:image\" content=\"https:\/\/oeilsportif.info\/wp-content\/uploads\/2022\/10\/FB_IMG_1666360046607.jpg\" \/>\n\t<meta property=\"og:image:width\" content=\"750\" \/>\n\t<meta property=\"og:image:height\" content=\"531\" \/>\n\t<meta property=\"og:image:type\" content=\"image\/jpeg\" \/>\n<meta name=\"author\" content=\"L&#039;Equipe de la R\u00e9daction\" \/>\n<meta name=\"twitter:label1\" content=\"\u00c9crit par\" \/>\n\t<meta name=\"twitter:data1\" content=\"L&#039;Equipe de la R\u00e9daction\" \/>\n\t<meta name=\"twitter:label2\" content=\"Dur\u00e9e de lecture estim\u00e9e\" \/>\n\t<meta name=\"twitter:data2\" content=\"2 minutes\" \/>\n<script type=\"application\/ld+json\" class=\"yoast-schema-graph\">{\"@context\":\"https:\\\/\\\/schema.org\",\"@graph\":[{\"@type\":\"Article\",\"@id\":\"https:\\\/\\\/oeilsportif.info\\\/index.php\\\/hafia-fc-nouvelles-recrues-nouveau-logo-et-equipements-presentes-a-la-presse\\\/#article\",\"isPartOf\":{\"@id\":\"https:\\\/\\\/oeilsportif.info\\\/index.php\\\/hafia-fc-nouvelles-recrues-nouveau-logo-et-equipements-presentes-a-la-presse\\\/\"},\"author\":{\"name\":\"L'Equipe de la R\u00e9daction\",\"@id\":\"https:\\\/\\\/oeilsportif.info\\\/#\\\/schema\\\/person\\\/cfbded294aa6095f7d96608d7905e9a1\"},\"headline\":\"HAFIA FC : Nouvelles recrues, nouveau logo et \u00e9quipements pr\u00e9sent\u00e9s \u00e0 la presse !\",\"datePublished\":\"2022-10-21T14:16:11+00:00\",\"mainEntityOfPage\":{\"@id\":\"https:\\\/\\\/oeilsportif.info\\\/index.php\\\/hafia-fc-nouvelles-recrues-nouveau-logo-et-equipements-presentes-a-la-presse\\\/\"},\"wordCount\":286,\"image\":{\"@id\":\"https:\\\/\\\/oeilsportif.info\\\/index.php\\\/hafia-fc-nouvelles-recrues-nouveau-logo-et-equipements-presentes-a-la-presse\\\/#primaryimage\"},\"thumbnailUrl\":\"https:\\\/\\\/i0.wp.com\\\/oeilsportif.info\\\/wp-content\\\/uploads\\\/2022\\\/10\\\/FB_IMG_1666360046607.jpg?fit=750%2C531&ssl=1\",\"articleSection\":[\"Football\"],\"inLanguage\":\"fr-FR\"},{\"@type\":\"WebPage\",\"@id\":\"https:\\\/\\\/oeilsportif.info\\\/index.php\\\/hafia-fc-nouvelles-recrues-nouveau-logo-et-equipements-presentes-a-la-presse\\\/\",\"url\":\"https:\\\/\\\/oeilsportif.info\\\/index.php\\\/hafia-fc-nouvelles-recrues-nouveau-logo-et-equipements-presentes-a-la-presse\\\/\",\"name\":\"HAFIA FC : Nouvelles recrues, nouveau logo et \u00e9quipements pr\u00e9sent\u00e9s \u00e0 la presse ! - le regard du sportif\",\"isPartOf\":{\"@id\":\"https:\\\/\\\/oeilsportif.info\\\/#website\"},\"primaryImageOfPage\":{\"@id\":\"https:\\\/\\\/oeilsportif.info\\\/index.php\\\/hafia-fc-nouvelles-recrues-nouveau-logo-et-equipements-presentes-a-la-presse\\\/#primaryimage\"},\"image\":{\"@id\":\"https:\\\/\\\/oeilsportif.info\\\/index.php\\\/hafia-fc-nouvelles-recrues-nouveau-logo-et-equipements-presentes-a-la-presse\\\/#primaryimage\"},\"thumbnailUrl\":\"https:\\\/\\\/i0.wp.com\\\/oeilsportif.info\\\/wp-content\\\/uploads\\\/2022\\\/10\\\/FB_IMG_1666360046607.jpg?fit=750%2C531&ssl=1\",\"datePublished\":\"2022-10-21T14:16:11+00:00\",\"author\":{\"@id\":\"https:\\\/\\\/oeilsportif.info\\\/#\\\/schema\\\/person\\\/cfbded294aa6095f7d96608d7905e9a1\"},\"inLanguage\":\"fr-FR\",\"potentialAction\":[{\"@type\":\"ReadAction\",\"target\":[\"https:\\\/\\\/oeilsportif.info\\\/index.php\\\/hafia-fc-nouvelles-recrues-nouveau-logo-et-equipements-presentes-a-la-presse\\\/\"]}]},{\"@type\":\"ImageObject\",\"inLanguage\":\"fr-FR\",\"@id\":\"https:\\\/\\\/oeilsportif.info\\\/index.php\\\/hafia-fc-nouvelles-recrues-nouveau-logo-et-equipements-presentes-a-la-presse\\\/#primaryimage\",\"url\":\"https:\\\/\\\/i0.wp.com\\\/oeilsportif.info\\\/wp-content\\\/uploads\\\/2022\\\/10\\\/FB_IMG_1666360046607.jpg?fit=750%2C531&ssl=1\",\"contentUrl\":\"https:\\\/\\\/i0.wp.com\\\/oeilsportif.info\\\/wp-content\\\/uploads\\\/2022\\\/10\\\/FB_IMG_1666360046607.jpg?fit=750%2C531&ssl=1\",\"width\":750,\"height\":531},{\"@type\":\"WebSite\",\"@id\":\"https:\\\/\\\/oeilsportif.info\\\/#website\",\"url\":\"https:\\\/\\\/oeilsportif.info\\\/\",\"name\":\"le regard du sportif\",\"description\":\"\",\"potentialAction\":[{\"@type\":\"SearchAction\",\"target\":{\"@type\":\"EntryPoint\",\"urlTemplate\":\"https:\\\/\\\/oeilsportif.info\\\/?s={search_term_string}\"},\"query-input\":{\"@type\":\"PropertyValueSpecification\",\"valueRequired\":true,\"valueName\":\"search_term_string\"}}],\"inLanguage\":\"fr-FR\"},{\"@type\":\"Person\",\"@id\":\"https:\\\/\\\/oeilsportif.info\\\/#\\\/schema\\\/person\\\/cfbded294aa6095f7d96608d7905e9a1\",\"name\":\"L'Equipe de la R\u00e9daction\",\"image\":{\"@type\":\"ImageObject\",\"inLanguage\":\"fr-FR\",\"@id\":\"https:\\\/\\\/oeilsportif.info\\\/wp-content\\\/uploads\\\/2025\\\/07\\\/cropped-cropped-logo-os-96x96.jpeg\",\"url\":\"https:\\\/\\\/oeilsportif.info\\\/wp-content\\\/uploads\\\/2025\\\/07\\\/cropped-cropped-logo-os-96x96.jpeg\",\"contentUrl\":\"https:\\\/\\\/oeilsportif.info\\\/wp-content\\\/uploads\\\/2025\\\/07\\\/cropped-cropped-logo-os-96x96.jpeg\",\"caption\":\"L'Equipe de la R\u00e9daction\"},\"url\":\"https:\\\/\\\/oeilsportif.info\\\/index.php\\\/author\\\/tawel\\\/\"}]}<\/script>\n<!-- \/ Yoast SEO plugin. -->","yoast_head_json":{"title":"HAFIA FC : Nouvelles recrues, nouveau logo et \u00e9quipements pr\u00e9sent\u00e9s \u00e0 la presse ! - le regard du sportif","robots":{"index":"index","follow":"follow","max-snippet":"max-snippet:-1","max-image-preview":"max-image-preview:large","max-video-preview":"max-video-preview:-1"},"canonical":"https:\/\/oeilsportif.info\/index.php\/hafia-fc-nouvelles-recrues-nouveau-logo-et-equipements-presentes-a-la-presse\/","og_locale":"fr_FR","og_type":"article","og_title":"HAFIA FC : Nouvelles recrues, nouveau logo et \u00e9quipements pr\u00e9sent\u00e9s \u00e0 la presse ! - le regard du sportif","og_description":"CONAKRY le 20 oct 22- Le Hafia FC du pr\u00e9sident Kerfalla Camara met le dernier cap pour d\u00e9marrer sa nouvelle saison 2022-2023. En effet, ce jeudi au stade Petit Sory de nongo en pr\u00e9sence des hommes de m\u00e9diats et des invit\u00e9s du monde du sport guin\u00e9en, le nouveau logo du premier triple champion d\u2019Afrique des [&hellip;]","og_url":"https:\/\/oeilsportif.info\/index.php\/hafia-fc-nouvelles-recrues-nouveau-logo-et-equipements-presentes-a-la-presse\/","og_site_name":"le regard du sportif","article_published_time":"2022-10-21T14:16:11+00:00","og_image":[{"width":750,"height":531,"url":"https:\/\/oeilsportif.info\/wp-content\/uploads\/2022\/10\/FB_IMG_1666360046607.jpg","type":"image\/jpeg"}],"author":"L'Equipe de la R\u00e9daction","twitter_misc":{"\u00c9crit par":"L'Equipe de la R\u00e9daction","Dur\u00e9e de lecture estim\u00e9e":"2 minutes"},"schema":{"@context":"https:\/\/schema.org","@graph":[{"@type":"Article","@id":"https:\/\/oeilsportif.info\/index.php\/hafia-fc-nouvelles-recrues-nouveau-logo-et-equipements-presentes-a-la-presse\/#article","isPartOf":{"@id":"https:\/\/oeilsportif.info\/index.php\/hafia-fc-nouvelles-recrues-nouveau-logo-et-equipements-presentes-a-la-presse\/"},"author":{"name":"L'Equipe de la R\u00e9daction","@id":"https:\/\/oeilsportif.info\/#\/schema\/person\/cfbded294aa6095f7d96608d7905e9a1"},"headline":"HAFIA FC : Nouvelles recrues, nouveau logo et \u00e9quipements pr\u00e9sent\u00e9s \u00e0 la presse !","datePublished":"2022-10-21T14:16:11+00:00","mainEntityOfPage":{"@id":"https:\/\/oeilsportif.info\/index.php\/hafia-fc-nouvelles-recrues-nouveau-logo-et-equipements-presentes-a-la-presse\/"},"wordCount":286,"image":{"@id":"https:\/\/oeilsportif.info\/index.php\/hafia-fc-nouvelles-recrues-nouveau-logo-et-equipements-presentes-a-la-presse\/#primaryimage"},"thumbnailUrl":"https:\/\/i0.wp.com\/oeilsportif.info\/wp-content\/uploads\/2022\/10\/FB_IMG_1666360046607.jpg?fit=750%2C531&ssl=1","articleSection":["Football"],"inLanguage":"fr-FR"},{"@type":"WebPage","@id":"https:\/\/oeilsportif.info\/index.php\/hafia-fc-nouvelles-recrues-nouveau-logo-et-equipements-presentes-a-la-presse\/","url":"https:\/\/oeilsportif.info\/index.php\/hafia-fc-nouvelles-recrues-nouveau-logo-et-equipements-presentes-a-la-presse\/","name":"HAFIA FC : Nouvelles recrues, nouveau logo et \u00e9quipements pr\u00e9sent\u00e9s \u00e0 la presse ! - le regard du sportif","isPartOf":{"@id":"https:\/\/oeilsportif.info\/#website"},"primaryImageOfPage":{"@id":"https:\/\/oeilsportif.info\/index.php\/hafia-fc-nouvelles-recrues-nouveau-logo-et-equipements-presentes-a-la-presse\/#primaryimage"},"image":{"@id":"https:\/\/oeilsportif.info\/index.php\/hafia-fc-nouvelles-recrues-nouveau-logo-et-equipements-presentes-a-la-presse\/#primaryimage"},"thumbnailUrl":"https:\/\/i0.wp.com\/oeilsportif.info\/wp-content\/uploads\/2022\/10\/FB_IMG_1666360046607.jpg?fit=750%2C531&ssl=1","datePublished":"2022-10-21T14:16:11+00:00","author":{"@id":"https:\/\/oeilsportif.info\/#\/schema\/person\/cfbded294aa6095f7d96608d7905e9a1"},"inLanguage":"fr-FR","potentialAction":[{"@type":"ReadAction","target":["https:\/\/oeilsportif.info\/index.php\/hafia-fc-nouvelles-recrues-nouveau-logo-et-equipements-presentes-a-la-presse\/"]}]},{"@type":"ImageObject","inLanguage":"fr-FR","@id":"https:\/\/oeilsportif.info\/index.php\/hafia-fc-nouvelles-recrues-nouveau-logo-et-equipements-presentes-a-la-presse\/#primaryimage","url":"https:\/\/i0.wp.com\/oeilsportif.info\/wp-content\/uploads\/2022\/10\/FB_IMG_1666360046607.jpg?fit=750%2C531&ssl=1","contentUrl":"https:\/\/i0.wp.com\/oeilsportif.info\/wp-content\/uploads\/2022\/10\/FB_IMG_1666360046607.jpg?fit=750%2C531&ssl=1","width":750,"height":531},{"@type":"WebSite","@id":"https:\/\/oeilsportif.info\/#website","url":"https:\/\/oeilsportif.info\/","name":"le regard du sportif","description":"","potentialAction":[{"@type":"SearchAction","target":{"@type":"EntryPoint","urlTemplate":"https:\/\/oeilsportif.info\/?s={search_term_string}"},"query-input":{"@type":"PropertyValueSpecification","valueRequired":true,"valueName":"search_term_string"}}],"inLanguage":"fr-FR"},{"@type":"Person","@id":"https:\/\/oeilsportif.info\/#\/schema\/person\/cfbded294aa6095f7d96608d7905e9a1","name":"L'Equipe de la R\u00e9daction","image":{"@type":"ImageObject","inLanguage":"fr-FR","@id":"https:\/\/oeilsportif.info\/wp-content\/uploads\/2025\/07\/cropped-cropped-logo-os-96x96.jpeg","url":"https:\/\/oeilsportif.info\/wp-content\/uploads\/2025\/07\/cropped-cropped-logo-os-96x96.jpeg","contentUrl":"https:\/\/oeilsportif.info\/wp-content\/uploads\/2025\/07\/cropped-cropped-logo-os-96x96.jpeg","caption":"L'Equipe de la R\u00e9daction"},"url":"https:\/\/oeilsportif.info\/index.php\/author\/tawel\/"}]}},"jetpack_publicize_connections":[],"jetpack_featured_media_url":"https:\/\/i0.wp.com\/oeilsportif.info\/wp-content\/uploads\/2022\/10\/FB_IMG_1666360046607.jpg?fit=750%2C531&ssl=1","jetpack-related-posts":[],"jetpack_sharing_enabled":true,"jetpack_likes_enabled":true,"jetpack_shortlink":"https:\/\/wp.me\/pgFE77-zL","_links":{"self":[{"href":"https:\/\/oeilsportif.info\/index.php\/wp-json\/wp\/v2\/posts\/2217","targetHints":{"allow":["GET"]}}],"collection":[{"href":"https:\/\/oeilsportif.info\/index.php\/wp-json\/wp\/v2\/posts"}],"about":[{"href":"https:\/\/oeilsportif.info\/index.php\/wp-json\/wp\/v2\/types\/post"}],"author":[{"embeddable":true,"href":"https:\/\/oeilsportif.info\/index.php\/wp-json\/wp\/v2\/users\/2"}],"replies":[{"embeddable":true,"href":"https:\/\/oeilsportif.info\/index.php\/wp-json\/wp\/v2\/comments?post=2217"}],"version-history":[{"count":0,"href":"https:\/\/oeilsportif.info\/index.php\/wp-json\/wp\/v2\/posts\/2217\/revisions"}],"wp:featuredmedia":[{"embeddable":true,"href":"https:\/\/oeilsportif.info\/index.php\/wp-json\/wp\/v2\/media\/2218"}],"wp:attachment":[{"href":"https:\/\/oeilsportif.info\/index.php\/wp-json\/wp\/v2\/media?parent=2217"}],"wp:term":[{"taxonomy":"category","embeddable":true,"href":"https:\/\/oeilsportif.info\/index.php\/wp-json\/wp\/v2\/categories?post=2217"},{"taxonomy":"post_tag","embeddable":true,"href":"https:\/\/oeilsportif.info\/index.php\/wp-json\/wp\/v2\/tags?post=2217"}],"curies":[{"name":"wp","href":"https:\/\/api.w.org\/{rel}","templated":true}]}}