{"id":2211,"date":"2022-10-20T22:19:01","date_gmt":"2022-10-20T22:19:01","guid":{"rendered":"https:\/\/oeilsportif.info\/index.php\/?p=2211"},"modified":"2022-10-20T22:19:01","modified_gmt":"2022-10-20T22:19:01","slug":"la-fgf-heureuse-du-demarrage-de-la-ligue-1-guicopres","status":"publish","type":"post","link":"https:\/\/oeilsportif.info\/index.php\/la-fgf-heureuse-du-demarrage-de-la-ligue-1-guicopres\/","title":{"rendered":"LA FGF HEUREUSE DU D\u00c9MARRAGE DE LA LIGUE 1 GUICOPRES"},"content":{"rendered":"<p><strong>La F\u00e9d\u00e9ration Guin\u00e9enne de Football est heureuse d\u2019annoncer le d\u00e9marrage du Championnat National de Ligue 1 Guicopres saison 2022-2023 pr\u00e9vu le 28 octobre 2022 sur les diff\u00e9rents stades de Guin\u00e9e.<\/strong><\/p>\n<p>Le Comit\u00e9 de Normalisation de la F\u00e9d\u00e9ration Guin\u00e9enne de Football remercie Monsieur Lansana B\u00e9a DIALLO, Ministre de la Jeunesse et des Sports, pour son implication en faveur de la coh\u00e9sion entre les acteurs du football guin\u00e9en \u00e0 l\u2019occasion du lancement de la nouvelle saison.<\/p>\n<p>La F\u00e9d\u00e9ration Guin\u00e9enne de Football invite les clubs \u00e0 se mettre \u00e0 jour pour le d\u00e9marrage du championnat National de Ligue 1 Guicopres.\u00a0La F\u00e9d\u00e9ration Guin\u00e9enne de Football invite tous les clubs au fair-play dans les diff\u00e9rents stades.<\/p>\n<p>La F\u00e9d\u00e9ration Guin\u00e9enne de Football informe par la m\u00eame occasion que les licences seront biom\u00e9triques cette ann\u00e9e. Les primes des arbitres augmenteront de quarante pourcent (40%).<\/p>\n<p>La F\u00e9d\u00e9ration Guin\u00e9enne de Football apporte son soutien entier au comit\u00e9 provisoire de gestion de la Ligue Guin\u00e9enne de Football Professionnel.<\/p>\n<p>La F\u00e9d\u00e9ration Guin\u00e9enne de Football souhaite une tr\u00e8s bonne saison de Ligue 1 Guicopres \u00e0 tous les clubs.<\/p>\n<p><strong>F\u00e9guifoot\u00a0<\/strong><\/p>\n","protected":false},"excerpt":{"rendered":"<p>La F\u00e9d\u00e9ration Guin\u00e9enne de Football est heureuse d\u2019annoncer le d\u00e9marrage du Championnat National de Ligue 1 Guicopres saison 2022-2023 pr\u00e9vu le 28 octobre 2022 sur les diff\u00e9rents stades de Guin\u00e9e. Le Comit\u00e9 de Normalisation de la F\u00e9d\u00e9ration Guin\u00e9enne de Football remercie Monsieur Lansana B\u00e9a DIALLO, Ministre de la Jeunesse et des Sports, pour son implication [&hellip;]<\/p>\n","protected":false},"author":2,"featured_media":2212,"comment_status":"closed","ping_status":"open","sticky":false,"template":"","format":"standard","meta":{"_jetpack_memberships_contains_paid_content":false,"footnotes":"","jetpack_publicize_message":"","jetpack_publicize_feature_enabled":true,"jetpack_social_post_already_shared":true,"jetpack_social_options":{"image_generator_settings":{"template":"highway","default_image_id":0,"font":"","enabled":false},"version":2}},"categories":[5],"tags":[],"class_list":{"0":"post-2211","1":"post","2":"type-post","3":"status-publish","4":"format-standard","5":"has-post-thumbnail","7":"category-football"},"yoast_head":"<!-- This site is optimized with the Yoast SEO plugin v27.4 - https:\/\/yoast.com\/product\/yoast-seo-wordpress\/ -->\n<title>LA FGF HEUREUSE DU D\u00c9MARRAGE DE LA LIGUE 1 GUICOPRES - le regard du sportif<\/title>\n<meta name=\"robots\" content=\"index, follow, max-snippet:-1, max-image-preview:large, max-video-preview:-1\" \/>\n<link rel=\"canonical\" href=\"https:\/\/oeilsportif.info\/index.php\/la-fgf-heureuse-du-demarrage-de-la-ligue-1-guicopres\/\" \/>\n<meta property=\"og:locale\" content=\"fr_FR\" \/>\n<meta property=\"og:type\" content=\"article\" \/>\n<meta property=\"og:title\" content=\"LA FGF HEUREUSE DU D\u00c9MARRAGE DE LA LIGUE 1 GUICOPRES - le regard du sportif\" \/>\n<meta property=\"og:description\" content=\"La F\u00e9d\u00e9ration Guin\u00e9enne de Football est heureuse d\u2019annoncer le d\u00e9marrage du Championnat National de Ligue 1 Guicopres saison 2022-2023 pr\u00e9vu le 28 octobre 2022 sur les diff\u00e9rents stades de Guin\u00e9e. Le Comit\u00e9 de Normalisation de la F\u00e9d\u00e9ration Guin\u00e9enne de Football remercie Monsieur Lansana B\u00e9a DIALLO, Ministre de la Jeunesse et des Sports, pour son implication [&hellip;]\" \/>\n<meta property=\"og:url\" content=\"https:\/\/oeilsportif.info\/index.php\/la-fgf-heureuse-du-demarrage-de-la-ligue-1-guicopres\/\" \/>\n<meta property=\"og:site_name\" content=\"le regard du sportif\" \/>\n<meta property=\"article:published_time\" content=\"2022-10-20T22:19:01+00:00\" \/>\n<meta property=\"og:image\" content=\"https:\/\/oeilsportif.info\/wp-content\/uploads\/2022\/10\/Screenshot_20221020-221753_Facebook.jpg\" \/>\n\t<meta property=\"og:image:width\" content=\"1004\" \/>\n\t<meta property=\"og:image:height\" content=\"544\" \/>\n\t<meta property=\"og:image:type\" content=\"image\/jpeg\" \/>\n<meta name=\"author\" content=\"L&#039;Equipe de la R\u00e9daction\" \/>\n<meta name=\"twitter:label1\" content=\"\u00c9crit par\" \/>\n\t<meta name=\"twitter:data1\" content=\"L&#039;Equipe de la R\u00e9daction\" \/>\n\t<meta name=\"twitter:label2\" content=\"Dur\u00e9e de lecture estim\u00e9e\" \/>\n\t<meta name=\"twitter:data2\" content=\"1 minute\" \/>\n<script type=\"application\/ld+json\" class=\"yoast-schema-graph\">{\"@context\":\"https:\\\/\\\/schema.org\",\"@graph\":[{\"@type\":\"Article\",\"@id\":\"https:\\\/\\\/oeilsportif.info\\\/index.php\\\/la-fgf-heureuse-du-demarrage-de-la-ligue-1-guicopres\\\/#article\",\"isPartOf\":{\"@id\":\"https:\\\/\\\/oeilsportif.info\\\/index.php\\\/la-fgf-heureuse-du-demarrage-de-la-ligue-1-guicopres\\\/\"},\"author\":{\"name\":\"L'Equipe de la R\u00e9daction\",\"@id\":\"https:\\\/\\\/oeilsportif.info\\\/#\\\/schema\\\/person\\\/cfbded294aa6095f7d96608d7905e9a1\"},\"headline\":\"LA FGF HEUREUSE DU D\u00c9MARRAGE DE LA LIGUE 1 GUICOPRES\",\"datePublished\":\"2022-10-20T22:19:01+00:00\",\"mainEntityOfPage\":{\"@id\":\"https:\\\/\\\/oeilsportif.info\\\/index.php\\\/la-fgf-heureuse-du-demarrage-de-la-ligue-1-guicopres\\\/\"},\"wordCount\":216,\"image\":{\"@id\":\"https:\\\/\\\/oeilsportif.info\\\/index.php\\\/la-fgf-heureuse-du-demarrage-de-la-ligue-1-guicopres\\\/#primaryimage\"},\"thumbnailUrl\":\"https:\\\/\\\/i0.wp.com\\\/oeilsportif.info\\\/wp-content\\\/uploads\\\/2022\\\/10\\\/Screenshot_20221020-221753_Facebook.jpg?fit=1004%2C544&ssl=1\",\"articleSection\":[\"Football\"],\"inLanguage\":\"fr-FR\"},{\"@type\":\"WebPage\",\"@id\":\"https:\\\/\\\/oeilsportif.info\\\/index.php\\\/la-fgf-heureuse-du-demarrage-de-la-ligue-1-guicopres\\\/\",\"url\":\"https:\\\/\\\/oeilsportif.info\\\/index.php\\\/la-fgf-heureuse-du-demarrage-de-la-ligue-1-guicopres\\\/\",\"name\":\"LA FGF HEUREUSE DU D\u00c9MARRAGE DE LA LIGUE 1 GUICOPRES - le regard du sportif\",\"isPartOf\":{\"@id\":\"https:\\\/\\\/oeilsportif.info\\\/#website\"},\"primaryImageOfPage\":{\"@id\":\"https:\\\/\\\/oeilsportif.info\\\/index.php\\\/la-fgf-heureuse-du-demarrage-de-la-ligue-1-guicopres\\\/#primaryimage\"},\"image\":{\"@id\":\"https:\\\/\\\/oeilsportif.info\\\/index.php\\\/la-fgf-heureuse-du-demarrage-de-la-ligue-1-guicopres\\\/#primaryimage\"},\"thumbnailUrl\":\"https:\\\/\\\/i0.wp.com\\\/oeilsportif.info\\\/wp-content\\\/uploads\\\/2022\\\/10\\\/Screenshot_20221020-221753_Facebook.jpg?fit=1004%2C544&ssl=1\",\"datePublished\":\"2022-10-20T22:19:01+00:00\",\"author\":{\"@id\":\"https:\\\/\\\/oeilsportif.info\\\/#\\\/schema\\\/person\\\/cfbded294aa6095f7d96608d7905e9a1\"},\"inLanguage\":\"fr-FR\",\"potentialAction\":[{\"@type\":\"ReadAction\",\"target\":[\"https:\\\/\\\/oeilsportif.info\\\/index.php\\\/la-fgf-heureuse-du-demarrage-de-la-ligue-1-guicopres\\\/\"]}]},{\"@type\":\"ImageObject\",\"inLanguage\":\"fr-FR\",\"@id\":\"https:\\\/\\\/oeilsportif.info\\\/index.php\\\/la-fgf-heureuse-du-demarrage-de-la-ligue-1-guicopres\\\/#primaryimage\",\"url\":\"https:\\\/\\\/i0.wp.com\\\/oeilsportif.info\\\/wp-content\\\/uploads\\\/2022\\\/10\\\/Screenshot_20221020-221753_Facebook.jpg?fit=1004%2C544&ssl=1\",\"contentUrl\":\"https:\\\/\\\/i0.wp.com\\\/oeilsportif.info\\\/wp-content\\\/uploads\\\/2022\\\/10\\\/Screenshot_20221020-221753_Facebook.jpg?fit=1004%2C544&ssl=1\",\"width\":1004,\"height\":544},{\"@type\":\"WebSite\",\"@id\":\"https:\\\/\\\/oeilsportif.info\\\/#website\",\"url\":\"https:\\\/\\\/oeilsportif.info\\\/\",\"name\":\"le regard du sportif\",\"description\":\"\",\"potentialAction\":[{\"@type\":\"SearchAction\",\"target\":{\"@type\":\"EntryPoint\",\"urlTemplate\":\"https:\\\/\\\/oeilsportif.info\\\/?s={search_term_string}\"},\"query-input\":{\"@type\":\"PropertyValueSpecification\",\"valueRequired\":true,\"valueName\":\"search_term_string\"}}],\"inLanguage\":\"fr-FR\"},{\"@type\":\"Person\",\"@id\":\"https:\\\/\\\/oeilsportif.info\\\/#\\\/schema\\\/person\\\/cfbded294aa6095f7d96608d7905e9a1\",\"name\":\"L'Equipe de la R\u00e9daction\",\"image\":{\"@type\":\"ImageObject\",\"inLanguage\":\"fr-FR\",\"@id\":\"https:\\\/\\\/oeilsportif.info\\\/wp-content\\\/uploads\\\/2025\\\/07\\\/cropped-cropped-logo-os-96x96.jpeg\",\"url\":\"https:\\\/\\\/oeilsportif.info\\\/wp-content\\\/uploads\\\/2025\\\/07\\\/cropped-cropped-logo-os-96x96.jpeg\",\"contentUrl\":\"https:\\\/\\\/oeilsportif.info\\\/wp-content\\\/uploads\\\/2025\\\/07\\\/cropped-cropped-logo-os-96x96.jpeg\",\"caption\":\"L'Equipe de la R\u00e9daction\"},\"url\":\"https:\\\/\\\/oeilsportif.info\\\/index.php\\\/author\\\/tawel\\\/\"}]}<\/script>\n<!-- \/ Yoast SEO plugin. -->","yoast_head_json":{"title":"LA FGF HEUREUSE DU D\u00c9MARRAGE DE LA LIGUE 1 GUICOPRES - le regard du sportif","robots":{"index":"index","follow":"follow","max-snippet":"max-snippet:-1","max-image-preview":"max-image-preview:large","max-video-preview":"max-video-preview:-1"},"canonical":"https:\/\/oeilsportif.info\/index.php\/la-fgf-heureuse-du-demarrage-de-la-ligue-1-guicopres\/","og_locale":"fr_FR","og_type":"article","og_title":"LA FGF HEUREUSE DU D\u00c9MARRAGE DE LA LIGUE 1 GUICOPRES - le regard du sportif","og_description":"La F\u00e9d\u00e9ration Guin\u00e9enne de Football est heureuse d\u2019annoncer le d\u00e9marrage du Championnat National de Ligue 1 Guicopres saison 2022-2023 pr\u00e9vu le 28 octobre 2022 sur les diff\u00e9rents stades de Guin\u00e9e. Le Comit\u00e9 de Normalisation de la F\u00e9d\u00e9ration Guin\u00e9enne de Football remercie Monsieur Lansana B\u00e9a DIALLO, Ministre de la Jeunesse et des Sports, pour son implication [&hellip;]","og_url":"https:\/\/oeilsportif.info\/index.php\/la-fgf-heureuse-du-demarrage-de-la-ligue-1-guicopres\/","og_site_name":"le regard du sportif","article_published_time":"2022-10-20T22:19:01+00:00","og_image":[{"width":1004,"height":544,"url":"https:\/\/oeilsportif.info\/wp-content\/uploads\/2022\/10\/Screenshot_20221020-221753_Facebook.jpg","type":"image\/jpeg"}],"author":"L'Equipe de la R\u00e9daction","twitter_misc":{"\u00c9crit par":"L'Equipe de la R\u00e9daction","Dur\u00e9e de lecture estim\u00e9e":"1 minute"},"schema":{"@context":"https:\/\/schema.org","@graph":[{"@type":"Article","@id":"https:\/\/oeilsportif.info\/index.php\/la-fgf-heureuse-du-demarrage-de-la-ligue-1-guicopres\/#article","isPartOf":{"@id":"https:\/\/oeilsportif.info\/index.php\/la-fgf-heureuse-du-demarrage-de-la-ligue-1-guicopres\/"},"author":{"name":"L'Equipe de la R\u00e9daction","@id":"https:\/\/oeilsportif.info\/#\/schema\/person\/cfbded294aa6095f7d96608d7905e9a1"},"headline":"LA FGF HEUREUSE DU D\u00c9MARRAGE DE LA LIGUE 1 GUICOPRES","datePublished":"2022-10-20T22:19:01+00:00","mainEntityOfPage":{"@id":"https:\/\/oeilsportif.info\/index.php\/la-fgf-heureuse-du-demarrage-de-la-ligue-1-guicopres\/"},"wordCount":216,"image":{"@id":"https:\/\/oeilsportif.info\/index.php\/la-fgf-heureuse-du-demarrage-de-la-ligue-1-guicopres\/#primaryimage"},"thumbnailUrl":"https:\/\/i0.wp.com\/oeilsportif.info\/wp-content\/uploads\/2022\/10\/Screenshot_20221020-221753_Facebook.jpg?fit=1004%2C544&ssl=1","articleSection":["Football"],"inLanguage":"fr-FR"},{"@type":"WebPage","@id":"https:\/\/oeilsportif.info\/index.php\/la-fgf-heureuse-du-demarrage-de-la-ligue-1-guicopres\/","url":"https:\/\/oeilsportif.info\/index.php\/la-fgf-heureuse-du-demarrage-de-la-ligue-1-guicopres\/","name":"LA FGF HEUREUSE DU D\u00c9MARRAGE DE LA LIGUE 1 GUICOPRES - le regard du sportif","isPartOf":{"@id":"https:\/\/oeilsportif.info\/#website"},"primaryImageOfPage":{"@id":"https:\/\/oeilsportif.info\/index.php\/la-fgf-heureuse-du-demarrage-de-la-ligue-1-guicopres\/#primaryimage"},"image":{"@id":"https:\/\/oeilsportif.info\/index.php\/la-fgf-heureuse-du-demarrage-de-la-ligue-1-guicopres\/#primaryimage"},"thumbnailUrl":"https:\/\/i0.wp.com\/oeilsportif.info\/wp-content\/uploads\/2022\/10\/Screenshot_20221020-221753_Facebook.jpg?fit=1004%2C544&ssl=1","datePublished":"2022-10-20T22:19:01+00:00","author":{"@id":"https:\/\/oeilsportif.info\/#\/schema\/person\/cfbded294aa6095f7d96608d7905e9a1"},"inLanguage":"fr-FR","potentialAction":[{"@type":"ReadAction","target":["https:\/\/oeilsportif.info\/index.php\/la-fgf-heureuse-du-demarrage-de-la-ligue-1-guicopres\/"]}]},{"@type":"ImageObject","inLanguage":"fr-FR","@id":"https:\/\/oeilsportif.info\/index.php\/la-fgf-heureuse-du-demarrage-de-la-ligue-1-guicopres\/#primaryimage","url":"https:\/\/i0.wp.com\/oeilsportif.info\/wp-content\/uploads\/2022\/10\/Screenshot_20221020-221753_Facebook.jpg?fit=1004%2C544&ssl=1","contentUrl":"https:\/\/i0.wp.com\/oeilsportif.info\/wp-content\/uploads\/2022\/10\/Screenshot_20221020-221753_Facebook.jpg?fit=1004%2C544&ssl=1","width":1004,"height":544},{"@type":"WebSite","@id":"https:\/\/oeilsportif.info\/#website","url":"https:\/\/oeilsportif.info\/","name":"le regard du sportif","description":"","potentialAction":[{"@type":"SearchAction","target":{"@type":"EntryPoint","urlTemplate":"https:\/\/oeilsportif.info\/?s={search_term_string}"},"query-input":{"@type":"PropertyValueSpecification","valueRequired":true,"valueName":"search_term_string"}}],"inLanguage":"fr-FR"},{"@type":"Person","@id":"https:\/\/oeilsportif.info\/#\/schema\/person\/cfbded294aa6095f7d96608d7905e9a1","name":"L'Equipe de la R\u00e9daction","image":{"@type":"ImageObject","inLanguage":"fr-FR","@id":"https:\/\/oeilsportif.info\/wp-content\/uploads\/2025\/07\/cropped-cropped-logo-os-96x96.jpeg","url":"https:\/\/oeilsportif.info\/wp-content\/uploads\/2025\/07\/cropped-cropped-logo-os-96x96.jpeg","contentUrl":"https:\/\/oeilsportif.info\/wp-content\/uploads\/2025\/07\/cropped-cropped-logo-os-96x96.jpeg","caption":"L'Equipe de la R\u00e9daction"},"url":"https:\/\/oeilsportif.info\/index.php\/author\/tawel\/"}]}},"jetpack_publicize_connections":[],"jetpack_featured_media_url":"https:\/\/i0.wp.com\/oeilsportif.info\/wp-content\/uploads\/2022\/10\/Screenshot_20221020-221753_Facebook.jpg?fit=1004%2C544&ssl=1","jetpack-related-posts":[],"jetpack_sharing_enabled":true,"jetpack_likes_enabled":true,"jetpack_shortlink":"https:\/\/wp.me\/pgFE77-zF","_links":{"self":[{"href":"https:\/\/oeilsportif.info\/index.php\/wp-json\/wp\/v2\/posts\/2211","targetHints":{"allow":["GET"]}}],"collection":[{"href":"https:\/\/oeilsportif.info\/index.php\/wp-json\/wp\/v2\/posts"}],"about":[{"href":"https:\/\/oeilsportif.info\/index.php\/wp-json\/wp\/v2\/types\/post"}],"author":[{"embeddable":true,"href":"https:\/\/oeilsportif.info\/index.php\/wp-json\/wp\/v2\/users\/2"}],"replies":[{"embeddable":true,"href":"https:\/\/oeilsportif.info\/index.php\/wp-json\/wp\/v2\/comments?post=2211"}],"version-history":[{"count":0,"href":"https:\/\/oeilsportif.info\/index.php\/wp-json\/wp\/v2\/posts\/2211\/revisions"}],"wp:featuredmedia":[{"embeddable":true,"href":"https:\/\/oeilsportif.info\/index.php\/wp-json\/wp\/v2\/media\/2212"}],"wp:attachment":[{"href":"https:\/\/oeilsportif.info\/index.php\/wp-json\/wp\/v2\/media?parent=2211"}],"wp:term":[{"taxonomy":"category","embeddable":true,"href":"https:\/\/oeilsportif.info\/index.php\/wp-json\/wp\/v2\/categories?post=2211"},{"taxonomy":"post_tag","embeddable":true,"href":"https:\/\/oeilsportif.info\/index.php\/wp-json\/wp\/v2\/tags?post=2211"}],"curies":[{"name":"wp","href":"https:\/\/api.w.org\/{rel}","templated":true}]}}