{"id":2205,"date":"2022-10-20T09:12:13","date_gmt":"2022-10-20T09:12:13","guid":{"rendered":"https:\/\/oeilsportif.info\/index.php\/?p=2205"},"modified":"2022-10-20T09:12:13","modified_gmt":"2022-10-20T09:12:13","slug":"ballon-dor-2022-sadio-mane-2e-au-classement-historique","status":"publish","type":"post","link":"https:\/\/oeilsportif.info\/index.php\/ballon-dor-2022-sadio-mane-2e-au-classement-historique\/","title":{"rendered":"BALLON D\u2019OR 2022 : SADIO MAN\u00c9 2E AU CLASSEMENT, HISTORIQUE !"},"content":{"rendered":"<p><strong>Karim Benzema a remport\u00e9 ce lundi le Ballon d\u2019Or. L\u2019international fran\u00e7ais devance Sadio Man\u00e9 deuxi\u00e8me au classement. C\u2019est la premi\u00e8re fois depuis 1995 qu\u2019un africain se retrouve sur le podium.<\/strong><\/p>\n<p>Depuis le sacre de George Weah en 1995, aucun autre joueur africain n\u2019\u00e9tait parvenu \u00e0 faire partie des trois premiers. Ce lundi Sadio Man\u00e9 a termin\u00e9 2e au classement du Ballon d\u2019or, derri\u00e8re Benzema.<br \/>\nH\u00e9ros du S\u00e9n\u00e9gal en f\u00e9vrier dernier lors du sacre en Coupe d\u2019Afrique des Nations, Sadio Man\u00e9 a \u00e9galement \u00e9t\u00e9 l\u2019un des grands acteurs de la saison de Liverpool. Ce lundi, il \u00e9tait tout proche de devenir le second joueur africain sacr\u00e9 Ballon d\u2019Or. Ce r\u00eave, le S\u00e9n\u00e9galais pourra continuer \u00e0 le nourrir sous ses nouvelles couleurs du Bayern Munich, une formation avec laquelle il a beaucoup d\u2019ambitions.<br \/>\nAu cours de la m\u00eame c\u00e9r\u00e9monie, l\u2019attaquant a re\u00e7u le premier prix Socrates de l\u2019histoire ! Cr\u00e9\u00e9e cette ann\u00e9e en hommage \u00e0 l\u2019ancien international br\u00e9silien, cette distinction r\u00e9compense un footballeur pour son engagement dans des projets soci\u00e9taux et caritatifs.<\/p>\n<p>Salah 5e au classement<br \/>\nSixi\u00e8me en 2018, cinqui\u00e8me en 2019, septi\u00e8me du dernier Ballon d\u2019Or, Mohamed Salah se classe 5e en 2022. Le meilleur buteur de la saison derni\u00e8re en Premier League devance Kylian Mbapp\u00e9 6e.<\/p>\n<p><strong>Le Top 10 du Ballon d\u2019or 2022<\/strong><\/p>\n<p>1- Karim Benzema<br \/>\n2- Sadio Man\u00e9<br \/>\n3- Kevin De Bruyne<br \/>\n4- Robert Lewandowski<br \/>\n5- Mohamed Salah<br \/>\n6- Kylian Mbapp\u00e9<br \/>\n7- Thibaut Courtois<br \/>\n8- Vinicius Junior<br \/>\n9- Luka Modric<br \/>\n10- Erling Haaland<\/p>\n<p>Afriica Top Sport<\/p>\n","protected":false},"excerpt":{"rendered":"<p>Karim Benzema a remport\u00e9 ce lundi le Ballon d\u2019Or. L\u2019international fran\u00e7ais devance Sadio Man\u00e9 deuxi\u00e8me au classement. C\u2019est la premi\u00e8re fois depuis 1995 qu\u2019un africain se retrouve sur le podium. Depuis le sacre de George Weah en 1995, aucun autre joueur africain n\u2019\u00e9tait parvenu \u00e0 faire partie des trois premiers. Ce lundi Sadio Man\u00e9 a [&hellip;]<\/p>\n","protected":false},"author":2,"featured_media":2206,"comment_status":"closed","ping_status":"open","sticky":false,"template":"","format":"standard","meta":{"_jetpack_memberships_contains_paid_content":false,"footnotes":"","jetpack_publicize_message":"","jetpack_publicize_feature_enabled":true,"jetpack_social_post_already_shared":true,"jetpack_social_options":{"image_generator_settings":{"template":"highway","default_image_id":0,"font":"","enabled":false},"version":2}},"categories":[5],"tags":[],"class_list":{"0":"post-2205","1":"post","2":"type-post","3":"status-publish","4":"format-standard","5":"has-post-thumbnail","7":"category-football"},"yoast_head":"<!-- This site is optimized with the Yoast SEO plugin v27.4 - https:\/\/yoast.com\/product\/yoast-seo-wordpress\/ -->\n<title>BALLON D\u2019OR 2022 : SADIO MAN\u00c9 2E AU CLASSEMENT, HISTORIQUE ! - le regard du sportif<\/title>\n<meta name=\"robots\" content=\"index, follow, max-snippet:-1, max-image-preview:large, max-video-preview:-1\" \/>\n<link rel=\"canonical\" href=\"https:\/\/oeilsportif.info\/index.php\/ballon-dor-2022-sadio-mane-2e-au-classement-historique\/\" \/>\n<meta property=\"og:locale\" content=\"fr_FR\" \/>\n<meta property=\"og:type\" content=\"article\" \/>\n<meta property=\"og:title\" content=\"BALLON D\u2019OR 2022 : SADIO MAN\u00c9 2E AU CLASSEMENT, HISTORIQUE ! - le regard du sportif\" \/>\n<meta property=\"og:description\" content=\"Karim Benzema a remport\u00e9 ce lundi le Ballon d\u2019Or. L\u2019international fran\u00e7ais devance Sadio Man\u00e9 deuxi\u00e8me au classement. C\u2019est la premi\u00e8re fois depuis 1995 qu\u2019un africain se retrouve sur le podium. Depuis le sacre de George Weah en 1995, aucun autre joueur africain n\u2019\u00e9tait parvenu \u00e0 faire partie des trois premiers. Ce lundi Sadio Man\u00e9 a [&hellip;]\" \/>\n<meta property=\"og:url\" content=\"https:\/\/oeilsportif.info\/index.php\/ballon-dor-2022-sadio-mane-2e-au-classement-historique\/\" \/>\n<meta property=\"og:site_name\" content=\"le regard du sportif\" \/>\n<meta property=\"article:published_time\" content=\"2022-10-20T09:12:13+00:00\" \/>\n<meta property=\"og:image\" content=\"https:\/\/oeilsportif.info\/wp-content\/uploads\/2022\/10\/FB_IMG_1666257014752.jpg\" \/>\n\t<meta property=\"og:image:width\" content=\"1080\" \/>\n\t<meta property=\"og:image:height\" content=\"1276\" \/>\n\t<meta property=\"og:image:type\" content=\"image\/jpeg\" \/>\n<meta name=\"author\" content=\"L&#039;Equipe de la R\u00e9daction\" \/>\n<meta name=\"twitter:label1\" content=\"\u00c9crit par\" \/>\n\t<meta name=\"twitter:data1\" content=\"L&#039;Equipe de la R\u00e9daction\" \/>\n\t<meta name=\"twitter:label2\" content=\"Dur\u00e9e de lecture estim\u00e9e\" \/>\n\t<meta name=\"twitter:data2\" content=\"2 minutes\" \/>\n<script type=\"application\/ld+json\" class=\"yoast-schema-graph\">{\"@context\":\"https:\\\/\\\/schema.org\",\"@graph\":[{\"@type\":\"Article\",\"@id\":\"https:\\\/\\\/oeilsportif.info\\\/index.php\\\/ballon-dor-2022-sadio-mane-2e-au-classement-historique\\\/#article\",\"isPartOf\":{\"@id\":\"https:\\\/\\\/oeilsportif.info\\\/index.php\\\/ballon-dor-2022-sadio-mane-2e-au-classement-historique\\\/\"},\"author\":{\"name\":\"L'Equipe de la R\u00e9daction\",\"@id\":\"https:\\\/\\\/oeilsportif.info\\\/#\\\/schema\\\/person\\\/cfbded294aa6095f7d96608d7905e9a1\"},\"headline\":\"BALLON D\u2019OR 2022 : SADIO MAN\u00c9 2E AU CLASSEMENT, HISTORIQUE !\",\"datePublished\":\"2022-10-20T09:12:13+00:00\",\"mainEntityOfPage\":{\"@id\":\"https:\\\/\\\/oeilsportif.info\\\/index.php\\\/ballon-dor-2022-sadio-mane-2e-au-classement-historique\\\/\"},\"wordCount\":284,\"image\":{\"@id\":\"https:\\\/\\\/oeilsportif.info\\\/index.php\\\/ballon-dor-2022-sadio-mane-2e-au-classement-historique\\\/#primaryimage\"},\"thumbnailUrl\":\"https:\\\/\\\/i0.wp.com\\\/oeilsportif.info\\\/wp-content\\\/uploads\\\/2022\\\/10\\\/FB_IMG_1666257014752.jpg?fit=1080%2C1276&ssl=1\",\"articleSection\":[\"Football\"],\"inLanguage\":\"fr-FR\"},{\"@type\":\"WebPage\",\"@id\":\"https:\\\/\\\/oeilsportif.info\\\/index.php\\\/ballon-dor-2022-sadio-mane-2e-au-classement-historique\\\/\",\"url\":\"https:\\\/\\\/oeilsportif.info\\\/index.php\\\/ballon-dor-2022-sadio-mane-2e-au-classement-historique\\\/\",\"name\":\"BALLON D\u2019OR 2022 : SADIO MAN\u00c9 2E AU CLASSEMENT, HISTORIQUE ! - le regard du sportif\",\"isPartOf\":{\"@id\":\"https:\\\/\\\/oeilsportif.info\\\/#website\"},\"primaryImageOfPage\":{\"@id\":\"https:\\\/\\\/oeilsportif.info\\\/index.php\\\/ballon-dor-2022-sadio-mane-2e-au-classement-historique\\\/#primaryimage\"},\"image\":{\"@id\":\"https:\\\/\\\/oeilsportif.info\\\/index.php\\\/ballon-dor-2022-sadio-mane-2e-au-classement-historique\\\/#primaryimage\"},\"thumbnailUrl\":\"https:\\\/\\\/i0.wp.com\\\/oeilsportif.info\\\/wp-content\\\/uploads\\\/2022\\\/10\\\/FB_IMG_1666257014752.jpg?fit=1080%2C1276&ssl=1\",\"datePublished\":\"2022-10-20T09:12:13+00:00\",\"author\":{\"@id\":\"https:\\\/\\\/oeilsportif.info\\\/#\\\/schema\\\/person\\\/cfbded294aa6095f7d96608d7905e9a1\"},\"inLanguage\":\"fr-FR\",\"potentialAction\":[{\"@type\":\"ReadAction\",\"target\":[\"https:\\\/\\\/oeilsportif.info\\\/index.php\\\/ballon-dor-2022-sadio-mane-2e-au-classement-historique\\\/\"]}]},{\"@type\":\"ImageObject\",\"inLanguage\":\"fr-FR\",\"@id\":\"https:\\\/\\\/oeilsportif.info\\\/index.php\\\/ballon-dor-2022-sadio-mane-2e-au-classement-historique\\\/#primaryimage\",\"url\":\"https:\\\/\\\/i0.wp.com\\\/oeilsportif.info\\\/wp-content\\\/uploads\\\/2022\\\/10\\\/FB_IMG_1666257014752.jpg?fit=1080%2C1276&ssl=1\",\"contentUrl\":\"https:\\\/\\\/i0.wp.com\\\/oeilsportif.info\\\/wp-content\\\/uploads\\\/2022\\\/10\\\/FB_IMG_1666257014752.jpg?fit=1080%2C1276&ssl=1\",\"width\":1080,\"height\":1276},{\"@type\":\"WebSite\",\"@id\":\"https:\\\/\\\/oeilsportif.info\\\/#website\",\"url\":\"https:\\\/\\\/oeilsportif.info\\\/\",\"name\":\"le regard du sportif\",\"description\":\"\",\"potentialAction\":[{\"@type\":\"SearchAction\",\"target\":{\"@type\":\"EntryPoint\",\"urlTemplate\":\"https:\\\/\\\/oeilsportif.info\\\/?s={search_term_string}\"},\"query-input\":{\"@type\":\"PropertyValueSpecification\",\"valueRequired\":true,\"valueName\":\"search_term_string\"}}],\"inLanguage\":\"fr-FR\"},{\"@type\":\"Person\",\"@id\":\"https:\\\/\\\/oeilsportif.info\\\/#\\\/schema\\\/person\\\/cfbded294aa6095f7d96608d7905e9a1\",\"name\":\"L'Equipe de la R\u00e9daction\",\"image\":{\"@type\":\"ImageObject\",\"inLanguage\":\"fr-FR\",\"@id\":\"https:\\\/\\\/oeilsportif.info\\\/wp-content\\\/uploads\\\/2025\\\/07\\\/cropped-cropped-logo-os-96x96.jpeg\",\"url\":\"https:\\\/\\\/oeilsportif.info\\\/wp-content\\\/uploads\\\/2025\\\/07\\\/cropped-cropped-logo-os-96x96.jpeg\",\"contentUrl\":\"https:\\\/\\\/oeilsportif.info\\\/wp-content\\\/uploads\\\/2025\\\/07\\\/cropped-cropped-logo-os-96x96.jpeg\",\"caption\":\"L'Equipe de la R\u00e9daction\"},\"url\":\"https:\\\/\\\/oeilsportif.info\\\/index.php\\\/author\\\/tawel\\\/\"}]}<\/script>\n<!-- \/ Yoast SEO plugin. -->","yoast_head_json":{"title":"BALLON D\u2019OR 2022 : SADIO MAN\u00c9 2E AU CLASSEMENT, HISTORIQUE ! - le regard du sportif","robots":{"index":"index","follow":"follow","max-snippet":"max-snippet:-1","max-image-preview":"max-image-preview:large","max-video-preview":"max-video-preview:-1"},"canonical":"https:\/\/oeilsportif.info\/index.php\/ballon-dor-2022-sadio-mane-2e-au-classement-historique\/","og_locale":"fr_FR","og_type":"article","og_title":"BALLON D\u2019OR 2022 : SADIO MAN\u00c9 2E AU CLASSEMENT, HISTORIQUE ! - le regard du sportif","og_description":"Karim Benzema a remport\u00e9 ce lundi le Ballon d\u2019Or. L\u2019international fran\u00e7ais devance Sadio Man\u00e9 deuxi\u00e8me au classement. C\u2019est la premi\u00e8re fois depuis 1995 qu\u2019un africain se retrouve sur le podium. Depuis le sacre de George Weah en 1995, aucun autre joueur africain n\u2019\u00e9tait parvenu \u00e0 faire partie des trois premiers. Ce lundi Sadio Man\u00e9 a [&hellip;]","og_url":"https:\/\/oeilsportif.info\/index.php\/ballon-dor-2022-sadio-mane-2e-au-classement-historique\/","og_site_name":"le regard du sportif","article_published_time":"2022-10-20T09:12:13+00:00","og_image":[{"width":1080,"height":1276,"url":"https:\/\/oeilsportif.info\/wp-content\/uploads\/2022\/10\/FB_IMG_1666257014752.jpg","type":"image\/jpeg"}],"author":"L'Equipe de la R\u00e9daction","twitter_misc":{"\u00c9crit par":"L'Equipe de la R\u00e9daction","Dur\u00e9e de lecture estim\u00e9e":"2 minutes"},"schema":{"@context":"https:\/\/schema.org","@graph":[{"@type":"Article","@id":"https:\/\/oeilsportif.info\/index.php\/ballon-dor-2022-sadio-mane-2e-au-classement-historique\/#article","isPartOf":{"@id":"https:\/\/oeilsportif.info\/index.php\/ballon-dor-2022-sadio-mane-2e-au-classement-historique\/"},"author":{"name":"L'Equipe de la R\u00e9daction","@id":"https:\/\/oeilsportif.info\/#\/schema\/person\/cfbded294aa6095f7d96608d7905e9a1"},"headline":"BALLON D\u2019OR 2022 : SADIO MAN\u00c9 2E AU CLASSEMENT, HISTORIQUE !","datePublished":"2022-10-20T09:12:13+00:00","mainEntityOfPage":{"@id":"https:\/\/oeilsportif.info\/index.php\/ballon-dor-2022-sadio-mane-2e-au-classement-historique\/"},"wordCount":284,"image":{"@id":"https:\/\/oeilsportif.info\/index.php\/ballon-dor-2022-sadio-mane-2e-au-classement-historique\/#primaryimage"},"thumbnailUrl":"https:\/\/i0.wp.com\/oeilsportif.info\/wp-content\/uploads\/2022\/10\/FB_IMG_1666257014752.jpg?fit=1080%2C1276&ssl=1","articleSection":["Football"],"inLanguage":"fr-FR"},{"@type":"WebPage","@id":"https:\/\/oeilsportif.info\/index.php\/ballon-dor-2022-sadio-mane-2e-au-classement-historique\/","url":"https:\/\/oeilsportif.info\/index.php\/ballon-dor-2022-sadio-mane-2e-au-classement-historique\/","name":"BALLON D\u2019OR 2022 : SADIO MAN\u00c9 2E AU CLASSEMENT, HISTORIQUE ! - le regard du sportif","isPartOf":{"@id":"https:\/\/oeilsportif.info\/#website"},"primaryImageOfPage":{"@id":"https:\/\/oeilsportif.info\/index.php\/ballon-dor-2022-sadio-mane-2e-au-classement-historique\/#primaryimage"},"image":{"@id":"https:\/\/oeilsportif.info\/index.php\/ballon-dor-2022-sadio-mane-2e-au-classement-historique\/#primaryimage"},"thumbnailUrl":"https:\/\/i0.wp.com\/oeilsportif.info\/wp-content\/uploads\/2022\/10\/FB_IMG_1666257014752.jpg?fit=1080%2C1276&ssl=1","datePublished":"2022-10-20T09:12:13+00:00","author":{"@id":"https:\/\/oeilsportif.info\/#\/schema\/person\/cfbded294aa6095f7d96608d7905e9a1"},"inLanguage":"fr-FR","potentialAction":[{"@type":"ReadAction","target":["https:\/\/oeilsportif.info\/index.php\/ballon-dor-2022-sadio-mane-2e-au-classement-historique\/"]}]},{"@type":"ImageObject","inLanguage":"fr-FR","@id":"https:\/\/oeilsportif.info\/index.php\/ballon-dor-2022-sadio-mane-2e-au-classement-historique\/#primaryimage","url":"https:\/\/i0.wp.com\/oeilsportif.info\/wp-content\/uploads\/2022\/10\/FB_IMG_1666257014752.jpg?fit=1080%2C1276&ssl=1","contentUrl":"https:\/\/i0.wp.com\/oeilsportif.info\/wp-content\/uploads\/2022\/10\/FB_IMG_1666257014752.jpg?fit=1080%2C1276&ssl=1","width":1080,"height":1276},{"@type":"WebSite","@id":"https:\/\/oeilsportif.info\/#website","url":"https:\/\/oeilsportif.info\/","name":"le regard du sportif","description":"","potentialAction":[{"@type":"SearchAction","target":{"@type":"EntryPoint","urlTemplate":"https:\/\/oeilsportif.info\/?s={search_term_string}"},"query-input":{"@type":"PropertyValueSpecification","valueRequired":true,"valueName":"search_term_string"}}],"inLanguage":"fr-FR"},{"@type":"Person","@id":"https:\/\/oeilsportif.info\/#\/schema\/person\/cfbded294aa6095f7d96608d7905e9a1","name":"L'Equipe de la R\u00e9daction","image":{"@type":"ImageObject","inLanguage":"fr-FR","@id":"https:\/\/oeilsportif.info\/wp-content\/uploads\/2025\/07\/cropped-cropped-logo-os-96x96.jpeg","url":"https:\/\/oeilsportif.info\/wp-content\/uploads\/2025\/07\/cropped-cropped-logo-os-96x96.jpeg","contentUrl":"https:\/\/oeilsportif.info\/wp-content\/uploads\/2025\/07\/cropped-cropped-logo-os-96x96.jpeg","caption":"L'Equipe de la R\u00e9daction"},"url":"https:\/\/oeilsportif.info\/index.php\/author\/tawel\/"}]}},"jetpack_publicize_connections":[],"jetpack_featured_media_url":"https:\/\/i0.wp.com\/oeilsportif.info\/wp-content\/uploads\/2022\/10\/FB_IMG_1666257014752.jpg?fit=1080%2C1276&ssl=1","jetpack-related-posts":[],"jetpack_sharing_enabled":true,"jetpack_likes_enabled":true,"jetpack_shortlink":"https:\/\/wp.me\/pgFE77-zz","_links":{"self":[{"href":"https:\/\/oeilsportif.info\/index.php\/wp-json\/wp\/v2\/posts\/2205","targetHints":{"allow":["GET"]}}],"collection":[{"href":"https:\/\/oeilsportif.info\/index.php\/wp-json\/wp\/v2\/posts"}],"about":[{"href":"https:\/\/oeilsportif.info\/index.php\/wp-json\/wp\/v2\/types\/post"}],"author":[{"embeddable":true,"href":"https:\/\/oeilsportif.info\/index.php\/wp-json\/wp\/v2\/users\/2"}],"replies":[{"embeddable":true,"href":"https:\/\/oeilsportif.info\/index.php\/wp-json\/wp\/v2\/comments?post=2205"}],"version-history":[{"count":0,"href":"https:\/\/oeilsportif.info\/index.php\/wp-json\/wp\/v2\/posts\/2205\/revisions"}],"wp:featuredmedia":[{"embeddable":true,"href":"https:\/\/oeilsportif.info\/index.php\/wp-json\/wp\/v2\/media\/2206"}],"wp:attachment":[{"href":"https:\/\/oeilsportif.info\/index.php\/wp-json\/wp\/v2\/media?parent=2205"}],"wp:term":[{"taxonomy":"category","embeddable":true,"href":"https:\/\/oeilsportif.info\/index.php\/wp-json\/wp\/v2\/categories?post=2205"},{"taxonomy":"post_tag","embeddable":true,"href":"https:\/\/oeilsportif.info\/index.php\/wp-json\/wp\/v2\/tags?post=2205"}],"curies":[{"name":"wp","href":"https:\/\/api.w.org\/{rel}","templated":true}]}}