{"id":2199,"date":"2022-10-20T08:51:42","date_gmt":"2022-10-20T08:51:42","guid":{"rendered":"https:\/\/oeilsportif.info\/index.php\/?p=2199"},"modified":"2022-10-20T08:51:42","modified_gmt":"2022-10-20T08:51:42","slug":"le-president-du-comite-national-olympique-et-sportif-guineen-sest-envole-dans-la-matinee-de-ce-mardi-18-octobre-2022-pour-seoul-en-coree-du-sud","status":"publish","type":"post","link":"https:\/\/oeilsportif.info\/index.php\/le-president-du-comite-national-olympique-et-sportif-guineen-sest-envole-dans-la-matinee-de-ce-mardi-18-octobre-2022-pour-seoul-en-coree-du-sud\/","title":{"rendered":"Le Pr\u00e9sident du Comit\u00e9 National Olympique et Sportif Guin\u00e9en s\u2019est envol\u00e9 dans la matin\u00e9e de ce mardi 18 Octobre 2022 pour S\u00e9oul en Cor\u00e9e du Sud."},"content":{"rendered":"<p>Durant son s\u00e9jour, Elhadj Ben Daouda Nassoko prendra part \u00e0 la XXVI\u00e8me assembl\u00e9e g\u00e9n\u00e9rale de l&rsquo;association des comit\u00e9s nationaux olympiques qui regroupe les 206 Comit\u00e9s nationaux olympiques . Il sera question pendant cette assembl\u00e9e g\u00e9n\u00e9rale de d\u00e9battre le mode de fonctionnement des diff\u00e9rents Comit\u00e9s nationaux olympiques et d\u00e9finir les grandes lignes et les directives pour les prochaines ann\u00e9es.<\/p>\n<p>Cette XXVI\u00e8me assembl\u00e9e g\u00e9n\u00e9rale se d\u00e9roulera \u00e0 S\u00e9oul du 19 au 23 Octobre 2022 en pr\u00e9sence de tous les Comit\u00e9s nationaux Olympiques et Sportifs du monde, toutes les f\u00e9d\u00e9rations internationales et toutes les associations continentales.<\/p>\n<p>Source : CNOSG<\/p>\n","protected":false},"excerpt":{"rendered":"<p>Durant son s\u00e9jour, Elhadj Ben Daouda Nassoko prendra part \u00e0 la XXVI\u00e8me assembl\u00e9e g\u00e9n\u00e9rale de l&rsquo;association des comit\u00e9s nationaux olympiques qui regroupe les 206 Comit\u00e9s nationaux olympiques . Il sera question pendant cette assembl\u00e9e g\u00e9n\u00e9rale de d\u00e9battre le mode de fonctionnement des diff\u00e9rents Comit\u00e9s nationaux olympiques et d\u00e9finir les grandes lignes et les directives pour [&hellip;]<\/p>\n","protected":false},"author":2,"featured_media":2200,"comment_status":"closed","ping_status":"open","sticky":false,"template":"","format":"standard","meta":{"_jetpack_memberships_contains_paid_content":false,"footnotes":"","jetpack_publicize_message":"","jetpack_publicize_feature_enabled":true,"jetpack_social_post_already_shared":true,"jetpack_social_options":{"image_generator_settings":{"template":"highway","default_image_id":0,"font":"","enabled":false},"version":2}},"categories":[5],"tags":[],"class_list":{"0":"post-2199","1":"post","2":"type-post","3":"status-publish","4":"format-standard","5":"has-post-thumbnail","7":"category-football"},"yoast_head":"<!-- This site is optimized with the Yoast SEO plugin v27.4 - https:\/\/yoast.com\/product\/yoast-seo-wordpress\/ -->\n<title>Le Pr\u00e9sident du Comit\u00e9 National Olympique et Sportif Guin\u00e9en s\u2019est envol\u00e9 dans la matin\u00e9e de ce mardi 18 Octobre 2022 pour S\u00e9oul en Cor\u00e9e du Sud. - le regard du sportif<\/title>\n<meta name=\"robots\" content=\"index, follow, max-snippet:-1, max-image-preview:large, max-video-preview:-1\" \/>\n<link rel=\"canonical\" href=\"https:\/\/oeilsportif.info\/index.php\/le-president-du-comite-national-olympique-et-sportif-guineen-sest-envole-dans-la-matinee-de-ce-mardi-18-octobre-2022-pour-seoul-en-coree-du-sud\/\" \/>\n<meta property=\"og:locale\" content=\"fr_FR\" \/>\n<meta property=\"og:type\" content=\"article\" \/>\n<meta property=\"og:title\" content=\"Le Pr\u00e9sident du Comit\u00e9 National Olympique et Sportif Guin\u00e9en s\u2019est envol\u00e9 dans la matin\u00e9e de ce mardi 18 Octobre 2022 pour S\u00e9oul en Cor\u00e9e du Sud. - le regard du sportif\" \/>\n<meta property=\"og:description\" content=\"Durant son s\u00e9jour, Elhadj Ben Daouda Nassoko prendra part \u00e0 la XXVI\u00e8me assembl\u00e9e g\u00e9n\u00e9rale de l&rsquo;association des comit\u00e9s nationaux olympiques qui regroupe les 206 Comit\u00e9s nationaux olympiques . Il sera question pendant cette assembl\u00e9e g\u00e9n\u00e9rale de d\u00e9battre le mode de fonctionnement des diff\u00e9rents Comit\u00e9s nationaux olympiques et d\u00e9finir les grandes lignes et les directives pour [&hellip;]\" \/>\n<meta property=\"og:url\" content=\"https:\/\/oeilsportif.info\/index.php\/le-president-du-comite-national-olympique-et-sportif-guineen-sest-envole-dans-la-matinee-de-ce-mardi-18-octobre-2022-pour-seoul-en-coree-du-sud\/\" \/>\n<meta property=\"og:site_name\" content=\"le regard du sportif\" \/>\n<meta property=\"article:published_time\" content=\"2022-10-20T08:51:42+00:00\" \/>\n<meta property=\"og:image\" content=\"https:\/\/oeilsportif.info\/wp-content\/uploads\/2022\/10\/FB_IMG_1666255795990.jpg\" \/>\n\t<meta property=\"og:image:width\" content=\"1080\" \/>\n\t<meta property=\"og:image:height\" content=\"810\" \/>\n\t<meta property=\"og:image:type\" content=\"image\/jpeg\" \/>\n<meta name=\"author\" content=\"L&#039;Equipe de la R\u00e9daction\" \/>\n<meta name=\"twitter:label1\" content=\"\u00c9crit par\" \/>\n\t<meta name=\"twitter:data1\" content=\"L&#039;Equipe de la R\u00e9daction\" \/>\n\t<meta name=\"twitter:label2\" content=\"Dur\u00e9e de lecture estim\u00e9e\" \/>\n\t<meta name=\"twitter:data2\" content=\"1 minute\" \/>\n<script type=\"application\/ld+json\" class=\"yoast-schema-graph\">{\"@context\":\"https:\\\/\\\/schema.org\",\"@graph\":[{\"@type\":\"Article\",\"@id\":\"https:\\\/\\\/oeilsportif.info\\\/index.php\\\/le-president-du-comite-national-olympique-et-sportif-guineen-sest-envole-dans-la-matinee-de-ce-mardi-18-octobre-2022-pour-seoul-en-coree-du-sud\\\/#article\",\"isPartOf\":{\"@id\":\"https:\\\/\\\/oeilsportif.info\\\/index.php\\\/le-president-du-comite-national-olympique-et-sportif-guineen-sest-envole-dans-la-matinee-de-ce-mardi-18-octobre-2022-pour-seoul-en-coree-du-sud\\\/\"},\"author\":{\"name\":\"L'Equipe de la R\u00e9daction\",\"@id\":\"https:\\\/\\\/oeilsportif.info\\\/#\\\/schema\\\/person\\\/cfbded294aa6095f7d96608d7905e9a1\"},\"headline\":\"Le Pr\u00e9sident du Comit\u00e9 National Olympique et Sportif Guin\u00e9en s\u2019est envol\u00e9 dans la matin\u00e9e de ce mardi 18 Octobre 2022 pour S\u00e9oul en Cor\u00e9e du Sud.\",\"datePublished\":\"2022-10-20T08:51:42+00:00\",\"mainEntityOfPage\":{\"@id\":\"https:\\\/\\\/oeilsportif.info\\\/index.php\\\/le-president-du-comite-national-olympique-et-sportif-guineen-sest-envole-dans-la-matinee-de-ce-mardi-18-octobre-2022-pour-seoul-en-coree-du-sud\\\/\"},\"wordCount\":144,\"image\":{\"@id\":\"https:\\\/\\\/oeilsportif.info\\\/index.php\\\/le-president-du-comite-national-olympique-et-sportif-guineen-sest-envole-dans-la-matinee-de-ce-mardi-18-octobre-2022-pour-seoul-en-coree-du-sud\\\/#primaryimage\"},\"thumbnailUrl\":\"https:\\\/\\\/i0.wp.com\\\/oeilsportif.info\\\/wp-content\\\/uploads\\\/2022\\\/10\\\/FB_IMG_1666255795990.jpg?fit=1080%2C810&ssl=1\",\"articleSection\":[\"Football\"],\"inLanguage\":\"fr-FR\"},{\"@type\":\"WebPage\",\"@id\":\"https:\\\/\\\/oeilsportif.info\\\/index.php\\\/le-president-du-comite-national-olympique-et-sportif-guineen-sest-envole-dans-la-matinee-de-ce-mardi-18-octobre-2022-pour-seoul-en-coree-du-sud\\\/\",\"url\":\"https:\\\/\\\/oeilsportif.info\\\/index.php\\\/le-president-du-comite-national-olympique-et-sportif-guineen-sest-envole-dans-la-matinee-de-ce-mardi-18-octobre-2022-pour-seoul-en-coree-du-sud\\\/\",\"name\":\"Le Pr\u00e9sident du Comit\u00e9 National Olympique et Sportif Guin\u00e9en s\u2019est envol\u00e9 dans la matin\u00e9e de ce mardi 18 Octobre 2022 pour S\u00e9oul en Cor\u00e9e du Sud. - le regard du sportif\",\"isPartOf\":{\"@id\":\"https:\\\/\\\/oeilsportif.info\\\/#website\"},\"primaryImageOfPage\":{\"@id\":\"https:\\\/\\\/oeilsportif.info\\\/index.php\\\/le-president-du-comite-national-olympique-et-sportif-guineen-sest-envole-dans-la-matinee-de-ce-mardi-18-octobre-2022-pour-seoul-en-coree-du-sud\\\/#primaryimage\"},\"image\":{\"@id\":\"https:\\\/\\\/oeilsportif.info\\\/index.php\\\/le-president-du-comite-national-olympique-et-sportif-guineen-sest-envole-dans-la-matinee-de-ce-mardi-18-octobre-2022-pour-seoul-en-coree-du-sud\\\/#primaryimage\"},\"thumbnailUrl\":\"https:\\\/\\\/i0.wp.com\\\/oeilsportif.info\\\/wp-content\\\/uploads\\\/2022\\\/10\\\/FB_IMG_1666255795990.jpg?fit=1080%2C810&ssl=1\",\"datePublished\":\"2022-10-20T08:51:42+00:00\",\"author\":{\"@id\":\"https:\\\/\\\/oeilsportif.info\\\/#\\\/schema\\\/person\\\/cfbded294aa6095f7d96608d7905e9a1\"},\"inLanguage\":\"fr-FR\",\"potentialAction\":[{\"@type\":\"ReadAction\",\"target\":[\"https:\\\/\\\/oeilsportif.info\\\/index.php\\\/le-president-du-comite-national-olympique-et-sportif-guineen-sest-envole-dans-la-matinee-de-ce-mardi-18-octobre-2022-pour-seoul-en-coree-du-sud\\\/\"]}]},{\"@type\":\"ImageObject\",\"inLanguage\":\"fr-FR\",\"@id\":\"https:\\\/\\\/oeilsportif.info\\\/index.php\\\/le-president-du-comite-national-olympique-et-sportif-guineen-sest-envole-dans-la-matinee-de-ce-mardi-18-octobre-2022-pour-seoul-en-coree-du-sud\\\/#primaryimage\",\"url\":\"https:\\\/\\\/i0.wp.com\\\/oeilsportif.info\\\/wp-content\\\/uploads\\\/2022\\\/10\\\/FB_IMG_1666255795990.jpg?fit=1080%2C810&ssl=1\",\"contentUrl\":\"https:\\\/\\\/i0.wp.com\\\/oeilsportif.info\\\/wp-content\\\/uploads\\\/2022\\\/10\\\/FB_IMG_1666255795990.jpg?fit=1080%2C810&ssl=1\",\"width\":1080,\"height\":810},{\"@type\":\"WebSite\",\"@id\":\"https:\\\/\\\/oeilsportif.info\\\/#website\",\"url\":\"https:\\\/\\\/oeilsportif.info\\\/\",\"name\":\"le regard du sportif\",\"description\":\"\",\"potentialAction\":[{\"@type\":\"SearchAction\",\"target\":{\"@type\":\"EntryPoint\",\"urlTemplate\":\"https:\\\/\\\/oeilsportif.info\\\/?s={search_term_string}\"},\"query-input\":{\"@type\":\"PropertyValueSpecification\",\"valueRequired\":true,\"valueName\":\"search_term_string\"}}],\"inLanguage\":\"fr-FR\"},{\"@type\":\"Person\",\"@id\":\"https:\\\/\\\/oeilsportif.info\\\/#\\\/schema\\\/person\\\/cfbded294aa6095f7d96608d7905e9a1\",\"name\":\"L'Equipe de la R\u00e9daction\",\"image\":{\"@type\":\"ImageObject\",\"inLanguage\":\"fr-FR\",\"@id\":\"https:\\\/\\\/oeilsportif.info\\\/wp-content\\\/uploads\\\/2025\\\/07\\\/cropped-cropped-logo-os-96x96.jpeg\",\"url\":\"https:\\\/\\\/oeilsportif.info\\\/wp-content\\\/uploads\\\/2025\\\/07\\\/cropped-cropped-logo-os-96x96.jpeg\",\"contentUrl\":\"https:\\\/\\\/oeilsportif.info\\\/wp-content\\\/uploads\\\/2025\\\/07\\\/cropped-cropped-logo-os-96x96.jpeg\",\"caption\":\"L'Equipe de la R\u00e9daction\"},\"url\":\"https:\\\/\\\/oeilsportif.info\\\/index.php\\\/author\\\/tawel\\\/\"}]}<\/script>\n<!-- \/ Yoast SEO plugin. -->","yoast_head_json":{"title":"Le Pr\u00e9sident du Comit\u00e9 National Olympique et Sportif Guin\u00e9en s\u2019est envol\u00e9 dans la matin\u00e9e de ce mardi 18 Octobre 2022 pour S\u00e9oul en Cor\u00e9e du Sud. - le regard du sportif","robots":{"index":"index","follow":"follow","max-snippet":"max-snippet:-1","max-image-preview":"max-image-preview:large","max-video-preview":"max-video-preview:-1"},"canonical":"https:\/\/oeilsportif.info\/index.php\/le-president-du-comite-national-olympique-et-sportif-guineen-sest-envole-dans-la-matinee-de-ce-mardi-18-octobre-2022-pour-seoul-en-coree-du-sud\/","og_locale":"fr_FR","og_type":"article","og_title":"Le Pr\u00e9sident du Comit\u00e9 National Olympique et Sportif Guin\u00e9en s\u2019est envol\u00e9 dans la matin\u00e9e de ce mardi 18 Octobre 2022 pour S\u00e9oul en Cor\u00e9e du Sud. - le regard du sportif","og_description":"Durant son s\u00e9jour, Elhadj Ben Daouda Nassoko prendra part \u00e0 la XXVI\u00e8me assembl\u00e9e g\u00e9n\u00e9rale de l&rsquo;association des comit\u00e9s nationaux olympiques qui regroupe les 206 Comit\u00e9s nationaux olympiques . Il sera question pendant cette assembl\u00e9e g\u00e9n\u00e9rale de d\u00e9battre le mode de fonctionnement des diff\u00e9rents Comit\u00e9s nationaux olympiques et d\u00e9finir les grandes lignes et les directives pour [&hellip;]","og_url":"https:\/\/oeilsportif.info\/index.php\/le-president-du-comite-national-olympique-et-sportif-guineen-sest-envole-dans-la-matinee-de-ce-mardi-18-octobre-2022-pour-seoul-en-coree-du-sud\/","og_site_name":"le regard du sportif","article_published_time":"2022-10-20T08:51:42+00:00","og_image":[{"width":1080,"height":810,"url":"https:\/\/oeilsportif.info\/wp-content\/uploads\/2022\/10\/FB_IMG_1666255795990.jpg","type":"image\/jpeg"}],"author":"L'Equipe de la R\u00e9daction","twitter_misc":{"\u00c9crit par":"L'Equipe de la R\u00e9daction","Dur\u00e9e de lecture estim\u00e9e":"1 minute"},"schema":{"@context":"https:\/\/schema.org","@graph":[{"@type":"Article","@id":"https:\/\/oeilsportif.info\/index.php\/le-president-du-comite-national-olympique-et-sportif-guineen-sest-envole-dans-la-matinee-de-ce-mardi-18-octobre-2022-pour-seoul-en-coree-du-sud\/#article","isPartOf":{"@id":"https:\/\/oeilsportif.info\/index.php\/le-president-du-comite-national-olympique-et-sportif-guineen-sest-envole-dans-la-matinee-de-ce-mardi-18-octobre-2022-pour-seoul-en-coree-du-sud\/"},"author":{"name":"L'Equipe de la R\u00e9daction","@id":"https:\/\/oeilsportif.info\/#\/schema\/person\/cfbded294aa6095f7d96608d7905e9a1"},"headline":"Le Pr\u00e9sident du Comit\u00e9 National Olympique et Sportif Guin\u00e9en s\u2019est envol\u00e9 dans la matin\u00e9e de ce mardi 18 Octobre 2022 pour S\u00e9oul en Cor\u00e9e du Sud.","datePublished":"2022-10-20T08:51:42+00:00","mainEntityOfPage":{"@id":"https:\/\/oeilsportif.info\/index.php\/le-president-du-comite-national-olympique-et-sportif-guineen-sest-envole-dans-la-matinee-de-ce-mardi-18-octobre-2022-pour-seoul-en-coree-du-sud\/"},"wordCount":144,"image":{"@id":"https:\/\/oeilsportif.info\/index.php\/le-president-du-comite-national-olympique-et-sportif-guineen-sest-envole-dans-la-matinee-de-ce-mardi-18-octobre-2022-pour-seoul-en-coree-du-sud\/#primaryimage"},"thumbnailUrl":"https:\/\/i0.wp.com\/oeilsportif.info\/wp-content\/uploads\/2022\/10\/FB_IMG_1666255795990.jpg?fit=1080%2C810&ssl=1","articleSection":["Football"],"inLanguage":"fr-FR"},{"@type":"WebPage","@id":"https:\/\/oeilsportif.info\/index.php\/le-president-du-comite-national-olympique-et-sportif-guineen-sest-envole-dans-la-matinee-de-ce-mardi-18-octobre-2022-pour-seoul-en-coree-du-sud\/","url":"https:\/\/oeilsportif.info\/index.php\/le-president-du-comite-national-olympique-et-sportif-guineen-sest-envole-dans-la-matinee-de-ce-mardi-18-octobre-2022-pour-seoul-en-coree-du-sud\/","name":"Le Pr\u00e9sident du Comit\u00e9 National Olympique et Sportif Guin\u00e9en s\u2019est envol\u00e9 dans la matin\u00e9e de ce mardi 18 Octobre 2022 pour S\u00e9oul en Cor\u00e9e du Sud. - le regard du sportif","isPartOf":{"@id":"https:\/\/oeilsportif.info\/#website"},"primaryImageOfPage":{"@id":"https:\/\/oeilsportif.info\/index.php\/le-president-du-comite-national-olympique-et-sportif-guineen-sest-envole-dans-la-matinee-de-ce-mardi-18-octobre-2022-pour-seoul-en-coree-du-sud\/#primaryimage"},"image":{"@id":"https:\/\/oeilsportif.info\/index.php\/le-president-du-comite-national-olympique-et-sportif-guineen-sest-envole-dans-la-matinee-de-ce-mardi-18-octobre-2022-pour-seoul-en-coree-du-sud\/#primaryimage"},"thumbnailUrl":"https:\/\/i0.wp.com\/oeilsportif.info\/wp-content\/uploads\/2022\/10\/FB_IMG_1666255795990.jpg?fit=1080%2C810&ssl=1","datePublished":"2022-10-20T08:51:42+00:00","author":{"@id":"https:\/\/oeilsportif.info\/#\/schema\/person\/cfbded294aa6095f7d96608d7905e9a1"},"inLanguage":"fr-FR","potentialAction":[{"@type":"ReadAction","target":["https:\/\/oeilsportif.info\/index.php\/le-president-du-comite-national-olympique-et-sportif-guineen-sest-envole-dans-la-matinee-de-ce-mardi-18-octobre-2022-pour-seoul-en-coree-du-sud\/"]}]},{"@type":"ImageObject","inLanguage":"fr-FR","@id":"https:\/\/oeilsportif.info\/index.php\/le-president-du-comite-national-olympique-et-sportif-guineen-sest-envole-dans-la-matinee-de-ce-mardi-18-octobre-2022-pour-seoul-en-coree-du-sud\/#primaryimage","url":"https:\/\/i0.wp.com\/oeilsportif.info\/wp-content\/uploads\/2022\/10\/FB_IMG_1666255795990.jpg?fit=1080%2C810&ssl=1","contentUrl":"https:\/\/i0.wp.com\/oeilsportif.info\/wp-content\/uploads\/2022\/10\/FB_IMG_1666255795990.jpg?fit=1080%2C810&ssl=1","width":1080,"height":810},{"@type":"WebSite","@id":"https:\/\/oeilsportif.info\/#website","url":"https:\/\/oeilsportif.info\/","name":"le regard du sportif","description":"","potentialAction":[{"@type":"SearchAction","target":{"@type":"EntryPoint","urlTemplate":"https:\/\/oeilsportif.info\/?s={search_term_string}"},"query-input":{"@type":"PropertyValueSpecification","valueRequired":true,"valueName":"search_term_string"}}],"inLanguage":"fr-FR"},{"@type":"Person","@id":"https:\/\/oeilsportif.info\/#\/schema\/person\/cfbded294aa6095f7d96608d7905e9a1","name":"L'Equipe de la R\u00e9daction","image":{"@type":"ImageObject","inLanguage":"fr-FR","@id":"https:\/\/oeilsportif.info\/wp-content\/uploads\/2025\/07\/cropped-cropped-logo-os-96x96.jpeg","url":"https:\/\/oeilsportif.info\/wp-content\/uploads\/2025\/07\/cropped-cropped-logo-os-96x96.jpeg","contentUrl":"https:\/\/oeilsportif.info\/wp-content\/uploads\/2025\/07\/cropped-cropped-logo-os-96x96.jpeg","caption":"L'Equipe de la R\u00e9daction"},"url":"https:\/\/oeilsportif.info\/index.php\/author\/tawel\/"}]}},"jetpack_publicize_connections":[],"jetpack_featured_media_url":"https:\/\/i0.wp.com\/oeilsportif.info\/wp-content\/uploads\/2022\/10\/FB_IMG_1666255795990.jpg?fit=1080%2C810&ssl=1","jetpack-related-posts":[],"jetpack_sharing_enabled":true,"jetpack_likes_enabled":true,"jetpack_shortlink":"https:\/\/wp.me\/pgFE77-zt","_links":{"self":[{"href":"https:\/\/oeilsportif.info\/index.php\/wp-json\/wp\/v2\/posts\/2199","targetHints":{"allow":["GET"]}}],"collection":[{"href":"https:\/\/oeilsportif.info\/index.php\/wp-json\/wp\/v2\/posts"}],"about":[{"href":"https:\/\/oeilsportif.info\/index.php\/wp-json\/wp\/v2\/types\/post"}],"author":[{"embeddable":true,"href":"https:\/\/oeilsportif.info\/index.php\/wp-json\/wp\/v2\/users\/2"}],"replies":[{"embeddable":true,"href":"https:\/\/oeilsportif.info\/index.php\/wp-json\/wp\/v2\/comments?post=2199"}],"version-history":[{"count":0,"href":"https:\/\/oeilsportif.info\/index.php\/wp-json\/wp\/v2\/posts\/2199\/revisions"}],"wp:featuredmedia":[{"embeddable":true,"href":"https:\/\/oeilsportif.info\/index.php\/wp-json\/wp\/v2\/media\/2200"}],"wp:attachment":[{"href":"https:\/\/oeilsportif.info\/index.php\/wp-json\/wp\/v2\/media?parent=2199"}],"wp:term":[{"taxonomy":"category","embeddable":true,"href":"https:\/\/oeilsportif.info\/index.php\/wp-json\/wp\/v2\/categories?post=2199"},{"taxonomy":"post_tag","embeddable":true,"href":"https:\/\/oeilsportif.info\/index.php\/wp-json\/wp\/v2\/tags?post=2199"}],"curies":[{"name":"wp","href":"https:\/\/api.w.org\/{rel}","templated":true}]}}