{"id":2196,"date":"2022-10-20T08:44:43","date_gmt":"2022-10-20T08:44:43","guid":{"rendered":"https:\/\/oeilsportif.info\/index.php\/?p=2196"},"modified":"2022-10-20T08:44:43","modified_gmt":"2022-10-20T08:44:43","slug":"fif-puma-le-contrat-de-partenariat-revisite","status":"publish","type":"post","link":"https:\/\/oeilsportif.info\/index.php\/fif-puma-le-contrat-de-partenariat-revisite\/","title":{"rendered":"FIF-PUMA : Le Contrat De Partenariat Revisit\u00e9"},"content":{"rendered":"<p>En mission en Allemagne, le Pr\u00e9sident de la F\u00e9d\u00e9ration Ivoirienne de Football (FIF) s\u2019est rendu au si\u00e8ge de PUMA \u00e0 Nuremburg, le mercredi 19 octobre 2022.\u00a0 Accompagn\u00e9 du 1er Vice-Pr\u00e9sident, M. Malick Toh\u00e9 et de MM. Franck Otchoumou (Chef du Service Marketing), Camus Dagb\u00e9 (Charg\u00e9 du Mat\u00e9riel), le Pr\u00e9sident Yacine Idriss Diallo a eu une s\u00e9ance de travail avec les responsables de l\u2019\u00e9quipementier officiel des El\u00e9phants.<\/p>\n<p>Le contrat de collaboration entre la FIF et PUMA \u00e9tait au menu des \u00e9changes. Les deux parties ont revisit\u00e9 le contrat et discut\u00e9 des perspectives pour les quatre prochaines ann\u00e9es.<\/p>\n<p>L\u2019\u00e9quipementier PUMA \u00e9tait repr\u00e9sent\u00e9 par Bj\u00f6rn Gulden (Chief Executive Officer), Manolo Sch\u00fcrmann (Head of Sports Marketing Teamsport), Manolo Sch\u00fcrmann (Head of Sports Marketing Teamsport), Bastien de Toledo Leroy (Manager Sports Marketing Teamsport), Federica Ferrarelli (Manager Sports Marketing Teamsport).<\/p>\n<p><strong>DCOM (IT)<\/strong><\/p>\n","protected":false},"excerpt":{"rendered":"<p>En mission en Allemagne, le Pr\u00e9sident de la F\u00e9d\u00e9ration Ivoirienne de Football (FIF) s\u2019est rendu au si\u00e8ge de PUMA \u00e0 Nuremburg, le mercredi 19 octobre 2022.\u00a0 Accompagn\u00e9 du 1er Vice-Pr\u00e9sident, M. Malick Toh\u00e9 et de MM. Franck Otchoumou (Chef du Service Marketing), Camus Dagb\u00e9 (Charg\u00e9 du Mat\u00e9riel), le Pr\u00e9sident Yacine Idriss Diallo a eu une [&hellip;]<\/p>\n","protected":false},"author":2,"featured_media":2197,"comment_status":"closed","ping_status":"open","sticky":false,"template":"","format":"standard","meta":{"_jetpack_memberships_contains_paid_content":false,"footnotes":"","jetpack_publicize_message":"","jetpack_publicize_feature_enabled":true,"jetpack_social_post_already_shared":true,"jetpack_social_options":{"image_generator_settings":{"template":"highway","default_image_id":0,"font":"","enabled":false},"version":2}},"categories":[5],"tags":[],"class_list":{"0":"post-2196","1":"post","2":"type-post","3":"status-publish","4":"format-standard","5":"has-post-thumbnail","7":"category-football"},"yoast_head":"<!-- This site is optimized with the Yoast SEO plugin v27.4 - https:\/\/yoast.com\/product\/yoast-seo-wordpress\/ -->\n<title>FIF-PUMA : Le Contrat De Partenariat Revisit\u00e9 - le regard du sportif<\/title>\n<meta name=\"robots\" content=\"index, follow, max-snippet:-1, max-image-preview:large, max-video-preview:-1\" \/>\n<link rel=\"canonical\" href=\"https:\/\/oeilsportif.info\/index.php\/fif-puma-le-contrat-de-partenariat-revisite\/\" \/>\n<meta property=\"og:locale\" content=\"fr_FR\" \/>\n<meta property=\"og:type\" content=\"article\" \/>\n<meta property=\"og:title\" content=\"FIF-PUMA : Le Contrat De Partenariat Revisit\u00e9 - le regard du sportif\" \/>\n<meta property=\"og:description\" content=\"En mission en Allemagne, le Pr\u00e9sident de la F\u00e9d\u00e9ration Ivoirienne de Football (FIF) s\u2019est rendu au si\u00e8ge de PUMA \u00e0 Nuremburg, le mercredi 19 octobre 2022.\u00a0 Accompagn\u00e9 du 1er Vice-Pr\u00e9sident, M. Malick Toh\u00e9 et de MM. Franck Otchoumou (Chef du Service Marketing), Camus Dagb\u00e9 (Charg\u00e9 du Mat\u00e9riel), le Pr\u00e9sident Yacine Idriss Diallo a eu une [&hellip;]\" \/>\n<meta property=\"og:url\" content=\"https:\/\/oeilsportif.info\/index.php\/fif-puma-le-contrat-de-partenariat-revisite\/\" \/>\n<meta property=\"og:site_name\" content=\"le regard du sportif\" \/>\n<meta property=\"article:published_time\" content=\"2022-10-20T08:44:43+00:00\" \/>\n<meta property=\"og:image\" content=\"https:\/\/oeilsportif.info\/wp-content\/uploads\/2022\/10\/FB_IMG_1666255266849.jpg\" \/>\n\t<meta property=\"og:image:width\" content=\"720\" \/>\n\t<meta property=\"og:image:height\" content=\"480\" \/>\n\t<meta property=\"og:image:type\" content=\"image\/jpeg\" \/>\n<meta name=\"author\" content=\"L&#039;Equipe de la R\u00e9daction\" \/>\n<meta name=\"twitter:label1\" content=\"\u00c9crit par\" \/>\n\t<meta name=\"twitter:data1\" content=\"L&#039;Equipe de la R\u00e9daction\" \/>\n\t<meta name=\"twitter:label2\" content=\"Dur\u00e9e de lecture estim\u00e9e\" \/>\n\t<meta name=\"twitter:data2\" content=\"1 minute\" \/>\n<script type=\"application\/ld+json\" class=\"yoast-schema-graph\">{\"@context\":\"https:\\\/\\\/schema.org\",\"@graph\":[{\"@type\":\"Article\",\"@id\":\"https:\\\/\\\/oeilsportif.info\\\/index.php\\\/fif-puma-le-contrat-de-partenariat-revisite\\\/#article\",\"isPartOf\":{\"@id\":\"https:\\\/\\\/oeilsportif.info\\\/index.php\\\/fif-puma-le-contrat-de-partenariat-revisite\\\/\"},\"author\":{\"name\":\"L'Equipe de la R\u00e9daction\",\"@id\":\"https:\\\/\\\/oeilsportif.info\\\/#\\\/schema\\\/person\\\/cfbded294aa6095f7d96608d7905e9a1\"},\"headline\":\"FIF-PUMA : Le Contrat De Partenariat Revisit\u00e9\",\"datePublished\":\"2022-10-20T08:44:43+00:00\",\"mainEntityOfPage\":{\"@id\":\"https:\\\/\\\/oeilsportif.info\\\/index.php\\\/fif-puma-le-contrat-de-partenariat-revisite\\\/\"},\"wordCount\":156,\"image\":{\"@id\":\"https:\\\/\\\/oeilsportif.info\\\/index.php\\\/fif-puma-le-contrat-de-partenariat-revisite\\\/#primaryimage\"},\"thumbnailUrl\":\"https:\\\/\\\/i0.wp.com\\\/oeilsportif.info\\\/wp-content\\\/uploads\\\/2022\\\/10\\\/FB_IMG_1666255266849.jpg?fit=720%2C480&ssl=1\",\"articleSection\":[\"Football\"],\"inLanguage\":\"fr-FR\"},{\"@type\":\"WebPage\",\"@id\":\"https:\\\/\\\/oeilsportif.info\\\/index.php\\\/fif-puma-le-contrat-de-partenariat-revisite\\\/\",\"url\":\"https:\\\/\\\/oeilsportif.info\\\/index.php\\\/fif-puma-le-contrat-de-partenariat-revisite\\\/\",\"name\":\"FIF-PUMA : Le Contrat De Partenariat Revisit\u00e9 - le regard du sportif\",\"isPartOf\":{\"@id\":\"https:\\\/\\\/oeilsportif.info\\\/#website\"},\"primaryImageOfPage\":{\"@id\":\"https:\\\/\\\/oeilsportif.info\\\/index.php\\\/fif-puma-le-contrat-de-partenariat-revisite\\\/#primaryimage\"},\"image\":{\"@id\":\"https:\\\/\\\/oeilsportif.info\\\/index.php\\\/fif-puma-le-contrat-de-partenariat-revisite\\\/#primaryimage\"},\"thumbnailUrl\":\"https:\\\/\\\/i0.wp.com\\\/oeilsportif.info\\\/wp-content\\\/uploads\\\/2022\\\/10\\\/FB_IMG_1666255266849.jpg?fit=720%2C480&ssl=1\",\"datePublished\":\"2022-10-20T08:44:43+00:00\",\"author\":{\"@id\":\"https:\\\/\\\/oeilsportif.info\\\/#\\\/schema\\\/person\\\/cfbded294aa6095f7d96608d7905e9a1\"},\"inLanguage\":\"fr-FR\",\"potentialAction\":[{\"@type\":\"ReadAction\",\"target\":[\"https:\\\/\\\/oeilsportif.info\\\/index.php\\\/fif-puma-le-contrat-de-partenariat-revisite\\\/\"]}]},{\"@type\":\"ImageObject\",\"inLanguage\":\"fr-FR\",\"@id\":\"https:\\\/\\\/oeilsportif.info\\\/index.php\\\/fif-puma-le-contrat-de-partenariat-revisite\\\/#primaryimage\",\"url\":\"https:\\\/\\\/i0.wp.com\\\/oeilsportif.info\\\/wp-content\\\/uploads\\\/2022\\\/10\\\/FB_IMG_1666255266849.jpg?fit=720%2C480&ssl=1\",\"contentUrl\":\"https:\\\/\\\/i0.wp.com\\\/oeilsportif.info\\\/wp-content\\\/uploads\\\/2022\\\/10\\\/FB_IMG_1666255266849.jpg?fit=720%2C480&ssl=1\",\"width\":720,\"height\":480},{\"@type\":\"WebSite\",\"@id\":\"https:\\\/\\\/oeilsportif.info\\\/#website\",\"url\":\"https:\\\/\\\/oeilsportif.info\\\/\",\"name\":\"le regard du sportif\",\"description\":\"\",\"potentialAction\":[{\"@type\":\"SearchAction\",\"target\":{\"@type\":\"EntryPoint\",\"urlTemplate\":\"https:\\\/\\\/oeilsportif.info\\\/?s={search_term_string}\"},\"query-input\":{\"@type\":\"PropertyValueSpecification\",\"valueRequired\":true,\"valueName\":\"search_term_string\"}}],\"inLanguage\":\"fr-FR\"},{\"@type\":\"Person\",\"@id\":\"https:\\\/\\\/oeilsportif.info\\\/#\\\/schema\\\/person\\\/cfbded294aa6095f7d96608d7905e9a1\",\"name\":\"L'Equipe de la R\u00e9daction\",\"image\":{\"@type\":\"ImageObject\",\"inLanguage\":\"fr-FR\",\"@id\":\"https:\\\/\\\/oeilsportif.info\\\/wp-content\\\/uploads\\\/2025\\\/07\\\/cropped-cropped-logo-os-96x96.jpeg\",\"url\":\"https:\\\/\\\/oeilsportif.info\\\/wp-content\\\/uploads\\\/2025\\\/07\\\/cropped-cropped-logo-os-96x96.jpeg\",\"contentUrl\":\"https:\\\/\\\/oeilsportif.info\\\/wp-content\\\/uploads\\\/2025\\\/07\\\/cropped-cropped-logo-os-96x96.jpeg\",\"caption\":\"L'Equipe de la R\u00e9daction\"},\"url\":\"https:\\\/\\\/oeilsportif.info\\\/index.php\\\/author\\\/tawel\\\/\"}]}<\/script>\n<!-- \/ Yoast SEO plugin. -->","yoast_head_json":{"title":"FIF-PUMA : Le Contrat De Partenariat Revisit\u00e9 - le regard du sportif","robots":{"index":"index","follow":"follow","max-snippet":"max-snippet:-1","max-image-preview":"max-image-preview:large","max-video-preview":"max-video-preview:-1"},"canonical":"https:\/\/oeilsportif.info\/index.php\/fif-puma-le-contrat-de-partenariat-revisite\/","og_locale":"fr_FR","og_type":"article","og_title":"FIF-PUMA : Le Contrat De Partenariat Revisit\u00e9 - le regard du sportif","og_description":"En mission en Allemagne, le Pr\u00e9sident de la F\u00e9d\u00e9ration Ivoirienne de Football (FIF) s\u2019est rendu au si\u00e8ge de PUMA \u00e0 Nuremburg, le mercredi 19 octobre 2022.\u00a0 Accompagn\u00e9 du 1er Vice-Pr\u00e9sident, M. Malick Toh\u00e9 et de MM. Franck Otchoumou (Chef du Service Marketing), Camus Dagb\u00e9 (Charg\u00e9 du Mat\u00e9riel), le Pr\u00e9sident Yacine Idriss Diallo a eu une [&hellip;]","og_url":"https:\/\/oeilsportif.info\/index.php\/fif-puma-le-contrat-de-partenariat-revisite\/","og_site_name":"le regard du sportif","article_published_time":"2022-10-20T08:44:43+00:00","og_image":[{"width":720,"height":480,"url":"https:\/\/oeilsportif.info\/wp-content\/uploads\/2022\/10\/FB_IMG_1666255266849.jpg","type":"image\/jpeg"}],"author":"L'Equipe de la R\u00e9daction","twitter_misc":{"\u00c9crit par":"L'Equipe de la R\u00e9daction","Dur\u00e9e de lecture estim\u00e9e":"1 minute"},"schema":{"@context":"https:\/\/schema.org","@graph":[{"@type":"Article","@id":"https:\/\/oeilsportif.info\/index.php\/fif-puma-le-contrat-de-partenariat-revisite\/#article","isPartOf":{"@id":"https:\/\/oeilsportif.info\/index.php\/fif-puma-le-contrat-de-partenariat-revisite\/"},"author":{"name":"L'Equipe de la R\u00e9daction","@id":"https:\/\/oeilsportif.info\/#\/schema\/person\/cfbded294aa6095f7d96608d7905e9a1"},"headline":"FIF-PUMA : Le Contrat De Partenariat Revisit\u00e9","datePublished":"2022-10-20T08:44:43+00:00","mainEntityOfPage":{"@id":"https:\/\/oeilsportif.info\/index.php\/fif-puma-le-contrat-de-partenariat-revisite\/"},"wordCount":156,"image":{"@id":"https:\/\/oeilsportif.info\/index.php\/fif-puma-le-contrat-de-partenariat-revisite\/#primaryimage"},"thumbnailUrl":"https:\/\/i0.wp.com\/oeilsportif.info\/wp-content\/uploads\/2022\/10\/FB_IMG_1666255266849.jpg?fit=720%2C480&ssl=1","articleSection":["Football"],"inLanguage":"fr-FR"},{"@type":"WebPage","@id":"https:\/\/oeilsportif.info\/index.php\/fif-puma-le-contrat-de-partenariat-revisite\/","url":"https:\/\/oeilsportif.info\/index.php\/fif-puma-le-contrat-de-partenariat-revisite\/","name":"FIF-PUMA : Le Contrat De Partenariat Revisit\u00e9 - le regard du sportif","isPartOf":{"@id":"https:\/\/oeilsportif.info\/#website"},"primaryImageOfPage":{"@id":"https:\/\/oeilsportif.info\/index.php\/fif-puma-le-contrat-de-partenariat-revisite\/#primaryimage"},"image":{"@id":"https:\/\/oeilsportif.info\/index.php\/fif-puma-le-contrat-de-partenariat-revisite\/#primaryimage"},"thumbnailUrl":"https:\/\/i0.wp.com\/oeilsportif.info\/wp-content\/uploads\/2022\/10\/FB_IMG_1666255266849.jpg?fit=720%2C480&ssl=1","datePublished":"2022-10-20T08:44:43+00:00","author":{"@id":"https:\/\/oeilsportif.info\/#\/schema\/person\/cfbded294aa6095f7d96608d7905e9a1"},"inLanguage":"fr-FR","potentialAction":[{"@type":"ReadAction","target":["https:\/\/oeilsportif.info\/index.php\/fif-puma-le-contrat-de-partenariat-revisite\/"]}]},{"@type":"ImageObject","inLanguage":"fr-FR","@id":"https:\/\/oeilsportif.info\/index.php\/fif-puma-le-contrat-de-partenariat-revisite\/#primaryimage","url":"https:\/\/i0.wp.com\/oeilsportif.info\/wp-content\/uploads\/2022\/10\/FB_IMG_1666255266849.jpg?fit=720%2C480&ssl=1","contentUrl":"https:\/\/i0.wp.com\/oeilsportif.info\/wp-content\/uploads\/2022\/10\/FB_IMG_1666255266849.jpg?fit=720%2C480&ssl=1","width":720,"height":480},{"@type":"WebSite","@id":"https:\/\/oeilsportif.info\/#website","url":"https:\/\/oeilsportif.info\/","name":"le regard du sportif","description":"","potentialAction":[{"@type":"SearchAction","target":{"@type":"EntryPoint","urlTemplate":"https:\/\/oeilsportif.info\/?s={search_term_string}"},"query-input":{"@type":"PropertyValueSpecification","valueRequired":true,"valueName":"search_term_string"}}],"inLanguage":"fr-FR"},{"@type":"Person","@id":"https:\/\/oeilsportif.info\/#\/schema\/person\/cfbded294aa6095f7d96608d7905e9a1","name":"L'Equipe de la R\u00e9daction","image":{"@type":"ImageObject","inLanguage":"fr-FR","@id":"https:\/\/oeilsportif.info\/wp-content\/uploads\/2025\/07\/cropped-cropped-logo-os-96x96.jpeg","url":"https:\/\/oeilsportif.info\/wp-content\/uploads\/2025\/07\/cropped-cropped-logo-os-96x96.jpeg","contentUrl":"https:\/\/oeilsportif.info\/wp-content\/uploads\/2025\/07\/cropped-cropped-logo-os-96x96.jpeg","caption":"L'Equipe de la R\u00e9daction"},"url":"https:\/\/oeilsportif.info\/index.php\/author\/tawel\/"}]}},"jetpack_publicize_connections":[],"jetpack_featured_media_url":"https:\/\/i0.wp.com\/oeilsportif.info\/wp-content\/uploads\/2022\/10\/FB_IMG_1666255266849.jpg?fit=720%2C480&ssl=1","jetpack-related-posts":[],"jetpack_sharing_enabled":true,"jetpack_likes_enabled":true,"jetpack_shortlink":"https:\/\/wp.me\/pgFE77-zq","_links":{"self":[{"href":"https:\/\/oeilsportif.info\/index.php\/wp-json\/wp\/v2\/posts\/2196","targetHints":{"allow":["GET"]}}],"collection":[{"href":"https:\/\/oeilsportif.info\/index.php\/wp-json\/wp\/v2\/posts"}],"about":[{"href":"https:\/\/oeilsportif.info\/index.php\/wp-json\/wp\/v2\/types\/post"}],"author":[{"embeddable":true,"href":"https:\/\/oeilsportif.info\/index.php\/wp-json\/wp\/v2\/users\/2"}],"replies":[{"embeddable":true,"href":"https:\/\/oeilsportif.info\/index.php\/wp-json\/wp\/v2\/comments?post=2196"}],"version-history":[{"count":0,"href":"https:\/\/oeilsportif.info\/index.php\/wp-json\/wp\/v2\/posts\/2196\/revisions"}],"wp:featuredmedia":[{"embeddable":true,"href":"https:\/\/oeilsportif.info\/index.php\/wp-json\/wp\/v2\/media\/2197"}],"wp:attachment":[{"href":"https:\/\/oeilsportif.info\/index.php\/wp-json\/wp\/v2\/media?parent=2196"}],"wp:term":[{"taxonomy":"category","embeddable":true,"href":"https:\/\/oeilsportif.info\/index.php\/wp-json\/wp\/v2\/categories?post=2196"},{"taxonomy":"post_tag","embeddable":true,"href":"https:\/\/oeilsportif.info\/index.php\/wp-json\/wp\/v2\/tags?post=2196"}],"curies":[{"name":"wp","href":"https:\/\/api.w.org\/{rel}","templated":true}]}}