{"id":2187,"date":"2022-10-16T10:07:53","date_gmt":"2022-10-16T10:07:53","guid":{"rendered":"https:\/\/oeilsportif.info\/index.php\/?p=2187"},"modified":"2022-10-16T10:07:53","modified_gmt":"2022-10-16T10:07:53","slug":"ceux-qui-ne-jouent-pas-seront-retrogrades-la-presidente-du-conor-sur-la-decision-des-18-clubs-de-ne-pas-jouer-le-championnat","status":"publish","type":"post","link":"https:\/\/oeilsportif.info\/index.php\/ceux-qui-ne-jouent-pas-seront-retrogrades-la-presidente-du-conor-sur-la-decision-des-18-clubs-de-ne-pas-jouer-le-championnat\/","title":{"rendered":"\u00ab\u00a0Ceux qui ne jouent pas, seront r\u00e9trograd\u00e9s\u00a0\u00bb, la pr\u00e9sidente du CONOR sur la d\u00e9cision des 18 clubs de ne pas jouer le championnat"},"content":{"rendered":"<header class=\"amp-wp-content amp-wp-article-header ampforwp-title\">\n<h2 class=\"amp-wp-title\"><\/h2>\n<\/header>\n<h2 class=\"amp-wp-content\"><\/h2>\n<div class=\"amp-ad-wrapper amp_ad_5\">\n<div><\/div>\n<\/div>\n<div class=\"amp-wp-article-content\">\n<div class=\"amp-wp-content the_content\">\n<p class=\"acss9ebb7\"><strong>Ce samedi 15 octobre 2022, \u00e0 travers une d\u00e9claration rendue publique,\u00a0<a href=\"https:\/\/africasport.org\/guinee-officiel-18-clubs-decident-de-boycotter-le-championnat-declaration\/\">18 clubs de Ligues 1 et 2 ont fait savoir leur d\u00e9cision de ne pas jouer le championnat<\/a>\u00a0dont le coup d\u2019envoi en Ligue 1 est fix\u00e9 au 28 de ce mois ci. Lesdits clubs \u00e9voquent comme motif, la r\u00e9vocation du bureau ex\u00e9cutif de la Ligue pro par le comit\u00e9 de normalisation. Ils pensent que cela n\u2019est pas normal. Donc tant que ce bureau qu\u2019ils ont \u00e9lu n\u2019est pas r\u00e9tabli, ils ne joueront pas.<\/strong><\/p>\n<div class=\"code-block code-block-3 acss6c945\"><\/div>\n<p class=\"acss9ebb7\">Dans la foul\u00e9e de l\u2019officialisation de cette d\u00e9cision, la pr\u00e9sidente du Comit\u00e9 de Normalisation de la f\u00e9d\u00e9ration guin\u00e9enne de football a r\u00e9agi sur la m\u00eame actualit\u00e9. Mariama Satina Diallo rappelle aux clubs qui sont dans cette d\u00e9marche que les textes du championnat disent que ceux qui ne jouent pas soient r\u00e9trograd\u00e9s en division inf\u00e9rieure.<\/p>\n<p class=\"acss9ebb7\">\u00ab\u00a0<em>Nous faisons d\u2019abord jouer la ligue 1 qui compte 14 clubs. Ils ont dit 6 ne jouent pas. 6 moins 14, \u00e7a fait 8. Donc c\u2019est la majorit\u00e9. Les textes existent. Ceux qui ne jouent pas seront r\u00e9trograd\u00e9s. Ce n\u2019est pas moi qui l\u2019ai dit mais c\u2019est dans les textes. Le championnat sera jou\u00e9. On ne va pas priver la Guin\u00e9e, les joueurs de tourner le ballon, pour les humeurs des uns et des autres parce que la t\u00eate de Paul ou Pierre ne vous convient pas<\/em>\u00a0\u00bb.<\/p>\n<p class=\"acss9ebb7\">En d\u00e9pit de la publication de cette d\u00e9cision de boycott du championnat, la pr\u00e9sidente du Conor FEGUIFOOT esp\u00e8re ramener les clubs concern\u00e9s \u00e0 la raison afin qu\u2019ils puissent jouer l\u2019exercice qui d\u00e9marre fin octobre.<\/p>\n<p class=\"acss9ebb7\">\u00ab\u00a0<em>Je ne cesse pas de parler de l\u2019union sacr\u00e9e. Il faut qu\u2019on s\u2019entende. Si vous me suivez, je le dis \u00e0 chaque fois parce que la d\u00e9sunion ne nous sert pas. On ne va passer du temps \u00e0 faire des histoires pour des \u00e9gos. Moi je n\u2019ai aucun int\u00e9r\u00eat dans le football. Je n\u2019ai pas de club et d\u2019\u00e9quipe. Je vais quitter la t\u00eate du CONOR dans quelques mois et m\u2019en aller, mais je veux laisser la paix. Ce n\u2019est pas pendant que je suis l\u00e0 qu\u2019on dit on ne joue pas. Je ferai tout ce que je peux pour les ramener \u00e0 la raison et qu\u2019on puisse joue<\/em>\u00a0\u00bb, a-t-elle dit dans les colonnes du quotidien g\u00e9n\u00e9raliste\u00a0<a href=\"https:\/\/www.africaguinee.com\/articles\/2022\/10\/15\/exclusif-la-presidente-du-conor-tranche-les-clubs-qui-ne-joueront-pas-le?fbclid=IwAR1fOlPzCnex38QauE8o8f-YctFxP_-V4RASYNFAFi_mk3k9W_YHhYkvn_s#l9agd8ihxx3ul5qb38\">Africaguinee<\/a>.<\/p>\n<p class=\"acss9ebb7\">Rappelons que le total des clubs qui jouent le championnat national de Guin\u00e9e (Ligues 1 et 2) est 28, soit 14 par niveau.<\/p>\n<p>Hamidou Bangoura pour Africasport<\/p>\n<\/div>\n<\/div>\n","protected":false},"excerpt":{"rendered":"<p>Ce samedi 15 octobre 2022, \u00e0 travers une d\u00e9claration rendue publique,\u00a018 clubs de Ligues 1 et 2 ont fait savoir leur d\u00e9cision de ne pas jouer le championnat\u00a0dont le coup d\u2019envoi en Ligue 1 est fix\u00e9 au 28 de ce mois ci. Lesdits clubs \u00e9voquent comme motif, la r\u00e9vocation du bureau ex\u00e9cutif de la Ligue [&hellip;]<\/p>\n","protected":false},"author":2,"featured_media":2188,"comment_status":"closed","ping_status":"open","sticky":false,"template":"","format":"standard","meta":{"_jetpack_memberships_contains_paid_content":false,"footnotes":"","jetpack_publicize_message":"","jetpack_publicize_feature_enabled":true,"jetpack_social_post_already_shared":true,"jetpack_social_options":{"image_generator_settings":{"template":"highway","default_image_id":0,"font":"","enabled":false},"version":2}},"categories":[5],"tags":[],"class_list":{"0":"post-2187","1":"post","2":"type-post","3":"status-publish","4":"format-standard","5":"has-post-thumbnail","7":"category-football"},"yoast_head":"<!-- This site is optimized with the Yoast SEO plugin v27.4 - https:\/\/yoast.com\/product\/yoast-seo-wordpress\/ -->\n<title>\u00ab\u00a0Ceux qui ne jouent pas, seront r\u00e9trograd\u00e9s\u00a0\u00bb, la pr\u00e9sidente du CONOR sur la d\u00e9cision des 18 clubs de ne pas jouer le championnat - le regard du sportif<\/title>\n<meta name=\"robots\" content=\"index, follow, max-snippet:-1, max-image-preview:large, max-video-preview:-1\" \/>\n<link rel=\"canonical\" href=\"https:\/\/oeilsportif.info\/index.php\/ceux-qui-ne-jouent-pas-seront-retrogrades-la-presidente-du-conor-sur-la-decision-des-18-clubs-de-ne-pas-jouer-le-championnat\/\" \/>\n<meta property=\"og:locale\" content=\"fr_FR\" \/>\n<meta property=\"og:type\" content=\"article\" \/>\n<meta property=\"og:title\" content=\"\u00ab\u00a0Ceux qui ne jouent pas, seront r\u00e9trograd\u00e9s\u00a0\u00bb, la pr\u00e9sidente du CONOR sur la d\u00e9cision des 18 clubs de ne pas jouer le championnat - le regard du sportif\" \/>\n<meta property=\"og:description\" content=\"Ce samedi 15 octobre 2022, \u00e0 travers une d\u00e9claration rendue publique,\u00a018 clubs de Ligues 1 et 2 ont fait savoir leur d\u00e9cision de ne pas jouer le championnat\u00a0dont le coup d\u2019envoi en Ligue 1 est fix\u00e9 au 28 de ce mois ci. Lesdits clubs \u00e9voquent comme motif, la r\u00e9vocation du bureau ex\u00e9cutif de la Ligue [&hellip;]\" \/>\n<meta property=\"og:url\" content=\"https:\/\/oeilsportif.info\/index.php\/ceux-qui-ne-jouent-pas-seront-retrogrades-la-presidente-du-conor-sur-la-decision-des-18-clubs-de-ne-pas-jouer-le-championnat\/\" \/>\n<meta property=\"og:site_name\" content=\"le regard du sportif\" \/>\n<meta property=\"article:published_time\" content=\"2022-10-16T10:07:53+00:00\" \/>\n<meta property=\"og:image\" content=\"https:\/\/oeilsportif.info\/wp-content\/uploads\/2022\/10\/Screenshot_20221016-100631_Facebook.jpg\" \/>\n\t<meta property=\"og:image:width\" content=\"1080\" \/>\n\t<meta property=\"og:image:height\" content=\"554\" \/>\n\t<meta property=\"og:image:type\" content=\"image\/jpeg\" \/>\n<meta name=\"author\" content=\"L&#039;Equipe de la R\u00e9daction\" \/>\n<meta name=\"twitter:label1\" content=\"\u00c9crit par\" \/>\n\t<meta name=\"twitter:data1\" content=\"L&#039;Equipe de la R\u00e9daction\" \/>\n\t<meta name=\"twitter:label2\" content=\"Dur\u00e9e de lecture estim\u00e9e\" \/>\n\t<meta name=\"twitter:data2\" content=\"3 minutes\" \/>\n<script type=\"application\/ld+json\" class=\"yoast-schema-graph\">{\"@context\":\"https:\\\/\\\/schema.org\",\"@graph\":[{\"@type\":\"Article\",\"@id\":\"https:\\\/\\\/oeilsportif.info\\\/index.php\\\/ceux-qui-ne-jouent-pas-seront-retrogrades-la-presidente-du-conor-sur-la-decision-des-18-clubs-de-ne-pas-jouer-le-championnat\\\/#article\",\"isPartOf\":{\"@id\":\"https:\\\/\\\/oeilsportif.info\\\/index.php\\\/ceux-qui-ne-jouent-pas-seront-retrogrades-la-presidente-du-conor-sur-la-decision-des-18-clubs-de-ne-pas-jouer-le-championnat\\\/\"},\"author\":{\"name\":\"L'Equipe de la R\u00e9daction\",\"@id\":\"https:\\\/\\\/oeilsportif.info\\\/#\\\/schema\\\/person\\\/cfbded294aa6095f7d96608d7905e9a1\"},\"headline\":\"\u00ab\u00a0Ceux qui ne jouent pas, seront r\u00e9trograd\u00e9s\u00a0\u00bb, la pr\u00e9sidente du CONOR sur la d\u00e9cision des 18 clubs de ne pas jouer le championnat\",\"datePublished\":\"2022-10-16T10:07:53+00:00\",\"mainEntityOfPage\":{\"@id\":\"https:\\\/\\\/oeilsportif.info\\\/index.php\\\/ceux-qui-ne-jouent-pas-seront-retrogrades-la-presidente-du-conor-sur-la-decision-des-18-clubs-de-ne-pas-jouer-le-championnat\\\/\"},\"wordCount\":466,\"image\":{\"@id\":\"https:\\\/\\\/oeilsportif.info\\\/index.php\\\/ceux-qui-ne-jouent-pas-seront-retrogrades-la-presidente-du-conor-sur-la-decision-des-18-clubs-de-ne-pas-jouer-le-championnat\\\/#primaryimage\"},\"thumbnailUrl\":\"https:\\\/\\\/i0.wp.com\\\/oeilsportif.info\\\/wp-content\\\/uploads\\\/2022\\\/10\\\/Screenshot_20221016-100631_Facebook.jpg?fit=1080%2C554&ssl=1\",\"articleSection\":[\"Football\"],\"inLanguage\":\"fr-FR\"},{\"@type\":\"WebPage\",\"@id\":\"https:\\\/\\\/oeilsportif.info\\\/index.php\\\/ceux-qui-ne-jouent-pas-seront-retrogrades-la-presidente-du-conor-sur-la-decision-des-18-clubs-de-ne-pas-jouer-le-championnat\\\/\",\"url\":\"https:\\\/\\\/oeilsportif.info\\\/index.php\\\/ceux-qui-ne-jouent-pas-seront-retrogrades-la-presidente-du-conor-sur-la-decision-des-18-clubs-de-ne-pas-jouer-le-championnat\\\/\",\"name\":\"\u00ab\u00a0Ceux qui ne jouent pas, seront r\u00e9trograd\u00e9s\u00a0\u00bb, la pr\u00e9sidente du CONOR sur la d\u00e9cision des 18 clubs de ne pas jouer le championnat - le regard du sportif\",\"isPartOf\":{\"@id\":\"https:\\\/\\\/oeilsportif.info\\\/#website\"},\"primaryImageOfPage\":{\"@id\":\"https:\\\/\\\/oeilsportif.info\\\/index.php\\\/ceux-qui-ne-jouent-pas-seront-retrogrades-la-presidente-du-conor-sur-la-decision-des-18-clubs-de-ne-pas-jouer-le-championnat\\\/#primaryimage\"},\"image\":{\"@id\":\"https:\\\/\\\/oeilsportif.info\\\/index.php\\\/ceux-qui-ne-jouent-pas-seront-retrogrades-la-presidente-du-conor-sur-la-decision-des-18-clubs-de-ne-pas-jouer-le-championnat\\\/#primaryimage\"},\"thumbnailUrl\":\"https:\\\/\\\/i0.wp.com\\\/oeilsportif.info\\\/wp-content\\\/uploads\\\/2022\\\/10\\\/Screenshot_20221016-100631_Facebook.jpg?fit=1080%2C554&ssl=1\",\"datePublished\":\"2022-10-16T10:07:53+00:00\",\"author\":{\"@id\":\"https:\\\/\\\/oeilsportif.info\\\/#\\\/schema\\\/person\\\/cfbded294aa6095f7d96608d7905e9a1\"},\"inLanguage\":\"fr-FR\",\"potentialAction\":[{\"@type\":\"ReadAction\",\"target\":[\"https:\\\/\\\/oeilsportif.info\\\/index.php\\\/ceux-qui-ne-jouent-pas-seront-retrogrades-la-presidente-du-conor-sur-la-decision-des-18-clubs-de-ne-pas-jouer-le-championnat\\\/\"]}]},{\"@type\":\"ImageObject\",\"inLanguage\":\"fr-FR\",\"@id\":\"https:\\\/\\\/oeilsportif.info\\\/index.php\\\/ceux-qui-ne-jouent-pas-seront-retrogrades-la-presidente-du-conor-sur-la-decision-des-18-clubs-de-ne-pas-jouer-le-championnat\\\/#primaryimage\",\"url\":\"https:\\\/\\\/i0.wp.com\\\/oeilsportif.info\\\/wp-content\\\/uploads\\\/2022\\\/10\\\/Screenshot_20221016-100631_Facebook.jpg?fit=1080%2C554&ssl=1\",\"contentUrl\":\"https:\\\/\\\/i0.wp.com\\\/oeilsportif.info\\\/wp-content\\\/uploads\\\/2022\\\/10\\\/Screenshot_20221016-100631_Facebook.jpg?fit=1080%2C554&ssl=1\",\"width\":1080,\"height\":554},{\"@type\":\"WebSite\",\"@id\":\"https:\\\/\\\/oeilsportif.info\\\/#website\",\"url\":\"https:\\\/\\\/oeilsportif.info\\\/\",\"name\":\"le regard du sportif\",\"description\":\"\",\"potentialAction\":[{\"@type\":\"SearchAction\",\"target\":{\"@type\":\"EntryPoint\",\"urlTemplate\":\"https:\\\/\\\/oeilsportif.info\\\/?s={search_term_string}\"},\"query-input\":{\"@type\":\"PropertyValueSpecification\",\"valueRequired\":true,\"valueName\":\"search_term_string\"}}],\"inLanguage\":\"fr-FR\"},{\"@type\":\"Person\",\"@id\":\"https:\\\/\\\/oeilsportif.info\\\/#\\\/schema\\\/person\\\/cfbded294aa6095f7d96608d7905e9a1\",\"name\":\"L'Equipe de la R\u00e9daction\",\"image\":{\"@type\":\"ImageObject\",\"inLanguage\":\"fr-FR\",\"@id\":\"https:\\\/\\\/oeilsportif.info\\\/wp-content\\\/uploads\\\/2025\\\/07\\\/cropped-cropped-logo-os-96x96.jpeg\",\"url\":\"https:\\\/\\\/oeilsportif.info\\\/wp-content\\\/uploads\\\/2025\\\/07\\\/cropped-cropped-logo-os-96x96.jpeg\",\"contentUrl\":\"https:\\\/\\\/oeilsportif.info\\\/wp-content\\\/uploads\\\/2025\\\/07\\\/cropped-cropped-logo-os-96x96.jpeg\",\"caption\":\"L'Equipe de la R\u00e9daction\"},\"url\":\"https:\\\/\\\/oeilsportif.info\\\/index.php\\\/author\\\/tawel\\\/\"}]}<\/script>\n<!-- \/ Yoast SEO plugin. -->","yoast_head_json":{"title":"\u00ab\u00a0Ceux qui ne jouent pas, seront r\u00e9trograd\u00e9s\u00a0\u00bb, la pr\u00e9sidente du CONOR sur la d\u00e9cision des 18 clubs de ne pas jouer le championnat - le regard du sportif","robots":{"index":"index","follow":"follow","max-snippet":"max-snippet:-1","max-image-preview":"max-image-preview:large","max-video-preview":"max-video-preview:-1"},"canonical":"https:\/\/oeilsportif.info\/index.php\/ceux-qui-ne-jouent-pas-seront-retrogrades-la-presidente-du-conor-sur-la-decision-des-18-clubs-de-ne-pas-jouer-le-championnat\/","og_locale":"fr_FR","og_type":"article","og_title":"\u00ab\u00a0Ceux qui ne jouent pas, seront r\u00e9trograd\u00e9s\u00a0\u00bb, la pr\u00e9sidente du CONOR sur la d\u00e9cision des 18 clubs de ne pas jouer le championnat - le regard du sportif","og_description":"Ce samedi 15 octobre 2022, \u00e0 travers une d\u00e9claration rendue publique,\u00a018 clubs de Ligues 1 et 2 ont fait savoir leur d\u00e9cision de ne pas jouer le championnat\u00a0dont le coup d\u2019envoi en Ligue 1 est fix\u00e9 au 28 de ce mois ci. Lesdits clubs \u00e9voquent comme motif, la r\u00e9vocation du bureau ex\u00e9cutif de la Ligue [&hellip;]","og_url":"https:\/\/oeilsportif.info\/index.php\/ceux-qui-ne-jouent-pas-seront-retrogrades-la-presidente-du-conor-sur-la-decision-des-18-clubs-de-ne-pas-jouer-le-championnat\/","og_site_name":"le regard du sportif","article_published_time":"2022-10-16T10:07:53+00:00","og_image":[{"width":1080,"height":554,"url":"https:\/\/oeilsportif.info\/wp-content\/uploads\/2022\/10\/Screenshot_20221016-100631_Facebook.jpg","type":"image\/jpeg"}],"author":"L'Equipe de la R\u00e9daction","twitter_misc":{"\u00c9crit par":"L'Equipe de la R\u00e9daction","Dur\u00e9e de lecture estim\u00e9e":"3 minutes"},"schema":{"@context":"https:\/\/schema.org","@graph":[{"@type":"Article","@id":"https:\/\/oeilsportif.info\/index.php\/ceux-qui-ne-jouent-pas-seront-retrogrades-la-presidente-du-conor-sur-la-decision-des-18-clubs-de-ne-pas-jouer-le-championnat\/#article","isPartOf":{"@id":"https:\/\/oeilsportif.info\/index.php\/ceux-qui-ne-jouent-pas-seront-retrogrades-la-presidente-du-conor-sur-la-decision-des-18-clubs-de-ne-pas-jouer-le-championnat\/"},"author":{"name":"L'Equipe de la R\u00e9daction","@id":"https:\/\/oeilsportif.info\/#\/schema\/person\/cfbded294aa6095f7d96608d7905e9a1"},"headline":"\u00ab\u00a0Ceux qui ne jouent pas, seront r\u00e9trograd\u00e9s\u00a0\u00bb, la pr\u00e9sidente du CONOR sur la d\u00e9cision des 18 clubs de ne pas jouer le championnat","datePublished":"2022-10-16T10:07:53+00:00","mainEntityOfPage":{"@id":"https:\/\/oeilsportif.info\/index.php\/ceux-qui-ne-jouent-pas-seront-retrogrades-la-presidente-du-conor-sur-la-decision-des-18-clubs-de-ne-pas-jouer-le-championnat\/"},"wordCount":466,"image":{"@id":"https:\/\/oeilsportif.info\/index.php\/ceux-qui-ne-jouent-pas-seront-retrogrades-la-presidente-du-conor-sur-la-decision-des-18-clubs-de-ne-pas-jouer-le-championnat\/#primaryimage"},"thumbnailUrl":"https:\/\/i0.wp.com\/oeilsportif.info\/wp-content\/uploads\/2022\/10\/Screenshot_20221016-100631_Facebook.jpg?fit=1080%2C554&ssl=1","articleSection":["Football"],"inLanguage":"fr-FR"},{"@type":"WebPage","@id":"https:\/\/oeilsportif.info\/index.php\/ceux-qui-ne-jouent-pas-seront-retrogrades-la-presidente-du-conor-sur-la-decision-des-18-clubs-de-ne-pas-jouer-le-championnat\/","url":"https:\/\/oeilsportif.info\/index.php\/ceux-qui-ne-jouent-pas-seront-retrogrades-la-presidente-du-conor-sur-la-decision-des-18-clubs-de-ne-pas-jouer-le-championnat\/","name":"\u00ab\u00a0Ceux qui ne jouent pas, seront r\u00e9trograd\u00e9s\u00a0\u00bb, la pr\u00e9sidente du CONOR sur la d\u00e9cision des 18 clubs de ne pas jouer le championnat - le regard du sportif","isPartOf":{"@id":"https:\/\/oeilsportif.info\/#website"},"primaryImageOfPage":{"@id":"https:\/\/oeilsportif.info\/index.php\/ceux-qui-ne-jouent-pas-seront-retrogrades-la-presidente-du-conor-sur-la-decision-des-18-clubs-de-ne-pas-jouer-le-championnat\/#primaryimage"},"image":{"@id":"https:\/\/oeilsportif.info\/index.php\/ceux-qui-ne-jouent-pas-seront-retrogrades-la-presidente-du-conor-sur-la-decision-des-18-clubs-de-ne-pas-jouer-le-championnat\/#primaryimage"},"thumbnailUrl":"https:\/\/i0.wp.com\/oeilsportif.info\/wp-content\/uploads\/2022\/10\/Screenshot_20221016-100631_Facebook.jpg?fit=1080%2C554&ssl=1","datePublished":"2022-10-16T10:07:53+00:00","author":{"@id":"https:\/\/oeilsportif.info\/#\/schema\/person\/cfbded294aa6095f7d96608d7905e9a1"},"inLanguage":"fr-FR","potentialAction":[{"@type":"ReadAction","target":["https:\/\/oeilsportif.info\/index.php\/ceux-qui-ne-jouent-pas-seront-retrogrades-la-presidente-du-conor-sur-la-decision-des-18-clubs-de-ne-pas-jouer-le-championnat\/"]}]},{"@type":"ImageObject","inLanguage":"fr-FR","@id":"https:\/\/oeilsportif.info\/index.php\/ceux-qui-ne-jouent-pas-seront-retrogrades-la-presidente-du-conor-sur-la-decision-des-18-clubs-de-ne-pas-jouer-le-championnat\/#primaryimage","url":"https:\/\/i0.wp.com\/oeilsportif.info\/wp-content\/uploads\/2022\/10\/Screenshot_20221016-100631_Facebook.jpg?fit=1080%2C554&ssl=1","contentUrl":"https:\/\/i0.wp.com\/oeilsportif.info\/wp-content\/uploads\/2022\/10\/Screenshot_20221016-100631_Facebook.jpg?fit=1080%2C554&ssl=1","width":1080,"height":554},{"@type":"WebSite","@id":"https:\/\/oeilsportif.info\/#website","url":"https:\/\/oeilsportif.info\/","name":"le regard du sportif","description":"","potentialAction":[{"@type":"SearchAction","target":{"@type":"EntryPoint","urlTemplate":"https:\/\/oeilsportif.info\/?s={search_term_string}"},"query-input":{"@type":"PropertyValueSpecification","valueRequired":true,"valueName":"search_term_string"}}],"inLanguage":"fr-FR"},{"@type":"Person","@id":"https:\/\/oeilsportif.info\/#\/schema\/person\/cfbded294aa6095f7d96608d7905e9a1","name":"L'Equipe de la R\u00e9daction","image":{"@type":"ImageObject","inLanguage":"fr-FR","@id":"https:\/\/oeilsportif.info\/wp-content\/uploads\/2025\/07\/cropped-cropped-logo-os-96x96.jpeg","url":"https:\/\/oeilsportif.info\/wp-content\/uploads\/2025\/07\/cropped-cropped-logo-os-96x96.jpeg","contentUrl":"https:\/\/oeilsportif.info\/wp-content\/uploads\/2025\/07\/cropped-cropped-logo-os-96x96.jpeg","caption":"L'Equipe de la R\u00e9daction"},"url":"https:\/\/oeilsportif.info\/index.php\/author\/tawel\/"}]}},"jetpack_publicize_connections":[],"jetpack_featured_media_url":"https:\/\/i0.wp.com\/oeilsportif.info\/wp-content\/uploads\/2022\/10\/Screenshot_20221016-100631_Facebook.jpg?fit=1080%2C554&ssl=1","jetpack-related-posts":[],"jetpack_sharing_enabled":true,"jetpack_likes_enabled":true,"jetpack_shortlink":"https:\/\/wp.me\/pgFE77-zh","_links":{"self":[{"href":"https:\/\/oeilsportif.info\/index.php\/wp-json\/wp\/v2\/posts\/2187","targetHints":{"allow":["GET"]}}],"collection":[{"href":"https:\/\/oeilsportif.info\/index.php\/wp-json\/wp\/v2\/posts"}],"about":[{"href":"https:\/\/oeilsportif.info\/index.php\/wp-json\/wp\/v2\/types\/post"}],"author":[{"embeddable":true,"href":"https:\/\/oeilsportif.info\/index.php\/wp-json\/wp\/v2\/users\/2"}],"replies":[{"embeddable":true,"href":"https:\/\/oeilsportif.info\/index.php\/wp-json\/wp\/v2\/comments?post=2187"}],"version-history":[{"count":0,"href":"https:\/\/oeilsportif.info\/index.php\/wp-json\/wp\/v2\/posts\/2187\/revisions"}],"wp:featuredmedia":[{"embeddable":true,"href":"https:\/\/oeilsportif.info\/index.php\/wp-json\/wp\/v2\/media\/2188"}],"wp:attachment":[{"href":"https:\/\/oeilsportif.info\/index.php\/wp-json\/wp\/v2\/media?parent=2187"}],"wp:term":[{"taxonomy":"category","embeddable":true,"href":"https:\/\/oeilsportif.info\/index.php\/wp-json\/wp\/v2\/categories?post=2187"},{"taxonomy":"post_tag","embeddable":true,"href":"https:\/\/oeilsportif.info\/index.php\/wp-json\/wp\/v2\/tags?post=2187"}],"curies":[{"name":"wp","href":"https:\/\/api.w.org\/{rel}","templated":true}]}}