{"id":2181,"date":"2022-10-14T18:35:56","date_gmt":"2022-10-14T18:35:56","guid":{"rendered":"https:\/\/oeilsportif.info\/index.php\/?p=2181"},"modified":"2022-10-14T18:35:56","modified_gmt":"2022-10-14T18:35:56","slug":"football-sponsoring-le-groupe-guicopres-signe-un-contrat-de-quatre-ans-avec-la-feguifoot","status":"publish","type":"post","link":"https:\/\/oeilsportif.info\/index.php\/football-sponsoring-le-groupe-guicopres-signe-un-contrat-de-quatre-ans-avec-la-feguifoot\/","title":{"rendered":"FOOTBALL \/ SPONSORING : Le groupe Guicopres signe un contrat de quatre ans avec la Feguifoot !"},"content":{"rendered":"<p>Apr\u00e8s plusieurs mois de n\u00e9gociations, le leader des BTP en Guin\u00e9e, le groupe Guicopres a sign\u00e9 un contrat de quatre ans avec la F\u00e9d\u00e9ration Guin\u00e9enne de Football ce vendredi apr\u00e8s midi \u00e0 son si\u00e8ge \u00e0 Kaloum. Dans cet accord le groupe Guicopres va accompagner la Feguifoot \u00e0 hauteur de soixante milliards de francs soit, quinze milliards GNF par ans. Dans son discours, la pr\u00e9sidente du Conor a remerci\u00e9 le groupe Guicopres et son pr\u00e9sident Kerfalla Camara KPC avant de dire : \u00ab <strong>Ce que le groupe Guicopres vient de d\u00e9r\u00e9aliser, c\u2019est du jamais vu en Guin\u00e9e, il m\u00e9rite un tonnerre d\u2019applaudissement (\u2026 ) \u00bb<\/strong><\/p>\n<p>S\u00e9kouna Camara<\/p>\n","protected":false},"excerpt":{"rendered":"<p>Apr\u00e8s plusieurs mois de n\u00e9gociations, le leader des BTP en Guin\u00e9e, le groupe Guicopres a sign\u00e9 un contrat de quatre ans avec la F\u00e9d\u00e9ration Guin\u00e9enne de Football ce vendredi apr\u00e8s midi \u00e0 son si\u00e8ge \u00e0 Kaloum. Dans cet accord le groupe Guicopres va accompagner la Feguifoot \u00e0 hauteur de soixante milliards de francs soit, quinze [&hellip;]<\/p>\n","protected":false},"author":2,"featured_media":2182,"comment_status":"closed","ping_status":"open","sticky":false,"template":"","format":"standard","meta":{"_jetpack_memberships_contains_paid_content":false,"footnotes":"","jetpack_publicize_message":"","jetpack_publicize_feature_enabled":true,"jetpack_social_post_already_shared":true,"jetpack_social_options":{"image_generator_settings":{"template":"highway","default_image_id":0,"font":"","enabled":false},"version":2}},"categories":[5],"tags":[],"class_list":{"0":"post-2181","1":"post","2":"type-post","3":"status-publish","4":"format-standard","5":"has-post-thumbnail","7":"category-football"},"yoast_head":"<!-- This site is optimized with the Yoast SEO plugin v27.4 - https:\/\/yoast.com\/product\/yoast-seo-wordpress\/ -->\n<title>FOOTBALL \/ SPONSORING : Le groupe Guicopres signe un contrat de quatre ans avec la Feguifoot ! - le regard du sportif<\/title>\n<meta name=\"robots\" content=\"index, follow, max-snippet:-1, max-image-preview:large, max-video-preview:-1\" \/>\n<link rel=\"canonical\" href=\"https:\/\/oeilsportif.info\/index.php\/football-sponsoring-le-groupe-guicopres-signe-un-contrat-de-quatre-ans-avec-la-feguifoot\/\" \/>\n<meta property=\"og:locale\" content=\"fr_FR\" \/>\n<meta property=\"og:type\" content=\"article\" \/>\n<meta property=\"og:title\" content=\"FOOTBALL \/ SPONSORING : Le groupe Guicopres signe un contrat de quatre ans avec la Feguifoot ! - le regard du sportif\" \/>\n<meta property=\"og:description\" content=\"Apr\u00e8s plusieurs mois de n\u00e9gociations, le leader des BTP en Guin\u00e9e, le groupe Guicopres a sign\u00e9 un contrat de quatre ans avec la F\u00e9d\u00e9ration Guin\u00e9enne de Football ce vendredi apr\u00e8s midi \u00e0 son si\u00e8ge \u00e0 Kaloum. Dans cet accord le groupe Guicopres va accompagner la Feguifoot \u00e0 hauteur de soixante milliards de francs soit, quinze [&hellip;]\" \/>\n<meta property=\"og:url\" content=\"https:\/\/oeilsportif.info\/index.php\/football-sponsoring-le-groupe-guicopres-signe-un-contrat-de-quatre-ans-avec-la-feguifoot\/\" \/>\n<meta property=\"og:site_name\" content=\"le regard du sportif\" \/>\n<meta property=\"article:published_time\" content=\"2022-10-14T18:35:56+00:00\" \/>\n<meta property=\"og:image\" content=\"https:\/\/oeilsportif.info\/wp-content\/uploads\/2022\/10\/received_514019250185108.jpeg\" \/>\n\t<meta property=\"og:image:width\" content=\"720\" \/>\n\t<meta property=\"og:image:height\" content=\"540\" \/>\n\t<meta property=\"og:image:type\" content=\"image\/jpeg\" \/>\n<meta name=\"author\" content=\"L&#039;Equipe de la R\u00e9daction\" \/>\n<meta name=\"twitter:label1\" content=\"\u00c9crit par\" \/>\n\t<meta name=\"twitter:data1\" content=\"L&#039;Equipe de la R\u00e9daction\" \/>\n\t<meta name=\"twitter:label2\" content=\"Dur\u00e9e de lecture estim\u00e9e\" \/>\n\t<meta name=\"twitter:data2\" content=\"1 minute\" \/>\n<script type=\"application\/ld+json\" class=\"yoast-schema-graph\">{\"@context\":\"https:\\\/\\\/schema.org\",\"@graph\":[{\"@type\":\"Article\",\"@id\":\"https:\\\/\\\/oeilsportif.info\\\/index.php\\\/football-sponsoring-le-groupe-guicopres-signe-un-contrat-de-quatre-ans-avec-la-feguifoot\\\/#article\",\"isPartOf\":{\"@id\":\"https:\\\/\\\/oeilsportif.info\\\/index.php\\\/football-sponsoring-le-groupe-guicopres-signe-un-contrat-de-quatre-ans-avec-la-feguifoot\\\/\"},\"author\":{\"name\":\"L'Equipe de la R\u00e9daction\",\"@id\":\"https:\\\/\\\/oeilsportif.info\\\/#\\\/schema\\\/person\\\/cfbded294aa6095f7d96608d7905e9a1\"},\"headline\":\"FOOTBALL \\\/ SPONSORING : Le groupe Guicopres signe un contrat de quatre ans avec la Feguifoot !\",\"datePublished\":\"2022-10-14T18:35:56+00:00\",\"mainEntityOfPage\":{\"@id\":\"https:\\\/\\\/oeilsportif.info\\\/index.php\\\/football-sponsoring-le-groupe-guicopres-signe-un-contrat-de-quatre-ans-avec-la-feguifoot\\\/\"},\"wordCount\":129,\"image\":{\"@id\":\"https:\\\/\\\/oeilsportif.info\\\/index.php\\\/football-sponsoring-le-groupe-guicopres-signe-un-contrat-de-quatre-ans-avec-la-feguifoot\\\/#primaryimage\"},\"thumbnailUrl\":\"https:\\\/\\\/i0.wp.com\\\/oeilsportif.info\\\/wp-content\\\/uploads\\\/2022\\\/10\\\/received_514019250185108.jpeg?fit=720%2C540&ssl=1\",\"articleSection\":[\"Football\"],\"inLanguage\":\"fr-FR\"},{\"@type\":\"WebPage\",\"@id\":\"https:\\\/\\\/oeilsportif.info\\\/index.php\\\/football-sponsoring-le-groupe-guicopres-signe-un-contrat-de-quatre-ans-avec-la-feguifoot\\\/\",\"url\":\"https:\\\/\\\/oeilsportif.info\\\/index.php\\\/football-sponsoring-le-groupe-guicopres-signe-un-contrat-de-quatre-ans-avec-la-feguifoot\\\/\",\"name\":\"FOOTBALL \\\/ SPONSORING : Le groupe Guicopres signe un contrat de quatre ans avec la Feguifoot ! - le regard du sportif\",\"isPartOf\":{\"@id\":\"https:\\\/\\\/oeilsportif.info\\\/#website\"},\"primaryImageOfPage\":{\"@id\":\"https:\\\/\\\/oeilsportif.info\\\/index.php\\\/football-sponsoring-le-groupe-guicopres-signe-un-contrat-de-quatre-ans-avec-la-feguifoot\\\/#primaryimage\"},\"image\":{\"@id\":\"https:\\\/\\\/oeilsportif.info\\\/index.php\\\/football-sponsoring-le-groupe-guicopres-signe-un-contrat-de-quatre-ans-avec-la-feguifoot\\\/#primaryimage\"},\"thumbnailUrl\":\"https:\\\/\\\/i0.wp.com\\\/oeilsportif.info\\\/wp-content\\\/uploads\\\/2022\\\/10\\\/received_514019250185108.jpeg?fit=720%2C540&ssl=1\",\"datePublished\":\"2022-10-14T18:35:56+00:00\",\"author\":{\"@id\":\"https:\\\/\\\/oeilsportif.info\\\/#\\\/schema\\\/person\\\/cfbded294aa6095f7d96608d7905e9a1\"},\"inLanguage\":\"fr-FR\",\"potentialAction\":[{\"@type\":\"ReadAction\",\"target\":[\"https:\\\/\\\/oeilsportif.info\\\/index.php\\\/football-sponsoring-le-groupe-guicopres-signe-un-contrat-de-quatre-ans-avec-la-feguifoot\\\/\"]}]},{\"@type\":\"ImageObject\",\"inLanguage\":\"fr-FR\",\"@id\":\"https:\\\/\\\/oeilsportif.info\\\/index.php\\\/football-sponsoring-le-groupe-guicopres-signe-un-contrat-de-quatre-ans-avec-la-feguifoot\\\/#primaryimage\",\"url\":\"https:\\\/\\\/i0.wp.com\\\/oeilsportif.info\\\/wp-content\\\/uploads\\\/2022\\\/10\\\/received_514019250185108.jpeg?fit=720%2C540&ssl=1\",\"contentUrl\":\"https:\\\/\\\/i0.wp.com\\\/oeilsportif.info\\\/wp-content\\\/uploads\\\/2022\\\/10\\\/received_514019250185108.jpeg?fit=720%2C540&ssl=1\",\"width\":720,\"height\":540},{\"@type\":\"WebSite\",\"@id\":\"https:\\\/\\\/oeilsportif.info\\\/#website\",\"url\":\"https:\\\/\\\/oeilsportif.info\\\/\",\"name\":\"le regard du sportif\",\"description\":\"\",\"potentialAction\":[{\"@type\":\"SearchAction\",\"target\":{\"@type\":\"EntryPoint\",\"urlTemplate\":\"https:\\\/\\\/oeilsportif.info\\\/?s={search_term_string}\"},\"query-input\":{\"@type\":\"PropertyValueSpecification\",\"valueRequired\":true,\"valueName\":\"search_term_string\"}}],\"inLanguage\":\"fr-FR\"},{\"@type\":\"Person\",\"@id\":\"https:\\\/\\\/oeilsportif.info\\\/#\\\/schema\\\/person\\\/cfbded294aa6095f7d96608d7905e9a1\",\"name\":\"L'Equipe de la R\u00e9daction\",\"image\":{\"@type\":\"ImageObject\",\"inLanguage\":\"fr-FR\",\"@id\":\"https:\\\/\\\/oeilsportif.info\\\/wp-content\\\/uploads\\\/2025\\\/07\\\/cropped-cropped-logo-os-96x96.jpeg\",\"url\":\"https:\\\/\\\/oeilsportif.info\\\/wp-content\\\/uploads\\\/2025\\\/07\\\/cropped-cropped-logo-os-96x96.jpeg\",\"contentUrl\":\"https:\\\/\\\/oeilsportif.info\\\/wp-content\\\/uploads\\\/2025\\\/07\\\/cropped-cropped-logo-os-96x96.jpeg\",\"caption\":\"L'Equipe de la R\u00e9daction\"},\"url\":\"https:\\\/\\\/oeilsportif.info\\\/index.php\\\/author\\\/tawel\\\/\"}]}<\/script>\n<!-- \/ Yoast SEO plugin. -->","yoast_head_json":{"title":"FOOTBALL \/ SPONSORING : Le groupe Guicopres signe un contrat de quatre ans avec la Feguifoot ! - le regard du sportif","robots":{"index":"index","follow":"follow","max-snippet":"max-snippet:-1","max-image-preview":"max-image-preview:large","max-video-preview":"max-video-preview:-1"},"canonical":"https:\/\/oeilsportif.info\/index.php\/football-sponsoring-le-groupe-guicopres-signe-un-contrat-de-quatre-ans-avec-la-feguifoot\/","og_locale":"fr_FR","og_type":"article","og_title":"FOOTBALL \/ SPONSORING : Le groupe Guicopres signe un contrat de quatre ans avec la Feguifoot ! - le regard du sportif","og_description":"Apr\u00e8s plusieurs mois de n\u00e9gociations, le leader des BTP en Guin\u00e9e, le groupe Guicopres a sign\u00e9 un contrat de quatre ans avec la F\u00e9d\u00e9ration Guin\u00e9enne de Football ce vendredi apr\u00e8s midi \u00e0 son si\u00e8ge \u00e0 Kaloum. Dans cet accord le groupe Guicopres va accompagner la Feguifoot \u00e0 hauteur de soixante milliards de francs soit, quinze [&hellip;]","og_url":"https:\/\/oeilsportif.info\/index.php\/football-sponsoring-le-groupe-guicopres-signe-un-contrat-de-quatre-ans-avec-la-feguifoot\/","og_site_name":"le regard du sportif","article_published_time":"2022-10-14T18:35:56+00:00","og_image":[{"width":720,"height":540,"url":"https:\/\/oeilsportif.info\/wp-content\/uploads\/2022\/10\/received_514019250185108.jpeg","type":"image\/jpeg"}],"author":"L'Equipe de la R\u00e9daction","twitter_misc":{"\u00c9crit par":"L'Equipe de la R\u00e9daction","Dur\u00e9e de lecture estim\u00e9e":"1 minute"},"schema":{"@context":"https:\/\/schema.org","@graph":[{"@type":"Article","@id":"https:\/\/oeilsportif.info\/index.php\/football-sponsoring-le-groupe-guicopres-signe-un-contrat-de-quatre-ans-avec-la-feguifoot\/#article","isPartOf":{"@id":"https:\/\/oeilsportif.info\/index.php\/football-sponsoring-le-groupe-guicopres-signe-un-contrat-de-quatre-ans-avec-la-feguifoot\/"},"author":{"name":"L'Equipe de la R\u00e9daction","@id":"https:\/\/oeilsportif.info\/#\/schema\/person\/cfbded294aa6095f7d96608d7905e9a1"},"headline":"FOOTBALL \/ SPONSORING : Le groupe Guicopres signe un contrat de quatre ans avec la Feguifoot !","datePublished":"2022-10-14T18:35:56+00:00","mainEntityOfPage":{"@id":"https:\/\/oeilsportif.info\/index.php\/football-sponsoring-le-groupe-guicopres-signe-un-contrat-de-quatre-ans-avec-la-feguifoot\/"},"wordCount":129,"image":{"@id":"https:\/\/oeilsportif.info\/index.php\/football-sponsoring-le-groupe-guicopres-signe-un-contrat-de-quatre-ans-avec-la-feguifoot\/#primaryimage"},"thumbnailUrl":"https:\/\/i0.wp.com\/oeilsportif.info\/wp-content\/uploads\/2022\/10\/received_514019250185108.jpeg?fit=720%2C540&ssl=1","articleSection":["Football"],"inLanguage":"fr-FR"},{"@type":"WebPage","@id":"https:\/\/oeilsportif.info\/index.php\/football-sponsoring-le-groupe-guicopres-signe-un-contrat-de-quatre-ans-avec-la-feguifoot\/","url":"https:\/\/oeilsportif.info\/index.php\/football-sponsoring-le-groupe-guicopres-signe-un-contrat-de-quatre-ans-avec-la-feguifoot\/","name":"FOOTBALL \/ SPONSORING : Le groupe Guicopres signe un contrat de quatre ans avec la Feguifoot ! - le regard du sportif","isPartOf":{"@id":"https:\/\/oeilsportif.info\/#website"},"primaryImageOfPage":{"@id":"https:\/\/oeilsportif.info\/index.php\/football-sponsoring-le-groupe-guicopres-signe-un-contrat-de-quatre-ans-avec-la-feguifoot\/#primaryimage"},"image":{"@id":"https:\/\/oeilsportif.info\/index.php\/football-sponsoring-le-groupe-guicopres-signe-un-contrat-de-quatre-ans-avec-la-feguifoot\/#primaryimage"},"thumbnailUrl":"https:\/\/i0.wp.com\/oeilsportif.info\/wp-content\/uploads\/2022\/10\/received_514019250185108.jpeg?fit=720%2C540&ssl=1","datePublished":"2022-10-14T18:35:56+00:00","author":{"@id":"https:\/\/oeilsportif.info\/#\/schema\/person\/cfbded294aa6095f7d96608d7905e9a1"},"inLanguage":"fr-FR","potentialAction":[{"@type":"ReadAction","target":["https:\/\/oeilsportif.info\/index.php\/football-sponsoring-le-groupe-guicopres-signe-un-contrat-de-quatre-ans-avec-la-feguifoot\/"]}]},{"@type":"ImageObject","inLanguage":"fr-FR","@id":"https:\/\/oeilsportif.info\/index.php\/football-sponsoring-le-groupe-guicopres-signe-un-contrat-de-quatre-ans-avec-la-feguifoot\/#primaryimage","url":"https:\/\/i0.wp.com\/oeilsportif.info\/wp-content\/uploads\/2022\/10\/received_514019250185108.jpeg?fit=720%2C540&ssl=1","contentUrl":"https:\/\/i0.wp.com\/oeilsportif.info\/wp-content\/uploads\/2022\/10\/received_514019250185108.jpeg?fit=720%2C540&ssl=1","width":720,"height":540},{"@type":"WebSite","@id":"https:\/\/oeilsportif.info\/#website","url":"https:\/\/oeilsportif.info\/","name":"le regard du sportif","description":"","potentialAction":[{"@type":"SearchAction","target":{"@type":"EntryPoint","urlTemplate":"https:\/\/oeilsportif.info\/?s={search_term_string}"},"query-input":{"@type":"PropertyValueSpecification","valueRequired":true,"valueName":"search_term_string"}}],"inLanguage":"fr-FR"},{"@type":"Person","@id":"https:\/\/oeilsportif.info\/#\/schema\/person\/cfbded294aa6095f7d96608d7905e9a1","name":"L'Equipe de la R\u00e9daction","image":{"@type":"ImageObject","inLanguage":"fr-FR","@id":"https:\/\/oeilsportif.info\/wp-content\/uploads\/2025\/07\/cropped-cropped-logo-os-96x96.jpeg","url":"https:\/\/oeilsportif.info\/wp-content\/uploads\/2025\/07\/cropped-cropped-logo-os-96x96.jpeg","contentUrl":"https:\/\/oeilsportif.info\/wp-content\/uploads\/2025\/07\/cropped-cropped-logo-os-96x96.jpeg","caption":"L'Equipe de la R\u00e9daction"},"url":"https:\/\/oeilsportif.info\/index.php\/author\/tawel\/"}]}},"jetpack_publicize_connections":[],"jetpack_featured_media_url":"https:\/\/i0.wp.com\/oeilsportif.info\/wp-content\/uploads\/2022\/10\/received_514019250185108.jpeg?fit=720%2C540&ssl=1","jetpack-related-posts":[],"jetpack_sharing_enabled":true,"jetpack_likes_enabled":true,"jetpack_shortlink":"https:\/\/wp.me\/pgFE77-zb","_links":{"self":[{"href":"https:\/\/oeilsportif.info\/index.php\/wp-json\/wp\/v2\/posts\/2181","targetHints":{"allow":["GET"]}}],"collection":[{"href":"https:\/\/oeilsportif.info\/index.php\/wp-json\/wp\/v2\/posts"}],"about":[{"href":"https:\/\/oeilsportif.info\/index.php\/wp-json\/wp\/v2\/types\/post"}],"author":[{"embeddable":true,"href":"https:\/\/oeilsportif.info\/index.php\/wp-json\/wp\/v2\/users\/2"}],"replies":[{"embeddable":true,"href":"https:\/\/oeilsportif.info\/index.php\/wp-json\/wp\/v2\/comments?post=2181"}],"version-history":[{"count":0,"href":"https:\/\/oeilsportif.info\/index.php\/wp-json\/wp\/v2\/posts\/2181\/revisions"}],"wp:featuredmedia":[{"embeddable":true,"href":"https:\/\/oeilsportif.info\/index.php\/wp-json\/wp\/v2\/media\/2182"}],"wp:attachment":[{"href":"https:\/\/oeilsportif.info\/index.php\/wp-json\/wp\/v2\/media?parent=2181"}],"wp:term":[{"taxonomy":"category","embeddable":true,"href":"https:\/\/oeilsportif.info\/index.php\/wp-json\/wp\/v2\/categories?post=2181"},{"taxonomy":"post_tag","embeddable":true,"href":"https:\/\/oeilsportif.info\/index.php\/wp-json\/wp\/v2\/tags?post=2181"}],"curies":[{"name":"wp","href":"https:\/\/api.w.org\/{rel}","templated":true}]}}