{"id":2178,"date":"2022-10-13T16:32:46","date_gmt":"2022-10-13T16:32:46","guid":{"rendered":"https:\/\/oeilsportif.info\/index.php\/?p=2178"},"modified":"2022-10-13T16:32:46","modified_gmt":"2022-10-13T16:32:46","slug":"lgfp-le-bureau-provisoire-de-gestion-sactive-pour-le-demarrage-effectif-du-championnat-le-28-octobre-prochain","status":"publish","type":"post","link":"https:\/\/oeilsportif.info\/index.php\/lgfp-le-bureau-provisoire-de-gestion-sactive-pour-le-demarrage-effectif-du-championnat-le-28-octobre-prochain\/","title":{"rendered":"LGFP : Le Bureau Provisoire de Gestion s&rsquo;active pour le d\u00e9marrage effectif du championnat le 28 octobre prochain !"},"content":{"rendered":"<p><strong>Il y a 24 heures, la LGFP a officialis\u00e9 le d\u00e9marrage du championnat national L1 saison 2022-2023 le vendredi 28 octobre 2022. Ce jeudi, une r\u00e9union a regroup\u00e9 les membres du Bureau Provisoire de Gestion de la LGFP<\/strong>.<\/p>\n<p>A cet effet, deux points \u00e9taient inscrits \u00e0 l&rsquo;ordre du jour \u00e0 savoir : Les informations g\u00e9n\u00e9rales et les divers. Dans la rubrique informations g\u00e9n\u00e9rales, le Bureau provisoire de Gestion a maintenu la date du 28 octobre et a demand\u00e9 aux departements marketing, communication et comp\u00e9tition de prendre toutes les dispositions pour donner un \u00e9clat particulier \u00e0 la premi\u00e8re journ\u00e9e. Aussi, le bureau a inform\u00e9 l&rsquo;envoi des correspondances aux Directeurs des stades retenus et une mission de prospection ira vers ces stades la semaine prochaine. Concernant les subventions, les clubs seront invit\u00e9s courant semaine prochaine, \u00e0 venir retirer la premi\u00e8re tranche. Sur le d\u00e9roulement de la comp\u00e9tition, le calendrier est d\u00e9j\u00e0 \u00e9labor\u00e9 et sera tr\u00e8s rapidement ventil\u00e9. Sans occulter que les couriers d&rsquo;informations ont \u00e9t\u00e9 adress\u00e9s au Minist\u00e8re de la Jeunesse et des Sports, au Conor et aux clubs&#8230;<\/p>\n<p><strong>S\u00e9kouna Camara<\/strong><\/p>\n","protected":false},"excerpt":{"rendered":"<p>Il y a 24 heures, la LGFP a officialis\u00e9 le d\u00e9marrage du championnat national L1 saison 2022-2023 le vendredi 28 octobre 2022. Ce jeudi, une r\u00e9union a regroup\u00e9 les membres du Bureau Provisoire de Gestion de la LGFP. A cet effet, deux points \u00e9taient inscrits \u00e0 l&rsquo;ordre du jour \u00e0 savoir : Les informations g\u00e9n\u00e9rales [&hellip;]<\/p>\n","protected":false},"author":2,"featured_media":2179,"comment_status":"closed","ping_status":"open","sticky":false,"template":"","format":"standard","meta":{"_jetpack_memberships_contains_paid_content":false,"footnotes":"","jetpack_publicize_message":"","jetpack_publicize_feature_enabled":true,"jetpack_social_post_already_shared":true,"jetpack_social_options":{"image_generator_settings":{"template":"highway","default_image_id":0,"font":"","enabled":false},"version":2}},"categories":[5],"tags":[],"class_list":{"0":"post-2178","1":"post","2":"type-post","3":"status-publish","4":"format-standard","5":"has-post-thumbnail","7":"category-football"},"yoast_head":"<!-- This site is optimized with the Yoast SEO plugin v27.4 - https:\/\/yoast.com\/product\/yoast-seo-wordpress\/ -->\n<title>LGFP : Le Bureau Provisoire de Gestion s&#039;active pour le d\u00e9marrage effectif du championnat le 28 octobre prochain ! - le regard du sportif<\/title>\n<meta name=\"robots\" content=\"index, follow, max-snippet:-1, max-image-preview:large, max-video-preview:-1\" \/>\n<link rel=\"canonical\" href=\"https:\/\/oeilsportif.info\/index.php\/lgfp-le-bureau-provisoire-de-gestion-sactive-pour-le-demarrage-effectif-du-championnat-le-28-octobre-prochain\/\" \/>\n<meta property=\"og:locale\" content=\"fr_FR\" \/>\n<meta property=\"og:type\" content=\"article\" \/>\n<meta property=\"og:title\" content=\"LGFP : Le Bureau Provisoire de Gestion s&#039;active pour le d\u00e9marrage effectif du championnat le 28 octobre prochain ! - le regard du sportif\" \/>\n<meta property=\"og:description\" content=\"Il y a 24 heures, la LGFP a officialis\u00e9 le d\u00e9marrage du championnat national L1 saison 2022-2023 le vendredi 28 octobre 2022. Ce jeudi, une r\u00e9union a regroup\u00e9 les membres du Bureau Provisoire de Gestion de la LGFP. A cet effet, deux points \u00e9taient inscrits \u00e0 l&rsquo;ordre du jour \u00e0 savoir : Les informations g\u00e9n\u00e9rales [&hellip;]\" \/>\n<meta property=\"og:url\" content=\"https:\/\/oeilsportif.info\/index.php\/lgfp-le-bureau-provisoire-de-gestion-sactive-pour-le-demarrage-effectif-du-championnat-le-28-octobre-prochain\/\" \/>\n<meta property=\"og:site_name\" content=\"le regard du sportif\" \/>\n<meta property=\"article:published_time\" content=\"2022-10-13T16:32:46+00:00\" \/>\n<meta property=\"og:image\" content=\"https:\/\/oeilsportif.info\/wp-content\/uploads\/2022\/10\/FB_IMG_1665678666083.jpg\" \/>\n\t<meta property=\"og:image:width\" content=\"1068\" \/>\n\t<meta property=\"og:image:height\" content=\"606\" \/>\n\t<meta property=\"og:image:type\" content=\"image\/jpeg\" \/>\n<meta name=\"author\" content=\"L&#039;Equipe de la R\u00e9daction\" \/>\n<meta name=\"twitter:label1\" content=\"\u00c9crit par\" \/>\n\t<meta name=\"twitter:data1\" content=\"L&#039;Equipe de la R\u00e9daction\" \/>\n\t<meta name=\"twitter:label2\" content=\"Dur\u00e9e de lecture estim\u00e9e\" \/>\n\t<meta name=\"twitter:data2\" content=\"1 minute\" \/>\n<script type=\"application\/ld+json\" class=\"yoast-schema-graph\">{\"@context\":\"https:\\\/\\\/schema.org\",\"@graph\":[{\"@type\":\"Article\",\"@id\":\"https:\\\/\\\/oeilsportif.info\\\/index.php\\\/lgfp-le-bureau-provisoire-de-gestion-sactive-pour-le-demarrage-effectif-du-championnat-le-28-octobre-prochain\\\/#article\",\"isPartOf\":{\"@id\":\"https:\\\/\\\/oeilsportif.info\\\/index.php\\\/lgfp-le-bureau-provisoire-de-gestion-sactive-pour-le-demarrage-effectif-du-championnat-le-28-octobre-prochain\\\/\"},\"author\":{\"name\":\"L'Equipe de la R\u00e9daction\",\"@id\":\"https:\\\/\\\/oeilsportif.info\\\/#\\\/schema\\\/person\\\/cfbded294aa6095f7d96608d7905e9a1\"},\"headline\":\"LGFP : Le Bureau Provisoire de Gestion s&rsquo;active pour le d\u00e9marrage effectif du championnat le 28 octobre prochain !\",\"datePublished\":\"2022-10-13T16:32:46+00:00\",\"mainEntityOfPage\":{\"@id\":\"https:\\\/\\\/oeilsportif.info\\\/index.php\\\/lgfp-le-bureau-provisoire-de-gestion-sactive-pour-le-demarrage-effectif-du-championnat-le-28-octobre-prochain\\\/\"},\"wordCount\":209,\"image\":{\"@id\":\"https:\\\/\\\/oeilsportif.info\\\/index.php\\\/lgfp-le-bureau-provisoire-de-gestion-sactive-pour-le-demarrage-effectif-du-championnat-le-28-octobre-prochain\\\/#primaryimage\"},\"thumbnailUrl\":\"https:\\\/\\\/i0.wp.com\\\/oeilsportif.info\\\/wp-content\\\/uploads\\\/2022\\\/10\\\/FB_IMG_1665678666083.jpg?fit=1068%2C606&ssl=1\",\"articleSection\":[\"Football\"],\"inLanguage\":\"fr-FR\"},{\"@type\":\"WebPage\",\"@id\":\"https:\\\/\\\/oeilsportif.info\\\/index.php\\\/lgfp-le-bureau-provisoire-de-gestion-sactive-pour-le-demarrage-effectif-du-championnat-le-28-octobre-prochain\\\/\",\"url\":\"https:\\\/\\\/oeilsportif.info\\\/index.php\\\/lgfp-le-bureau-provisoire-de-gestion-sactive-pour-le-demarrage-effectif-du-championnat-le-28-octobre-prochain\\\/\",\"name\":\"LGFP : Le Bureau Provisoire de Gestion s'active pour le d\u00e9marrage effectif du championnat le 28 octobre prochain ! - le regard du sportif\",\"isPartOf\":{\"@id\":\"https:\\\/\\\/oeilsportif.info\\\/#website\"},\"primaryImageOfPage\":{\"@id\":\"https:\\\/\\\/oeilsportif.info\\\/index.php\\\/lgfp-le-bureau-provisoire-de-gestion-sactive-pour-le-demarrage-effectif-du-championnat-le-28-octobre-prochain\\\/#primaryimage\"},\"image\":{\"@id\":\"https:\\\/\\\/oeilsportif.info\\\/index.php\\\/lgfp-le-bureau-provisoire-de-gestion-sactive-pour-le-demarrage-effectif-du-championnat-le-28-octobre-prochain\\\/#primaryimage\"},\"thumbnailUrl\":\"https:\\\/\\\/i0.wp.com\\\/oeilsportif.info\\\/wp-content\\\/uploads\\\/2022\\\/10\\\/FB_IMG_1665678666083.jpg?fit=1068%2C606&ssl=1\",\"datePublished\":\"2022-10-13T16:32:46+00:00\",\"author\":{\"@id\":\"https:\\\/\\\/oeilsportif.info\\\/#\\\/schema\\\/person\\\/cfbded294aa6095f7d96608d7905e9a1\"},\"inLanguage\":\"fr-FR\",\"potentialAction\":[{\"@type\":\"ReadAction\",\"target\":[\"https:\\\/\\\/oeilsportif.info\\\/index.php\\\/lgfp-le-bureau-provisoire-de-gestion-sactive-pour-le-demarrage-effectif-du-championnat-le-28-octobre-prochain\\\/\"]}]},{\"@type\":\"ImageObject\",\"inLanguage\":\"fr-FR\",\"@id\":\"https:\\\/\\\/oeilsportif.info\\\/index.php\\\/lgfp-le-bureau-provisoire-de-gestion-sactive-pour-le-demarrage-effectif-du-championnat-le-28-octobre-prochain\\\/#primaryimage\",\"url\":\"https:\\\/\\\/i0.wp.com\\\/oeilsportif.info\\\/wp-content\\\/uploads\\\/2022\\\/10\\\/FB_IMG_1665678666083.jpg?fit=1068%2C606&ssl=1\",\"contentUrl\":\"https:\\\/\\\/i0.wp.com\\\/oeilsportif.info\\\/wp-content\\\/uploads\\\/2022\\\/10\\\/FB_IMG_1665678666083.jpg?fit=1068%2C606&ssl=1\",\"width\":1068,\"height\":606},{\"@type\":\"WebSite\",\"@id\":\"https:\\\/\\\/oeilsportif.info\\\/#website\",\"url\":\"https:\\\/\\\/oeilsportif.info\\\/\",\"name\":\"le regard du sportif\",\"description\":\"\",\"potentialAction\":[{\"@type\":\"SearchAction\",\"target\":{\"@type\":\"EntryPoint\",\"urlTemplate\":\"https:\\\/\\\/oeilsportif.info\\\/?s={search_term_string}\"},\"query-input\":{\"@type\":\"PropertyValueSpecification\",\"valueRequired\":true,\"valueName\":\"search_term_string\"}}],\"inLanguage\":\"fr-FR\"},{\"@type\":\"Person\",\"@id\":\"https:\\\/\\\/oeilsportif.info\\\/#\\\/schema\\\/person\\\/cfbded294aa6095f7d96608d7905e9a1\",\"name\":\"L'Equipe de la R\u00e9daction\",\"image\":{\"@type\":\"ImageObject\",\"inLanguage\":\"fr-FR\",\"@id\":\"https:\\\/\\\/oeilsportif.info\\\/wp-content\\\/uploads\\\/2025\\\/07\\\/cropped-cropped-logo-os-96x96.jpeg\",\"url\":\"https:\\\/\\\/oeilsportif.info\\\/wp-content\\\/uploads\\\/2025\\\/07\\\/cropped-cropped-logo-os-96x96.jpeg\",\"contentUrl\":\"https:\\\/\\\/oeilsportif.info\\\/wp-content\\\/uploads\\\/2025\\\/07\\\/cropped-cropped-logo-os-96x96.jpeg\",\"caption\":\"L'Equipe de la R\u00e9daction\"},\"url\":\"https:\\\/\\\/oeilsportif.info\\\/index.php\\\/author\\\/tawel\\\/\"}]}<\/script>\n<!-- \/ Yoast SEO plugin. -->","yoast_head_json":{"title":"LGFP : Le Bureau Provisoire de Gestion s'active pour le d\u00e9marrage effectif du championnat le 28 octobre prochain ! - le regard du sportif","robots":{"index":"index","follow":"follow","max-snippet":"max-snippet:-1","max-image-preview":"max-image-preview:large","max-video-preview":"max-video-preview:-1"},"canonical":"https:\/\/oeilsportif.info\/index.php\/lgfp-le-bureau-provisoire-de-gestion-sactive-pour-le-demarrage-effectif-du-championnat-le-28-octobre-prochain\/","og_locale":"fr_FR","og_type":"article","og_title":"LGFP : Le Bureau Provisoire de Gestion s'active pour le d\u00e9marrage effectif du championnat le 28 octobre prochain ! - le regard du sportif","og_description":"Il y a 24 heures, la LGFP a officialis\u00e9 le d\u00e9marrage du championnat national L1 saison 2022-2023 le vendredi 28 octobre 2022. Ce jeudi, une r\u00e9union a regroup\u00e9 les membres du Bureau Provisoire de Gestion de la LGFP. A cet effet, deux points \u00e9taient inscrits \u00e0 l&rsquo;ordre du jour \u00e0 savoir : Les informations g\u00e9n\u00e9rales [&hellip;]","og_url":"https:\/\/oeilsportif.info\/index.php\/lgfp-le-bureau-provisoire-de-gestion-sactive-pour-le-demarrage-effectif-du-championnat-le-28-octobre-prochain\/","og_site_name":"le regard du sportif","article_published_time":"2022-10-13T16:32:46+00:00","og_image":[{"width":1068,"height":606,"url":"https:\/\/oeilsportif.info\/wp-content\/uploads\/2022\/10\/FB_IMG_1665678666083.jpg","type":"image\/jpeg"}],"author":"L'Equipe de la R\u00e9daction","twitter_misc":{"\u00c9crit par":"L'Equipe de la R\u00e9daction","Dur\u00e9e de lecture estim\u00e9e":"1 minute"},"schema":{"@context":"https:\/\/schema.org","@graph":[{"@type":"Article","@id":"https:\/\/oeilsportif.info\/index.php\/lgfp-le-bureau-provisoire-de-gestion-sactive-pour-le-demarrage-effectif-du-championnat-le-28-octobre-prochain\/#article","isPartOf":{"@id":"https:\/\/oeilsportif.info\/index.php\/lgfp-le-bureau-provisoire-de-gestion-sactive-pour-le-demarrage-effectif-du-championnat-le-28-octobre-prochain\/"},"author":{"name":"L'Equipe de la R\u00e9daction","@id":"https:\/\/oeilsportif.info\/#\/schema\/person\/cfbded294aa6095f7d96608d7905e9a1"},"headline":"LGFP : Le Bureau Provisoire de Gestion s&rsquo;active pour le d\u00e9marrage effectif du championnat le 28 octobre prochain !","datePublished":"2022-10-13T16:32:46+00:00","mainEntityOfPage":{"@id":"https:\/\/oeilsportif.info\/index.php\/lgfp-le-bureau-provisoire-de-gestion-sactive-pour-le-demarrage-effectif-du-championnat-le-28-octobre-prochain\/"},"wordCount":209,"image":{"@id":"https:\/\/oeilsportif.info\/index.php\/lgfp-le-bureau-provisoire-de-gestion-sactive-pour-le-demarrage-effectif-du-championnat-le-28-octobre-prochain\/#primaryimage"},"thumbnailUrl":"https:\/\/i0.wp.com\/oeilsportif.info\/wp-content\/uploads\/2022\/10\/FB_IMG_1665678666083.jpg?fit=1068%2C606&ssl=1","articleSection":["Football"],"inLanguage":"fr-FR"},{"@type":"WebPage","@id":"https:\/\/oeilsportif.info\/index.php\/lgfp-le-bureau-provisoire-de-gestion-sactive-pour-le-demarrage-effectif-du-championnat-le-28-octobre-prochain\/","url":"https:\/\/oeilsportif.info\/index.php\/lgfp-le-bureau-provisoire-de-gestion-sactive-pour-le-demarrage-effectif-du-championnat-le-28-octobre-prochain\/","name":"LGFP : Le Bureau Provisoire de Gestion s'active pour le d\u00e9marrage effectif du championnat le 28 octobre prochain ! - le regard du sportif","isPartOf":{"@id":"https:\/\/oeilsportif.info\/#website"},"primaryImageOfPage":{"@id":"https:\/\/oeilsportif.info\/index.php\/lgfp-le-bureau-provisoire-de-gestion-sactive-pour-le-demarrage-effectif-du-championnat-le-28-octobre-prochain\/#primaryimage"},"image":{"@id":"https:\/\/oeilsportif.info\/index.php\/lgfp-le-bureau-provisoire-de-gestion-sactive-pour-le-demarrage-effectif-du-championnat-le-28-octobre-prochain\/#primaryimage"},"thumbnailUrl":"https:\/\/i0.wp.com\/oeilsportif.info\/wp-content\/uploads\/2022\/10\/FB_IMG_1665678666083.jpg?fit=1068%2C606&ssl=1","datePublished":"2022-10-13T16:32:46+00:00","author":{"@id":"https:\/\/oeilsportif.info\/#\/schema\/person\/cfbded294aa6095f7d96608d7905e9a1"},"inLanguage":"fr-FR","potentialAction":[{"@type":"ReadAction","target":["https:\/\/oeilsportif.info\/index.php\/lgfp-le-bureau-provisoire-de-gestion-sactive-pour-le-demarrage-effectif-du-championnat-le-28-octobre-prochain\/"]}]},{"@type":"ImageObject","inLanguage":"fr-FR","@id":"https:\/\/oeilsportif.info\/index.php\/lgfp-le-bureau-provisoire-de-gestion-sactive-pour-le-demarrage-effectif-du-championnat-le-28-octobre-prochain\/#primaryimage","url":"https:\/\/i0.wp.com\/oeilsportif.info\/wp-content\/uploads\/2022\/10\/FB_IMG_1665678666083.jpg?fit=1068%2C606&ssl=1","contentUrl":"https:\/\/i0.wp.com\/oeilsportif.info\/wp-content\/uploads\/2022\/10\/FB_IMG_1665678666083.jpg?fit=1068%2C606&ssl=1","width":1068,"height":606},{"@type":"WebSite","@id":"https:\/\/oeilsportif.info\/#website","url":"https:\/\/oeilsportif.info\/","name":"le regard du sportif","description":"","potentialAction":[{"@type":"SearchAction","target":{"@type":"EntryPoint","urlTemplate":"https:\/\/oeilsportif.info\/?s={search_term_string}"},"query-input":{"@type":"PropertyValueSpecification","valueRequired":true,"valueName":"search_term_string"}}],"inLanguage":"fr-FR"},{"@type":"Person","@id":"https:\/\/oeilsportif.info\/#\/schema\/person\/cfbded294aa6095f7d96608d7905e9a1","name":"L'Equipe de la R\u00e9daction","image":{"@type":"ImageObject","inLanguage":"fr-FR","@id":"https:\/\/oeilsportif.info\/wp-content\/uploads\/2025\/07\/cropped-cropped-logo-os-96x96.jpeg","url":"https:\/\/oeilsportif.info\/wp-content\/uploads\/2025\/07\/cropped-cropped-logo-os-96x96.jpeg","contentUrl":"https:\/\/oeilsportif.info\/wp-content\/uploads\/2025\/07\/cropped-cropped-logo-os-96x96.jpeg","caption":"L'Equipe de la R\u00e9daction"},"url":"https:\/\/oeilsportif.info\/index.php\/author\/tawel\/"}]}},"jetpack_publicize_connections":[],"jetpack_featured_media_url":"https:\/\/i0.wp.com\/oeilsportif.info\/wp-content\/uploads\/2022\/10\/FB_IMG_1665678666083.jpg?fit=1068%2C606&ssl=1","jetpack-related-posts":[],"jetpack_sharing_enabled":true,"jetpack_likes_enabled":true,"jetpack_shortlink":"https:\/\/wp.me\/pgFE77-z8","_links":{"self":[{"href":"https:\/\/oeilsportif.info\/index.php\/wp-json\/wp\/v2\/posts\/2178","targetHints":{"allow":["GET"]}}],"collection":[{"href":"https:\/\/oeilsportif.info\/index.php\/wp-json\/wp\/v2\/posts"}],"about":[{"href":"https:\/\/oeilsportif.info\/index.php\/wp-json\/wp\/v2\/types\/post"}],"author":[{"embeddable":true,"href":"https:\/\/oeilsportif.info\/index.php\/wp-json\/wp\/v2\/users\/2"}],"replies":[{"embeddable":true,"href":"https:\/\/oeilsportif.info\/index.php\/wp-json\/wp\/v2\/comments?post=2178"}],"version-history":[{"count":0,"href":"https:\/\/oeilsportif.info\/index.php\/wp-json\/wp\/v2\/posts\/2178\/revisions"}],"wp:featuredmedia":[{"embeddable":true,"href":"https:\/\/oeilsportif.info\/index.php\/wp-json\/wp\/v2\/media\/2179"}],"wp:attachment":[{"href":"https:\/\/oeilsportif.info\/index.php\/wp-json\/wp\/v2\/media?parent=2178"}],"wp:term":[{"taxonomy":"category","embeddable":true,"href":"https:\/\/oeilsportif.info\/index.php\/wp-json\/wp\/v2\/categories?post=2178"},{"taxonomy":"post_tag","embeddable":true,"href":"https:\/\/oeilsportif.info\/index.php\/wp-json\/wp\/v2\/tags?post=2178"}],"curies":[{"name":"wp","href":"https:\/\/api.w.org\/{rel}","templated":true}]}}