{"id":2174,"date":"2022-10-13T16:24:30","date_gmt":"2022-10-13T16:24:30","guid":{"rendered":"https:\/\/oeilsportif.info\/index.php\/?p=2174"},"modified":"2022-10-13T16:24:30","modified_gmt":"2022-10-13T16:24:30","slug":"cest-parti-pour-la-licence-d-caf-a-matoto","status":"publish","type":"post","link":"https:\/\/oeilsportif.info\/index.php\/cest-parti-pour-la-licence-d-caf-a-matoto\/","title":{"rendered":"C&rsquo;est parti pour la licence D CAF \u00e0 MATOTO"},"content":{"rendered":"<p>&nbsp;<\/p>\n<p><strong>Nos \u00e9ducateurs de football dont 4 Dames vont b\u00e9n\u00e9ficier durant 10 jours de l&rsquo;expertise de Ch\u00e9rif Souleymane Camara, directeur technique national de la FGF et de son \u00e9quipe, pour d\u00e9crocher le grade D de la CAF.<\/strong><\/p>\n<p>Le coup d&rsquo;envoi a \u00e9t\u00e9 donn\u00e9 ce jeudi matin, 13 octobre 2022 dans la grande salle de la municipalit\u00e9 par le maire de notre commune Mamadouba Tos Camara en pr\u00e9sence de tous les inscrits \u00e0 cette formation organis\u00e9e par le district communal de football de Matoto sous l&rsquo;appui institutionnel du CONOR qui dirige la f\u00e9d\u00e9ration guin\u00e9enne de football.<\/p>\n<p>&nbsp;<\/p>\n<p>Cellule m\u00e9dias DCFM<\/p>\n","protected":false},"excerpt":{"rendered":"<p>&nbsp; Nos \u00e9ducateurs de football dont 4 Dames vont b\u00e9n\u00e9ficier durant 10 jours de l&rsquo;expertise de Ch\u00e9rif Souleymane Camara, directeur technique national de la FGF et de son \u00e9quipe, pour d\u00e9crocher le grade D de la CAF. Le coup d&rsquo;envoi a \u00e9t\u00e9 donn\u00e9 ce jeudi matin, 13 octobre 2022 dans la grande salle de la [&hellip;]<\/p>\n","protected":false},"author":2,"featured_media":2175,"comment_status":"closed","ping_status":"open","sticky":false,"template":"","format":"standard","meta":{"_jetpack_memberships_contains_paid_content":false,"footnotes":"","jetpack_publicize_message":"","jetpack_publicize_feature_enabled":true,"jetpack_social_post_already_shared":true,"jetpack_social_options":{"image_generator_settings":{"template":"highway","default_image_id":0,"font":"","enabled":false},"version":2}},"categories":[5],"tags":[],"class_list":{"0":"post-2174","1":"post","2":"type-post","3":"status-publish","4":"format-standard","5":"has-post-thumbnail","7":"category-football"},"yoast_head":"<!-- This site is optimized with the Yoast SEO plugin v27.4 - https:\/\/yoast.com\/product\/yoast-seo-wordpress\/ -->\n<title>C&#039;est parti pour la licence D CAF \u00e0 MATOTO - le regard du sportif<\/title>\n<meta name=\"robots\" content=\"index, follow, max-snippet:-1, max-image-preview:large, max-video-preview:-1\" \/>\n<link rel=\"canonical\" href=\"https:\/\/oeilsportif.info\/index.php\/cest-parti-pour-la-licence-d-caf-a-matoto\/\" \/>\n<meta property=\"og:locale\" content=\"fr_FR\" \/>\n<meta property=\"og:type\" content=\"article\" \/>\n<meta property=\"og:title\" content=\"C&#039;est parti pour la licence D CAF \u00e0 MATOTO - le regard du sportif\" \/>\n<meta property=\"og:description\" content=\"&nbsp; Nos \u00e9ducateurs de football dont 4 Dames vont b\u00e9n\u00e9ficier durant 10 jours de l&rsquo;expertise de Ch\u00e9rif Souleymane Camara, directeur technique national de la FGF et de son \u00e9quipe, pour d\u00e9crocher le grade D de la CAF. Le coup d&rsquo;envoi a \u00e9t\u00e9 donn\u00e9 ce jeudi matin, 13 octobre 2022 dans la grande salle de la [&hellip;]\" \/>\n<meta property=\"og:url\" content=\"https:\/\/oeilsportif.info\/index.php\/cest-parti-pour-la-licence-d-caf-a-matoto\/\" \/>\n<meta property=\"og:site_name\" content=\"le regard du sportif\" \/>\n<meta property=\"article:published_time\" content=\"2022-10-13T16:24:30+00:00\" \/>\n<meta property=\"og:image\" content=\"https:\/\/oeilsportif.info\/wp-content\/uploads\/2022\/10\/FB_IMG_1665678096222.jpg\" \/>\n\t<meta property=\"og:image:width\" content=\"1080\" \/>\n\t<meta property=\"og:image:height\" content=\"810\" \/>\n\t<meta property=\"og:image:type\" content=\"image\/jpeg\" \/>\n<meta name=\"author\" content=\"L&#039;Equipe de la R\u00e9daction\" \/>\n<meta name=\"twitter:label1\" content=\"\u00c9crit par\" \/>\n\t<meta name=\"twitter:data1\" content=\"L&#039;Equipe de la R\u00e9daction\" \/>\n\t<meta name=\"twitter:label2\" content=\"Dur\u00e9e de lecture estim\u00e9e\" \/>\n\t<meta name=\"twitter:data2\" content=\"1 minute\" \/>\n<script type=\"application\/ld+json\" class=\"yoast-schema-graph\">{\"@context\":\"https:\\\/\\\/schema.org\",\"@graph\":[{\"@type\":\"Article\",\"@id\":\"https:\\\/\\\/oeilsportif.info\\\/index.php\\\/cest-parti-pour-la-licence-d-caf-a-matoto\\\/#article\",\"isPartOf\":{\"@id\":\"https:\\\/\\\/oeilsportif.info\\\/index.php\\\/cest-parti-pour-la-licence-d-caf-a-matoto\\\/\"},\"author\":{\"name\":\"L'Equipe de la R\u00e9daction\",\"@id\":\"https:\\\/\\\/oeilsportif.info\\\/#\\\/schema\\\/person\\\/cfbded294aa6095f7d96608d7905e9a1\"},\"headline\":\"C&rsquo;est parti pour la licence D CAF \u00e0 MATOTO\",\"datePublished\":\"2022-10-13T16:24:30+00:00\",\"mainEntityOfPage\":{\"@id\":\"https:\\\/\\\/oeilsportif.info\\\/index.php\\\/cest-parti-pour-la-licence-d-caf-a-matoto\\\/\"},\"wordCount\":116,\"image\":{\"@id\":\"https:\\\/\\\/oeilsportif.info\\\/index.php\\\/cest-parti-pour-la-licence-d-caf-a-matoto\\\/#primaryimage\"},\"thumbnailUrl\":\"https:\\\/\\\/i0.wp.com\\\/oeilsportif.info\\\/wp-content\\\/uploads\\\/2022\\\/10\\\/FB_IMG_1665678096222.jpg?fit=1080%2C810&ssl=1\",\"articleSection\":[\"Football\"],\"inLanguage\":\"fr-FR\"},{\"@type\":\"WebPage\",\"@id\":\"https:\\\/\\\/oeilsportif.info\\\/index.php\\\/cest-parti-pour-la-licence-d-caf-a-matoto\\\/\",\"url\":\"https:\\\/\\\/oeilsportif.info\\\/index.php\\\/cest-parti-pour-la-licence-d-caf-a-matoto\\\/\",\"name\":\"C'est parti pour la licence D CAF \u00e0 MATOTO - le regard du sportif\",\"isPartOf\":{\"@id\":\"https:\\\/\\\/oeilsportif.info\\\/#website\"},\"primaryImageOfPage\":{\"@id\":\"https:\\\/\\\/oeilsportif.info\\\/index.php\\\/cest-parti-pour-la-licence-d-caf-a-matoto\\\/#primaryimage\"},\"image\":{\"@id\":\"https:\\\/\\\/oeilsportif.info\\\/index.php\\\/cest-parti-pour-la-licence-d-caf-a-matoto\\\/#primaryimage\"},\"thumbnailUrl\":\"https:\\\/\\\/i0.wp.com\\\/oeilsportif.info\\\/wp-content\\\/uploads\\\/2022\\\/10\\\/FB_IMG_1665678096222.jpg?fit=1080%2C810&ssl=1\",\"datePublished\":\"2022-10-13T16:24:30+00:00\",\"author\":{\"@id\":\"https:\\\/\\\/oeilsportif.info\\\/#\\\/schema\\\/person\\\/cfbded294aa6095f7d96608d7905e9a1\"},\"inLanguage\":\"fr-FR\",\"potentialAction\":[{\"@type\":\"ReadAction\",\"target\":[\"https:\\\/\\\/oeilsportif.info\\\/index.php\\\/cest-parti-pour-la-licence-d-caf-a-matoto\\\/\"]}]},{\"@type\":\"ImageObject\",\"inLanguage\":\"fr-FR\",\"@id\":\"https:\\\/\\\/oeilsportif.info\\\/index.php\\\/cest-parti-pour-la-licence-d-caf-a-matoto\\\/#primaryimage\",\"url\":\"https:\\\/\\\/i0.wp.com\\\/oeilsportif.info\\\/wp-content\\\/uploads\\\/2022\\\/10\\\/FB_IMG_1665678096222.jpg?fit=1080%2C810&ssl=1\",\"contentUrl\":\"https:\\\/\\\/i0.wp.com\\\/oeilsportif.info\\\/wp-content\\\/uploads\\\/2022\\\/10\\\/FB_IMG_1665678096222.jpg?fit=1080%2C810&ssl=1\",\"width\":1080,\"height\":810},{\"@type\":\"WebSite\",\"@id\":\"https:\\\/\\\/oeilsportif.info\\\/#website\",\"url\":\"https:\\\/\\\/oeilsportif.info\\\/\",\"name\":\"le regard du sportif\",\"description\":\"\",\"potentialAction\":[{\"@type\":\"SearchAction\",\"target\":{\"@type\":\"EntryPoint\",\"urlTemplate\":\"https:\\\/\\\/oeilsportif.info\\\/?s={search_term_string}\"},\"query-input\":{\"@type\":\"PropertyValueSpecification\",\"valueRequired\":true,\"valueName\":\"search_term_string\"}}],\"inLanguage\":\"fr-FR\"},{\"@type\":\"Person\",\"@id\":\"https:\\\/\\\/oeilsportif.info\\\/#\\\/schema\\\/person\\\/cfbded294aa6095f7d96608d7905e9a1\",\"name\":\"L'Equipe de la R\u00e9daction\",\"image\":{\"@type\":\"ImageObject\",\"inLanguage\":\"fr-FR\",\"@id\":\"https:\\\/\\\/oeilsportif.info\\\/wp-content\\\/uploads\\\/2025\\\/07\\\/cropped-cropped-logo-os-96x96.jpeg\",\"url\":\"https:\\\/\\\/oeilsportif.info\\\/wp-content\\\/uploads\\\/2025\\\/07\\\/cropped-cropped-logo-os-96x96.jpeg\",\"contentUrl\":\"https:\\\/\\\/oeilsportif.info\\\/wp-content\\\/uploads\\\/2025\\\/07\\\/cropped-cropped-logo-os-96x96.jpeg\",\"caption\":\"L'Equipe de la R\u00e9daction\"},\"url\":\"https:\\\/\\\/oeilsportif.info\\\/index.php\\\/author\\\/tawel\\\/\"}]}<\/script>\n<!-- \/ Yoast SEO plugin. -->","yoast_head_json":{"title":"C'est parti pour la licence D CAF \u00e0 MATOTO - le regard du sportif","robots":{"index":"index","follow":"follow","max-snippet":"max-snippet:-1","max-image-preview":"max-image-preview:large","max-video-preview":"max-video-preview:-1"},"canonical":"https:\/\/oeilsportif.info\/index.php\/cest-parti-pour-la-licence-d-caf-a-matoto\/","og_locale":"fr_FR","og_type":"article","og_title":"C'est parti pour la licence D CAF \u00e0 MATOTO - le regard du sportif","og_description":"&nbsp; Nos \u00e9ducateurs de football dont 4 Dames vont b\u00e9n\u00e9ficier durant 10 jours de l&rsquo;expertise de Ch\u00e9rif Souleymane Camara, directeur technique national de la FGF et de son \u00e9quipe, pour d\u00e9crocher le grade D de la CAF. Le coup d&rsquo;envoi a \u00e9t\u00e9 donn\u00e9 ce jeudi matin, 13 octobre 2022 dans la grande salle de la [&hellip;]","og_url":"https:\/\/oeilsportif.info\/index.php\/cest-parti-pour-la-licence-d-caf-a-matoto\/","og_site_name":"le regard du sportif","article_published_time":"2022-10-13T16:24:30+00:00","og_image":[{"width":1080,"height":810,"url":"https:\/\/oeilsportif.info\/wp-content\/uploads\/2022\/10\/FB_IMG_1665678096222.jpg","type":"image\/jpeg"}],"author":"L'Equipe de la R\u00e9daction","twitter_misc":{"\u00c9crit par":"L'Equipe de la R\u00e9daction","Dur\u00e9e de lecture estim\u00e9e":"1 minute"},"schema":{"@context":"https:\/\/schema.org","@graph":[{"@type":"Article","@id":"https:\/\/oeilsportif.info\/index.php\/cest-parti-pour-la-licence-d-caf-a-matoto\/#article","isPartOf":{"@id":"https:\/\/oeilsportif.info\/index.php\/cest-parti-pour-la-licence-d-caf-a-matoto\/"},"author":{"name":"L'Equipe de la R\u00e9daction","@id":"https:\/\/oeilsportif.info\/#\/schema\/person\/cfbded294aa6095f7d96608d7905e9a1"},"headline":"C&rsquo;est parti pour la licence D CAF \u00e0 MATOTO","datePublished":"2022-10-13T16:24:30+00:00","mainEntityOfPage":{"@id":"https:\/\/oeilsportif.info\/index.php\/cest-parti-pour-la-licence-d-caf-a-matoto\/"},"wordCount":116,"image":{"@id":"https:\/\/oeilsportif.info\/index.php\/cest-parti-pour-la-licence-d-caf-a-matoto\/#primaryimage"},"thumbnailUrl":"https:\/\/i0.wp.com\/oeilsportif.info\/wp-content\/uploads\/2022\/10\/FB_IMG_1665678096222.jpg?fit=1080%2C810&ssl=1","articleSection":["Football"],"inLanguage":"fr-FR"},{"@type":"WebPage","@id":"https:\/\/oeilsportif.info\/index.php\/cest-parti-pour-la-licence-d-caf-a-matoto\/","url":"https:\/\/oeilsportif.info\/index.php\/cest-parti-pour-la-licence-d-caf-a-matoto\/","name":"C'est parti pour la licence D CAF \u00e0 MATOTO - le regard du sportif","isPartOf":{"@id":"https:\/\/oeilsportif.info\/#website"},"primaryImageOfPage":{"@id":"https:\/\/oeilsportif.info\/index.php\/cest-parti-pour-la-licence-d-caf-a-matoto\/#primaryimage"},"image":{"@id":"https:\/\/oeilsportif.info\/index.php\/cest-parti-pour-la-licence-d-caf-a-matoto\/#primaryimage"},"thumbnailUrl":"https:\/\/i0.wp.com\/oeilsportif.info\/wp-content\/uploads\/2022\/10\/FB_IMG_1665678096222.jpg?fit=1080%2C810&ssl=1","datePublished":"2022-10-13T16:24:30+00:00","author":{"@id":"https:\/\/oeilsportif.info\/#\/schema\/person\/cfbded294aa6095f7d96608d7905e9a1"},"inLanguage":"fr-FR","potentialAction":[{"@type":"ReadAction","target":["https:\/\/oeilsportif.info\/index.php\/cest-parti-pour-la-licence-d-caf-a-matoto\/"]}]},{"@type":"ImageObject","inLanguage":"fr-FR","@id":"https:\/\/oeilsportif.info\/index.php\/cest-parti-pour-la-licence-d-caf-a-matoto\/#primaryimage","url":"https:\/\/i0.wp.com\/oeilsportif.info\/wp-content\/uploads\/2022\/10\/FB_IMG_1665678096222.jpg?fit=1080%2C810&ssl=1","contentUrl":"https:\/\/i0.wp.com\/oeilsportif.info\/wp-content\/uploads\/2022\/10\/FB_IMG_1665678096222.jpg?fit=1080%2C810&ssl=1","width":1080,"height":810},{"@type":"WebSite","@id":"https:\/\/oeilsportif.info\/#website","url":"https:\/\/oeilsportif.info\/","name":"le regard du sportif","description":"","potentialAction":[{"@type":"SearchAction","target":{"@type":"EntryPoint","urlTemplate":"https:\/\/oeilsportif.info\/?s={search_term_string}"},"query-input":{"@type":"PropertyValueSpecification","valueRequired":true,"valueName":"search_term_string"}}],"inLanguage":"fr-FR"},{"@type":"Person","@id":"https:\/\/oeilsportif.info\/#\/schema\/person\/cfbded294aa6095f7d96608d7905e9a1","name":"L'Equipe de la R\u00e9daction","image":{"@type":"ImageObject","inLanguage":"fr-FR","@id":"https:\/\/oeilsportif.info\/wp-content\/uploads\/2025\/07\/cropped-cropped-logo-os-96x96.jpeg","url":"https:\/\/oeilsportif.info\/wp-content\/uploads\/2025\/07\/cropped-cropped-logo-os-96x96.jpeg","contentUrl":"https:\/\/oeilsportif.info\/wp-content\/uploads\/2025\/07\/cropped-cropped-logo-os-96x96.jpeg","caption":"L'Equipe de la R\u00e9daction"},"url":"https:\/\/oeilsportif.info\/index.php\/author\/tawel\/"}]}},"jetpack_publicize_connections":[],"jetpack_featured_media_url":"https:\/\/i0.wp.com\/oeilsportif.info\/wp-content\/uploads\/2022\/10\/FB_IMG_1665678096222.jpg?fit=1080%2C810&ssl=1","jetpack-related-posts":[],"jetpack_sharing_enabled":true,"jetpack_likes_enabled":true,"jetpack_shortlink":"https:\/\/wp.me\/pgFE77-z4","_links":{"self":[{"href":"https:\/\/oeilsportif.info\/index.php\/wp-json\/wp\/v2\/posts\/2174","targetHints":{"allow":["GET"]}}],"collection":[{"href":"https:\/\/oeilsportif.info\/index.php\/wp-json\/wp\/v2\/posts"}],"about":[{"href":"https:\/\/oeilsportif.info\/index.php\/wp-json\/wp\/v2\/types\/post"}],"author":[{"embeddable":true,"href":"https:\/\/oeilsportif.info\/index.php\/wp-json\/wp\/v2\/users\/2"}],"replies":[{"embeddable":true,"href":"https:\/\/oeilsportif.info\/index.php\/wp-json\/wp\/v2\/comments?post=2174"}],"version-history":[{"count":0,"href":"https:\/\/oeilsportif.info\/index.php\/wp-json\/wp\/v2\/posts\/2174\/revisions"}],"wp:featuredmedia":[{"embeddable":true,"href":"https:\/\/oeilsportif.info\/index.php\/wp-json\/wp\/v2\/media\/2175"}],"wp:attachment":[{"href":"https:\/\/oeilsportif.info\/index.php\/wp-json\/wp\/v2\/media?parent=2174"}],"wp:term":[{"taxonomy":"category","embeddable":true,"href":"https:\/\/oeilsportif.info\/index.php\/wp-json\/wp\/v2\/categories?post=2174"},{"taxonomy":"post_tag","embeddable":true,"href":"https:\/\/oeilsportif.info\/index.php\/wp-json\/wp\/v2\/tags?post=2174"}],"curies":[{"name":"wp","href":"https:\/\/api.w.org\/{rel}","templated":true}]}}