{"id":2161,"date":"2022-10-11T21:09:21","date_gmt":"2022-10-11T21:09:21","guid":{"rendered":"https:\/\/oeilsportif.info\/index.php\/?p=2161"},"modified":"2022-10-11T21:09:21","modified_gmt":"2022-10-11T21:09:21","slug":"ffrim-les-arbitres-a-lecole","status":"publish","type":"post","link":"https:\/\/oeilsportif.info\/index.php\/ffrim-les-arbitres-a-lecole\/","title":{"rendered":"FFRIM : Les arbitres \u00e0 l&rsquo;\u00e9cole !"},"content":{"rendered":"<p><strong>Le d\u00e9partement de l\u2019arbitrage \u00e0 la FFRIM organise un cours FIFA MA pour les assesseurs et instructeurs des arbitres, du 9 au 13 octobre, \u00e0 Nouakchott.<\/strong><\/p>\n<p>30 participants &#8211; anciens arbitres FIFA, f\u00e9d\u00e9raux ou encore pr\u00e9sidents de CRA &#8211; prennent part \u00e0 ce cours anim\u00e9 par l\u2019instructeur FIFA du Rwanda, M. C\u00e9lestin Ntagunguira.<\/p>\n<p>Ce stage pour l\u2019\u00e9valuation, dont l\u2019ouverture s\u2019est d\u00e9roul\u00e9e hier dimanche dans les locaux du Stade olympique en pr\u00e9sence du responsable du d\u00e9partement de l\u2019arbitrage, M. Rachid Medjiba, est organis\u00e9 en pr\u00e9vision de la nouvelle saison sportive 2022-2023.<\/p>\n<p>Source : FFRIM<\/p>\n","protected":false},"excerpt":{"rendered":"<p>Le d\u00e9partement de l\u2019arbitrage \u00e0 la FFRIM organise un cours FIFA MA pour les assesseurs et instructeurs des arbitres, du 9 au 13 octobre, \u00e0 Nouakchott. 30 participants &#8211; anciens arbitres FIFA, f\u00e9d\u00e9raux ou encore pr\u00e9sidents de CRA &#8211; prennent part \u00e0 ce cours anim\u00e9 par l\u2019instructeur FIFA du Rwanda, M. C\u00e9lestin Ntagunguira. Ce stage [&hellip;]<\/p>\n","protected":false},"author":2,"featured_media":2162,"comment_status":"closed","ping_status":"open","sticky":false,"template":"","format":"standard","meta":{"_jetpack_memberships_contains_paid_content":false,"footnotes":"","jetpack_publicize_message":"","jetpack_publicize_feature_enabled":true,"jetpack_social_post_already_shared":true,"jetpack_social_options":{"image_generator_settings":{"template":"highway","default_image_id":0,"font":"","enabled":false},"version":2}},"categories":[5],"tags":[],"class_list":{"0":"post-2161","1":"post","2":"type-post","3":"status-publish","4":"format-standard","5":"has-post-thumbnail","7":"category-football"},"yoast_head":"<!-- This site is optimized with the Yoast SEO plugin v27.4 - https:\/\/yoast.com\/product\/yoast-seo-wordpress\/ -->\n<title>FFRIM : Les arbitres \u00e0 l&#039;\u00e9cole ! - le regard du sportif<\/title>\n<meta name=\"robots\" content=\"index, follow, max-snippet:-1, max-image-preview:large, max-video-preview:-1\" \/>\n<link rel=\"canonical\" href=\"https:\/\/oeilsportif.info\/index.php\/ffrim-les-arbitres-a-lecole\/\" \/>\n<meta property=\"og:locale\" content=\"fr_FR\" \/>\n<meta property=\"og:type\" content=\"article\" \/>\n<meta property=\"og:title\" content=\"FFRIM : Les arbitres \u00e0 l&#039;\u00e9cole ! - le regard du sportif\" \/>\n<meta property=\"og:description\" content=\"Le d\u00e9partement de l\u2019arbitrage \u00e0 la FFRIM organise un cours FIFA MA pour les assesseurs et instructeurs des arbitres, du 9 au 13 octobre, \u00e0 Nouakchott. 30 participants &#8211; anciens arbitres FIFA, f\u00e9d\u00e9raux ou encore pr\u00e9sidents de CRA &#8211; prennent part \u00e0 ce cours anim\u00e9 par l\u2019instructeur FIFA du Rwanda, M. C\u00e9lestin Ntagunguira. Ce stage [&hellip;]\" \/>\n<meta property=\"og:url\" content=\"https:\/\/oeilsportif.info\/index.php\/ffrim-les-arbitres-a-lecole\/\" \/>\n<meta property=\"og:site_name\" content=\"le regard du sportif\" \/>\n<meta property=\"article:published_time\" content=\"2022-10-11T21:09:21+00:00\" \/>\n<meta property=\"og:image\" content=\"https:\/\/oeilsportif.info\/wp-content\/uploads\/2022\/10\/FB_IMG_1665522375201.jpg\" \/>\n\t<meta property=\"og:image:width\" content=\"1080\" \/>\n\t<meta property=\"og:image:height\" content=\"591\" \/>\n\t<meta property=\"og:image:type\" content=\"image\/jpeg\" \/>\n<meta name=\"author\" content=\"L&#039;Equipe de la R\u00e9daction\" \/>\n<meta name=\"twitter:label1\" content=\"\u00c9crit par\" \/>\n\t<meta name=\"twitter:data1\" content=\"L&#039;Equipe de la R\u00e9daction\" \/>\n\t<meta name=\"twitter:label2\" content=\"Dur\u00e9e de lecture estim\u00e9e\" \/>\n\t<meta name=\"twitter:data2\" content=\"1 minute\" \/>\n<script type=\"application\/ld+json\" class=\"yoast-schema-graph\">{\"@context\":\"https:\\\/\\\/schema.org\",\"@graph\":[{\"@type\":\"Article\",\"@id\":\"https:\\\/\\\/oeilsportif.info\\\/index.php\\\/ffrim-les-arbitres-a-lecole\\\/#article\",\"isPartOf\":{\"@id\":\"https:\\\/\\\/oeilsportif.info\\\/index.php\\\/ffrim-les-arbitres-a-lecole\\\/\"},\"author\":{\"name\":\"L'Equipe de la R\u00e9daction\",\"@id\":\"https:\\\/\\\/oeilsportif.info\\\/#\\\/schema\\\/person\\\/cfbded294aa6095f7d96608d7905e9a1\"},\"headline\":\"FFRIM : Les arbitres \u00e0 l&rsquo;\u00e9cole !\",\"datePublished\":\"2022-10-11T21:09:21+00:00\",\"mainEntityOfPage\":{\"@id\":\"https:\\\/\\\/oeilsportif.info\\\/index.php\\\/ffrim-les-arbitres-a-lecole\\\/\"},\"wordCount\":107,\"image\":{\"@id\":\"https:\\\/\\\/oeilsportif.info\\\/index.php\\\/ffrim-les-arbitres-a-lecole\\\/#primaryimage\"},\"thumbnailUrl\":\"https:\\\/\\\/i0.wp.com\\\/oeilsportif.info\\\/wp-content\\\/uploads\\\/2022\\\/10\\\/FB_IMG_1665522375201.jpg?fit=1080%2C591&ssl=1\",\"articleSection\":[\"Football\"],\"inLanguage\":\"fr-FR\"},{\"@type\":\"WebPage\",\"@id\":\"https:\\\/\\\/oeilsportif.info\\\/index.php\\\/ffrim-les-arbitres-a-lecole\\\/\",\"url\":\"https:\\\/\\\/oeilsportif.info\\\/index.php\\\/ffrim-les-arbitres-a-lecole\\\/\",\"name\":\"FFRIM : Les arbitres \u00e0 l'\u00e9cole ! - le regard du sportif\",\"isPartOf\":{\"@id\":\"https:\\\/\\\/oeilsportif.info\\\/#website\"},\"primaryImageOfPage\":{\"@id\":\"https:\\\/\\\/oeilsportif.info\\\/index.php\\\/ffrim-les-arbitres-a-lecole\\\/#primaryimage\"},\"image\":{\"@id\":\"https:\\\/\\\/oeilsportif.info\\\/index.php\\\/ffrim-les-arbitres-a-lecole\\\/#primaryimage\"},\"thumbnailUrl\":\"https:\\\/\\\/i0.wp.com\\\/oeilsportif.info\\\/wp-content\\\/uploads\\\/2022\\\/10\\\/FB_IMG_1665522375201.jpg?fit=1080%2C591&ssl=1\",\"datePublished\":\"2022-10-11T21:09:21+00:00\",\"author\":{\"@id\":\"https:\\\/\\\/oeilsportif.info\\\/#\\\/schema\\\/person\\\/cfbded294aa6095f7d96608d7905e9a1\"},\"inLanguage\":\"fr-FR\",\"potentialAction\":[{\"@type\":\"ReadAction\",\"target\":[\"https:\\\/\\\/oeilsportif.info\\\/index.php\\\/ffrim-les-arbitres-a-lecole\\\/\"]}]},{\"@type\":\"ImageObject\",\"inLanguage\":\"fr-FR\",\"@id\":\"https:\\\/\\\/oeilsportif.info\\\/index.php\\\/ffrim-les-arbitres-a-lecole\\\/#primaryimage\",\"url\":\"https:\\\/\\\/i0.wp.com\\\/oeilsportif.info\\\/wp-content\\\/uploads\\\/2022\\\/10\\\/FB_IMG_1665522375201.jpg?fit=1080%2C591&ssl=1\",\"contentUrl\":\"https:\\\/\\\/i0.wp.com\\\/oeilsportif.info\\\/wp-content\\\/uploads\\\/2022\\\/10\\\/FB_IMG_1665522375201.jpg?fit=1080%2C591&ssl=1\",\"width\":1080,\"height\":591},{\"@type\":\"WebSite\",\"@id\":\"https:\\\/\\\/oeilsportif.info\\\/#website\",\"url\":\"https:\\\/\\\/oeilsportif.info\\\/\",\"name\":\"le regard du sportif\",\"description\":\"\",\"potentialAction\":[{\"@type\":\"SearchAction\",\"target\":{\"@type\":\"EntryPoint\",\"urlTemplate\":\"https:\\\/\\\/oeilsportif.info\\\/?s={search_term_string}\"},\"query-input\":{\"@type\":\"PropertyValueSpecification\",\"valueRequired\":true,\"valueName\":\"search_term_string\"}}],\"inLanguage\":\"fr-FR\"},{\"@type\":\"Person\",\"@id\":\"https:\\\/\\\/oeilsportif.info\\\/#\\\/schema\\\/person\\\/cfbded294aa6095f7d96608d7905e9a1\",\"name\":\"L'Equipe de la R\u00e9daction\",\"image\":{\"@type\":\"ImageObject\",\"inLanguage\":\"fr-FR\",\"@id\":\"https:\\\/\\\/oeilsportif.info\\\/wp-content\\\/uploads\\\/2025\\\/07\\\/cropped-cropped-logo-os-96x96.jpeg\",\"url\":\"https:\\\/\\\/oeilsportif.info\\\/wp-content\\\/uploads\\\/2025\\\/07\\\/cropped-cropped-logo-os-96x96.jpeg\",\"contentUrl\":\"https:\\\/\\\/oeilsportif.info\\\/wp-content\\\/uploads\\\/2025\\\/07\\\/cropped-cropped-logo-os-96x96.jpeg\",\"caption\":\"L'Equipe de la R\u00e9daction\"},\"url\":\"https:\\\/\\\/oeilsportif.info\\\/index.php\\\/author\\\/tawel\\\/\"}]}<\/script>\n<!-- \/ Yoast SEO plugin. -->","yoast_head_json":{"title":"FFRIM : Les arbitres \u00e0 l'\u00e9cole ! - le regard du sportif","robots":{"index":"index","follow":"follow","max-snippet":"max-snippet:-1","max-image-preview":"max-image-preview:large","max-video-preview":"max-video-preview:-1"},"canonical":"https:\/\/oeilsportif.info\/index.php\/ffrim-les-arbitres-a-lecole\/","og_locale":"fr_FR","og_type":"article","og_title":"FFRIM : Les arbitres \u00e0 l'\u00e9cole ! - le regard du sportif","og_description":"Le d\u00e9partement de l\u2019arbitrage \u00e0 la FFRIM organise un cours FIFA MA pour les assesseurs et instructeurs des arbitres, du 9 au 13 octobre, \u00e0 Nouakchott. 30 participants &#8211; anciens arbitres FIFA, f\u00e9d\u00e9raux ou encore pr\u00e9sidents de CRA &#8211; prennent part \u00e0 ce cours anim\u00e9 par l\u2019instructeur FIFA du Rwanda, M. C\u00e9lestin Ntagunguira. Ce stage [&hellip;]","og_url":"https:\/\/oeilsportif.info\/index.php\/ffrim-les-arbitres-a-lecole\/","og_site_name":"le regard du sportif","article_published_time":"2022-10-11T21:09:21+00:00","og_image":[{"width":1080,"height":591,"url":"https:\/\/oeilsportif.info\/wp-content\/uploads\/2022\/10\/FB_IMG_1665522375201.jpg","type":"image\/jpeg"}],"author":"L'Equipe de la R\u00e9daction","twitter_misc":{"\u00c9crit par":"L'Equipe de la R\u00e9daction","Dur\u00e9e de lecture estim\u00e9e":"1 minute"},"schema":{"@context":"https:\/\/schema.org","@graph":[{"@type":"Article","@id":"https:\/\/oeilsportif.info\/index.php\/ffrim-les-arbitres-a-lecole\/#article","isPartOf":{"@id":"https:\/\/oeilsportif.info\/index.php\/ffrim-les-arbitres-a-lecole\/"},"author":{"name":"L'Equipe de la R\u00e9daction","@id":"https:\/\/oeilsportif.info\/#\/schema\/person\/cfbded294aa6095f7d96608d7905e9a1"},"headline":"FFRIM : Les arbitres \u00e0 l&rsquo;\u00e9cole !","datePublished":"2022-10-11T21:09:21+00:00","mainEntityOfPage":{"@id":"https:\/\/oeilsportif.info\/index.php\/ffrim-les-arbitres-a-lecole\/"},"wordCount":107,"image":{"@id":"https:\/\/oeilsportif.info\/index.php\/ffrim-les-arbitres-a-lecole\/#primaryimage"},"thumbnailUrl":"https:\/\/i0.wp.com\/oeilsportif.info\/wp-content\/uploads\/2022\/10\/FB_IMG_1665522375201.jpg?fit=1080%2C591&ssl=1","articleSection":["Football"],"inLanguage":"fr-FR"},{"@type":"WebPage","@id":"https:\/\/oeilsportif.info\/index.php\/ffrim-les-arbitres-a-lecole\/","url":"https:\/\/oeilsportif.info\/index.php\/ffrim-les-arbitres-a-lecole\/","name":"FFRIM : Les arbitres \u00e0 l'\u00e9cole ! - le regard du sportif","isPartOf":{"@id":"https:\/\/oeilsportif.info\/#website"},"primaryImageOfPage":{"@id":"https:\/\/oeilsportif.info\/index.php\/ffrim-les-arbitres-a-lecole\/#primaryimage"},"image":{"@id":"https:\/\/oeilsportif.info\/index.php\/ffrim-les-arbitres-a-lecole\/#primaryimage"},"thumbnailUrl":"https:\/\/i0.wp.com\/oeilsportif.info\/wp-content\/uploads\/2022\/10\/FB_IMG_1665522375201.jpg?fit=1080%2C591&ssl=1","datePublished":"2022-10-11T21:09:21+00:00","author":{"@id":"https:\/\/oeilsportif.info\/#\/schema\/person\/cfbded294aa6095f7d96608d7905e9a1"},"inLanguage":"fr-FR","potentialAction":[{"@type":"ReadAction","target":["https:\/\/oeilsportif.info\/index.php\/ffrim-les-arbitres-a-lecole\/"]}]},{"@type":"ImageObject","inLanguage":"fr-FR","@id":"https:\/\/oeilsportif.info\/index.php\/ffrim-les-arbitres-a-lecole\/#primaryimage","url":"https:\/\/i0.wp.com\/oeilsportif.info\/wp-content\/uploads\/2022\/10\/FB_IMG_1665522375201.jpg?fit=1080%2C591&ssl=1","contentUrl":"https:\/\/i0.wp.com\/oeilsportif.info\/wp-content\/uploads\/2022\/10\/FB_IMG_1665522375201.jpg?fit=1080%2C591&ssl=1","width":1080,"height":591},{"@type":"WebSite","@id":"https:\/\/oeilsportif.info\/#website","url":"https:\/\/oeilsportif.info\/","name":"le regard du sportif","description":"","potentialAction":[{"@type":"SearchAction","target":{"@type":"EntryPoint","urlTemplate":"https:\/\/oeilsportif.info\/?s={search_term_string}"},"query-input":{"@type":"PropertyValueSpecification","valueRequired":true,"valueName":"search_term_string"}}],"inLanguage":"fr-FR"},{"@type":"Person","@id":"https:\/\/oeilsportif.info\/#\/schema\/person\/cfbded294aa6095f7d96608d7905e9a1","name":"L'Equipe de la R\u00e9daction","image":{"@type":"ImageObject","inLanguage":"fr-FR","@id":"https:\/\/oeilsportif.info\/wp-content\/uploads\/2025\/07\/cropped-cropped-logo-os-96x96.jpeg","url":"https:\/\/oeilsportif.info\/wp-content\/uploads\/2025\/07\/cropped-cropped-logo-os-96x96.jpeg","contentUrl":"https:\/\/oeilsportif.info\/wp-content\/uploads\/2025\/07\/cropped-cropped-logo-os-96x96.jpeg","caption":"L'Equipe de la R\u00e9daction"},"url":"https:\/\/oeilsportif.info\/index.php\/author\/tawel\/"}]}},"jetpack_publicize_connections":[],"jetpack_featured_media_url":"https:\/\/i0.wp.com\/oeilsportif.info\/wp-content\/uploads\/2022\/10\/FB_IMG_1665522375201.jpg?fit=1080%2C591&ssl=1","jetpack-related-posts":[],"jetpack_sharing_enabled":true,"jetpack_likes_enabled":true,"jetpack_shortlink":"https:\/\/wp.me\/pgFE77-yR","_links":{"self":[{"href":"https:\/\/oeilsportif.info\/index.php\/wp-json\/wp\/v2\/posts\/2161","targetHints":{"allow":["GET"]}}],"collection":[{"href":"https:\/\/oeilsportif.info\/index.php\/wp-json\/wp\/v2\/posts"}],"about":[{"href":"https:\/\/oeilsportif.info\/index.php\/wp-json\/wp\/v2\/types\/post"}],"author":[{"embeddable":true,"href":"https:\/\/oeilsportif.info\/index.php\/wp-json\/wp\/v2\/users\/2"}],"replies":[{"embeddable":true,"href":"https:\/\/oeilsportif.info\/index.php\/wp-json\/wp\/v2\/comments?post=2161"}],"version-history":[{"count":0,"href":"https:\/\/oeilsportif.info\/index.php\/wp-json\/wp\/v2\/posts\/2161\/revisions"}],"wp:featuredmedia":[{"embeddable":true,"href":"https:\/\/oeilsportif.info\/index.php\/wp-json\/wp\/v2\/media\/2162"}],"wp:attachment":[{"href":"https:\/\/oeilsportif.info\/index.php\/wp-json\/wp\/v2\/media?parent=2161"}],"wp:term":[{"taxonomy":"category","embeddable":true,"href":"https:\/\/oeilsportif.info\/index.php\/wp-json\/wp\/v2\/categories?post=2161"},{"taxonomy":"post_tag","embeddable":true,"href":"https:\/\/oeilsportif.info\/index.php\/wp-json\/wp\/v2\/tags?post=2161"}],"curies":[{"name":"wp","href":"https:\/\/api.w.org\/{rel}","templated":true}]}}