{"id":2149,"date":"2022-10-10T18:07:40","date_gmt":"2022-10-10T18:07:40","guid":{"rendered":"https:\/\/oeilsportif.info\/index.php\/?p=2149"},"modified":"2022-10-10T18:07:40","modified_gmt":"2022-10-10T18:07:40","slug":"coupe-de-la-confederation-lashanti-prend-le-bouillon","status":"publish","type":"post","link":"https:\/\/oeilsportif.info\/index.php\/coupe-de-la-confederation-lashanti-prend-le-bouillon\/","title":{"rendered":"Coupe de la Conf\u00e9d\u00e9ration : l\u2019Ashanti prend le bouillon"},"content":{"rendered":"<p>L\u2019opposition semblait d\u00e9s\u00e9quilibr\u00e9e et cela s\u2019est v\u00e9rifi\u00e9 dimanche soir au stade Moulay Abdellah de Rabat. L\u2019ASFAR s\u2019est largement impos\u00e9 sur le score de 4 \u00e0 0 face au repr\u00e9sentant Guin\u00e9en.<br \/>\nL\u2019Ashanti de Siguiri a pris lourd dimanche soir \u00e0 Rabat. Oppos\u00e9e aux Marocains des forces arm\u00e9es Royales, l\u2019illusion n\u2019a tenu que 36 mn le temps d\u2019encaisser le 1er but sign\u00e9 Diakit\u00e9.<\/p>\n<p>Tout s\u2019est \u00e9croul\u00e9 derri\u00e8re et les prot\u00e9g\u00e9s du Duo Amadou Kein et Mory Fofana se sont compl\u00e8tement effondr\u00e9s pour s\u2019incliner sur le score de 4 \u00e0 0. Moufid \u00e0 la 50\u00e8me, Slim 8mn plus tard et Ennaffati \u00e0 la 90\u00e8me ont compl\u00e9t\u00e9 la symphonie des locaux. Le match retour le weekend prochain \u00e0 Conakry risque d\u2019\u00eatre encore plus compliqu\u00e9.<\/p>\n<p>&nbsp;<\/p>\n<p>LGFP<\/p>\n","protected":false},"excerpt":{"rendered":"<p>L\u2019opposition semblait d\u00e9s\u00e9quilibr\u00e9e et cela s\u2019est v\u00e9rifi\u00e9 dimanche soir au stade Moulay Abdellah de Rabat. L\u2019ASFAR s\u2019est largement impos\u00e9 sur le score de 4 \u00e0 0 face au repr\u00e9sentant Guin\u00e9en. L\u2019Ashanti de Siguiri a pris lourd dimanche soir \u00e0 Rabat. Oppos\u00e9e aux Marocains des forces arm\u00e9es Royales, l\u2019illusion n\u2019a tenu que 36 mn le temps [&hellip;]<\/p>\n","protected":false},"author":2,"featured_media":2150,"comment_status":"closed","ping_status":"open","sticky":false,"template":"","format":"standard","meta":{"_jetpack_memberships_contains_paid_content":false,"footnotes":"","jetpack_publicize_message":"","jetpack_publicize_feature_enabled":true,"jetpack_social_post_already_shared":true,"jetpack_social_options":{"image_generator_settings":{"template":"highway","default_image_id":0,"font":"","enabled":false},"version":2}},"categories":[5],"tags":[],"class_list":{"0":"post-2149","1":"post","2":"type-post","3":"status-publish","4":"format-standard","5":"has-post-thumbnail","7":"category-football"},"yoast_head":"<!-- This site is optimized with the Yoast SEO plugin v27.4 - https:\/\/yoast.com\/product\/yoast-seo-wordpress\/ -->\n<title>Coupe de la Conf\u00e9d\u00e9ration : l\u2019Ashanti prend le bouillon - le regard du sportif<\/title>\n<meta name=\"robots\" content=\"index, follow, max-snippet:-1, max-image-preview:large, max-video-preview:-1\" \/>\n<link rel=\"canonical\" href=\"https:\/\/oeilsportif.info\/index.php\/coupe-de-la-confederation-lashanti-prend-le-bouillon\/\" \/>\n<meta property=\"og:locale\" content=\"fr_FR\" \/>\n<meta property=\"og:type\" content=\"article\" \/>\n<meta property=\"og:title\" content=\"Coupe de la Conf\u00e9d\u00e9ration : l\u2019Ashanti prend le bouillon - le regard du sportif\" \/>\n<meta property=\"og:description\" content=\"L\u2019opposition semblait d\u00e9s\u00e9quilibr\u00e9e et cela s\u2019est v\u00e9rifi\u00e9 dimanche soir au stade Moulay Abdellah de Rabat. L\u2019ASFAR s\u2019est largement impos\u00e9 sur le score de 4 \u00e0 0 face au repr\u00e9sentant Guin\u00e9en. L\u2019Ashanti de Siguiri a pris lourd dimanche soir \u00e0 Rabat. Oppos\u00e9e aux Marocains des forces arm\u00e9es Royales, l\u2019illusion n\u2019a tenu que 36 mn le temps [&hellip;]\" \/>\n<meta property=\"og:url\" content=\"https:\/\/oeilsportif.info\/index.php\/coupe-de-la-confederation-lashanti-prend-le-bouillon\/\" \/>\n<meta property=\"og:site_name\" content=\"le regard du sportif\" \/>\n<meta property=\"article:published_time\" content=\"2022-10-10T18:07:40+00:00\" \/>\n<meta property=\"og:image\" content=\"https:\/\/oeilsportif.info\/wp-content\/uploads\/2022\/10\/FB_IMG_1665425160954.jpg\" \/>\n\t<meta property=\"og:image:width\" content=\"864\" \/>\n\t<meta property=\"og:image:height\" content=\"1080\" \/>\n\t<meta property=\"og:image:type\" content=\"image\/jpeg\" \/>\n<meta name=\"author\" content=\"L&#039;Equipe de la R\u00e9daction\" \/>\n<meta name=\"twitter:label1\" content=\"\u00c9crit par\" \/>\n\t<meta name=\"twitter:data1\" content=\"L&#039;Equipe de la R\u00e9daction\" \/>\n\t<meta name=\"twitter:label2\" content=\"Dur\u00e9e de lecture estim\u00e9e\" \/>\n\t<meta name=\"twitter:data2\" content=\"1 minute\" \/>\n<script type=\"application\/ld+json\" class=\"yoast-schema-graph\">{\"@context\":\"https:\\\/\\\/schema.org\",\"@graph\":[{\"@type\":\"Article\",\"@id\":\"https:\\\/\\\/oeilsportif.info\\\/index.php\\\/coupe-de-la-confederation-lashanti-prend-le-bouillon\\\/#article\",\"isPartOf\":{\"@id\":\"https:\\\/\\\/oeilsportif.info\\\/index.php\\\/coupe-de-la-confederation-lashanti-prend-le-bouillon\\\/\"},\"author\":{\"name\":\"L'Equipe de la R\u00e9daction\",\"@id\":\"https:\\\/\\\/oeilsportif.info\\\/#\\\/schema\\\/person\\\/cfbded294aa6095f7d96608d7905e9a1\"},\"headline\":\"Coupe de la Conf\u00e9d\u00e9ration : l\u2019Ashanti prend le bouillon\",\"datePublished\":\"2022-10-10T18:07:40+00:00\",\"mainEntityOfPage\":{\"@id\":\"https:\\\/\\\/oeilsportif.info\\\/index.php\\\/coupe-de-la-confederation-lashanti-prend-le-bouillon\\\/\"},\"wordCount\":147,\"image\":{\"@id\":\"https:\\\/\\\/oeilsportif.info\\\/index.php\\\/coupe-de-la-confederation-lashanti-prend-le-bouillon\\\/#primaryimage\"},\"thumbnailUrl\":\"https:\\\/\\\/i0.wp.com\\\/oeilsportif.info\\\/wp-content\\\/uploads\\\/2022\\\/10\\\/FB_IMG_1665425160954.jpg?fit=864%2C1080&ssl=1\",\"articleSection\":[\"Football\"],\"inLanguage\":\"fr-FR\"},{\"@type\":\"WebPage\",\"@id\":\"https:\\\/\\\/oeilsportif.info\\\/index.php\\\/coupe-de-la-confederation-lashanti-prend-le-bouillon\\\/\",\"url\":\"https:\\\/\\\/oeilsportif.info\\\/index.php\\\/coupe-de-la-confederation-lashanti-prend-le-bouillon\\\/\",\"name\":\"Coupe de la Conf\u00e9d\u00e9ration : l\u2019Ashanti prend le bouillon - le regard du sportif\",\"isPartOf\":{\"@id\":\"https:\\\/\\\/oeilsportif.info\\\/#website\"},\"primaryImageOfPage\":{\"@id\":\"https:\\\/\\\/oeilsportif.info\\\/index.php\\\/coupe-de-la-confederation-lashanti-prend-le-bouillon\\\/#primaryimage\"},\"image\":{\"@id\":\"https:\\\/\\\/oeilsportif.info\\\/index.php\\\/coupe-de-la-confederation-lashanti-prend-le-bouillon\\\/#primaryimage\"},\"thumbnailUrl\":\"https:\\\/\\\/i0.wp.com\\\/oeilsportif.info\\\/wp-content\\\/uploads\\\/2022\\\/10\\\/FB_IMG_1665425160954.jpg?fit=864%2C1080&ssl=1\",\"datePublished\":\"2022-10-10T18:07:40+00:00\",\"author\":{\"@id\":\"https:\\\/\\\/oeilsportif.info\\\/#\\\/schema\\\/person\\\/cfbded294aa6095f7d96608d7905e9a1\"},\"inLanguage\":\"fr-FR\",\"potentialAction\":[{\"@type\":\"ReadAction\",\"target\":[\"https:\\\/\\\/oeilsportif.info\\\/index.php\\\/coupe-de-la-confederation-lashanti-prend-le-bouillon\\\/\"]}]},{\"@type\":\"ImageObject\",\"inLanguage\":\"fr-FR\",\"@id\":\"https:\\\/\\\/oeilsportif.info\\\/index.php\\\/coupe-de-la-confederation-lashanti-prend-le-bouillon\\\/#primaryimage\",\"url\":\"https:\\\/\\\/i0.wp.com\\\/oeilsportif.info\\\/wp-content\\\/uploads\\\/2022\\\/10\\\/FB_IMG_1665425160954.jpg?fit=864%2C1080&ssl=1\",\"contentUrl\":\"https:\\\/\\\/i0.wp.com\\\/oeilsportif.info\\\/wp-content\\\/uploads\\\/2022\\\/10\\\/FB_IMG_1665425160954.jpg?fit=864%2C1080&ssl=1\",\"width\":864,\"height\":1080},{\"@type\":\"WebSite\",\"@id\":\"https:\\\/\\\/oeilsportif.info\\\/#website\",\"url\":\"https:\\\/\\\/oeilsportif.info\\\/\",\"name\":\"le regard du sportif\",\"description\":\"\",\"potentialAction\":[{\"@type\":\"SearchAction\",\"target\":{\"@type\":\"EntryPoint\",\"urlTemplate\":\"https:\\\/\\\/oeilsportif.info\\\/?s={search_term_string}\"},\"query-input\":{\"@type\":\"PropertyValueSpecification\",\"valueRequired\":true,\"valueName\":\"search_term_string\"}}],\"inLanguage\":\"fr-FR\"},{\"@type\":\"Person\",\"@id\":\"https:\\\/\\\/oeilsportif.info\\\/#\\\/schema\\\/person\\\/cfbded294aa6095f7d96608d7905e9a1\",\"name\":\"L'Equipe de la R\u00e9daction\",\"image\":{\"@type\":\"ImageObject\",\"inLanguage\":\"fr-FR\",\"@id\":\"https:\\\/\\\/oeilsportif.info\\\/wp-content\\\/uploads\\\/2025\\\/07\\\/cropped-cropped-logo-os-96x96.jpeg\",\"url\":\"https:\\\/\\\/oeilsportif.info\\\/wp-content\\\/uploads\\\/2025\\\/07\\\/cropped-cropped-logo-os-96x96.jpeg\",\"contentUrl\":\"https:\\\/\\\/oeilsportif.info\\\/wp-content\\\/uploads\\\/2025\\\/07\\\/cropped-cropped-logo-os-96x96.jpeg\",\"caption\":\"L'Equipe de la R\u00e9daction\"},\"url\":\"https:\\\/\\\/oeilsportif.info\\\/index.php\\\/author\\\/tawel\\\/\"}]}<\/script>\n<!-- \/ Yoast SEO plugin. -->","yoast_head_json":{"title":"Coupe de la Conf\u00e9d\u00e9ration : l\u2019Ashanti prend le bouillon - le regard du sportif","robots":{"index":"index","follow":"follow","max-snippet":"max-snippet:-1","max-image-preview":"max-image-preview:large","max-video-preview":"max-video-preview:-1"},"canonical":"https:\/\/oeilsportif.info\/index.php\/coupe-de-la-confederation-lashanti-prend-le-bouillon\/","og_locale":"fr_FR","og_type":"article","og_title":"Coupe de la Conf\u00e9d\u00e9ration : l\u2019Ashanti prend le bouillon - le regard du sportif","og_description":"L\u2019opposition semblait d\u00e9s\u00e9quilibr\u00e9e et cela s\u2019est v\u00e9rifi\u00e9 dimanche soir au stade Moulay Abdellah de Rabat. L\u2019ASFAR s\u2019est largement impos\u00e9 sur le score de 4 \u00e0 0 face au repr\u00e9sentant Guin\u00e9en. L\u2019Ashanti de Siguiri a pris lourd dimanche soir \u00e0 Rabat. Oppos\u00e9e aux Marocains des forces arm\u00e9es Royales, l\u2019illusion n\u2019a tenu que 36 mn le temps [&hellip;]","og_url":"https:\/\/oeilsportif.info\/index.php\/coupe-de-la-confederation-lashanti-prend-le-bouillon\/","og_site_name":"le regard du sportif","article_published_time":"2022-10-10T18:07:40+00:00","og_image":[{"width":864,"height":1080,"url":"https:\/\/oeilsportif.info\/wp-content\/uploads\/2022\/10\/FB_IMG_1665425160954.jpg","type":"image\/jpeg"}],"author":"L'Equipe de la R\u00e9daction","twitter_misc":{"\u00c9crit par":"L'Equipe de la R\u00e9daction","Dur\u00e9e de lecture estim\u00e9e":"1 minute"},"schema":{"@context":"https:\/\/schema.org","@graph":[{"@type":"Article","@id":"https:\/\/oeilsportif.info\/index.php\/coupe-de-la-confederation-lashanti-prend-le-bouillon\/#article","isPartOf":{"@id":"https:\/\/oeilsportif.info\/index.php\/coupe-de-la-confederation-lashanti-prend-le-bouillon\/"},"author":{"name":"L'Equipe de la R\u00e9daction","@id":"https:\/\/oeilsportif.info\/#\/schema\/person\/cfbded294aa6095f7d96608d7905e9a1"},"headline":"Coupe de la Conf\u00e9d\u00e9ration : l\u2019Ashanti prend le bouillon","datePublished":"2022-10-10T18:07:40+00:00","mainEntityOfPage":{"@id":"https:\/\/oeilsportif.info\/index.php\/coupe-de-la-confederation-lashanti-prend-le-bouillon\/"},"wordCount":147,"image":{"@id":"https:\/\/oeilsportif.info\/index.php\/coupe-de-la-confederation-lashanti-prend-le-bouillon\/#primaryimage"},"thumbnailUrl":"https:\/\/i0.wp.com\/oeilsportif.info\/wp-content\/uploads\/2022\/10\/FB_IMG_1665425160954.jpg?fit=864%2C1080&ssl=1","articleSection":["Football"],"inLanguage":"fr-FR"},{"@type":"WebPage","@id":"https:\/\/oeilsportif.info\/index.php\/coupe-de-la-confederation-lashanti-prend-le-bouillon\/","url":"https:\/\/oeilsportif.info\/index.php\/coupe-de-la-confederation-lashanti-prend-le-bouillon\/","name":"Coupe de la Conf\u00e9d\u00e9ration : l\u2019Ashanti prend le bouillon - le regard du sportif","isPartOf":{"@id":"https:\/\/oeilsportif.info\/#website"},"primaryImageOfPage":{"@id":"https:\/\/oeilsportif.info\/index.php\/coupe-de-la-confederation-lashanti-prend-le-bouillon\/#primaryimage"},"image":{"@id":"https:\/\/oeilsportif.info\/index.php\/coupe-de-la-confederation-lashanti-prend-le-bouillon\/#primaryimage"},"thumbnailUrl":"https:\/\/i0.wp.com\/oeilsportif.info\/wp-content\/uploads\/2022\/10\/FB_IMG_1665425160954.jpg?fit=864%2C1080&ssl=1","datePublished":"2022-10-10T18:07:40+00:00","author":{"@id":"https:\/\/oeilsportif.info\/#\/schema\/person\/cfbded294aa6095f7d96608d7905e9a1"},"inLanguage":"fr-FR","potentialAction":[{"@type":"ReadAction","target":["https:\/\/oeilsportif.info\/index.php\/coupe-de-la-confederation-lashanti-prend-le-bouillon\/"]}]},{"@type":"ImageObject","inLanguage":"fr-FR","@id":"https:\/\/oeilsportif.info\/index.php\/coupe-de-la-confederation-lashanti-prend-le-bouillon\/#primaryimage","url":"https:\/\/i0.wp.com\/oeilsportif.info\/wp-content\/uploads\/2022\/10\/FB_IMG_1665425160954.jpg?fit=864%2C1080&ssl=1","contentUrl":"https:\/\/i0.wp.com\/oeilsportif.info\/wp-content\/uploads\/2022\/10\/FB_IMG_1665425160954.jpg?fit=864%2C1080&ssl=1","width":864,"height":1080},{"@type":"WebSite","@id":"https:\/\/oeilsportif.info\/#website","url":"https:\/\/oeilsportif.info\/","name":"le regard du sportif","description":"","potentialAction":[{"@type":"SearchAction","target":{"@type":"EntryPoint","urlTemplate":"https:\/\/oeilsportif.info\/?s={search_term_string}"},"query-input":{"@type":"PropertyValueSpecification","valueRequired":true,"valueName":"search_term_string"}}],"inLanguage":"fr-FR"},{"@type":"Person","@id":"https:\/\/oeilsportif.info\/#\/schema\/person\/cfbded294aa6095f7d96608d7905e9a1","name":"L'Equipe de la R\u00e9daction","image":{"@type":"ImageObject","inLanguage":"fr-FR","@id":"https:\/\/oeilsportif.info\/wp-content\/uploads\/2025\/07\/cropped-cropped-logo-os-96x96.jpeg","url":"https:\/\/oeilsportif.info\/wp-content\/uploads\/2025\/07\/cropped-cropped-logo-os-96x96.jpeg","contentUrl":"https:\/\/oeilsportif.info\/wp-content\/uploads\/2025\/07\/cropped-cropped-logo-os-96x96.jpeg","caption":"L'Equipe de la R\u00e9daction"},"url":"https:\/\/oeilsportif.info\/index.php\/author\/tawel\/"}]}},"jetpack_publicize_connections":[],"jetpack_featured_media_url":"https:\/\/i0.wp.com\/oeilsportif.info\/wp-content\/uploads\/2022\/10\/FB_IMG_1665425160954.jpg?fit=864%2C1080&ssl=1","jetpack-related-posts":[],"jetpack_sharing_enabled":true,"jetpack_likes_enabled":true,"jetpack_shortlink":"https:\/\/wp.me\/pgFE77-yF","_links":{"self":[{"href":"https:\/\/oeilsportif.info\/index.php\/wp-json\/wp\/v2\/posts\/2149","targetHints":{"allow":["GET"]}}],"collection":[{"href":"https:\/\/oeilsportif.info\/index.php\/wp-json\/wp\/v2\/posts"}],"about":[{"href":"https:\/\/oeilsportif.info\/index.php\/wp-json\/wp\/v2\/types\/post"}],"author":[{"embeddable":true,"href":"https:\/\/oeilsportif.info\/index.php\/wp-json\/wp\/v2\/users\/2"}],"replies":[{"embeddable":true,"href":"https:\/\/oeilsportif.info\/index.php\/wp-json\/wp\/v2\/comments?post=2149"}],"version-history":[{"count":0,"href":"https:\/\/oeilsportif.info\/index.php\/wp-json\/wp\/v2\/posts\/2149\/revisions"}],"wp:featuredmedia":[{"embeddable":true,"href":"https:\/\/oeilsportif.info\/index.php\/wp-json\/wp\/v2\/media\/2150"}],"wp:attachment":[{"href":"https:\/\/oeilsportif.info\/index.php\/wp-json\/wp\/v2\/media?parent=2149"}],"wp:term":[{"taxonomy":"category","embeddable":true,"href":"https:\/\/oeilsportif.info\/index.php\/wp-json\/wp\/v2\/categories?post=2149"},{"taxonomy":"post_tag","embeddable":true,"href":"https:\/\/oeilsportif.info\/index.php\/wp-json\/wp\/v2\/tags?post=2149"}],"curies":[{"name":"wp","href":"https:\/\/api.w.org\/{rel}","templated":true}]}}