{"id":2146,"date":"2022-10-09T15:46:16","date_gmt":"2022-10-09T15:46:16","guid":{"rendered":"https:\/\/oeilsportif.info\/index.php\/?p=2146"},"modified":"2022-10-09T15:46:16","modified_gmt":"2022-10-09T15:46:16","slug":"basket-ball-le-president-de-la-fegabab-willy-conrad-asseko-rencontre-lespoir-bc","status":"publish","type":"post","link":"https:\/\/oeilsportif.info\/index.php\/basket-ball-le-president-de-la-fegabab-willy-conrad-asseko-rencontre-lespoir-bc\/","title":{"rendered":"Basket-ball : Le Pr\u00e9sident de la FEGABAB , Willy Conrad Asseko rencontre l\u2019Espoir BC"},"content":{"rendered":"<p>Le Pr\u00e9sident de la F\u00e9d\u00e9ration Gabonaise de Basket-ball , Willy Conrad Asseko a rencontr\u00e9 l\u2019\u00e9quipe dirigeante d\u2019Espoir BC au si\u00e8ge de la FEGABAB afin de signifier de nouveau son soutien \u00e0 l&rsquo;\u00e9quipe, quelques heures avant le d\u00e9part de l\u2019\u00e9quipe pour Yaound\u00e9 au Cameroun dans le cadre des \u00e9liminatoires de la BAL.<\/p>\n<p>Outre l&rsquo;accompagnement des \u00e9quipes nationales, la FEGABAB s\u2019active \u00e9galement pour accompagner de fa\u00e7on effective les repr\u00e9sentants du Gabon aux comp\u00e9titions internationales. D\u2019ailleurs pour la saison 2022-2023 de la BASKETBALL AFRICA LEAGUE, la F\u00e9d\u00e9ration Gabonaise de Basket-ball a us\u00e9 de tous les moyens l\u00e9gaux pour aider, ce jeune club qu\u2019est Espoir BC.<\/p>\n<p>La FEGABAB tient \u00e0 remercier le Minist\u00e8re des Sports, de la Jeunesse charg\u00e9 de la vie associative, Office National de D\u00e9veloppement du Sport et de La Culture et OLAM PALM pour leur appui multiforme.<\/p>\n<p>FEGABAB<\/p>\n","protected":false},"excerpt":{"rendered":"<p>Le Pr\u00e9sident de la F\u00e9d\u00e9ration Gabonaise de Basket-ball , Willy Conrad Asseko a rencontr\u00e9 l\u2019\u00e9quipe dirigeante d\u2019Espoir BC au si\u00e8ge de la FEGABAB afin de signifier de nouveau son soutien \u00e0 l&rsquo;\u00e9quipe, quelques heures avant le d\u00e9part de l\u2019\u00e9quipe pour Yaound\u00e9 au Cameroun dans le cadre des \u00e9liminatoires de la BAL. Outre l&rsquo;accompagnement des \u00e9quipes [&hellip;]<\/p>\n","protected":false},"author":2,"featured_media":2147,"comment_status":"closed","ping_status":"open","sticky":false,"template":"","format":"standard","meta":{"_jetpack_memberships_contains_paid_content":false,"footnotes":"","jetpack_publicize_message":"","jetpack_publicize_feature_enabled":true,"jetpack_social_post_already_shared":true,"jetpack_social_options":{"image_generator_settings":{"template":"highway","default_image_id":0,"font":"","enabled":false},"version":2}},"categories":[7],"tags":[],"class_list":{"0":"post-2146","1":"post","2":"type-post","3":"status-publish","4":"format-standard","5":"has-post-thumbnail","7":"category-basketball"},"yoast_head":"<!-- This site is optimized with the Yoast SEO plugin v27.4 - https:\/\/yoast.com\/product\/yoast-seo-wordpress\/ -->\n<title>Basket-ball : Le Pr\u00e9sident de la FEGABAB , Willy Conrad Asseko rencontre l\u2019Espoir BC - le regard du sportif<\/title>\n<meta name=\"robots\" content=\"index, follow, max-snippet:-1, max-image-preview:large, max-video-preview:-1\" \/>\n<link rel=\"canonical\" href=\"https:\/\/oeilsportif.info\/index.php\/basket-ball-le-president-de-la-fegabab-willy-conrad-asseko-rencontre-lespoir-bc\/\" \/>\n<meta property=\"og:locale\" content=\"fr_FR\" \/>\n<meta property=\"og:type\" content=\"article\" \/>\n<meta property=\"og:title\" content=\"Basket-ball : Le Pr\u00e9sident de la FEGABAB , Willy Conrad Asseko rencontre l\u2019Espoir BC - le regard du sportif\" \/>\n<meta property=\"og:description\" content=\"Le Pr\u00e9sident de la F\u00e9d\u00e9ration Gabonaise de Basket-ball , Willy Conrad Asseko a rencontr\u00e9 l\u2019\u00e9quipe dirigeante d\u2019Espoir BC au si\u00e8ge de la FEGABAB afin de signifier de nouveau son soutien \u00e0 l&rsquo;\u00e9quipe, quelques heures avant le d\u00e9part de l\u2019\u00e9quipe pour Yaound\u00e9 au Cameroun dans le cadre des \u00e9liminatoires de la BAL. Outre l&rsquo;accompagnement des \u00e9quipes [&hellip;]\" \/>\n<meta property=\"og:url\" content=\"https:\/\/oeilsportif.info\/index.php\/basket-ball-le-president-de-la-fegabab-willy-conrad-asseko-rencontre-lespoir-bc\/\" \/>\n<meta property=\"og:site_name\" content=\"le regard du sportif\" \/>\n<meta property=\"article:published_time\" content=\"2022-10-09T15:46:16+00:00\" \/>\n<meta property=\"og:image\" content=\"https:\/\/oeilsportif.info\/wp-content\/uploads\/2022\/10\/FB_IMG_1665329657711.jpg\" \/>\n\t<meta property=\"og:image:width\" content=\"1080\" \/>\n\t<meta property=\"og:image:height\" content=\"720\" \/>\n\t<meta property=\"og:image:type\" content=\"image\/jpeg\" \/>\n<meta name=\"author\" content=\"L&#039;Equipe de la R\u00e9daction\" \/>\n<meta name=\"twitter:label1\" content=\"\u00c9crit par\" \/>\n\t<meta name=\"twitter:data1\" content=\"L&#039;Equipe de la R\u00e9daction\" \/>\n\t<meta name=\"twitter:label2\" content=\"Dur\u00e9e de lecture estim\u00e9e\" \/>\n\t<meta name=\"twitter:data2\" content=\"1 minute\" \/>\n<script type=\"application\/ld+json\" class=\"yoast-schema-graph\">{\"@context\":\"https:\\\/\\\/schema.org\",\"@graph\":[{\"@type\":\"Article\",\"@id\":\"https:\\\/\\\/oeilsportif.info\\\/index.php\\\/basket-ball-le-president-de-la-fegabab-willy-conrad-asseko-rencontre-lespoir-bc\\\/#article\",\"isPartOf\":{\"@id\":\"https:\\\/\\\/oeilsportif.info\\\/index.php\\\/basket-ball-le-president-de-la-fegabab-willy-conrad-asseko-rencontre-lespoir-bc\\\/\"},\"author\":{\"name\":\"L'Equipe de la R\u00e9daction\",\"@id\":\"https:\\\/\\\/oeilsportif.info\\\/#\\\/schema\\\/person\\\/cfbded294aa6095f7d96608d7905e9a1\"},\"headline\":\"Basket-ball : Le Pr\u00e9sident de la FEGABAB , Willy Conrad Asseko rencontre l\u2019Espoir BC\",\"datePublished\":\"2022-10-09T15:46:16+00:00\",\"mainEntityOfPage\":{\"@id\":\"https:\\\/\\\/oeilsportif.info\\\/index.php\\\/basket-ball-le-president-de-la-fegabab-willy-conrad-asseko-rencontre-lespoir-bc\\\/\"},\"wordCount\":169,\"image\":{\"@id\":\"https:\\\/\\\/oeilsportif.info\\\/index.php\\\/basket-ball-le-president-de-la-fegabab-willy-conrad-asseko-rencontre-lespoir-bc\\\/#primaryimage\"},\"thumbnailUrl\":\"https:\\\/\\\/i0.wp.com\\\/oeilsportif.info\\\/wp-content\\\/uploads\\\/2022\\\/10\\\/FB_IMG_1665329657711.jpg?fit=1080%2C720&ssl=1\",\"articleSection\":[\"Basketball\"],\"inLanguage\":\"fr-FR\"},{\"@type\":\"WebPage\",\"@id\":\"https:\\\/\\\/oeilsportif.info\\\/index.php\\\/basket-ball-le-president-de-la-fegabab-willy-conrad-asseko-rencontre-lespoir-bc\\\/\",\"url\":\"https:\\\/\\\/oeilsportif.info\\\/index.php\\\/basket-ball-le-president-de-la-fegabab-willy-conrad-asseko-rencontre-lespoir-bc\\\/\",\"name\":\"Basket-ball : Le Pr\u00e9sident de la FEGABAB , Willy Conrad Asseko rencontre l\u2019Espoir BC - le regard du sportif\",\"isPartOf\":{\"@id\":\"https:\\\/\\\/oeilsportif.info\\\/#website\"},\"primaryImageOfPage\":{\"@id\":\"https:\\\/\\\/oeilsportif.info\\\/index.php\\\/basket-ball-le-president-de-la-fegabab-willy-conrad-asseko-rencontre-lespoir-bc\\\/#primaryimage\"},\"image\":{\"@id\":\"https:\\\/\\\/oeilsportif.info\\\/index.php\\\/basket-ball-le-president-de-la-fegabab-willy-conrad-asseko-rencontre-lespoir-bc\\\/#primaryimage\"},\"thumbnailUrl\":\"https:\\\/\\\/i0.wp.com\\\/oeilsportif.info\\\/wp-content\\\/uploads\\\/2022\\\/10\\\/FB_IMG_1665329657711.jpg?fit=1080%2C720&ssl=1\",\"datePublished\":\"2022-10-09T15:46:16+00:00\",\"author\":{\"@id\":\"https:\\\/\\\/oeilsportif.info\\\/#\\\/schema\\\/person\\\/cfbded294aa6095f7d96608d7905e9a1\"},\"inLanguage\":\"fr-FR\",\"potentialAction\":[{\"@type\":\"ReadAction\",\"target\":[\"https:\\\/\\\/oeilsportif.info\\\/index.php\\\/basket-ball-le-president-de-la-fegabab-willy-conrad-asseko-rencontre-lespoir-bc\\\/\"]}]},{\"@type\":\"ImageObject\",\"inLanguage\":\"fr-FR\",\"@id\":\"https:\\\/\\\/oeilsportif.info\\\/index.php\\\/basket-ball-le-president-de-la-fegabab-willy-conrad-asseko-rencontre-lespoir-bc\\\/#primaryimage\",\"url\":\"https:\\\/\\\/i0.wp.com\\\/oeilsportif.info\\\/wp-content\\\/uploads\\\/2022\\\/10\\\/FB_IMG_1665329657711.jpg?fit=1080%2C720&ssl=1\",\"contentUrl\":\"https:\\\/\\\/i0.wp.com\\\/oeilsportif.info\\\/wp-content\\\/uploads\\\/2022\\\/10\\\/FB_IMG_1665329657711.jpg?fit=1080%2C720&ssl=1\",\"width\":1080,\"height\":720},{\"@type\":\"WebSite\",\"@id\":\"https:\\\/\\\/oeilsportif.info\\\/#website\",\"url\":\"https:\\\/\\\/oeilsportif.info\\\/\",\"name\":\"le regard du sportif\",\"description\":\"\",\"potentialAction\":[{\"@type\":\"SearchAction\",\"target\":{\"@type\":\"EntryPoint\",\"urlTemplate\":\"https:\\\/\\\/oeilsportif.info\\\/?s={search_term_string}\"},\"query-input\":{\"@type\":\"PropertyValueSpecification\",\"valueRequired\":true,\"valueName\":\"search_term_string\"}}],\"inLanguage\":\"fr-FR\"},{\"@type\":\"Person\",\"@id\":\"https:\\\/\\\/oeilsportif.info\\\/#\\\/schema\\\/person\\\/cfbded294aa6095f7d96608d7905e9a1\",\"name\":\"L'Equipe de la R\u00e9daction\",\"image\":{\"@type\":\"ImageObject\",\"inLanguage\":\"fr-FR\",\"@id\":\"https:\\\/\\\/oeilsportif.info\\\/wp-content\\\/uploads\\\/2025\\\/07\\\/cropped-cropped-logo-os-96x96.jpeg\",\"url\":\"https:\\\/\\\/oeilsportif.info\\\/wp-content\\\/uploads\\\/2025\\\/07\\\/cropped-cropped-logo-os-96x96.jpeg\",\"contentUrl\":\"https:\\\/\\\/oeilsportif.info\\\/wp-content\\\/uploads\\\/2025\\\/07\\\/cropped-cropped-logo-os-96x96.jpeg\",\"caption\":\"L'Equipe de la R\u00e9daction\"},\"url\":\"https:\\\/\\\/oeilsportif.info\\\/index.php\\\/author\\\/tawel\\\/\"}]}<\/script>\n<!-- \/ Yoast SEO plugin. -->","yoast_head_json":{"title":"Basket-ball : Le Pr\u00e9sident de la FEGABAB , Willy Conrad Asseko rencontre l\u2019Espoir BC - le regard du sportif","robots":{"index":"index","follow":"follow","max-snippet":"max-snippet:-1","max-image-preview":"max-image-preview:large","max-video-preview":"max-video-preview:-1"},"canonical":"https:\/\/oeilsportif.info\/index.php\/basket-ball-le-president-de-la-fegabab-willy-conrad-asseko-rencontre-lespoir-bc\/","og_locale":"fr_FR","og_type":"article","og_title":"Basket-ball : Le Pr\u00e9sident de la FEGABAB , Willy Conrad Asseko rencontre l\u2019Espoir BC - le regard du sportif","og_description":"Le Pr\u00e9sident de la F\u00e9d\u00e9ration Gabonaise de Basket-ball , Willy Conrad Asseko a rencontr\u00e9 l\u2019\u00e9quipe dirigeante d\u2019Espoir BC au si\u00e8ge de la FEGABAB afin de signifier de nouveau son soutien \u00e0 l&rsquo;\u00e9quipe, quelques heures avant le d\u00e9part de l\u2019\u00e9quipe pour Yaound\u00e9 au Cameroun dans le cadre des \u00e9liminatoires de la BAL. Outre l&rsquo;accompagnement des \u00e9quipes [&hellip;]","og_url":"https:\/\/oeilsportif.info\/index.php\/basket-ball-le-president-de-la-fegabab-willy-conrad-asseko-rencontre-lespoir-bc\/","og_site_name":"le regard du sportif","article_published_time":"2022-10-09T15:46:16+00:00","og_image":[{"width":1080,"height":720,"url":"https:\/\/oeilsportif.info\/wp-content\/uploads\/2022\/10\/FB_IMG_1665329657711.jpg","type":"image\/jpeg"}],"author":"L'Equipe de la R\u00e9daction","twitter_misc":{"\u00c9crit par":"L'Equipe de la R\u00e9daction","Dur\u00e9e de lecture estim\u00e9e":"1 minute"},"schema":{"@context":"https:\/\/schema.org","@graph":[{"@type":"Article","@id":"https:\/\/oeilsportif.info\/index.php\/basket-ball-le-president-de-la-fegabab-willy-conrad-asseko-rencontre-lespoir-bc\/#article","isPartOf":{"@id":"https:\/\/oeilsportif.info\/index.php\/basket-ball-le-president-de-la-fegabab-willy-conrad-asseko-rencontre-lespoir-bc\/"},"author":{"name":"L'Equipe de la R\u00e9daction","@id":"https:\/\/oeilsportif.info\/#\/schema\/person\/cfbded294aa6095f7d96608d7905e9a1"},"headline":"Basket-ball : Le Pr\u00e9sident de la FEGABAB , Willy Conrad Asseko rencontre l\u2019Espoir BC","datePublished":"2022-10-09T15:46:16+00:00","mainEntityOfPage":{"@id":"https:\/\/oeilsportif.info\/index.php\/basket-ball-le-president-de-la-fegabab-willy-conrad-asseko-rencontre-lespoir-bc\/"},"wordCount":169,"image":{"@id":"https:\/\/oeilsportif.info\/index.php\/basket-ball-le-president-de-la-fegabab-willy-conrad-asseko-rencontre-lespoir-bc\/#primaryimage"},"thumbnailUrl":"https:\/\/i0.wp.com\/oeilsportif.info\/wp-content\/uploads\/2022\/10\/FB_IMG_1665329657711.jpg?fit=1080%2C720&ssl=1","articleSection":["Basketball"],"inLanguage":"fr-FR"},{"@type":"WebPage","@id":"https:\/\/oeilsportif.info\/index.php\/basket-ball-le-president-de-la-fegabab-willy-conrad-asseko-rencontre-lespoir-bc\/","url":"https:\/\/oeilsportif.info\/index.php\/basket-ball-le-president-de-la-fegabab-willy-conrad-asseko-rencontre-lespoir-bc\/","name":"Basket-ball : Le Pr\u00e9sident de la FEGABAB , Willy Conrad Asseko rencontre l\u2019Espoir BC - le regard du sportif","isPartOf":{"@id":"https:\/\/oeilsportif.info\/#website"},"primaryImageOfPage":{"@id":"https:\/\/oeilsportif.info\/index.php\/basket-ball-le-president-de-la-fegabab-willy-conrad-asseko-rencontre-lespoir-bc\/#primaryimage"},"image":{"@id":"https:\/\/oeilsportif.info\/index.php\/basket-ball-le-president-de-la-fegabab-willy-conrad-asseko-rencontre-lespoir-bc\/#primaryimage"},"thumbnailUrl":"https:\/\/i0.wp.com\/oeilsportif.info\/wp-content\/uploads\/2022\/10\/FB_IMG_1665329657711.jpg?fit=1080%2C720&ssl=1","datePublished":"2022-10-09T15:46:16+00:00","author":{"@id":"https:\/\/oeilsportif.info\/#\/schema\/person\/cfbded294aa6095f7d96608d7905e9a1"},"inLanguage":"fr-FR","potentialAction":[{"@type":"ReadAction","target":["https:\/\/oeilsportif.info\/index.php\/basket-ball-le-president-de-la-fegabab-willy-conrad-asseko-rencontre-lespoir-bc\/"]}]},{"@type":"ImageObject","inLanguage":"fr-FR","@id":"https:\/\/oeilsportif.info\/index.php\/basket-ball-le-president-de-la-fegabab-willy-conrad-asseko-rencontre-lespoir-bc\/#primaryimage","url":"https:\/\/i0.wp.com\/oeilsportif.info\/wp-content\/uploads\/2022\/10\/FB_IMG_1665329657711.jpg?fit=1080%2C720&ssl=1","contentUrl":"https:\/\/i0.wp.com\/oeilsportif.info\/wp-content\/uploads\/2022\/10\/FB_IMG_1665329657711.jpg?fit=1080%2C720&ssl=1","width":1080,"height":720},{"@type":"WebSite","@id":"https:\/\/oeilsportif.info\/#website","url":"https:\/\/oeilsportif.info\/","name":"le regard du sportif","description":"","potentialAction":[{"@type":"SearchAction","target":{"@type":"EntryPoint","urlTemplate":"https:\/\/oeilsportif.info\/?s={search_term_string}"},"query-input":{"@type":"PropertyValueSpecification","valueRequired":true,"valueName":"search_term_string"}}],"inLanguage":"fr-FR"},{"@type":"Person","@id":"https:\/\/oeilsportif.info\/#\/schema\/person\/cfbded294aa6095f7d96608d7905e9a1","name":"L'Equipe de la R\u00e9daction","image":{"@type":"ImageObject","inLanguage":"fr-FR","@id":"https:\/\/oeilsportif.info\/wp-content\/uploads\/2025\/07\/cropped-cropped-logo-os-96x96.jpeg","url":"https:\/\/oeilsportif.info\/wp-content\/uploads\/2025\/07\/cropped-cropped-logo-os-96x96.jpeg","contentUrl":"https:\/\/oeilsportif.info\/wp-content\/uploads\/2025\/07\/cropped-cropped-logo-os-96x96.jpeg","caption":"L'Equipe de la R\u00e9daction"},"url":"https:\/\/oeilsportif.info\/index.php\/author\/tawel\/"}]}},"jetpack_publicize_connections":[],"jetpack_featured_media_url":"https:\/\/i0.wp.com\/oeilsportif.info\/wp-content\/uploads\/2022\/10\/FB_IMG_1665329657711.jpg?fit=1080%2C720&ssl=1","jetpack-related-posts":[],"jetpack_sharing_enabled":true,"jetpack_likes_enabled":true,"jetpack_shortlink":"https:\/\/wp.me\/pgFE77-yC","_links":{"self":[{"href":"https:\/\/oeilsportif.info\/index.php\/wp-json\/wp\/v2\/posts\/2146","targetHints":{"allow":["GET"]}}],"collection":[{"href":"https:\/\/oeilsportif.info\/index.php\/wp-json\/wp\/v2\/posts"}],"about":[{"href":"https:\/\/oeilsportif.info\/index.php\/wp-json\/wp\/v2\/types\/post"}],"author":[{"embeddable":true,"href":"https:\/\/oeilsportif.info\/index.php\/wp-json\/wp\/v2\/users\/2"}],"replies":[{"embeddable":true,"href":"https:\/\/oeilsportif.info\/index.php\/wp-json\/wp\/v2\/comments?post=2146"}],"version-history":[{"count":0,"href":"https:\/\/oeilsportif.info\/index.php\/wp-json\/wp\/v2\/posts\/2146\/revisions"}],"wp:featuredmedia":[{"embeddable":true,"href":"https:\/\/oeilsportif.info\/index.php\/wp-json\/wp\/v2\/media\/2147"}],"wp:attachment":[{"href":"https:\/\/oeilsportif.info\/index.php\/wp-json\/wp\/v2\/media?parent=2146"}],"wp:term":[{"taxonomy":"category","embeddable":true,"href":"https:\/\/oeilsportif.info\/index.php\/wp-json\/wp\/v2\/categories?post=2146"},{"taxonomy":"post_tag","embeddable":true,"href":"https:\/\/oeilsportif.info\/index.php\/wp-json\/wp\/v2\/tags?post=2146"}],"curies":[{"name":"wp","href":"https:\/\/api.w.org\/{rel}","templated":true}]}}