{"id":2140,"date":"2022-10-09T14:16:21","date_gmt":"2022-10-09T14:16:21","guid":{"rendered":"https:\/\/oeilsportif.info\/index.php\/?p=2140"},"modified":"2022-10-09T14:16:21","modified_gmt":"2022-10-09T14:16:21","slug":"interclubs-de-la-caf-le-president-kpc-apporte-son-soutien-aux-clubs-guineens","status":"publish","type":"post","link":"https:\/\/oeilsportif.info\/index.php\/interclubs-de-la-caf-le-president-kpc-apporte-son-soutien-aux-clubs-guineens\/","title":{"rendered":"INTERCLUBS DE LA CAF : Le Pr\u00e9sident KPC apporte son soutien aux clubs guin\u00e9ens"},"content":{"rendered":"<p>Ce dimanche 9 octobre 2022 pour le compte du match aller du deuxi\u00e8me tour pr\u00e9liminaire de la campagne africaine de football.<br \/>\nLe Pr\u00e9sident du Hafia Football Club, Kerfalla Camara KPC a apport\u00e9 son soutien aux clubs guin\u00e9ens engag\u00e9s dans les phases pr\u00e9liminaires des coupes Interclubs : <strong>\u00ab Au moment o\u00f9 les deux clubs repr\u00e9sentant le football guin\u00e9en entrent en lice aujourd\u2019hui dans les comp\u00e9titions inter-clubs de la CAF, je tiens \u00e0 r\u00e9affirmer mon soutien plein et entier au Horoya AC qui va d\u00e9fier ASEC Mimosas en terre ivoirienne au titre de la Champion League et \u00e0 l\u2019Ashanty Golden Boys de Siguiri (SAG) qui croisera le fer dans le m\u00eame temps avec l\u2019ASFAR du Maroc au titre de la Coupe de la Conf\u00e9d\u00e9ration apr\u00e8s s\u2019\u00eatre brillamment impos\u00e9 face \u00e0 l\u2019adversaire mauritanien au tour pr\u00e9c\u00e9dent\u2026<\/strong><\/p>\n<p><strong>J\u2019appelle tous les amoureux du foot Guin\u00e9en \u00e0 se joindre \u00e0 moi pour souhaiter bonne chance et plein succ\u00e8s \u00e0 nos dignes repr\u00e9sentants et porte-drapeaux, \u00e0 l\u2019occasion de cette double confrontation continentale au sommet.<\/strong><br \/>\n<strong>Vive le football guin\u00e9en victorieux ! \u00bb<\/strong><\/p>\n","protected":false},"excerpt":{"rendered":"<p>Ce dimanche 9 octobre 2022 pour le compte du match aller du deuxi\u00e8me tour pr\u00e9liminaire de la campagne africaine de football. Le Pr\u00e9sident du Hafia Football Club, Kerfalla Camara KPC a apport\u00e9 son soutien aux clubs guin\u00e9ens engag\u00e9s dans les phases pr\u00e9liminaires des coupes Interclubs : \u00ab Au moment o\u00f9 les deux clubs repr\u00e9sentant le [&hellip;]<\/p>\n","protected":false},"author":2,"featured_media":2141,"comment_status":"closed","ping_status":"open","sticky":false,"template":"","format":"standard","meta":{"_jetpack_memberships_contains_paid_content":false,"footnotes":"","jetpack_publicize_message":"","jetpack_publicize_feature_enabled":true,"jetpack_social_post_already_shared":true,"jetpack_social_options":{"image_generator_settings":{"template":"highway","default_image_id":0,"font":"","enabled":false},"version":2}},"categories":[5],"tags":[],"class_list":{"0":"post-2140","1":"post","2":"type-post","3":"status-publish","4":"format-standard","5":"has-post-thumbnail","7":"category-football"},"yoast_head":"<!-- This site is optimized with the Yoast SEO plugin v27.4 - https:\/\/yoast.com\/product\/yoast-seo-wordpress\/ -->\n<title>INTERCLUBS DE LA CAF : Le Pr\u00e9sident KPC apporte son soutien aux clubs guin\u00e9ens - le regard du sportif<\/title>\n<meta name=\"robots\" content=\"index, follow, max-snippet:-1, max-image-preview:large, max-video-preview:-1\" \/>\n<link rel=\"canonical\" href=\"https:\/\/oeilsportif.info\/index.php\/interclubs-de-la-caf-le-president-kpc-apporte-son-soutien-aux-clubs-guineens\/\" \/>\n<meta property=\"og:locale\" content=\"fr_FR\" \/>\n<meta property=\"og:type\" content=\"article\" \/>\n<meta property=\"og:title\" content=\"INTERCLUBS DE LA CAF : Le Pr\u00e9sident KPC apporte son soutien aux clubs guin\u00e9ens - le regard du sportif\" \/>\n<meta property=\"og:description\" content=\"Ce dimanche 9 octobre 2022 pour le compte du match aller du deuxi\u00e8me tour pr\u00e9liminaire de la campagne africaine de football. Le Pr\u00e9sident du Hafia Football Club, Kerfalla Camara KPC a apport\u00e9 son soutien aux clubs guin\u00e9ens engag\u00e9s dans les phases pr\u00e9liminaires des coupes Interclubs : \u00ab Au moment o\u00f9 les deux clubs repr\u00e9sentant le [&hellip;]\" \/>\n<meta property=\"og:url\" content=\"https:\/\/oeilsportif.info\/index.php\/interclubs-de-la-caf-le-president-kpc-apporte-son-soutien-aux-clubs-guineens\/\" \/>\n<meta property=\"og:site_name\" content=\"le regard du sportif\" \/>\n<meta property=\"article:published_time\" content=\"2022-10-09T14:16:21+00:00\" \/>\n<meta property=\"og:image\" content=\"https:\/\/oeilsportif.info\/wp-content\/uploads\/2022\/10\/FB_IMG_1665323492748.jpg\" \/>\n\t<meta property=\"og:image:width\" content=\"704\" \/>\n\t<meta property=\"og:image:height\" content=\"704\" \/>\n\t<meta property=\"og:image:type\" content=\"image\/jpeg\" \/>\n<meta name=\"author\" content=\"L&#039;Equipe de la R\u00e9daction\" \/>\n<meta name=\"twitter:label1\" content=\"\u00c9crit par\" \/>\n\t<meta name=\"twitter:data1\" content=\"L&#039;Equipe de la R\u00e9daction\" \/>\n\t<meta name=\"twitter:label2\" content=\"Dur\u00e9e de lecture estim\u00e9e\" \/>\n\t<meta name=\"twitter:data2\" content=\"1 minute\" \/>\n<script type=\"application\/ld+json\" class=\"yoast-schema-graph\">{\"@context\":\"https:\\\/\\\/schema.org\",\"@graph\":[{\"@type\":\"Article\",\"@id\":\"https:\\\/\\\/oeilsportif.info\\\/index.php\\\/interclubs-de-la-caf-le-president-kpc-apporte-son-soutien-aux-clubs-guineens\\\/#article\",\"isPartOf\":{\"@id\":\"https:\\\/\\\/oeilsportif.info\\\/index.php\\\/interclubs-de-la-caf-le-president-kpc-apporte-son-soutien-aux-clubs-guineens\\\/\"},\"author\":{\"name\":\"L'Equipe de la R\u00e9daction\",\"@id\":\"https:\\\/\\\/oeilsportif.info\\\/#\\\/schema\\\/person\\\/cfbded294aa6095f7d96608d7905e9a1\"},\"headline\":\"INTERCLUBS DE LA CAF : Le Pr\u00e9sident KPC apporte son soutien aux clubs guin\u00e9ens\",\"datePublished\":\"2022-10-09T14:16:21+00:00\",\"mainEntityOfPage\":{\"@id\":\"https:\\\/\\\/oeilsportif.info\\\/index.php\\\/interclubs-de-la-caf-le-president-kpc-apporte-son-soutien-aux-clubs-guineens\\\/\"},\"wordCount\":204,\"image\":{\"@id\":\"https:\\\/\\\/oeilsportif.info\\\/index.php\\\/interclubs-de-la-caf-le-president-kpc-apporte-son-soutien-aux-clubs-guineens\\\/#primaryimage\"},\"thumbnailUrl\":\"https:\\\/\\\/i0.wp.com\\\/oeilsportif.info\\\/wp-content\\\/uploads\\\/2022\\\/10\\\/FB_IMG_1665323492748.jpg?fit=704%2C704&ssl=1\",\"articleSection\":[\"Football\"],\"inLanguage\":\"fr-FR\"},{\"@type\":\"WebPage\",\"@id\":\"https:\\\/\\\/oeilsportif.info\\\/index.php\\\/interclubs-de-la-caf-le-president-kpc-apporte-son-soutien-aux-clubs-guineens\\\/\",\"url\":\"https:\\\/\\\/oeilsportif.info\\\/index.php\\\/interclubs-de-la-caf-le-president-kpc-apporte-son-soutien-aux-clubs-guineens\\\/\",\"name\":\"INTERCLUBS DE LA CAF : Le Pr\u00e9sident KPC apporte son soutien aux clubs guin\u00e9ens - le regard du sportif\",\"isPartOf\":{\"@id\":\"https:\\\/\\\/oeilsportif.info\\\/#website\"},\"primaryImageOfPage\":{\"@id\":\"https:\\\/\\\/oeilsportif.info\\\/index.php\\\/interclubs-de-la-caf-le-president-kpc-apporte-son-soutien-aux-clubs-guineens\\\/#primaryimage\"},\"image\":{\"@id\":\"https:\\\/\\\/oeilsportif.info\\\/index.php\\\/interclubs-de-la-caf-le-president-kpc-apporte-son-soutien-aux-clubs-guineens\\\/#primaryimage\"},\"thumbnailUrl\":\"https:\\\/\\\/i0.wp.com\\\/oeilsportif.info\\\/wp-content\\\/uploads\\\/2022\\\/10\\\/FB_IMG_1665323492748.jpg?fit=704%2C704&ssl=1\",\"datePublished\":\"2022-10-09T14:16:21+00:00\",\"author\":{\"@id\":\"https:\\\/\\\/oeilsportif.info\\\/#\\\/schema\\\/person\\\/cfbded294aa6095f7d96608d7905e9a1\"},\"inLanguage\":\"fr-FR\",\"potentialAction\":[{\"@type\":\"ReadAction\",\"target\":[\"https:\\\/\\\/oeilsportif.info\\\/index.php\\\/interclubs-de-la-caf-le-president-kpc-apporte-son-soutien-aux-clubs-guineens\\\/\"]}]},{\"@type\":\"ImageObject\",\"inLanguage\":\"fr-FR\",\"@id\":\"https:\\\/\\\/oeilsportif.info\\\/index.php\\\/interclubs-de-la-caf-le-president-kpc-apporte-son-soutien-aux-clubs-guineens\\\/#primaryimage\",\"url\":\"https:\\\/\\\/i0.wp.com\\\/oeilsportif.info\\\/wp-content\\\/uploads\\\/2022\\\/10\\\/FB_IMG_1665323492748.jpg?fit=704%2C704&ssl=1\",\"contentUrl\":\"https:\\\/\\\/i0.wp.com\\\/oeilsportif.info\\\/wp-content\\\/uploads\\\/2022\\\/10\\\/FB_IMG_1665323492748.jpg?fit=704%2C704&ssl=1\",\"width\":704,\"height\":704},{\"@type\":\"WebSite\",\"@id\":\"https:\\\/\\\/oeilsportif.info\\\/#website\",\"url\":\"https:\\\/\\\/oeilsportif.info\\\/\",\"name\":\"le regard du sportif\",\"description\":\"\",\"potentialAction\":[{\"@type\":\"SearchAction\",\"target\":{\"@type\":\"EntryPoint\",\"urlTemplate\":\"https:\\\/\\\/oeilsportif.info\\\/?s={search_term_string}\"},\"query-input\":{\"@type\":\"PropertyValueSpecification\",\"valueRequired\":true,\"valueName\":\"search_term_string\"}}],\"inLanguage\":\"fr-FR\"},{\"@type\":\"Person\",\"@id\":\"https:\\\/\\\/oeilsportif.info\\\/#\\\/schema\\\/person\\\/cfbded294aa6095f7d96608d7905e9a1\",\"name\":\"L'Equipe de la R\u00e9daction\",\"image\":{\"@type\":\"ImageObject\",\"inLanguage\":\"fr-FR\",\"@id\":\"https:\\\/\\\/oeilsportif.info\\\/wp-content\\\/uploads\\\/2025\\\/07\\\/cropped-cropped-logo-os-96x96.jpeg\",\"url\":\"https:\\\/\\\/oeilsportif.info\\\/wp-content\\\/uploads\\\/2025\\\/07\\\/cropped-cropped-logo-os-96x96.jpeg\",\"contentUrl\":\"https:\\\/\\\/oeilsportif.info\\\/wp-content\\\/uploads\\\/2025\\\/07\\\/cropped-cropped-logo-os-96x96.jpeg\",\"caption\":\"L'Equipe de la R\u00e9daction\"},\"url\":\"https:\\\/\\\/oeilsportif.info\\\/index.php\\\/author\\\/tawel\\\/\"}]}<\/script>\n<!-- \/ Yoast SEO plugin. -->","yoast_head_json":{"title":"INTERCLUBS DE LA CAF : Le Pr\u00e9sident KPC apporte son soutien aux clubs guin\u00e9ens - le regard du sportif","robots":{"index":"index","follow":"follow","max-snippet":"max-snippet:-1","max-image-preview":"max-image-preview:large","max-video-preview":"max-video-preview:-1"},"canonical":"https:\/\/oeilsportif.info\/index.php\/interclubs-de-la-caf-le-president-kpc-apporte-son-soutien-aux-clubs-guineens\/","og_locale":"fr_FR","og_type":"article","og_title":"INTERCLUBS DE LA CAF : Le Pr\u00e9sident KPC apporte son soutien aux clubs guin\u00e9ens - le regard du sportif","og_description":"Ce dimanche 9 octobre 2022 pour le compte du match aller du deuxi\u00e8me tour pr\u00e9liminaire de la campagne africaine de football. Le Pr\u00e9sident du Hafia Football Club, Kerfalla Camara KPC a apport\u00e9 son soutien aux clubs guin\u00e9ens engag\u00e9s dans les phases pr\u00e9liminaires des coupes Interclubs : \u00ab Au moment o\u00f9 les deux clubs repr\u00e9sentant le [&hellip;]","og_url":"https:\/\/oeilsportif.info\/index.php\/interclubs-de-la-caf-le-president-kpc-apporte-son-soutien-aux-clubs-guineens\/","og_site_name":"le regard du sportif","article_published_time":"2022-10-09T14:16:21+00:00","og_image":[{"width":704,"height":704,"url":"https:\/\/oeilsportif.info\/wp-content\/uploads\/2022\/10\/FB_IMG_1665323492748.jpg","type":"image\/jpeg"}],"author":"L'Equipe de la R\u00e9daction","twitter_misc":{"\u00c9crit par":"L'Equipe de la R\u00e9daction","Dur\u00e9e de lecture estim\u00e9e":"1 minute"},"schema":{"@context":"https:\/\/schema.org","@graph":[{"@type":"Article","@id":"https:\/\/oeilsportif.info\/index.php\/interclubs-de-la-caf-le-president-kpc-apporte-son-soutien-aux-clubs-guineens\/#article","isPartOf":{"@id":"https:\/\/oeilsportif.info\/index.php\/interclubs-de-la-caf-le-president-kpc-apporte-son-soutien-aux-clubs-guineens\/"},"author":{"name":"L'Equipe de la R\u00e9daction","@id":"https:\/\/oeilsportif.info\/#\/schema\/person\/cfbded294aa6095f7d96608d7905e9a1"},"headline":"INTERCLUBS DE LA CAF : Le Pr\u00e9sident KPC apporte son soutien aux clubs guin\u00e9ens","datePublished":"2022-10-09T14:16:21+00:00","mainEntityOfPage":{"@id":"https:\/\/oeilsportif.info\/index.php\/interclubs-de-la-caf-le-president-kpc-apporte-son-soutien-aux-clubs-guineens\/"},"wordCount":204,"image":{"@id":"https:\/\/oeilsportif.info\/index.php\/interclubs-de-la-caf-le-president-kpc-apporte-son-soutien-aux-clubs-guineens\/#primaryimage"},"thumbnailUrl":"https:\/\/i0.wp.com\/oeilsportif.info\/wp-content\/uploads\/2022\/10\/FB_IMG_1665323492748.jpg?fit=704%2C704&ssl=1","articleSection":["Football"],"inLanguage":"fr-FR"},{"@type":"WebPage","@id":"https:\/\/oeilsportif.info\/index.php\/interclubs-de-la-caf-le-president-kpc-apporte-son-soutien-aux-clubs-guineens\/","url":"https:\/\/oeilsportif.info\/index.php\/interclubs-de-la-caf-le-president-kpc-apporte-son-soutien-aux-clubs-guineens\/","name":"INTERCLUBS DE LA CAF : Le Pr\u00e9sident KPC apporte son soutien aux clubs guin\u00e9ens - le regard du sportif","isPartOf":{"@id":"https:\/\/oeilsportif.info\/#website"},"primaryImageOfPage":{"@id":"https:\/\/oeilsportif.info\/index.php\/interclubs-de-la-caf-le-president-kpc-apporte-son-soutien-aux-clubs-guineens\/#primaryimage"},"image":{"@id":"https:\/\/oeilsportif.info\/index.php\/interclubs-de-la-caf-le-president-kpc-apporte-son-soutien-aux-clubs-guineens\/#primaryimage"},"thumbnailUrl":"https:\/\/i0.wp.com\/oeilsportif.info\/wp-content\/uploads\/2022\/10\/FB_IMG_1665323492748.jpg?fit=704%2C704&ssl=1","datePublished":"2022-10-09T14:16:21+00:00","author":{"@id":"https:\/\/oeilsportif.info\/#\/schema\/person\/cfbded294aa6095f7d96608d7905e9a1"},"inLanguage":"fr-FR","potentialAction":[{"@type":"ReadAction","target":["https:\/\/oeilsportif.info\/index.php\/interclubs-de-la-caf-le-president-kpc-apporte-son-soutien-aux-clubs-guineens\/"]}]},{"@type":"ImageObject","inLanguage":"fr-FR","@id":"https:\/\/oeilsportif.info\/index.php\/interclubs-de-la-caf-le-president-kpc-apporte-son-soutien-aux-clubs-guineens\/#primaryimage","url":"https:\/\/i0.wp.com\/oeilsportif.info\/wp-content\/uploads\/2022\/10\/FB_IMG_1665323492748.jpg?fit=704%2C704&ssl=1","contentUrl":"https:\/\/i0.wp.com\/oeilsportif.info\/wp-content\/uploads\/2022\/10\/FB_IMG_1665323492748.jpg?fit=704%2C704&ssl=1","width":704,"height":704},{"@type":"WebSite","@id":"https:\/\/oeilsportif.info\/#website","url":"https:\/\/oeilsportif.info\/","name":"le regard du sportif","description":"","potentialAction":[{"@type":"SearchAction","target":{"@type":"EntryPoint","urlTemplate":"https:\/\/oeilsportif.info\/?s={search_term_string}"},"query-input":{"@type":"PropertyValueSpecification","valueRequired":true,"valueName":"search_term_string"}}],"inLanguage":"fr-FR"},{"@type":"Person","@id":"https:\/\/oeilsportif.info\/#\/schema\/person\/cfbded294aa6095f7d96608d7905e9a1","name":"L'Equipe de la R\u00e9daction","image":{"@type":"ImageObject","inLanguage":"fr-FR","@id":"https:\/\/oeilsportif.info\/wp-content\/uploads\/2025\/07\/cropped-cropped-logo-os-96x96.jpeg","url":"https:\/\/oeilsportif.info\/wp-content\/uploads\/2025\/07\/cropped-cropped-logo-os-96x96.jpeg","contentUrl":"https:\/\/oeilsportif.info\/wp-content\/uploads\/2025\/07\/cropped-cropped-logo-os-96x96.jpeg","caption":"L'Equipe de la R\u00e9daction"},"url":"https:\/\/oeilsportif.info\/index.php\/author\/tawel\/"}]}},"jetpack_publicize_connections":[],"jetpack_featured_media_url":"https:\/\/i0.wp.com\/oeilsportif.info\/wp-content\/uploads\/2022\/10\/FB_IMG_1665323492748.jpg?fit=704%2C704&ssl=1","jetpack-related-posts":[],"jetpack_sharing_enabled":true,"jetpack_likes_enabled":true,"jetpack_shortlink":"https:\/\/wp.me\/pgFE77-yw","_links":{"self":[{"href":"https:\/\/oeilsportif.info\/index.php\/wp-json\/wp\/v2\/posts\/2140","targetHints":{"allow":["GET"]}}],"collection":[{"href":"https:\/\/oeilsportif.info\/index.php\/wp-json\/wp\/v2\/posts"}],"about":[{"href":"https:\/\/oeilsportif.info\/index.php\/wp-json\/wp\/v2\/types\/post"}],"author":[{"embeddable":true,"href":"https:\/\/oeilsportif.info\/index.php\/wp-json\/wp\/v2\/users\/2"}],"replies":[{"embeddable":true,"href":"https:\/\/oeilsportif.info\/index.php\/wp-json\/wp\/v2\/comments?post=2140"}],"version-history":[{"count":0,"href":"https:\/\/oeilsportif.info\/index.php\/wp-json\/wp\/v2\/posts\/2140\/revisions"}],"wp:featuredmedia":[{"embeddable":true,"href":"https:\/\/oeilsportif.info\/index.php\/wp-json\/wp\/v2\/media\/2141"}],"wp:attachment":[{"href":"https:\/\/oeilsportif.info\/index.php\/wp-json\/wp\/v2\/media?parent=2140"}],"wp:term":[{"taxonomy":"category","embeddable":true,"href":"https:\/\/oeilsportif.info\/index.php\/wp-json\/wp\/v2\/categories?post=2140"},{"taxonomy":"post_tag","embeddable":true,"href":"https:\/\/oeilsportif.info\/index.php\/wp-json\/wp\/v2\/tags?post=2140"}],"curies":[{"name":"wp","href":"https:\/\/api.w.org\/{rel}","templated":true}]}}