{"id":2137,"date":"2022-10-08T21:55:28","date_gmt":"2022-10-08T21:55:28","guid":{"rendered":"https:\/\/oeilsportif.info\/index.php\/?p=2137"},"modified":"2022-10-08T21:55:28","modified_gmt":"2022-10-08T21:55:28","slug":"football-le-message-de-tanou-diallo-journaliste-officier-media-de-la-caf-adresse-au-ministre-des-sports-bea-diallo","status":"publish","type":"post","link":"https:\/\/oeilsportif.info\/index.php\/football-le-message-de-tanou-diallo-journaliste-officier-media-de-la-caf-adresse-au-ministre-des-sports-bea-diallo\/","title":{"rendered":"Football: le message de Tanou Diallo journaliste officier m\u00e9dia de la Caf , adress\u00e9 au ministre des sports Bea Diallo"},"content":{"rendered":"<p>Monsieur le ministre des Sports, il faut qu\u2019on sauve la face. C\u2019est scandaleux et inacceptable qu\u2019on re\u00e7oive nos adversaires \u00e0 l\u2019ext\u00e9rieur par manque de stade homologu\u00e9 en Guin\u00e9e. Il serait judicieux que vous r\u00e9noviez assez rapidement le stade du 28 septembre en utilisant une partie de ces 166.000.000 de dollars inscrits dans la loi de finances rectificative 2022 qui \u00e9taient destin\u00e9s pour la construction des infrastructures de la CAN 2025.<\/p>\n<p>Pour l\u2019instant le 28 septembre dispose de la meilleure pelouse du pays. Il est tr\u00e8s facile de la remettre dans les meilleures conditions. Les principaux travaux qui sont \u00e0 r\u00e9aliser sont entres la r\u00e9fection des vestiaires, les toilettes, les si\u00e8ges fixes \u00e0 poser (tribune couverte, Sahara et les deux virages), mettre \u00e0 disposition des bancs de touche modernes, une salle de conf\u00e9rence de presse et une tribune de presse de top niveau et am\u00e9nager une salle de contr\u00f4le. Puis le tour est jou\u00e9.<\/p>\n<p>C\u2019est faisable en quelques semaines et c\u2019est dans vos cordes. La Guin\u00e9e ne peut pas se permettre de jouer ses matchs \u00e0 domicile \u00e0 l\u2019ext\u00e9rieur. C\u2019est inadmissible et inacceptable. Au travail.<\/p>\n<p>T&rsquo;avoue Diallo, journaliste sportif<\/p>\n","protected":false},"excerpt":{"rendered":"<p>Monsieur le ministre des Sports, il faut qu\u2019on sauve la face. C\u2019est scandaleux et inacceptable qu\u2019on re\u00e7oive nos adversaires \u00e0 l\u2019ext\u00e9rieur par manque de stade homologu\u00e9 en Guin\u00e9e. Il serait judicieux que vous r\u00e9noviez assez rapidement le stade du 28 septembre en utilisant une partie de ces 166.000.000 de dollars inscrits dans la loi de [&hellip;]<\/p>\n","protected":false},"author":2,"featured_media":2138,"comment_status":"closed","ping_status":"open","sticky":false,"template":"","format":"standard","meta":{"_jetpack_memberships_contains_paid_content":false,"footnotes":"","jetpack_publicize_message":"","jetpack_publicize_feature_enabled":true,"jetpack_social_post_already_shared":true,"jetpack_social_options":{"image_generator_settings":{"template":"highway","default_image_id":0,"font":"","enabled":false},"version":2}},"categories":[5],"tags":[],"class_list":{"0":"post-2137","1":"post","2":"type-post","3":"status-publish","4":"format-standard","5":"has-post-thumbnail","7":"category-football"},"yoast_head":"<!-- This site is optimized with the Yoast SEO plugin v27.4 - https:\/\/yoast.com\/product\/yoast-seo-wordpress\/ -->\n<title>Football: le message de Tanou Diallo journaliste officier m\u00e9dia de la Caf , adress\u00e9 au ministre des sports Bea Diallo - le regard du sportif<\/title>\n<meta name=\"robots\" content=\"index, follow, max-snippet:-1, max-image-preview:large, max-video-preview:-1\" \/>\n<link rel=\"canonical\" href=\"https:\/\/oeilsportif.info\/index.php\/football-le-message-de-tanou-diallo-journaliste-officier-media-de-la-caf-adresse-au-ministre-des-sports-bea-diallo\/\" \/>\n<meta property=\"og:locale\" content=\"fr_FR\" \/>\n<meta property=\"og:type\" content=\"article\" \/>\n<meta property=\"og:title\" content=\"Football: le message de Tanou Diallo journaliste officier m\u00e9dia de la Caf , adress\u00e9 au ministre des sports Bea Diallo - le regard du sportif\" \/>\n<meta property=\"og:description\" content=\"Monsieur le ministre des Sports, il faut qu\u2019on sauve la face. C\u2019est scandaleux et inacceptable qu\u2019on re\u00e7oive nos adversaires \u00e0 l\u2019ext\u00e9rieur par manque de stade homologu\u00e9 en Guin\u00e9e. Il serait judicieux que vous r\u00e9noviez assez rapidement le stade du 28 septembre en utilisant une partie de ces 166.000.000 de dollars inscrits dans la loi de [&hellip;]\" \/>\n<meta property=\"og:url\" content=\"https:\/\/oeilsportif.info\/index.php\/football-le-message-de-tanou-diallo-journaliste-officier-media-de-la-caf-adresse-au-ministre-des-sports-bea-diallo\/\" \/>\n<meta property=\"og:site_name\" content=\"le regard du sportif\" \/>\n<meta property=\"article:published_time\" content=\"2022-10-08T21:55:28+00:00\" \/>\n<meta property=\"og:image\" content=\"https:\/\/oeilsportif.info\/wp-content\/uploads\/2022\/10\/FB_IMG_1665265876896.jpg\" \/>\n\t<meta property=\"og:image:width\" content=\"945\" \/>\n\t<meta property=\"og:image:height\" content=\"1418\" \/>\n\t<meta property=\"og:image:type\" content=\"image\/jpeg\" \/>\n<meta name=\"author\" content=\"L&#039;Equipe de la R\u00e9daction\" \/>\n<meta name=\"twitter:label1\" content=\"\u00c9crit par\" \/>\n\t<meta name=\"twitter:data1\" content=\"L&#039;Equipe de la R\u00e9daction\" \/>\n\t<meta name=\"twitter:label2\" content=\"Dur\u00e9e de lecture estim\u00e9e\" \/>\n\t<meta name=\"twitter:data2\" content=\"1 minute\" \/>\n<script type=\"application\/ld+json\" class=\"yoast-schema-graph\">{\"@context\":\"https:\\\/\\\/schema.org\",\"@graph\":[{\"@type\":\"Article\",\"@id\":\"https:\\\/\\\/oeilsportif.info\\\/index.php\\\/football-le-message-de-tanou-diallo-journaliste-officier-media-de-la-caf-adresse-au-ministre-des-sports-bea-diallo\\\/#article\",\"isPartOf\":{\"@id\":\"https:\\\/\\\/oeilsportif.info\\\/index.php\\\/football-le-message-de-tanou-diallo-journaliste-officier-media-de-la-caf-adresse-au-ministre-des-sports-bea-diallo\\\/\"},\"author\":{\"name\":\"L'Equipe de la R\u00e9daction\",\"@id\":\"https:\\\/\\\/oeilsportif.info\\\/#\\\/schema\\\/person\\\/cfbded294aa6095f7d96608d7905e9a1\"},\"headline\":\"Football: le message de Tanou Diallo journaliste officier m\u00e9dia de la Caf , adress\u00e9 au ministre des sports Bea Diallo\",\"datePublished\":\"2022-10-08T21:55:28+00:00\",\"mainEntityOfPage\":{\"@id\":\"https:\\\/\\\/oeilsportif.info\\\/index.php\\\/football-le-message-de-tanou-diallo-journaliste-officier-media-de-la-caf-adresse-au-ministre-des-sports-bea-diallo\\\/\"},\"wordCount\":221,\"image\":{\"@id\":\"https:\\\/\\\/oeilsportif.info\\\/index.php\\\/football-le-message-de-tanou-diallo-journaliste-officier-media-de-la-caf-adresse-au-ministre-des-sports-bea-diallo\\\/#primaryimage\"},\"thumbnailUrl\":\"https:\\\/\\\/i0.wp.com\\\/oeilsportif.info\\\/wp-content\\\/uploads\\\/2022\\\/10\\\/FB_IMG_1665265876896.jpg?fit=945%2C1418&ssl=1\",\"articleSection\":[\"Football\"],\"inLanguage\":\"fr-FR\"},{\"@type\":\"WebPage\",\"@id\":\"https:\\\/\\\/oeilsportif.info\\\/index.php\\\/football-le-message-de-tanou-diallo-journaliste-officier-media-de-la-caf-adresse-au-ministre-des-sports-bea-diallo\\\/\",\"url\":\"https:\\\/\\\/oeilsportif.info\\\/index.php\\\/football-le-message-de-tanou-diallo-journaliste-officier-media-de-la-caf-adresse-au-ministre-des-sports-bea-diallo\\\/\",\"name\":\"Football: le message de Tanou Diallo journaliste officier m\u00e9dia de la Caf , adress\u00e9 au ministre des sports Bea Diallo - le regard du sportif\",\"isPartOf\":{\"@id\":\"https:\\\/\\\/oeilsportif.info\\\/#website\"},\"primaryImageOfPage\":{\"@id\":\"https:\\\/\\\/oeilsportif.info\\\/index.php\\\/football-le-message-de-tanou-diallo-journaliste-officier-media-de-la-caf-adresse-au-ministre-des-sports-bea-diallo\\\/#primaryimage\"},\"image\":{\"@id\":\"https:\\\/\\\/oeilsportif.info\\\/index.php\\\/football-le-message-de-tanou-diallo-journaliste-officier-media-de-la-caf-adresse-au-ministre-des-sports-bea-diallo\\\/#primaryimage\"},\"thumbnailUrl\":\"https:\\\/\\\/i0.wp.com\\\/oeilsportif.info\\\/wp-content\\\/uploads\\\/2022\\\/10\\\/FB_IMG_1665265876896.jpg?fit=945%2C1418&ssl=1\",\"datePublished\":\"2022-10-08T21:55:28+00:00\",\"author\":{\"@id\":\"https:\\\/\\\/oeilsportif.info\\\/#\\\/schema\\\/person\\\/cfbded294aa6095f7d96608d7905e9a1\"},\"inLanguage\":\"fr-FR\",\"potentialAction\":[{\"@type\":\"ReadAction\",\"target\":[\"https:\\\/\\\/oeilsportif.info\\\/index.php\\\/football-le-message-de-tanou-diallo-journaliste-officier-media-de-la-caf-adresse-au-ministre-des-sports-bea-diallo\\\/\"]}]},{\"@type\":\"ImageObject\",\"inLanguage\":\"fr-FR\",\"@id\":\"https:\\\/\\\/oeilsportif.info\\\/index.php\\\/football-le-message-de-tanou-diallo-journaliste-officier-media-de-la-caf-adresse-au-ministre-des-sports-bea-diallo\\\/#primaryimage\",\"url\":\"https:\\\/\\\/i0.wp.com\\\/oeilsportif.info\\\/wp-content\\\/uploads\\\/2022\\\/10\\\/FB_IMG_1665265876896.jpg?fit=945%2C1418&ssl=1\",\"contentUrl\":\"https:\\\/\\\/i0.wp.com\\\/oeilsportif.info\\\/wp-content\\\/uploads\\\/2022\\\/10\\\/FB_IMG_1665265876896.jpg?fit=945%2C1418&ssl=1\",\"width\":945,\"height\":1418},{\"@type\":\"WebSite\",\"@id\":\"https:\\\/\\\/oeilsportif.info\\\/#website\",\"url\":\"https:\\\/\\\/oeilsportif.info\\\/\",\"name\":\"le regard du sportif\",\"description\":\"\",\"potentialAction\":[{\"@type\":\"SearchAction\",\"target\":{\"@type\":\"EntryPoint\",\"urlTemplate\":\"https:\\\/\\\/oeilsportif.info\\\/?s={search_term_string}\"},\"query-input\":{\"@type\":\"PropertyValueSpecification\",\"valueRequired\":true,\"valueName\":\"search_term_string\"}}],\"inLanguage\":\"fr-FR\"},{\"@type\":\"Person\",\"@id\":\"https:\\\/\\\/oeilsportif.info\\\/#\\\/schema\\\/person\\\/cfbded294aa6095f7d96608d7905e9a1\",\"name\":\"L'Equipe de la R\u00e9daction\",\"image\":{\"@type\":\"ImageObject\",\"inLanguage\":\"fr-FR\",\"@id\":\"https:\\\/\\\/oeilsportif.info\\\/wp-content\\\/uploads\\\/2025\\\/07\\\/cropped-cropped-logo-os-96x96.jpeg\",\"url\":\"https:\\\/\\\/oeilsportif.info\\\/wp-content\\\/uploads\\\/2025\\\/07\\\/cropped-cropped-logo-os-96x96.jpeg\",\"contentUrl\":\"https:\\\/\\\/oeilsportif.info\\\/wp-content\\\/uploads\\\/2025\\\/07\\\/cropped-cropped-logo-os-96x96.jpeg\",\"caption\":\"L'Equipe de la R\u00e9daction\"},\"url\":\"https:\\\/\\\/oeilsportif.info\\\/index.php\\\/author\\\/tawel\\\/\"}]}<\/script>\n<!-- \/ Yoast SEO plugin. -->","yoast_head_json":{"title":"Football: le message de Tanou Diallo journaliste officier m\u00e9dia de la Caf , adress\u00e9 au ministre des sports Bea Diallo - le regard du sportif","robots":{"index":"index","follow":"follow","max-snippet":"max-snippet:-1","max-image-preview":"max-image-preview:large","max-video-preview":"max-video-preview:-1"},"canonical":"https:\/\/oeilsportif.info\/index.php\/football-le-message-de-tanou-diallo-journaliste-officier-media-de-la-caf-adresse-au-ministre-des-sports-bea-diallo\/","og_locale":"fr_FR","og_type":"article","og_title":"Football: le message de Tanou Diallo journaliste officier m\u00e9dia de la Caf , adress\u00e9 au ministre des sports Bea Diallo - le regard du sportif","og_description":"Monsieur le ministre des Sports, il faut qu\u2019on sauve la face. C\u2019est scandaleux et inacceptable qu\u2019on re\u00e7oive nos adversaires \u00e0 l\u2019ext\u00e9rieur par manque de stade homologu\u00e9 en Guin\u00e9e. Il serait judicieux que vous r\u00e9noviez assez rapidement le stade du 28 septembre en utilisant une partie de ces 166.000.000 de dollars inscrits dans la loi de [&hellip;]","og_url":"https:\/\/oeilsportif.info\/index.php\/football-le-message-de-tanou-diallo-journaliste-officier-media-de-la-caf-adresse-au-ministre-des-sports-bea-diallo\/","og_site_name":"le regard du sportif","article_published_time":"2022-10-08T21:55:28+00:00","og_image":[{"width":945,"height":1418,"url":"https:\/\/oeilsportif.info\/wp-content\/uploads\/2022\/10\/FB_IMG_1665265876896.jpg","type":"image\/jpeg"}],"author":"L'Equipe de la R\u00e9daction","twitter_misc":{"\u00c9crit par":"L'Equipe de la R\u00e9daction","Dur\u00e9e de lecture estim\u00e9e":"1 minute"},"schema":{"@context":"https:\/\/schema.org","@graph":[{"@type":"Article","@id":"https:\/\/oeilsportif.info\/index.php\/football-le-message-de-tanou-diallo-journaliste-officier-media-de-la-caf-adresse-au-ministre-des-sports-bea-diallo\/#article","isPartOf":{"@id":"https:\/\/oeilsportif.info\/index.php\/football-le-message-de-tanou-diallo-journaliste-officier-media-de-la-caf-adresse-au-ministre-des-sports-bea-diallo\/"},"author":{"name":"L'Equipe de la R\u00e9daction","@id":"https:\/\/oeilsportif.info\/#\/schema\/person\/cfbded294aa6095f7d96608d7905e9a1"},"headline":"Football: le message de Tanou Diallo journaliste officier m\u00e9dia de la Caf , adress\u00e9 au ministre des sports Bea Diallo","datePublished":"2022-10-08T21:55:28+00:00","mainEntityOfPage":{"@id":"https:\/\/oeilsportif.info\/index.php\/football-le-message-de-tanou-diallo-journaliste-officier-media-de-la-caf-adresse-au-ministre-des-sports-bea-diallo\/"},"wordCount":221,"image":{"@id":"https:\/\/oeilsportif.info\/index.php\/football-le-message-de-tanou-diallo-journaliste-officier-media-de-la-caf-adresse-au-ministre-des-sports-bea-diallo\/#primaryimage"},"thumbnailUrl":"https:\/\/i0.wp.com\/oeilsportif.info\/wp-content\/uploads\/2022\/10\/FB_IMG_1665265876896.jpg?fit=945%2C1418&ssl=1","articleSection":["Football"],"inLanguage":"fr-FR"},{"@type":"WebPage","@id":"https:\/\/oeilsportif.info\/index.php\/football-le-message-de-tanou-diallo-journaliste-officier-media-de-la-caf-adresse-au-ministre-des-sports-bea-diallo\/","url":"https:\/\/oeilsportif.info\/index.php\/football-le-message-de-tanou-diallo-journaliste-officier-media-de-la-caf-adresse-au-ministre-des-sports-bea-diallo\/","name":"Football: le message de Tanou Diallo journaliste officier m\u00e9dia de la Caf , adress\u00e9 au ministre des sports Bea Diallo - le regard du sportif","isPartOf":{"@id":"https:\/\/oeilsportif.info\/#website"},"primaryImageOfPage":{"@id":"https:\/\/oeilsportif.info\/index.php\/football-le-message-de-tanou-diallo-journaliste-officier-media-de-la-caf-adresse-au-ministre-des-sports-bea-diallo\/#primaryimage"},"image":{"@id":"https:\/\/oeilsportif.info\/index.php\/football-le-message-de-tanou-diallo-journaliste-officier-media-de-la-caf-adresse-au-ministre-des-sports-bea-diallo\/#primaryimage"},"thumbnailUrl":"https:\/\/i0.wp.com\/oeilsportif.info\/wp-content\/uploads\/2022\/10\/FB_IMG_1665265876896.jpg?fit=945%2C1418&ssl=1","datePublished":"2022-10-08T21:55:28+00:00","author":{"@id":"https:\/\/oeilsportif.info\/#\/schema\/person\/cfbded294aa6095f7d96608d7905e9a1"},"inLanguage":"fr-FR","potentialAction":[{"@type":"ReadAction","target":["https:\/\/oeilsportif.info\/index.php\/football-le-message-de-tanou-diallo-journaliste-officier-media-de-la-caf-adresse-au-ministre-des-sports-bea-diallo\/"]}]},{"@type":"ImageObject","inLanguage":"fr-FR","@id":"https:\/\/oeilsportif.info\/index.php\/football-le-message-de-tanou-diallo-journaliste-officier-media-de-la-caf-adresse-au-ministre-des-sports-bea-diallo\/#primaryimage","url":"https:\/\/i0.wp.com\/oeilsportif.info\/wp-content\/uploads\/2022\/10\/FB_IMG_1665265876896.jpg?fit=945%2C1418&ssl=1","contentUrl":"https:\/\/i0.wp.com\/oeilsportif.info\/wp-content\/uploads\/2022\/10\/FB_IMG_1665265876896.jpg?fit=945%2C1418&ssl=1","width":945,"height":1418},{"@type":"WebSite","@id":"https:\/\/oeilsportif.info\/#website","url":"https:\/\/oeilsportif.info\/","name":"le regard du sportif","description":"","potentialAction":[{"@type":"SearchAction","target":{"@type":"EntryPoint","urlTemplate":"https:\/\/oeilsportif.info\/?s={search_term_string}"},"query-input":{"@type":"PropertyValueSpecification","valueRequired":true,"valueName":"search_term_string"}}],"inLanguage":"fr-FR"},{"@type":"Person","@id":"https:\/\/oeilsportif.info\/#\/schema\/person\/cfbded294aa6095f7d96608d7905e9a1","name":"L'Equipe de la R\u00e9daction","image":{"@type":"ImageObject","inLanguage":"fr-FR","@id":"https:\/\/oeilsportif.info\/wp-content\/uploads\/2025\/07\/cropped-cropped-logo-os-96x96.jpeg","url":"https:\/\/oeilsportif.info\/wp-content\/uploads\/2025\/07\/cropped-cropped-logo-os-96x96.jpeg","contentUrl":"https:\/\/oeilsportif.info\/wp-content\/uploads\/2025\/07\/cropped-cropped-logo-os-96x96.jpeg","caption":"L'Equipe de la R\u00e9daction"},"url":"https:\/\/oeilsportif.info\/index.php\/author\/tawel\/"}]}},"jetpack_publicize_connections":[],"jetpack_featured_media_url":"https:\/\/i0.wp.com\/oeilsportif.info\/wp-content\/uploads\/2022\/10\/FB_IMG_1665265876896.jpg?fit=945%2C1418&ssl=1","jetpack-related-posts":[],"jetpack_sharing_enabled":true,"jetpack_likes_enabled":true,"jetpack_shortlink":"https:\/\/wp.me\/pgFE77-yt","_links":{"self":[{"href":"https:\/\/oeilsportif.info\/index.php\/wp-json\/wp\/v2\/posts\/2137","targetHints":{"allow":["GET"]}}],"collection":[{"href":"https:\/\/oeilsportif.info\/index.php\/wp-json\/wp\/v2\/posts"}],"about":[{"href":"https:\/\/oeilsportif.info\/index.php\/wp-json\/wp\/v2\/types\/post"}],"author":[{"embeddable":true,"href":"https:\/\/oeilsportif.info\/index.php\/wp-json\/wp\/v2\/users\/2"}],"replies":[{"embeddable":true,"href":"https:\/\/oeilsportif.info\/index.php\/wp-json\/wp\/v2\/comments?post=2137"}],"version-history":[{"count":0,"href":"https:\/\/oeilsportif.info\/index.php\/wp-json\/wp\/v2\/posts\/2137\/revisions"}],"wp:featuredmedia":[{"embeddable":true,"href":"https:\/\/oeilsportif.info\/index.php\/wp-json\/wp\/v2\/media\/2138"}],"wp:attachment":[{"href":"https:\/\/oeilsportif.info\/index.php\/wp-json\/wp\/v2\/media?parent=2137"}],"wp:term":[{"taxonomy":"category","embeddable":true,"href":"https:\/\/oeilsportif.info\/index.php\/wp-json\/wp\/v2\/categories?post=2137"},{"taxonomy":"post_tag","embeddable":true,"href":"https:\/\/oeilsportif.info\/index.php\/wp-json\/wp\/v2\/tags?post=2137"}],"curies":[{"name":"wp","href":"https:\/\/api.w.org\/{rel}","templated":true}]}}