{"id":2126,"date":"2022-10-07T01:38:38","date_gmt":"2022-10-07T01:38:38","guid":{"rendered":"https:\/\/oeilsportif.info\/index.php\/?p=2126"},"modified":"2022-10-07T01:38:38","modified_gmt":"2022-10-07T01:38:38","slug":"officiel-mory-keita-monte-en-crescendo","status":"publish","type":"post","link":"https:\/\/oeilsportif.info\/index.php\/officiel-mory-keita-monte-en-crescendo\/","title":{"rendered":"OFFICIEL ! Mory Ke\u00efta monte en crescendo"},"content":{"rendered":"<p><strong>Apr\u00e8s avoir particip\u00e9 au tournoi qualificatif des moins U-20 en Mauritanie o\u00f9 le syli junior a pris la porte en phase de groupes , le gardien de but guin\u00e9en , Mory Ke\u00efta du Fello Star de Lab\u00e9 continue \u00e0 gravier les \u00e9chelons.<\/strong><\/p>\n<p>En effet , l\u2019ancien portier des \u00c9l\u00e9phants de Coleah vient de b\u00e9n\u00e9ficier de la confiance du s\u00e9lectionneur des U-23 , Morlaye Ciss\u00e9 panuchi assist\u00e9 par Mohamed Maleah Camara.<\/p>\n<p>Mory Ke\u00efta est pr\u00e9sent sur la liste des joueurs pr\u00e9s\u00e9lectionn\u00e9s en vue des \u00e9liminatoires de la Coupe d\u2019Afrique des Nations U-23. L\u2019adversaire de la Guin\u00e9e s\u2019appelle l\u2019Ouganda.<\/p>\n<p>Mory Ke\u00efta marche sur les pas de Moussa Camara Pinpin. M\u00eame s\u2019il faut noter qu\u2019ils ont eu les m\u00eames parcours en cat\u00e9gorie inf\u00e9rieure. Mais force est de reconna\u00eetre que le produit du Hafia est entrain de r\u00e9aliser un d\u00e9but de carri\u00e8re exceptionnel. Retenez bien son nom ! Il fera des miracles !<\/p>\n<p>Milla Camara<\/p>\n","protected":false},"excerpt":{"rendered":"<p>Apr\u00e8s avoir particip\u00e9 au tournoi qualificatif des moins U-20 en Mauritanie o\u00f9 le syli junior a pris la porte en phase de groupes , le gardien de but guin\u00e9en , Mory Ke\u00efta du Fello Star de Lab\u00e9 continue \u00e0 gravier les \u00e9chelons. En effet , l\u2019ancien portier des \u00c9l\u00e9phants de Coleah vient de b\u00e9n\u00e9ficier de [&hellip;]<\/p>\n","protected":false},"author":2,"featured_media":2127,"comment_status":"closed","ping_status":"open","sticky":false,"template":"","format":"standard","meta":{"_jetpack_memberships_contains_paid_content":false,"footnotes":"","jetpack_publicize_message":"","jetpack_publicize_feature_enabled":true,"jetpack_social_post_already_shared":true,"jetpack_social_options":{"image_generator_settings":{"template":"highway","default_image_id":0,"font":"","enabled":false},"version":2}},"categories":[5],"tags":[],"class_list":{"0":"post-2126","1":"post","2":"type-post","3":"status-publish","4":"format-standard","5":"has-post-thumbnail","7":"category-football"},"yoast_head":"<!-- This site is optimized with the Yoast SEO plugin v27.4 - https:\/\/yoast.com\/product\/yoast-seo-wordpress\/ -->\n<title>OFFICIEL ! Mory Ke\u00efta monte en crescendo - le regard du sportif<\/title>\n<meta name=\"robots\" content=\"index, follow, max-snippet:-1, max-image-preview:large, max-video-preview:-1\" \/>\n<link rel=\"canonical\" href=\"https:\/\/oeilsportif.info\/index.php\/officiel-mory-keita-monte-en-crescendo\/\" \/>\n<meta property=\"og:locale\" content=\"fr_FR\" \/>\n<meta property=\"og:type\" content=\"article\" \/>\n<meta property=\"og:title\" content=\"OFFICIEL ! Mory Ke\u00efta monte en crescendo - le regard du sportif\" \/>\n<meta property=\"og:description\" content=\"Apr\u00e8s avoir particip\u00e9 au tournoi qualificatif des moins U-20 en Mauritanie o\u00f9 le syli junior a pris la porte en phase de groupes , le gardien de but guin\u00e9en , Mory Ke\u00efta du Fello Star de Lab\u00e9 continue \u00e0 gravier les \u00e9chelons. En effet , l\u2019ancien portier des \u00c9l\u00e9phants de Coleah vient de b\u00e9n\u00e9ficier de [&hellip;]\" \/>\n<meta property=\"og:url\" content=\"https:\/\/oeilsportif.info\/index.php\/officiel-mory-keita-monte-en-crescendo\/\" \/>\n<meta property=\"og:site_name\" content=\"le regard du sportif\" \/>\n<meta property=\"article:published_time\" content=\"2022-10-07T01:38:38+00:00\" \/>\n<meta property=\"og:image\" content=\"https:\/\/oeilsportif.info\/wp-content\/uploads\/2022\/10\/FB_IMG_1665106622749.jpg\" \/>\n\t<meta property=\"og:image:width\" content=\"720\" \/>\n\t<meta property=\"og:image:height\" content=\"960\" \/>\n\t<meta property=\"og:image:type\" content=\"image\/jpeg\" \/>\n<meta name=\"author\" content=\"L&#039;Equipe de la R\u00e9daction\" \/>\n<meta name=\"twitter:label1\" content=\"\u00c9crit par\" \/>\n\t<meta name=\"twitter:data1\" content=\"L&#039;Equipe de la R\u00e9daction\" \/>\n\t<meta name=\"twitter:label2\" content=\"Dur\u00e9e de lecture estim\u00e9e\" \/>\n\t<meta name=\"twitter:data2\" content=\"1 minute\" \/>\n<script type=\"application\/ld+json\" class=\"yoast-schema-graph\">{\"@context\":\"https:\\\/\\\/schema.org\",\"@graph\":[{\"@type\":\"Article\",\"@id\":\"https:\\\/\\\/oeilsportif.info\\\/index.php\\\/officiel-mory-keita-monte-en-crescendo\\\/#article\",\"isPartOf\":{\"@id\":\"https:\\\/\\\/oeilsportif.info\\\/index.php\\\/officiel-mory-keita-monte-en-crescendo\\\/\"},\"author\":{\"name\":\"L'Equipe de la R\u00e9daction\",\"@id\":\"https:\\\/\\\/oeilsportif.info\\\/#\\\/schema\\\/person\\\/cfbded294aa6095f7d96608d7905e9a1\"},\"headline\":\"OFFICIEL ! Mory Ke\u00efta monte en crescendo\",\"datePublished\":\"2022-10-07T01:38:38+00:00\",\"mainEntityOfPage\":{\"@id\":\"https:\\\/\\\/oeilsportif.info\\\/index.php\\\/officiel-mory-keita-monte-en-crescendo\\\/\"},\"wordCount\":180,\"image\":{\"@id\":\"https:\\\/\\\/oeilsportif.info\\\/index.php\\\/officiel-mory-keita-monte-en-crescendo\\\/#primaryimage\"},\"thumbnailUrl\":\"https:\\\/\\\/i0.wp.com\\\/oeilsportif.info\\\/wp-content\\\/uploads\\\/2022\\\/10\\\/FB_IMG_1665106622749.jpg?fit=720%2C960&ssl=1\",\"articleSection\":[\"Football\"],\"inLanguage\":\"fr-FR\"},{\"@type\":\"WebPage\",\"@id\":\"https:\\\/\\\/oeilsportif.info\\\/index.php\\\/officiel-mory-keita-monte-en-crescendo\\\/\",\"url\":\"https:\\\/\\\/oeilsportif.info\\\/index.php\\\/officiel-mory-keita-monte-en-crescendo\\\/\",\"name\":\"OFFICIEL ! Mory Ke\u00efta monte en crescendo - le regard du sportif\",\"isPartOf\":{\"@id\":\"https:\\\/\\\/oeilsportif.info\\\/#website\"},\"primaryImageOfPage\":{\"@id\":\"https:\\\/\\\/oeilsportif.info\\\/index.php\\\/officiel-mory-keita-monte-en-crescendo\\\/#primaryimage\"},\"image\":{\"@id\":\"https:\\\/\\\/oeilsportif.info\\\/index.php\\\/officiel-mory-keita-monte-en-crescendo\\\/#primaryimage\"},\"thumbnailUrl\":\"https:\\\/\\\/i0.wp.com\\\/oeilsportif.info\\\/wp-content\\\/uploads\\\/2022\\\/10\\\/FB_IMG_1665106622749.jpg?fit=720%2C960&ssl=1\",\"datePublished\":\"2022-10-07T01:38:38+00:00\",\"author\":{\"@id\":\"https:\\\/\\\/oeilsportif.info\\\/#\\\/schema\\\/person\\\/cfbded294aa6095f7d96608d7905e9a1\"},\"inLanguage\":\"fr-FR\",\"potentialAction\":[{\"@type\":\"ReadAction\",\"target\":[\"https:\\\/\\\/oeilsportif.info\\\/index.php\\\/officiel-mory-keita-monte-en-crescendo\\\/\"]}]},{\"@type\":\"ImageObject\",\"inLanguage\":\"fr-FR\",\"@id\":\"https:\\\/\\\/oeilsportif.info\\\/index.php\\\/officiel-mory-keita-monte-en-crescendo\\\/#primaryimage\",\"url\":\"https:\\\/\\\/i0.wp.com\\\/oeilsportif.info\\\/wp-content\\\/uploads\\\/2022\\\/10\\\/FB_IMG_1665106622749.jpg?fit=720%2C960&ssl=1\",\"contentUrl\":\"https:\\\/\\\/i0.wp.com\\\/oeilsportif.info\\\/wp-content\\\/uploads\\\/2022\\\/10\\\/FB_IMG_1665106622749.jpg?fit=720%2C960&ssl=1\",\"width\":720,\"height\":960},{\"@type\":\"WebSite\",\"@id\":\"https:\\\/\\\/oeilsportif.info\\\/#website\",\"url\":\"https:\\\/\\\/oeilsportif.info\\\/\",\"name\":\"le regard du sportif\",\"description\":\"\",\"potentialAction\":[{\"@type\":\"SearchAction\",\"target\":{\"@type\":\"EntryPoint\",\"urlTemplate\":\"https:\\\/\\\/oeilsportif.info\\\/?s={search_term_string}\"},\"query-input\":{\"@type\":\"PropertyValueSpecification\",\"valueRequired\":true,\"valueName\":\"search_term_string\"}}],\"inLanguage\":\"fr-FR\"},{\"@type\":\"Person\",\"@id\":\"https:\\\/\\\/oeilsportif.info\\\/#\\\/schema\\\/person\\\/cfbded294aa6095f7d96608d7905e9a1\",\"name\":\"L'Equipe de la R\u00e9daction\",\"image\":{\"@type\":\"ImageObject\",\"inLanguage\":\"fr-FR\",\"@id\":\"https:\\\/\\\/oeilsportif.info\\\/wp-content\\\/uploads\\\/2025\\\/07\\\/cropped-cropped-logo-os-96x96.jpeg\",\"url\":\"https:\\\/\\\/oeilsportif.info\\\/wp-content\\\/uploads\\\/2025\\\/07\\\/cropped-cropped-logo-os-96x96.jpeg\",\"contentUrl\":\"https:\\\/\\\/oeilsportif.info\\\/wp-content\\\/uploads\\\/2025\\\/07\\\/cropped-cropped-logo-os-96x96.jpeg\",\"caption\":\"L'Equipe de la R\u00e9daction\"},\"url\":\"https:\\\/\\\/oeilsportif.info\\\/index.php\\\/author\\\/tawel\\\/\"}]}<\/script>\n<!-- \/ Yoast SEO plugin. -->","yoast_head_json":{"title":"OFFICIEL ! Mory Ke\u00efta monte en crescendo - le regard du sportif","robots":{"index":"index","follow":"follow","max-snippet":"max-snippet:-1","max-image-preview":"max-image-preview:large","max-video-preview":"max-video-preview:-1"},"canonical":"https:\/\/oeilsportif.info\/index.php\/officiel-mory-keita-monte-en-crescendo\/","og_locale":"fr_FR","og_type":"article","og_title":"OFFICIEL ! Mory Ke\u00efta monte en crescendo - le regard du sportif","og_description":"Apr\u00e8s avoir particip\u00e9 au tournoi qualificatif des moins U-20 en Mauritanie o\u00f9 le syli junior a pris la porte en phase de groupes , le gardien de but guin\u00e9en , Mory Ke\u00efta du Fello Star de Lab\u00e9 continue \u00e0 gravier les \u00e9chelons. En effet , l\u2019ancien portier des \u00c9l\u00e9phants de Coleah vient de b\u00e9n\u00e9ficier de [&hellip;]","og_url":"https:\/\/oeilsportif.info\/index.php\/officiel-mory-keita-monte-en-crescendo\/","og_site_name":"le regard du sportif","article_published_time":"2022-10-07T01:38:38+00:00","og_image":[{"width":720,"height":960,"url":"https:\/\/oeilsportif.info\/wp-content\/uploads\/2022\/10\/FB_IMG_1665106622749.jpg","type":"image\/jpeg"}],"author":"L'Equipe de la R\u00e9daction","twitter_misc":{"\u00c9crit par":"L'Equipe de la R\u00e9daction","Dur\u00e9e de lecture estim\u00e9e":"1 minute"},"schema":{"@context":"https:\/\/schema.org","@graph":[{"@type":"Article","@id":"https:\/\/oeilsportif.info\/index.php\/officiel-mory-keita-monte-en-crescendo\/#article","isPartOf":{"@id":"https:\/\/oeilsportif.info\/index.php\/officiel-mory-keita-monte-en-crescendo\/"},"author":{"name":"L'Equipe de la R\u00e9daction","@id":"https:\/\/oeilsportif.info\/#\/schema\/person\/cfbded294aa6095f7d96608d7905e9a1"},"headline":"OFFICIEL ! Mory Ke\u00efta monte en crescendo","datePublished":"2022-10-07T01:38:38+00:00","mainEntityOfPage":{"@id":"https:\/\/oeilsportif.info\/index.php\/officiel-mory-keita-monte-en-crescendo\/"},"wordCount":180,"image":{"@id":"https:\/\/oeilsportif.info\/index.php\/officiel-mory-keita-monte-en-crescendo\/#primaryimage"},"thumbnailUrl":"https:\/\/i0.wp.com\/oeilsportif.info\/wp-content\/uploads\/2022\/10\/FB_IMG_1665106622749.jpg?fit=720%2C960&ssl=1","articleSection":["Football"],"inLanguage":"fr-FR"},{"@type":"WebPage","@id":"https:\/\/oeilsportif.info\/index.php\/officiel-mory-keita-monte-en-crescendo\/","url":"https:\/\/oeilsportif.info\/index.php\/officiel-mory-keita-monte-en-crescendo\/","name":"OFFICIEL ! Mory Ke\u00efta monte en crescendo - le regard du sportif","isPartOf":{"@id":"https:\/\/oeilsportif.info\/#website"},"primaryImageOfPage":{"@id":"https:\/\/oeilsportif.info\/index.php\/officiel-mory-keita-monte-en-crescendo\/#primaryimage"},"image":{"@id":"https:\/\/oeilsportif.info\/index.php\/officiel-mory-keita-monte-en-crescendo\/#primaryimage"},"thumbnailUrl":"https:\/\/i0.wp.com\/oeilsportif.info\/wp-content\/uploads\/2022\/10\/FB_IMG_1665106622749.jpg?fit=720%2C960&ssl=1","datePublished":"2022-10-07T01:38:38+00:00","author":{"@id":"https:\/\/oeilsportif.info\/#\/schema\/person\/cfbded294aa6095f7d96608d7905e9a1"},"inLanguage":"fr-FR","potentialAction":[{"@type":"ReadAction","target":["https:\/\/oeilsportif.info\/index.php\/officiel-mory-keita-monte-en-crescendo\/"]}]},{"@type":"ImageObject","inLanguage":"fr-FR","@id":"https:\/\/oeilsportif.info\/index.php\/officiel-mory-keita-monte-en-crescendo\/#primaryimage","url":"https:\/\/i0.wp.com\/oeilsportif.info\/wp-content\/uploads\/2022\/10\/FB_IMG_1665106622749.jpg?fit=720%2C960&ssl=1","contentUrl":"https:\/\/i0.wp.com\/oeilsportif.info\/wp-content\/uploads\/2022\/10\/FB_IMG_1665106622749.jpg?fit=720%2C960&ssl=1","width":720,"height":960},{"@type":"WebSite","@id":"https:\/\/oeilsportif.info\/#website","url":"https:\/\/oeilsportif.info\/","name":"le regard du sportif","description":"","potentialAction":[{"@type":"SearchAction","target":{"@type":"EntryPoint","urlTemplate":"https:\/\/oeilsportif.info\/?s={search_term_string}"},"query-input":{"@type":"PropertyValueSpecification","valueRequired":true,"valueName":"search_term_string"}}],"inLanguage":"fr-FR"},{"@type":"Person","@id":"https:\/\/oeilsportif.info\/#\/schema\/person\/cfbded294aa6095f7d96608d7905e9a1","name":"L'Equipe de la R\u00e9daction","image":{"@type":"ImageObject","inLanguage":"fr-FR","@id":"https:\/\/oeilsportif.info\/wp-content\/uploads\/2025\/07\/cropped-cropped-logo-os-96x96.jpeg","url":"https:\/\/oeilsportif.info\/wp-content\/uploads\/2025\/07\/cropped-cropped-logo-os-96x96.jpeg","contentUrl":"https:\/\/oeilsportif.info\/wp-content\/uploads\/2025\/07\/cropped-cropped-logo-os-96x96.jpeg","caption":"L'Equipe de la R\u00e9daction"},"url":"https:\/\/oeilsportif.info\/index.php\/author\/tawel\/"}]}},"jetpack_publicize_connections":[],"jetpack_featured_media_url":"https:\/\/i0.wp.com\/oeilsportif.info\/wp-content\/uploads\/2022\/10\/FB_IMG_1665106622749.jpg?fit=720%2C960&ssl=1","jetpack-related-posts":[],"jetpack_sharing_enabled":true,"jetpack_likes_enabled":true,"jetpack_shortlink":"https:\/\/wp.me\/pgFE77-yi","_links":{"self":[{"href":"https:\/\/oeilsportif.info\/index.php\/wp-json\/wp\/v2\/posts\/2126","targetHints":{"allow":["GET"]}}],"collection":[{"href":"https:\/\/oeilsportif.info\/index.php\/wp-json\/wp\/v2\/posts"}],"about":[{"href":"https:\/\/oeilsportif.info\/index.php\/wp-json\/wp\/v2\/types\/post"}],"author":[{"embeddable":true,"href":"https:\/\/oeilsportif.info\/index.php\/wp-json\/wp\/v2\/users\/2"}],"replies":[{"embeddable":true,"href":"https:\/\/oeilsportif.info\/index.php\/wp-json\/wp\/v2\/comments?post=2126"}],"version-history":[{"count":0,"href":"https:\/\/oeilsportif.info\/index.php\/wp-json\/wp\/v2\/posts\/2126\/revisions"}],"wp:featuredmedia":[{"embeddable":true,"href":"https:\/\/oeilsportif.info\/index.php\/wp-json\/wp\/v2\/media\/2127"}],"wp:attachment":[{"href":"https:\/\/oeilsportif.info\/index.php\/wp-json\/wp\/v2\/media?parent=2126"}],"wp:term":[{"taxonomy":"category","embeddable":true,"href":"https:\/\/oeilsportif.info\/index.php\/wp-json\/wp\/v2\/categories?post=2126"},{"taxonomy":"post_tag","embeddable":true,"href":"https:\/\/oeilsportif.info\/index.php\/wp-json\/wp\/v2\/tags?post=2126"}],"curies":[{"name":"wp","href":"https:\/\/api.w.org\/{rel}","templated":true}]}}