{"id":2120,"date":"2022-10-06T19:57:49","date_gmt":"2022-10-06T19:57:49","guid":{"rendered":"https:\/\/oeilsportif.info\/index.php\/?p=2120"},"modified":"2022-10-06T19:57:49","modified_gmt":"2022-10-06T19:57:49","slug":"syli-u-23-5-joueurs-du-wakriya-ac-preselectionnes","status":"publish","type":"post","link":"https:\/\/oeilsportif.info\/index.php\/syli-u-23-5-joueurs-du-wakriya-ac-preselectionnes\/","title":{"rendered":"SYLI U-23 : 5 joueurs du Wakriya AC pr\u00e9s\u00e9lectionn\u00e9s"},"content":{"rendered":"<p><strong>R\u00e9cemment mis en place, le staff technique du Syli National de Guin\u00e9e des moins de 23 ans doit composer une \u00e9quipe comp\u00e9titive en vue du match des \u00e9liminatoires de la CAN U-23, contre l\u2019Ouganda, dans les prochaines semaines.<\/strong><\/p>\n<p>C\u2019est dans cette perspective que le Wakriya AC a re\u00e7u la convocation de cinq (5) de ses joueurs de son \u00e9quipe premi\u00e8re, pour constituer cette s\u00e9lection qui sera dirig\u00e9e par l\u2019ancien international guin\u00e9en Morlaye Ciss\u00e9, qui sera assist\u00e9 par Maleah CAMARA.<\/p>\n<p>Voici les 5 joueurs du Wakriya AC pr\u00e9s\u00e9lectionn\u00e9s<\/p>\n<p>Mamadouba Kandou (gardien)<\/p>\n<p>S\u00e9kou Oumar Sylla (d\u00e9fenseur)<\/p>\n<p>Alhassane CAMARA Iyangha (milieu de terrain)<\/p>\n<p>Mohamed Niaissa (milieu de terrain)<\/p>\n<p>ABDOULAYE Bangoura (milieu de terrain)<\/p>\n<p>Fran\u00e7ois Sagno (d\u00e9fenseur)<\/p>\n<p>Wakriya AC. Com<\/p>\n","protected":false},"excerpt":{"rendered":"<p>R\u00e9cemment mis en place, le staff technique du Syli National de Guin\u00e9e des moins de 23 ans doit composer une \u00e9quipe comp\u00e9titive en vue du match des \u00e9liminatoires de la CAN U-23, contre l\u2019Ouganda, dans les prochaines semaines. C\u2019est dans cette perspective que le Wakriya AC a re\u00e7u la convocation de cinq (5) de ses [&hellip;]<\/p>\n","protected":false},"author":2,"featured_media":2121,"comment_status":"closed","ping_status":"open","sticky":false,"template":"","format":"standard","meta":{"_jetpack_memberships_contains_paid_content":false,"footnotes":"","jetpack_publicize_message":"","jetpack_publicize_feature_enabled":true,"jetpack_social_post_already_shared":true,"jetpack_social_options":{"image_generator_settings":{"template":"highway","default_image_id":0,"font":"","enabled":false},"version":2}},"categories":[5],"tags":[],"class_list":{"0":"post-2120","1":"post","2":"type-post","3":"status-publish","4":"format-standard","5":"has-post-thumbnail","7":"category-football"},"yoast_head":"<!-- This site is optimized with the Yoast SEO plugin v27.4 - https:\/\/yoast.com\/product\/yoast-seo-wordpress\/ -->\n<title>SYLI U-23 : 5 joueurs du Wakriya AC pr\u00e9s\u00e9lectionn\u00e9s - le regard du sportif<\/title>\n<meta name=\"robots\" content=\"index, follow, max-snippet:-1, max-image-preview:large, max-video-preview:-1\" \/>\n<link rel=\"canonical\" href=\"https:\/\/oeilsportif.info\/index.php\/syli-u-23-5-joueurs-du-wakriya-ac-preselectionnes\/\" \/>\n<meta property=\"og:locale\" content=\"fr_FR\" \/>\n<meta property=\"og:type\" content=\"article\" \/>\n<meta property=\"og:title\" content=\"SYLI U-23 : 5 joueurs du Wakriya AC pr\u00e9s\u00e9lectionn\u00e9s - le regard du sportif\" \/>\n<meta property=\"og:description\" content=\"R\u00e9cemment mis en place, le staff technique du Syli National de Guin\u00e9e des moins de 23 ans doit composer une \u00e9quipe comp\u00e9titive en vue du match des \u00e9liminatoires de la CAN U-23, contre l\u2019Ouganda, dans les prochaines semaines. C\u2019est dans cette perspective que le Wakriya AC a re\u00e7u la convocation de cinq (5) de ses [&hellip;]\" \/>\n<meta property=\"og:url\" content=\"https:\/\/oeilsportif.info\/index.php\/syli-u-23-5-joueurs-du-wakriya-ac-preselectionnes\/\" \/>\n<meta property=\"og:site_name\" content=\"le regard du sportif\" \/>\n<meta property=\"article:published_time\" content=\"2022-10-06T19:57:49+00:00\" \/>\n<meta property=\"og:image\" content=\"https:\/\/oeilsportif.info\/wp-content\/uploads\/2022\/10\/FB_IMG_1665086069529.jpg\" \/>\n\t<meta property=\"og:image:width\" content=\"960\" \/>\n\t<meta property=\"og:image:height\" content=\"540\" \/>\n\t<meta property=\"og:image:type\" content=\"image\/jpeg\" \/>\n<meta name=\"author\" content=\"L&#039;Equipe de la R\u00e9daction\" \/>\n<meta name=\"twitter:label1\" content=\"\u00c9crit par\" \/>\n\t<meta name=\"twitter:data1\" content=\"L&#039;Equipe de la R\u00e9daction\" \/>\n\t<meta name=\"twitter:label2\" content=\"Dur\u00e9e de lecture estim\u00e9e\" \/>\n\t<meta name=\"twitter:data2\" content=\"1 minute\" \/>\n<script type=\"application\/ld+json\" class=\"yoast-schema-graph\">{\"@context\":\"https:\\\/\\\/schema.org\",\"@graph\":[{\"@type\":\"Article\",\"@id\":\"https:\\\/\\\/oeilsportif.info\\\/index.php\\\/syli-u-23-5-joueurs-du-wakriya-ac-preselectionnes\\\/#article\",\"isPartOf\":{\"@id\":\"https:\\\/\\\/oeilsportif.info\\\/index.php\\\/syli-u-23-5-joueurs-du-wakriya-ac-preselectionnes\\\/\"},\"author\":{\"name\":\"L'Equipe de la R\u00e9daction\",\"@id\":\"https:\\\/\\\/oeilsportif.info\\\/#\\\/schema\\\/person\\\/cfbded294aa6095f7d96608d7905e9a1\"},\"headline\":\"SYLI U-23 : 5 joueurs du Wakriya AC pr\u00e9s\u00e9lectionn\u00e9s\",\"datePublished\":\"2022-10-06T19:57:49+00:00\",\"mainEntityOfPage\":{\"@id\":\"https:\\\/\\\/oeilsportif.info\\\/index.php\\\/syli-u-23-5-joueurs-du-wakriya-ac-preselectionnes\\\/\"},\"wordCount\":141,\"image\":{\"@id\":\"https:\\\/\\\/oeilsportif.info\\\/index.php\\\/syli-u-23-5-joueurs-du-wakriya-ac-preselectionnes\\\/#primaryimage\"},\"thumbnailUrl\":\"https:\\\/\\\/i0.wp.com\\\/oeilsportif.info\\\/wp-content\\\/uploads\\\/2022\\\/10\\\/FB_IMG_1665086069529.jpg?fit=960%2C540&ssl=1\",\"articleSection\":[\"Football\"],\"inLanguage\":\"fr-FR\"},{\"@type\":\"WebPage\",\"@id\":\"https:\\\/\\\/oeilsportif.info\\\/index.php\\\/syli-u-23-5-joueurs-du-wakriya-ac-preselectionnes\\\/\",\"url\":\"https:\\\/\\\/oeilsportif.info\\\/index.php\\\/syli-u-23-5-joueurs-du-wakriya-ac-preselectionnes\\\/\",\"name\":\"SYLI U-23 : 5 joueurs du Wakriya AC pr\u00e9s\u00e9lectionn\u00e9s - le regard du sportif\",\"isPartOf\":{\"@id\":\"https:\\\/\\\/oeilsportif.info\\\/#website\"},\"primaryImageOfPage\":{\"@id\":\"https:\\\/\\\/oeilsportif.info\\\/index.php\\\/syli-u-23-5-joueurs-du-wakriya-ac-preselectionnes\\\/#primaryimage\"},\"image\":{\"@id\":\"https:\\\/\\\/oeilsportif.info\\\/index.php\\\/syli-u-23-5-joueurs-du-wakriya-ac-preselectionnes\\\/#primaryimage\"},\"thumbnailUrl\":\"https:\\\/\\\/i0.wp.com\\\/oeilsportif.info\\\/wp-content\\\/uploads\\\/2022\\\/10\\\/FB_IMG_1665086069529.jpg?fit=960%2C540&ssl=1\",\"datePublished\":\"2022-10-06T19:57:49+00:00\",\"author\":{\"@id\":\"https:\\\/\\\/oeilsportif.info\\\/#\\\/schema\\\/person\\\/cfbded294aa6095f7d96608d7905e9a1\"},\"inLanguage\":\"fr-FR\",\"potentialAction\":[{\"@type\":\"ReadAction\",\"target\":[\"https:\\\/\\\/oeilsportif.info\\\/index.php\\\/syli-u-23-5-joueurs-du-wakriya-ac-preselectionnes\\\/\"]}]},{\"@type\":\"ImageObject\",\"inLanguage\":\"fr-FR\",\"@id\":\"https:\\\/\\\/oeilsportif.info\\\/index.php\\\/syli-u-23-5-joueurs-du-wakriya-ac-preselectionnes\\\/#primaryimage\",\"url\":\"https:\\\/\\\/i0.wp.com\\\/oeilsportif.info\\\/wp-content\\\/uploads\\\/2022\\\/10\\\/FB_IMG_1665086069529.jpg?fit=960%2C540&ssl=1\",\"contentUrl\":\"https:\\\/\\\/i0.wp.com\\\/oeilsportif.info\\\/wp-content\\\/uploads\\\/2022\\\/10\\\/FB_IMG_1665086069529.jpg?fit=960%2C540&ssl=1\",\"width\":960,\"height\":540},{\"@type\":\"WebSite\",\"@id\":\"https:\\\/\\\/oeilsportif.info\\\/#website\",\"url\":\"https:\\\/\\\/oeilsportif.info\\\/\",\"name\":\"le regard du sportif\",\"description\":\"\",\"potentialAction\":[{\"@type\":\"SearchAction\",\"target\":{\"@type\":\"EntryPoint\",\"urlTemplate\":\"https:\\\/\\\/oeilsportif.info\\\/?s={search_term_string}\"},\"query-input\":{\"@type\":\"PropertyValueSpecification\",\"valueRequired\":true,\"valueName\":\"search_term_string\"}}],\"inLanguage\":\"fr-FR\"},{\"@type\":\"Person\",\"@id\":\"https:\\\/\\\/oeilsportif.info\\\/#\\\/schema\\\/person\\\/cfbded294aa6095f7d96608d7905e9a1\",\"name\":\"L'Equipe de la R\u00e9daction\",\"image\":{\"@type\":\"ImageObject\",\"inLanguage\":\"fr-FR\",\"@id\":\"https:\\\/\\\/oeilsportif.info\\\/wp-content\\\/uploads\\\/2025\\\/07\\\/cropped-cropped-logo-os-96x96.jpeg\",\"url\":\"https:\\\/\\\/oeilsportif.info\\\/wp-content\\\/uploads\\\/2025\\\/07\\\/cropped-cropped-logo-os-96x96.jpeg\",\"contentUrl\":\"https:\\\/\\\/oeilsportif.info\\\/wp-content\\\/uploads\\\/2025\\\/07\\\/cropped-cropped-logo-os-96x96.jpeg\",\"caption\":\"L'Equipe de la R\u00e9daction\"},\"url\":\"https:\\\/\\\/oeilsportif.info\\\/index.php\\\/author\\\/tawel\\\/\"}]}<\/script>\n<!-- \/ Yoast SEO plugin. -->","yoast_head_json":{"title":"SYLI U-23 : 5 joueurs du Wakriya AC pr\u00e9s\u00e9lectionn\u00e9s - le regard du sportif","robots":{"index":"index","follow":"follow","max-snippet":"max-snippet:-1","max-image-preview":"max-image-preview:large","max-video-preview":"max-video-preview:-1"},"canonical":"https:\/\/oeilsportif.info\/index.php\/syli-u-23-5-joueurs-du-wakriya-ac-preselectionnes\/","og_locale":"fr_FR","og_type":"article","og_title":"SYLI U-23 : 5 joueurs du Wakriya AC pr\u00e9s\u00e9lectionn\u00e9s - le regard du sportif","og_description":"R\u00e9cemment mis en place, le staff technique du Syli National de Guin\u00e9e des moins de 23 ans doit composer une \u00e9quipe comp\u00e9titive en vue du match des \u00e9liminatoires de la CAN U-23, contre l\u2019Ouganda, dans les prochaines semaines. C\u2019est dans cette perspective que le Wakriya AC a re\u00e7u la convocation de cinq (5) de ses [&hellip;]","og_url":"https:\/\/oeilsportif.info\/index.php\/syli-u-23-5-joueurs-du-wakriya-ac-preselectionnes\/","og_site_name":"le regard du sportif","article_published_time":"2022-10-06T19:57:49+00:00","og_image":[{"width":960,"height":540,"url":"https:\/\/oeilsportif.info\/wp-content\/uploads\/2022\/10\/FB_IMG_1665086069529.jpg","type":"image\/jpeg"}],"author":"L'Equipe de la R\u00e9daction","twitter_misc":{"\u00c9crit par":"L'Equipe de la R\u00e9daction","Dur\u00e9e de lecture estim\u00e9e":"1 minute"},"schema":{"@context":"https:\/\/schema.org","@graph":[{"@type":"Article","@id":"https:\/\/oeilsportif.info\/index.php\/syli-u-23-5-joueurs-du-wakriya-ac-preselectionnes\/#article","isPartOf":{"@id":"https:\/\/oeilsportif.info\/index.php\/syli-u-23-5-joueurs-du-wakriya-ac-preselectionnes\/"},"author":{"name":"L'Equipe de la R\u00e9daction","@id":"https:\/\/oeilsportif.info\/#\/schema\/person\/cfbded294aa6095f7d96608d7905e9a1"},"headline":"SYLI U-23 : 5 joueurs du Wakriya AC pr\u00e9s\u00e9lectionn\u00e9s","datePublished":"2022-10-06T19:57:49+00:00","mainEntityOfPage":{"@id":"https:\/\/oeilsportif.info\/index.php\/syli-u-23-5-joueurs-du-wakriya-ac-preselectionnes\/"},"wordCount":141,"image":{"@id":"https:\/\/oeilsportif.info\/index.php\/syli-u-23-5-joueurs-du-wakriya-ac-preselectionnes\/#primaryimage"},"thumbnailUrl":"https:\/\/i0.wp.com\/oeilsportif.info\/wp-content\/uploads\/2022\/10\/FB_IMG_1665086069529.jpg?fit=960%2C540&ssl=1","articleSection":["Football"],"inLanguage":"fr-FR"},{"@type":"WebPage","@id":"https:\/\/oeilsportif.info\/index.php\/syli-u-23-5-joueurs-du-wakriya-ac-preselectionnes\/","url":"https:\/\/oeilsportif.info\/index.php\/syli-u-23-5-joueurs-du-wakriya-ac-preselectionnes\/","name":"SYLI U-23 : 5 joueurs du Wakriya AC pr\u00e9s\u00e9lectionn\u00e9s - le regard du sportif","isPartOf":{"@id":"https:\/\/oeilsportif.info\/#website"},"primaryImageOfPage":{"@id":"https:\/\/oeilsportif.info\/index.php\/syli-u-23-5-joueurs-du-wakriya-ac-preselectionnes\/#primaryimage"},"image":{"@id":"https:\/\/oeilsportif.info\/index.php\/syli-u-23-5-joueurs-du-wakriya-ac-preselectionnes\/#primaryimage"},"thumbnailUrl":"https:\/\/i0.wp.com\/oeilsportif.info\/wp-content\/uploads\/2022\/10\/FB_IMG_1665086069529.jpg?fit=960%2C540&ssl=1","datePublished":"2022-10-06T19:57:49+00:00","author":{"@id":"https:\/\/oeilsportif.info\/#\/schema\/person\/cfbded294aa6095f7d96608d7905e9a1"},"inLanguage":"fr-FR","potentialAction":[{"@type":"ReadAction","target":["https:\/\/oeilsportif.info\/index.php\/syli-u-23-5-joueurs-du-wakriya-ac-preselectionnes\/"]}]},{"@type":"ImageObject","inLanguage":"fr-FR","@id":"https:\/\/oeilsportif.info\/index.php\/syli-u-23-5-joueurs-du-wakriya-ac-preselectionnes\/#primaryimage","url":"https:\/\/i0.wp.com\/oeilsportif.info\/wp-content\/uploads\/2022\/10\/FB_IMG_1665086069529.jpg?fit=960%2C540&ssl=1","contentUrl":"https:\/\/i0.wp.com\/oeilsportif.info\/wp-content\/uploads\/2022\/10\/FB_IMG_1665086069529.jpg?fit=960%2C540&ssl=1","width":960,"height":540},{"@type":"WebSite","@id":"https:\/\/oeilsportif.info\/#website","url":"https:\/\/oeilsportif.info\/","name":"le regard du sportif","description":"","potentialAction":[{"@type":"SearchAction","target":{"@type":"EntryPoint","urlTemplate":"https:\/\/oeilsportif.info\/?s={search_term_string}"},"query-input":{"@type":"PropertyValueSpecification","valueRequired":true,"valueName":"search_term_string"}}],"inLanguage":"fr-FR"},{"@type":"Person","@id":"https:\/\/oeilsportif.info\/#\/schema\/person\/cfbded294aa6095f7d96608d7905e9a1","name":"L'Equipe de la R\u00e9daction","image":{"@type":"ImageObject","inLanguage":"fr-FR","@id":"https:\/\/oeilsportif.info\/wp-content\/uploads\/2025\/07\/cropped-cropped-logo-os-96x96.jpeg","url":"https:\/\/oeilsportif.info\/wp-content\/uploads\/2025\/07\/cropped-cropped-logo-os-96x96.jpeg","contentUrl":"https:\/\/oeilsportif.info\/wp-content\/uploads\/2025\/07\/cropped-cropped-logo-os-96x96.jpeg","caption":"L'Equipe de la R\u00e9daction"},"url":"https:\/\/oeilsportif.info\/index.php\/author\/tawel\/"}]}},"jetpack_publicize_connections":[],"jetpack_featured_media_url":"https:\/\/i0.wp.com\/oeilsportif.info\/wp-content\/uploads\/2022\/10\/FB_IMG_1665086069529.jpg?fit=960%2C540&ssl=1","jetpack-related-posts":[],"jetpack_sharing_enabled":true,"jetpack_likes_enabled":true,"jetpack_shortlink":"https:\/\/wp.me\/pgFE77-yc","_links":{"self":[{"href":"https:\/\/oeilsportif.info\/index.php\/wp-json\/wp\/v2\/posts\/2120","targetHints":{"allow":["GET"]}}],"collection":[{"href":"https:\/\/oeilsportif.info\/index.php\/wp-json\/wp\/v2\/posts"}],"about":[{"href":"https:\/\/oeilsportif.info\/index.php\/wp-json\/wp\/v2\/types\/post"}],"author":[{"embeddable":true,"href":"https:\/\/oeilsportif.info\/index.php\/wp-json\/wp\/v2\/users\/2"}],"replies":[{"embeddable":true,"href":"https:\/\/oeilsportif.info\/index.php\/wp-json\/wp\/v2\/comments?post=2120"}],"version-history":[{"count":0,"href":"https:\/\/oeilsportif.info\/index.php\/wp-json\/wp\/v2\/posts\/2120\/revisions"}],"wp:featuredmedia":[{"embeddable":true,"href":"https:\/\/oeilsportif.info\/index.php\/wp-json\/wp\/v2\/media\/2121"}],"wp:attachment":[{"href":"https:\/\/oeilsportif.info\/index.php\/wp-json\/wp\/v2\/media?parent=2120"}],"wp:term":[{"taxonomy":"category","embeddable":true,"href":"https:\/\/oeilsportif.info\/index.php\/wp-json\/wp\/v2\/categories?post=2120"},{"taxonomy":"post_tag","embeddable":true,"href":"https:\/\/oeilsportif.info\/index.php\/wp-json\/wp\/v2\/tags?post=2120"}],"curies":[{"name":"wp","href":"https:\/\/api.w.org\/{rel}","templated":true}]}}