{"id":2117,"date":"2022-10-06T11:19:55","date_gmt":"2022-10-06T11:19:55","guid":{"rendered":"https:\/\/oeilsportif.info\/index.php\/?p=2117"},"modified":"2022-10-06T11:19:55","modified_gmt":"2022-10-06T11:19:55","slug":"fiba-africa-regional-youth-camp-2022-3-joueurs-et-1-coach-du-gabon-selectionnes","status":"publish","type":"post","link":"https:\/\/oeilsportif.info\/index.php\/fiba-africa-regional-youth-camp-2022-3-joueurs-et-1-coach-du-gabon-selectionnes\/","title":{"rendered":"FIBA AFRICA REGIONAL YOUTH CAMP 2022 : 3 JOUEURS ET 1 COACH DU GABON S\u00c9LECTIONN\u00c9S"},"content":{"rendered":"<p><strong>Les \u201cFIBA AFRICA REGIONAL YOUTH CAMP\u201c, camps de basketball d\u2019e\u0301lite devant am\u00e9liorer le niveau global du basketball africain posent leur valises dans 3 pays de l\u2019Afrique.<\/strong><\/p>\n<p>3 joueurs et 1 coach venant du Gabon ont \u00e9t\u00e9 s\u00e9lectionn\u00e9s pour prendre part \u00e0 ces rendez-vous r\u00e9unissant les meilleurs jeunes joueurs, et coaches des diff\u00e9rentes zones de l\u2019Afrique.<\/p>\n<p>Les joueurs \ud835\uddd7\ud835\uddee\ud835\uddff\ud835\uddf0\ud835\ude06 \ud835\udde0\ud835\uddd4\ud835\uddde\ud835\uddd4\ud835\udde0\ud835\uddd5\ud835\udde2, \ud835\udde3\ud835\uddf6\ud835\uddf2 \ud835\uddd7\ud835\uddee\ud835\uddff\ud835\uddff\ud835\uddf2\ud835\uddf2\ud835\uddfb \ud835\udde7\ud835\uddfc\ud835\uddf8\ud835\uddfc\ud835\uddf4\ud835\uddfb\ud835\uddf2 et le coachAhmad SparkLee ont e\u0301te\u0301 s\u00e9lectionn\u00e9s pour participer au FIBA Africa Regional Youth Camp 2022 qui aura lieu au Maroc du 24 au 26 octobre 2022.<br \/>\nLa joueuse \ud835\udddd\ud835\uddee\ud835\uddfb\ud835\uddf2\ud835\ude01 \ud835\udddd\ud835\uddee\ud835\uddf0\ud835\uddf8\ud835\ude00\ud835\uddfc\ud835\uddfb \ud835\uddd9\ud835\uddfc\ud835\ude02\ud835\ude01\ud835\ude06 prendra part quant \u00e0 elle au camp de Saly au S\u00e9n\u00e9gal du 18 au 20 octobre 2022, exclusivement d\u00e9di\u00e9 aux filles et femmes.<\/p>\n<p>fibaafrica<\/p>\n","protected":false},"excerpt":{"rendered":"<p>Les \u201cFIBA AFRICA REGIONAL YOUTH CAMP\u201c, camps de basketball d\u2019e\u0301lite devant am\u00e9liorer le niveau global du basketball africain posent leur valises dans 3 pays de l\u2019Afrique. 3 joueurs et 1 coach venant du Gabon ont \u00e9t\u00e9 s\u00e9lectionn\u00e9s pour prendre part \u00e0 ces rendez-vous r\u00e9unissant les meilleurs jeunes joueurs, et coaches des diff\u00e9rentes zones de l\u2019Afrique. [&hellip;]<\/p>\n","protected":false},"author":2,"featured_media":2118,"comment_status":"closed","ping_status":"open","sticky":false,"template":"","format":"standard","meta":{"_jetpack_memberships_contains_paid_content":false,"footnotes":"","jetpack_publicize_message":"","jetpack_publicize_feature_enabled":true,"jetpack_social_post_already_shared":true,"jetpack_social_options":{"image_generator_settings":{"template":"highway","default_image_id":0,"font":"","enabled":false},"version":2}},"categories":[7],"tags":[],"class_list":{"0":"post-2117","1":"post","2":"type-post","3":"status-publish","4":"format-standard","5":"has-post-thumbnail","7":"category-basketball"},"yoast_head":"<!-- This site is optimized with the Yoast SEO plugin v27.4 - https:\/\/yoast.com\/product\/yoast-seo-wordpress\/ -->\n<title>FIBA AFRICA REGIONAL YOUTH CAMP 2022 : 3 JOUEURS ET 1 COACH DU GABON S\u00c9LECTIONN\u00c9S - le regard du sportif<\/title>\n<meta name=\"robots\" content=\"index, follow, max-snippet:-1, max-image-preview:large, max-video-preview:-1\" \/>\n<link rel=\"canonical\" href=\"https:\/\/oeilsportif.info\/index.php\/fiba-africa-regional-youth-camp-2022-3-joueurs-et-1-coach-du-gabon-selectionnes\/\" \/>\n<meta property=\"og:locale\" content=\"fr_FR\" \/>\n<meta property=\"og:type\" content=\"article\" \/>\n<meta property=\"og:title\" content=\"FIBA AFRICA REGIONAL YOUTH CAMP 2022 : 3 JOUEURS ET 1 COACH DU GABON S\u00c9LECTIONN\u00c9S - le regard du sportif\" \/>\n<meta property=\"og:description\" content=\"Les \u201cFIBA AFRICA REGIONAL YOUTH CAMP\u201c, camps de basketball d\u2019e\u0301lite devant am\u00e9liorer le niveau global du basketball africain posent leur valises dans 3 pays de l\u2019Afrique. 3 joueurs et 1 coach venant du Gabon ont \u00e9t\u00e9 s\u00e9lectionn\u00e9s pour prendre part \u00e0 ces rendez-vous r\u00e9unissant les meilleurs jeunes joueurs, et coaches des diff\u00e9rentes zones de l\u2019Afrique. [&hellip;]\" \/>\n<meta property=\"og:url\" content=\"https:\/\/oeilsportif.info\/index.php\/fiba-africa-regional-youth-camp-2022-3-joueurs-et-1-coach-du-gabon-selectionnes\/\" \/>\n<meta property=\"og:site_name\" content=\"le regard du sportif\" \/>\n<meta property=\"article:published_time\" content=\"2022-10-06T11:19:55+00:00\" \/>\n<meta property=\"og:image\" content=\"https:\/\/oeilsportif.info\/wp-content\/uploads\/2022\/10\/FB_IMG_1665055029851.jpg\" \/>\n\t<meta property=\"og:image:width\" content=\"1080\" \/>\n\t<meta property=\"og:image:height\" content=\"720\" \/>\n\t<meta property=\"og:image:type\" content=\"image\/jpeg\" \/>\n<meta name=\"author\" content=\"L&#039;Equipe de la R\u00e9daction\" \/>\n<meta name=\"twitter:label1\" content=\"\u00c9crit par\" \/>\n\t<meta name=\"twitter:data1\" content=\"L&#039;Equipe de la R\u00e9daction\" \/>\n\t<meta name=\"twitter:label2\" content=\"Dur\u00e9e de lecture estim\u00e9e\" \/>\n\t<meta name=\"twitter:data2\" content=\"1 minute\" \/>\n<script type=\"application\/ld+json\" class=\"yoast-schema-graph\">{\"@context\":\"https:\\\/\\\/schema.org\",\"@graph\":[{\"@type\":\"Article\",\"@id\":\"https:\\\/\\\/oeilsportif.info\\\/index.php\\\/fiba-africa-regional-youth-camp-2022-3-joueurs-et-1-coach-du-gabon-selectionnes\\\/#article\",\"isPartOf\":{\"@id\":\"https:\\\/\\\/oeilsportif.info\\\/index.php\\\/fiba-africa-regional-youth-camp-2022-3-joueurs-et-1-coach-du-gabon-selectionnes\\\/\"},\"author\":{\"name\":\"L'Equipe de la R\u00e9daction\",\"@id\":\"https:\\\/\\\/oeilsportif.info\\\/#\\\/schema\\\/person\\\/cfbded294aa6095f7d96608d7905e9a1\"},\"headline\":\"FIBA AFRICA REGIONAL YOUTH CAMP 2022 : 3 JOUEURS ET 1 COACH DU GABON S\u00c9LECTIONN\u00c9S\",\"datePublished\":\"2022-10-06T11:19:55+00:00\",\"mainEntityOfPage\":{\"@id\":\"https:\\\/\\\/oeilsportif.info\\\/index.php\\\/fiba-africa-regional-youth-camp-2022-3-joueurs-et-1-coach-du-gabon-selectionnes\\\/\"},\"wordCount\":126,\"image\":{\"@id\":\"https:\\\/\\\/oeilsportif.info\\\/index.php\\\/fiba-africa-regional-youth-camp-2022-3-joueurs-et-1-coach-du-gabon-selectionnes\\\/#primaryimage\"},\"thumbnailUrl\":\"https:\\\/\\\/i0.wp.com\\\/oeilsportif.info\\\/wp-content\\\/uploads\\\/2022\\\/10\\\/FB_IMG_1665055029851.jpg?fit=1080%2C720&ssl=1\",\"articleSection\":[\"Basketball\"],\"inLanguage\":\"fr-FR\"},{\"@type\":\"WebPage\",\"@id\":\"https:\\\/\\\/oeilsportif.info\\\/index.php\\\/fiba-africa-regional-youth-camp-2022-3-joueurs-et-1-coach-du-gabon-selectionnes\\\/\",\"url\":\"https:\\\/\\\/oeilsportif.info\\\/index.php\\\/fiba-africa-regional-youth-camp-2022-3-joueurs-et-1-coach-du-gabon-selectionnes\\\/\",\"name\":\"FIBA AFRICA REGIONAL YOUTH CAMP 2022 : 3 JOUEURS ET 1 COACH DU GABON S\u00c9LECTIONN\u00c9S - le regard du sportif\",\"isPartOf\":{\"@id\":\"https:\\\/\\\/oeilsportif.info\\\/#website\"},\"primaryImageOfPage\":{\"@id\":\"https:\\\/\\\/oeilsportif.info\\\/index.php\\\/fiba-africa-regional-youth-camp-2022-3-joueurs-et-1-coach-du-gabon-selectionnes\\\/#primaryimage\"},\"image\":{\"@id\":\"https:\\\/\\\/oeilsportif.info\\\/index.php\\\/fiba-africa-regional-youth-camp-2022-3-joueurs-et-1-coach-du-gabon-selectionnes\\\/#primaryimage\"},\"thumbnailUrl\":\"https:\\\/\\\/i0.wp.com\\\/oeilsportif.info\\\/wp-content\\\/uploads\\\/2022\\\/10\\\/FB_IMG_1665055029851.jpg?fit=1080%2C720&ssl=1\",\"datePublished\":\"2022-10-06T11:19:55+00:00\",\"author\":{\"@id\":\"https:\\\/\\\/oeilsportif.info\\\/#\\\/schema\\\/person\\\/cfbded294aa6095f7d96608d7905e9a1\"},\"inLanguage\":\"fr-FR\",\"potentialAction\":[{\"@type\":\"ReadAction\",\"target\":[\"https:\\\/\\\/oeilsportif.info\\\/index.php\\\/fiba-africa-regional-youth-camp-2022-3-joueurs-et-1-coach-du-gabon-selectionnes\\\/\"]}]},{\"@type\":\"ImageObject\",\"inLanguage\":\"fr-FR\",\"@id\":\"https:\\\/\\\/oeilsportif.info\\\/index.php\\\/fiba-africa-regional-youth-camp-2022-3-joueurs-et-1-coach-du-gabon-selectionnes\\\/#primaryimage\",\"url\":\"https:\\\/\\\/i0.wp.com\\\/oeilsportif.info\\\/wp-content\\\/uploads\\\/2022\\\/10\\\/FB_IMG_1665055029851.jpg?fit=1080%2C720&ssl=1\",\"contentUrl\":\"https:\\\/\\\/i0.wp.com\\\/oeilsportif.info\\\/wp-content\\\/uploads\\\/2022\\\/10\\\/FB_IMG_1665055029851.jpg?fit=1080%2C720&ssl=1\",\"width\":1080,\"height\":720},{\"@type\":\"WebSite\",\"@id\":\"https:\\\/\\\/oeilsportif.info\\\/#website\",\"url\":\"https:\\\/\\\/oeilsportif.info\\\/\",\"name\":\"le regard du sportif\",\"description\":\"\",\"potentialAction\":[{\"@type\":\"SearchAction\",\"target\":{\"@type\":\"EntryPoint\",\"urlTemplate\":\"https:\\\/\\\/oeilsportif.info\\\/?s={search_term_string}\"},\"query-input\":{\"@type\":\"PropertyValueSpecification\",\"valueRequired\":true,\"valueName\":\"search_term_string\"}}],\"inLanguage\":\"fr-FR\"},{\"@type\":\"Person\",\"@id\":\"https:\\\/\\\/oeilsportif.info\\\/#\\\/schema\\\/person\\\/cfbded294aa6095f7d96608d7905e9a1\",\"name\":\"L'Equipe de la R\u00e9daction\",\"image\":{\"@type\":\"ImageObject\",\"inLanguage\":\"fr-FR\",\"@id\":\"https:\\\/\\\/oeilsportif.info\\\/wp-content\\\/uploads\\\/2025\\\/07\\\/cropped-cropped-logo-os-96x96.jpeg\",\"url\":\"https:\\\/\\\/oeilsportif.info\\\/wp-content\\\/uploads\\\/2025\\\/07\\\/cropped-cropped-logo-os-96x96.jpeg\",\"contentUrl\":\"https:\\\/\\\/oeilsportif.info\\\/wp-content\\\/uploads\\\/2025\\\/07\\\/cropped-cropped-logo-os-96x96.jpeg\",\"caption\":\"L'Equipe de la R\u00e9daction\"},\"url\":\"https:\\\/\\\/oeilsportif.info\\\/index.php\\\/author\\\/tawel\\\/\"}]}<\/script>\n<!-- \/ Yoast SEO plugin. -->","yoast_head_json":{"title":"FIBA AFRICA REGIONAL YOUTH CAMP 2022 : 3 JOUEURS ET 1 COACH DU GABON S\u00c9LECTIONN\u00c9S - le regard du sportif","robots":{"index":"index","follow":"follow","max-snippet":"max-snippet:-1","max-image-preview":"max-image-preview:large","max-video-preview":"max-video-preview:-1"},"canonical":"https:\/\/oeilsportif.info\/index.php\/fiba-africa-regional-youth-camp-2022-3-joueurs-et-1-coach-du-gabon-selectionnes\/","og_locale":"fr_FR","og_type":"article","og_title":"FIBA AFRICA REGIONAL YOUTH CAMP 2022 : 3 JOUEURS ET 1 COACH DU GABON S\u00c9LECTIONN\u00c9S - le regard du sportif","og_description":"Les \u201cFIBA AFRICA REGIONAL YOUTH CAMP\u201c, camps de basketball d\u2019e\u0301lite devant am\u00e9liorer le niveau global du basketball africain posent leur valises dans 3 pays de l\u2019Afrique. 3 joueurs et 1 coach venant du Gabon ont \u00e9t\u00e9 s\u00e9lectionn\u00e9s pour prendre part \u00e0 ces rendez-vous r\u00e9unissant les meilleurs jeunes joueurs, et coaches des diff\u00e9rentes zones de l\u2019Afrique. [&hellip;]","og_url":"https:\/\/oeilsportif.info\/index.php\/fiba-africa-regional-youth-camp-2022-3-joueurs-et-1-coach-du-gabon-selectionnes\/","og_site_name":"le regard du sportif","article_published_time":"2022-10-06T11:19:55+00:00","og_image":[{"width":1080,"height":720,"url":"https:\/\/oeilsportif.info\/wp-content\/uploads\/2022\/10\/FB_IMG_1665055029851.jpg","type":"image\/jpeg"}],"author":"L'Equipe de la R\u00e9daction","twitter_misc":{"\u00c9crit par":"L'Equipe de la R\u00e9daction","Dur\u00e9e de lecture estim\u00e9e":"1 minute"},"schema":{"@context":"https:\/\/schema.org","@graph":[{"@type":"Article","@id":"https:\/\/oeilsportif.info\/index.php\/fiba-africa-regional-youth-camp-2022-3-joueurs-et-1-coach-du-gabon-selectionnes\/#article","isPartOf":{"@id":"https:\/\/oeilsportif.info\/index.php\/fiba-africa-regional-youth-camp-2022-3-joueurs-et-1-coach-du-gabon-selectionnes\/"},"author":{"name":"L'Equipe de la R\u00e9daction","@id":"https:\/\/oeilsportif.info\/#\/schema\/person\/cfbded294aa6095f7d96608d7905e9a1"},"headline":"FIBA AFRICA REGIONAL YOUTH CAMP 2022 : 3 JOUEURS ET 1 COACH DU GABON S\u00c9LECTIONN\u00c9S","datePublished":"2022-10-06T11:19:55+00:00","mainEntityOfPage":{"@id":"https:\/\/oeilsportif.info\/index.php\/fiba-africa-regional-youth-camp-2022-3-joueurs-et-1-coach-du-gabon-selectionnes\/"},"wordCount":126,"image":{"@id":"https:\/\/oeilsportif.info\/index.php\/fiba-africa-regional-youth-camp-2022-3-joueurs-et-1-coach-du-gabon-selectionnes\/#primaryimage"},"thumbnailUrl":"https:\/\/i0.wp.com\/oeilsportif.info\/wp-content\/uploads\/2022\/10\/FB_IMG_1665055029851.jpg?fit=1080%2C720&ssl=1","articleSection":["Basketball"],"inLanguage":"fr-FR"},{"@type":"WebPage","@id":"https:\/\/oeilsportif.info\/index.php\/fiba-africa-regional-youth-camp-2022-3-joueurs-et-1-coach-du-gabon-selectionnes\/","url":"https:\/\/oeilsportif.info\/index.php\/fiba-africa-regional-youth-camp-2022-3-joueurs-et-1-coach-du-gabon-selectionnes\/","name":"FIBA AFRICA REGIONAL YOUTH CAMP 2022 : 3 JOUEURS ET 1 COACH DU GABON S\u00c9LECTIONN\u00c9S - le regard du sportif","isPartOf":{"@id":"https:\/\/oeilsportif.info\/#website"},"primaryImageOfPage":{"@id":"https:\/\/oeilsportif.info\/index.php\/fiba-africa-regional-youth-camp-2022-3-joueurs-et-1-coach-du-gabon-selectionnes\/#primaryimage"},"image":{"@id":"https:\/\/oeilsportif.info\/index.php\/fiba-africa-regional-youth-camp-2022-3-joueurs-et-1-coach-du-gabon-selectionnes\/#primaryimage"},"thumbnailUrl":"https:\/\/i0.wp.com\/oeilsportif.info\/wp-content\/uploads\/2022\/10\/FB_IMG_1665055029851.jpg?fit=1080%2C720&ssl=1","datePublished":"2022-10-06T11:19:55+00:00","author":{"@id":"https:\/\/oeilsportif.info\/#\/schema\/person\/cfbded294aa6095f7d96608d7905e9a1"},"inLanguage":"fr-FR","potentialAction":[{"@type":"ReadAction","target":["https:\/\/oeilsportif.info\/index.php\/fiba-africa-regional-youth-camp-2022-3-joueurs-et-1-coach-du-gabon-selectionnes\/"]}]},{"@type":"ImageObject","inLanguage":"fr-FR","@id":"https:\/\/oeilsportif.info\/index.php\/fiba-africa-regional-youth-camp-2022-3-joueurs-et-1-coach-du-gabon-selectionnes\/#primaryimage","url":"https:\/\/i0.wp.com\/oeilsportif.info\/wp-content\/uploads\/2022\/10\/FB_IMG_1665055029851.jpg?fit=1080%2C720&ssl=1","contentUrl":"https:\/\/i0.wp.com\/oeilsportif.info\/wp-content\/uploads\/2022\/10\/FB_IMG_1665055029851.jpg?fit=1080%2C720&ssl=1","width":1080,"height":720},{"@type":"WebSite","@id":"https:\/\/oeilsportif.info\/#website","url":"https:\/\/oeilsportif.info\/","name":"le regard du sportif","description":"","potentialAction":[{"@type":"SearchAction","target":{"@type":"EntryPoint","urlTemplate":"https:\/\/oeilsportif.info\/?s={search_term_string}"},"query-input":{"@type":"PropertyValueSpecification","valueRequired":true,"valueName":"search_term_string"}}],"inLanguage":"fr-FR"},{"@type":"Person","@id":"https:\/\/oeilsportif.info\/#\/schema\/person\/cfbded294aa6095f7d96608d7905e9a1","name":"L'Equipe de la R\u00e9daction","image":{"@type":"ImageObject","inLanguage":"fr-FR","@id":"https:\/\/oeilsportif.info\/wp-content\/uploads\/2025\/07\/cropped-cropped-logo-os-96x96.jpeg","url":"https:\/\/oeilsportif.info\/wp-content\/uploads\/2025\/07\/cropped-cropped-logo-os-96x96.jpeg","contentUrl":"https:\/\/oeilsportif.info\/wp-content\/uploads\/2025\/07\/cropped-cropped-logo-os-96x96.jpeg","caption":"L'Equipe de la R\u00e9daction"},"url":"https:\/\/oeilsportif.info\/index.php\/author\/tawel\/"}]}},"jetpack_publicize_connections":[],"jetpack_featured_media_url":"https:\/\/i0.wp.com\/oeilsportif.info\/wp-content\/uploads\/2022\/10\/FB_IMG_1665055029851.jpg?fit=1080%2C720&ssl=1","jetpack-related-posts":[],"jetpack_sharing_enabled":true,"jetpack_likes_enabled":true,"jetpack_shortlink":"https:\/\/wp.me\/pgFE77-y9","_links":{"self":[{"href":"https:\/\/oeilsportif.info\/index.php\/wp-json\/wp\/v2\/posts\/2117","targetHints":{"allow":["GET"]}}],"collection":[{"href":"https:\/\/oeilsportif.info\/index.php\/wp-json\/wp\/v2\/posts"}],"about":[{"href":"https:\/\/oeilsportif.info\/index.php\/wp-json\/wp\/v2\/types\/post"}],"author":[{"embeddable":true,"href":"https:\/\/oeilsportif.info\/index.php\/wp-json\/wp\/v2\/users\/2"}],"replies":[{"embeddable":true,"href":"https:\/\/oeilsportif.info\/index.php\/wp-json\/wp\/v2\/comments?post=2117"}],"version-history":[{"count":0,"href":"https:\/\/oeilsportif.info\/index.php\/wp-json\/wp\/v2\/posts\/2117\/revisions"}],"wp:featuredmedia":[{"embeddable":true,"href":"https:\/\/oeilsportif.info\/index.php\/wp-json\/wp\/v2\/media\/2118"}],"wp:attachment":[{"href":"https:\/\/oeilsportif.info\/index.php\/wp-json\/wp\/v2\/media?parent=2117"}],"wp:term":[{"taxonomy":"category","embeddable":true,"href":"https:\/\/oeilsportif.info\/index.php\/wp-json\/wp\/v2\/categories?post=2117"},{"taxonomy":"post_tag","embeddable":true,"href":"https:\/\/oeilsportif.info\/index.php\/wp-json\/wp\/v2\/tags?post=2117"}],"curies":[{"name":"wp","href":"https:\/\/api.w.org\/{rel}","templated":true}]}}