{"id":2100,"date":"2022-10-05T21:05:12","date_gmt":"2022-10-05T21:05:12","guid":{"rendered":"https:\/\/oeilsportif.info\/index.php\/?p=2100"},"modified":"2022-10-05T21:05:12","modified_gmt":"2022-10-05T21:05:12","slug":"le-syli-national-u-23-entame-sa-preparation","status":"publish","type":"post","link":"https:\/\/oeilsportif.info\/index.php\/le-syli-national-u-23-entame-sa-preparation\/","title":{"rendered":"LE SYLI NATIONAL U-23 ENTAME SA PR\u00c9PARATION"},"content":{"rendered":"<p><strong>Le stage de pr\u00e9paration de l\u2019\u00e9quipe nationale de Guin\u00e9e des moins de 23 ans a d\u00e9marr\u00e9 ce mercredi 5 octobre 2022 sous la direction du s\u00e9lectionneur assistant, Mohamed Maleah Camara.<\/strong><span id=\"more-4916\"><\/span><\/p>\n<p>A 16h temps universel ce mercredi, les joueurs du Syli National Espoir ont pos\u00e9 leurs crampons sur la pelouse du stade du 28 septembre pour les premiers pas d\u2019une pr\u00e9paration qui va se d\u00e9rouler dans un premier temps \u00e0 Conakry. Maleah, qui avait sous sa main un groupe exclusivement compos\u00e9 de joueurs locaux, a pu diriger la premi\u00e8re s\u00e9ance d\u2019entra\u00eenement avec 32 hommes.<\/p>\n<p>Le s\u00e9lectionneur Morlaye Ciss\u00e9 est arriv\u00e9 \u00e0 Conakry dans la soir\u00e9e de ce mercredi. Il va se joindre \u00e0 son assistant pour poursuivre la pr\u00e9paration de Conakry qui va durer une dizaine de jours. La Guin\u00e9e se rendra ensuite en Afrique Australe o\u00f9 elle effectuera la seconde partie de son stage.<\/p>\n<p>Le Syli National Espoir affronte l\u2019Ouganda au compte du deuxi\u00e8me tour des \u00e9liminatoires de la Coupe d\u2019Afrique des Nations U-23 2023. Le match aller aura lieu \u00e0 Dar-Es-Salam (Tanzanie) et le retour \u00e0 Kampala (Ouganda). Toutes ces rencontres se disputeront entre le 21 et le 30 octobre 2022.<\/p>\n<p>&nbsp;<\/p>\n<p>&nbsp;<\/p>\n<p><img data-recalc-dims=\"1\" loading=\"lazy\" decoding=\"async\" class=\"aligncenter size-large wp-image-4917\" src=\"https:\/\/i0.wp.com\/www.feguifoot.com\/wp-content\/uploads\/2022\/10\/24294fc2-e3d4-4624-81b2-b2f7886d7cdb-1024x683.jpg?resize=640%2C427&#038;ssl=1\" alt=\"\" width=\"640\" height=\"427\" data-attachment-id=\"4917\" data-permalink=\"https:\/\/www.feguifoot.com\/2022\/10\/05\/le-syli-national-u-23-entame-sa-preparation\/24294fc2-e3d4-4624-81b2-b2f7886d7cdb\/\" data-orig-file=\"https:\/\/www.feguifoot.com\/wp-content\/uploads\/2022\/10\/24294fc2-e3d4-4624-81b2-b2f7886d7cdb.jpg\" data-orig-size=\"1080,720\" data-comments-opened=\"0\" data-image-meta=\"{&quot;aperture&quot;:&quot;0&quot;,&quot;credit&quot;:&quot;&quot;,&quot;camera&quot;:&quot;&quot;,&quot;caption&quot;:&quot;&quot;,&quot;created_timestamp&quot;:&quot;0&quot;,&quot;copyright&quot;:&quot;&quot;,&quot;focal_length&quot;:&quot;0&quot;,&quot;iso&quot;:&quot;0&quot;,&quot;shutter_speed&quot;:&quot;0&quot;,&quot;title&quot;:&quot;&quot;,&quot;orientation&quot;:&quot;0&quot;}\" data-image-title=\"Mohamed Maleah Camara\" data-image-description=\"\" data-image-caption=\"\" data-medium-file=\"https:\/\/www.feguifoot.com\/wp-content\/uploads\/2022\/10\/24294fc2-e3d4-4624-81b2-b2f7886d7cdb-300x200.jpg\" data-large-file=\"https:\/\/www.feguifoot.com\/wp-content\/uploads\/2022\/10\/24294fc2-e3d4-4624-81b2-b2f7886d7cdb-1024x683.jpg\" \/><\/p>\n<p><img data-recalc-dims=\"1\" loading=\"lazy\" decoding=\"async\" class=\"aligncenter size-large wp-image-4919\" src=\"https:\/\/i0.wp.com\/www.feguifoot.com\/wp-content\/uploads\/2022\/10\/595204cd-060a-4ca9-8a24-e4bdc8f9fd9f-1024x683.jpg?resize=640%2C427&#038;ssl=1\" alt=\"\" width=\"640\" height=\"427\" data-attachment-id=\"4919\" data-permalink=\"https:\/\/www.feguifoot.com\/2022\/10\/05\/le-syli-national-u-23-entame-sa-preparation\/595204cd-060a-4ca9-8a24-e4bdc8f9fd9f\/\" data-orig-file=\"https:\/\/www.feguifoot.com\/wp-content\/uploads\/2022\/10\/595204cd-060a-4ca9-8a24-e4bdc8f9fd9f.jpg\" data-orig-size=\"1080,720\" data-comments-opened=\"0\" data-image-meta=\"{&quot;aperture&quot;:&quot;0&quot;,&quot;credit&quot;:&quot;&quot;,&quot;camera&quot;:&quot;&quot;,&quot;caption&quot;:&quot;&quot;,&quot;created_timestamp&quot;:&quot;0&quot;,&quot;copyright&quot;:&quot;&quot;,&quot;focal_length&quot;:&quot;0&quot;,&quot;iso&quot;:&quot;0&quot;,&quot;shutter_speed&quot;:&quot;0&quot;,&quot;title&quot;:&quot;&quot;,&quot;orientation&quot;:&quot;0&quot;}\" data-image-title=\"Syli National Espoir\" data-image-description=\"\" data-image-caption=\"\" data-medium-file=\"https:\/\/www.feguifoot.com\/wp-content\/uploads\/2022\/10\/595204cd-060a-4ca9-8a24-e4bdc8f9fd9f-300x200.jpg\" data-large-file=\"https:\/\/www.feguifoot.com\/wp-content\/uploads\/2022\/10\/595204cd-060a-4ca9-8a24-e4bdc8f9fd9f-1024x683.jpg\" \/><\/p>\n<p><img data-recalc-dims=\"1\" loading=\"lazy\" decoding=\"async\" class=\"aligncenter size-large wp-image-4920\" src=\"https:\/\/i0.wp.com\/www.feguifoot.com\/wp-content\/uploads\/2022\/10\/90ebb93d-ec67-46dd-9675-355a48fa3955-1024x683.jpg?resize=640%2C427&#038;ssl=1\" alt=\"\" width=\"640\" height=\"427\" data-attachment-id=\"4920\" data-permalink=\"https:\/\/www.feguifoot.com\/2022\/10\/05\/le-syli-national-u-23-entame-sa-preparation\/90ebb93d-ec67-46dd-9675-355a48fa3955\/\" data-orig-file=\"https:\/\/www.feguifoot.com\/wp-content\/uploads\/2022\/10\/90ebb93d-ec67-46dd-9675-355a48fa3955.jpg\" data-orig-size=\"1080,720\" data-comments-opened=\"0\" data-image-meta=\"{&quot;aperture&quot;:&quot;0&quot;,&quot;credit&quot;:&quot;&quot;,&quot;camera&quot;:&quot;&quot;,&quot;caption&quot;:&quot;&quot;,&quot;created_timestamp&quot;:&quot;0&quot;,&quot;copyright&quot;:&quot;&quot;,&quot;focal_length&quot;:&quot;0&quot;,&quot;iso&quot;:&quot;0&quot;,&quot;shutter_speed&quot;:&quot;0&quot;,&quot;title&quot;:&quot;&quot;,&quot;orientation&quot;:&quot;0&quot;}\" data-image-title=\"Syli National Espoir\" data-image-description=\"\" data-image-caption=\"\" data-medium-file=\"https:\/\/www.feguifoot.com\/wp-content\/uploads\/2022\/10\/90ebb93d-ec67-46dd-9675-355a48fa3955-300x200.jpg\" data-large-file=\"https:\/\/www.feguifoot.com\/wp-content\/uploads\/2022\/10\/90ebb93d-ec67-46dd-9675-355a48fa3955-1024x683.jpg\" \/><\/p>\n<p><img data-recalc-dims=\"1\" loading=\"lazy\" decoding=\"async\" class=\"aligncenter size-large wp-image-4921\" src=\"https:\/\/i0.wp.com\/www.feguifoot.com\/wp-content\/uploads\/2022\/10\/98c5a909-5d9e-4973-8f7e-6f69675396a8-1024x683.jpg?resize=640%2C427&#038;ssl=1\" alt=\"\" width=\"640\" height=\"427\" data-attachment-id=\"4921\" data-permalink=\"https:\/\/www.feguifoot.com\/2022\/10\/05\/le-syli-national-u-23-entame-sa-preparation\/98c5a909-5d9e-4973-8f7e-6f69675396a8\/\" data-orig-file=\"https:\/\/www.feguifoot.com\/wp-content\/uploads\/2022\/10\/98c5a909-5d9e-4973-8f7e-6f69675396a8.jpg\" data-orig-size=\"1080,720\" data-comments-opened=\"0\" data-image-meta=\"{&quot;aperture&quot;:&quot;0&quot;,&quot;credit&quot;:&quot;&quot;,&quot;camera&quot;:&quot;&quot;,&quot;caption&quot;:&quot;&quot;,&quot;created_timestamp&quot;:&quot;0&quot;,&quot;copyright&quot;:&quot;&quot;,&quot;focal_length&quot;:&quot;0&quot;,&quot;iso&quot;:&quot;0&quot;,&quot;shutter_speed&quot;:&quot;0&quot;,&quot;title&quot;:&quot;&quot;,&quot;orientation&quot;:&quot;0&quot;}\" data-image-title=\"Syli National Espoir\" data-image-description=\"\" data-image-caption=\"\" data-medium-file=\"https:\/\/www.feguifoot.com\/wp-content\/uploads\/2022\/10\/98c5a909-5d9e-4973-8f7e-6f69675396a8-300x200.jpg\" data-large-file=\"https:\/\/www.feguifoot.com\/wp-content\/uploads\/2022\/10\/98c5a909-5d9e-4973-8f7e-6f69675396a8-1024x683.jpg\" \/><\/p>\n<p>F\u00e9guifoot<\/p>\n","protected":false},"excerpt":{"rendered":"<p>Le stage de pr\u00e9paration de l\u2019\u00e9quipe nationale de Guin\u00e9e des moins de 23 ans a d\u00e9marr\u00e9 ce mercredi 5 octobre 2022 sous la direction du s\u00e9lectionneur assistant, Mohamed Maleah Camara. A 16h temps universel ce mercredi, les joueurs du Syli National Espoir ont pos\u00e9 leurs crampons sur la pelouse du stade du 28 septembre pour [&hellip;]<\/p>\n","protected":false},"author":2,"featured_media":2101,"comment_status":"closed","ping_status":"open","sticky":false,"template":"","format":"standard","meta":{"_jetpack_memberships_contains_paid_content":false,"footnotes":"","jetpack_publicize_message":"","jetpack_publicize_feature_enabled":true,"jetpack_social_post_already_shared":true,"jetpack_social_options":{"image_generator_settings":{"template":"highway","default_image_id":0,"font":"","enabled":false},"version":2}},"categories":[5],"tags":[],"class_list":{"0":"post-2100","1":"post","2":"type-post","3":"status-publish","4":"format-standard","5":"has-post-thumbnail","7":"category-football"},"yoast_head":"<!-- This site is optimized with the Yoast SEO plugin v27.4 - https:\/\/yoast.com\/product\/yoast-seo-wordpress\/ -->\n<title>LE SYLI NATIONAL U-23 ENTAME SA PR\u00c9PARATION - le regard du sportif<\/title>\n<meta name=\"robots\" content=\"index, follow, max-snippet:-1, max-image-preview:large, max-video-preview:-1\" \/>\n<link rel=\"canonical\" href=\"https:\/\/oeilsportif.info\/index.php\/le-syli-national-u-23-entame-sa-preparation\/\" \/>\n<meta property=\"og:locale\" content=\"fr_FR\" \/>\n<meta property=\"og:type\" content=\"article\" \/>\n<meta property=\"og:title\" content=\"LE SYLI NATIONAL U-23 ENTAME SA PR\u00c9PARATION - le regard du sportif\" \/>\n<meta property=\"og:description\" content=\"Le stage de pr\u00e9paration de l\u2019\u00e9quipe nationale de Guin\u00e9e des moins de 23 ans a d\u00e9marr\u00e9 ce mercredi 5 octobre 2022 sous la direction du s\u00e9lectionneur assistant, Mohamed Maleah Camara. A 16h temps universel ce mercredi, les joueurs du Syli National Espoir ont pos\u00e9 leurs crampons sur la pelouse du stade du 28 septembre pour [&hellip;]\" \/>\n<meta property=\"og:url\" content=\"https:\/\/oeilsportif.info\/index.php\/le-syli-national-u-23-entame-sa-preparation\/\" \/>\n<meta property=\"og:site_name\" content=\"le regard du sportif\" \/>\n<meta property=\"article:published_time\" content=\"2022-10-05T21:05:12+00:00\" \/>\n<meta property=\"og:image\" content=\"https:\/\/oeilsportif.info\/wp-content\/uploads\/2022\/10\/Screenshot_20221005-210418_Facebook.jpg\" \/>\n\t<meta property=\"og:image:width\" content=\"796\" \/>\n\t<meta property=\"og:image:height\" content=\"594\" \/>\n\t<meta property=\"og:image:type\" content=\"image\/jpeg\" \/>\n<meta name=\"author\" content=\"L&#039;Equipe de la R\u00e9daction\" \/>\n<meta name=\"twitter:label1\" content=\"\u00c9crit par\" \/>\n\t<meta name=\"twitter:data1\" content=\"L&#039;Equipe de la R\u00e9daction\" \/>\n\t<meta name=\"twitter:label2\" content=\"Dur\u00e9e de lecture estim\u00e9e\" \/>\n\t<meta name=\"twitter:data2\" content=\"2 minutes\" \/>\n<script type=\"application\/ld+json\" class=\"yoast-schema-graph\">{\"@context\":\"https:\\\/\\\/schema.org\",\"@graph\":[{\"@type\":\"Article\",\"@id\":\"https:\\\/\\\/oeilsportif.info\\\/index.php\\\/le-syli-national-u-23-entame-sa-preparation\\\/#article\",\"isPartOf\":{\"@id\":\"https:\\\/\\\/oeilsportif.info\\\/index.php\\\/le-syli-national-u-23-entame-sa-preparation\\\/\"},\"author\":{\"name\":\"L'Equipe de la R\u00e9daction\",\"@id\":\"https:\\\/\\\/oeilsportif.info\\\/#\\\/schema\\\/person\\\/cfbded294aa6095f7d96608d7905e9a1\"},\"headline\":\"LE SYLI NATIONAL U-23 ENTAME SA PR\u00c9PARATION\",\"datePublished\":\"2022-10-05T21:05:12+00:00\",\"mainEntityOfPage\":{\"@id\":\"https:\\\/\\\/oeilsportif.info\\\/index.php\\\/le-syli-national-u-23-entame-sa-preparation\\\/\"},\"wordCount\":209,\"image\":{\"@id\":\"https:\\\/\\\/oeilsportif.info\\\/index.php\\\/le-syli-national-u-23-entame-sa-preparation\\\/#primaryimage\"},\"thumbnailUrl\":\"https:\\\/\\\/i0.wp.com\\\/oeilsportif.info\\\/wp-content\\\/uploads\\\/2022\\\/10\\\/Screenshot_20221005-210418_Facebook.jpg?fit=796%2C594&ssl=1\",\"articleSection\":[\"Football\"],\"inLanguage\":\"fr-FR\"},{\"@type\":\"WebPage\",\"@id\":\"https:\\\/\\\/oeilsportif.info\\\/index.php\\\/le-syli-national-u-23-entame-sa-preparation\\\/\",\"url\":\"https:\\\/\\\/oeilsportif.info\\\/index.php\\\/le-syli-national-u-23-entame-sa-preparation\\\/\",\"name\":\"LE SYLI NATIONAL U-23 ENTAME SA PR\u00c9PARATION - le regard du sportif\",\"isPartOf\":{\"@id\":\"https:\\\/\\\/oeilsportif.info\\\/#website\"},\"primaryImageOfPage\":{\"@id\":\"https:\\\/\\\/oeilsportif.info\\\/index.php\\\/le-syli-national-u-23-entame-sa-preparation\\\/#primaryimage\"},\"image\":{\"@id\":\"https:\\\/\\\/oeilsportif.info\\\/index.php\\\/le-syli-national-u-23-entame-sa-preparation\\\/#primaryimage\"},\"thumbnailUrl\":\"https:\\\/\\\/i0.wp.com\\\/oeilsportif.info\\\/wp-content\\\/uploads\\\/2022\\\/10\\\/Screenshot_20221005-210418_Facebook.jpg?fit=796%2C594&ssl=1\",\"datePublished\":\"2022-10-05T21:05:12+00:00\",\"author\":{\"@id\":\"https:\\\/\\\/oeilsportif.info\\\/#\\\/schema\\\/person\\\/cfbded294aa6095f7d96608d7905e9a1\"},\"inLanguage\":\"fr-FR\",\"potentialAction\":[{\"@type\":\"ReadAction\",\"target\":[\"https:\\\/\\\/oeilsportif.info\\\/index.php\\\/le-syli-national-u-23-entame-sa-preparation\\\/\"]}]},{\"@type\":\"ImageObject\",\"inLanguage\":\"fr-FR\",\"@id\":\"https:\\\/\\\/oeilsportif.info\\\/index.php\\\/le-syli-national-u-23-entame-sa-preparation\\\/#primaryimage\",\"url\":\"https:\\\/\\\/i0.wp.com\\\/oeilsportif.info\\\/wp-content\\\/uploads\\\/2022\\\/10\\\/Screenshot_20221005-210418_Facebook.jpg?fit=796%2C594&ssl=1\",\"contentUrl\":\"https:\\\/\\\/i0.wp.com\\\/oeilsportif.info\\\/wp-content\\\/uploads\\\/2022\\\/10\\\/Screenshot_20221005-210418_Facebook.jpg?fit=796%2C594&ssl=1\",\"width\":796,\"height\":594},{\"@type\":\"WebSite\",\"@id\":\"https:\\\/\\\/oeilsportif.info\\\/#website\",\"url\":\"https:\\\/\\\/oeilsportif.info\\\/\",\"name\":\"le regard du sportif\",\"description\":\"\",\"potentialAction\":[{\"@type\":\"SearchAction\",\"target\":{\"@type\":\"EntryPoint\",\"urlTemplate\":\"https:\\\/\\\/oeilsportif.info\\\/?s={search_term_string}\"},\"query-input\":{\"@type\":\"PropertyValueSpecification\",\"valueRequired\":true,\"valueName\":\"search_term_string\"}}],\"inLanguage\":\"fr-FR\"},{\"@type\":\"Person\",\"@id\":\"https:\\\/\\\/oeilsportif.info\\\/#\\\/schema\\\/person\\\/cfbded294aa6095f7d96608d7905e9a1\",\"name\":\"L'Equipe de la R\u00e9daction\",\"image\":{\"@type\":\"ImageObject\",\"inLanguage\":\"fr-FR\",\"@id\":\"https:\\\/\\\/oeilsportif.info\\\/wp-content\\\/uploads\\\/2025\\\/07\\\/cropped-cropped-logo-os-96x96.jpeg\",\"url\":\"https:\\\/\\\/oeilsportif.info\\\/wp-content\\\/uploads\\\/2025\\\/07\\\/cropped-cropped-logo-os-96x96.jpeg\",\"contentUrl\":\"https:\\\/\\\/oeilsportif.info\\\/wp-content\\\/uploads\\\/2025\\\/07\\\/cropped-cropped-logo-os-96x96.jpeg\",\"caption\":\"L'Equipe de la R\u00e9daction\"},\"url\":\"https:\\\/\\\/oeilsportif.info\\\/index.php\\\/author\\\/tawel\\\/\"}]}<\/script>\n<!-- \/ Yoast SEO plugin. -->","yoast_head_json":{"title":"LE SYLI NATIONAL U-23 ENTAME SA PR\u00c9PARATION - le regard du sportif","robots":{"index":"index","follow":"follow","max-snippet":"max-snippet:-1","max-image-preview":"max-image-preview:large","max-video-preview":"max-video-preview:-1"},"canonical":"https:\/\/oeilsportif.info\/index.php\/le-syli-national-u-23-entame-sa-preparation\/","og_locale":"fr_FR","og_type":"article","og_title":"LE SYLI NATIONAL U-23 ENTAME SA PR\u00c9PARATION - le regard du sportif","og_description":"Le stage de pr\u00e9paration de l\u2019\u00e9quipe nationale de Guin\u00e9e des moins de 23 ans a d\u00e9marr\u00e9 ce mercredi 5 octobre 2022 sous la direction du s\u00e9lectionneur assistant, Mohamed Maleah Camara. A 16h temps universel ce mercredi, les joueurs du Syli National Espoir ont pos\u00e9 leurs crampons sur la pelouse du stade du 28 septembre pour [&hellip;]","og_url":"https:\/\/oeilsportif.info\/index.php\/le-syli-national-u-23-entame-sa-preparation\/","og_site_name":"le regard du sportif","article_published_time":"2022-10-05T21:05:12+00:00","og_image":[{"width":796,"height":594,"url":"https:\/\/oeilsportif.info\/wp-content\/uploads\/2022\/10\/Screenshot_20221005-210418_Facebook.jpg","type":"image\/jpeg"}],"author":"L'Equipe de la R\u00e9daction","twitter_misc":{"\u00c9crit par":"L'Equipe de la R\u00e9daction","Dur\u00e9e de lecture estim\u00e9e":"2 minutes"},"schema":{"@context":"https:\/\/schema.org","@graph":[{"@type":"Article","@id":"https:\/\/oeilsportif.info\/index.php\/le-syli-national-u-23-entame-sa-preparation\/#article","isPartOf":{"@id":"https:\/\/oeilsportif.info\/index.php\/le-syli-national-u-23-entame-sa-preparation\/"},"author":{"name":"L'Equipe de la R\u00e9daction","@id":"https:\/\/oeilsportif.info\/#\/schema\/person\/cfbded294aa6095f7d96608d7905e9a1"},"headline":"LE SYLI NATIONAL U-23 ENTAME SA PR\u00c9PARATION","datePublished":"2022-10-05T21:05:12+00:00","mainEntityOfPage":{"@id":"https:\/\/oeilsportif.info\/index.php\/le-syli-national-u-23-entame-sa-preparation\/"},"wordCount":209,"image":{"@id":"https:\/\/oeilsportif.info\/index.php\/le-syli-national-u-23-entame-sa-preparation\/#primaryimage"},"thumbnailUrl":"https:\/\/i0.wp.com\/oeilsportif.info\/wp-content\/uploads\/2022\/10\/Screenshot_20221005-210418_Facebook.jpg?fit=796%2C594&ssl=1","articleSection":["Football"],"inLanguage":"fr-FR"},{"@type":"WebPage","@id":"https:\/\/oeilsportif.info\/index.php\/le-syli-national-u-23-entame-sa-preparation\/","url":"https:\/\/oeilsportif.info\/index.php\/le-syli-national-u-23-entame-sa-preparation\/","name":"LE SYLI NATIONAL U-23 ENTAME SA PR\u00c9PARATION - le regard du sportif","isPartOf":{"@id":"https:\/\/oeilsportif.info\/#website"},"primaryImageOfPage":{"@id":"https:\/\/oeilsportif.info\/index.php\/le-syli-national-u-23-entame-sa-preparation\/#primaryimage"},"image":{"@id":"https:\/\/oeilsportif.info\/index.php\/le-syli-national-u-23-entame-sa-preparation\/#primaryimage"},"thumbnailUrl":"https:\/\/i0.wp.com\/oeilsportif.info\/wp-content\/uploads\/2022\/10\/Screenshot_20221005-210418_Facebook.jpg?fit=796%2C594&ssl=1","datePublished":"2022-10-05T21:05:12+00:00","author":{"@id":"https:\/\/oeilsportif.info\/#\/schema\/person\/cfbded294aa6095f7d96608d7905e9a1"},"inLanguage":"fr-FR","potentialAction":[{"@type":"ReadAction","target":["https:\/\/oeilsportif.info\/index.php\/le-syli-national-u-23-entame-sa-preparation\/"]}]},{"@type":"ImageObject","inLanguage":"fr-FR","@id":"https:\/\/oeilsportif.info\/index.php\/le-syli-national-u-23-entame-sa-preparation\/#primaryimage","url":"https:\/\/i0.wp.com\/oeilsportif.info\/wp-content\/uploads\/2022\/10\/Screenshot_20221005-210418_Facebook.jpg?fit=796%2C594&ssl=1","contentUrl":"https:\/\/i0.wp.com\/oeilsportif.info\/wp-content\/uploads\/2022\/10\/Screenshot_20221005-210418_Facebook.jpg?fit=796%2C594&ssl=1","width":796,"height":594},{"@type":"WebSite","@id":"https:\/\/oeilsportif.info\/#website","url":"https:\/\/oeilsportif.info\/","name":"le regard du sportif","description":"","potentialAction":[{"@type":"SearchAction","target":{"@type":"EntryPoint","urlTemplate":"https:\/\/oeilsportif.info\/?s={search_term_string}"},"query-input":{"@type":"PropertyValueSpecification","valueRequired":true,"valueName":"search_term_string"}}],"inLanguage":"fr-FR"},{"@type":"Person","@id":"https:\/\/oeilsportif.info\/#\/schema\/person\/cfbded294aa6095f7d96608d7905e9a1","name":"L'Equipe de la R\u00e9daction","image":{"@type":"ImageObject","inLanguage":"fr-FR","@id":"https:\/\/oeilsportif.info\/wp-content\/uploads\/2025\/07\/cropped-cropped-logo-os-96x96.jpeg","url":"https:\/\/oeilsportif.info\/wp-content\/uploads\/2025\/07\/cropped-cropped-logo-os-96x96.jpeg","contentUrl":"https:\/\/oeilsportif.info\/wp-content\/uploads\/2025\/07\/cropped-cropped-logo-os-96x96.jpeg","caption":"L'Equipe de la R\u00e9daction"},"url":"https:\/\/oeilsportif.info\/index.php\/author\/tawel\/"}]}},"jetpack_publicize_connections":[],"jetpack_featured_media_url":"https:\/\/i0.wp.com\/oeilsportif.info\/wp-content\/uploads\/2022\/10\/Screenshot_20221005-210418_Facebook.jpg?fit=796%2C594&ssl=1","jetpack-related-posts":[],"jetpack_sharing_enabled":true,"jetpack_likes_enabled":true,"jetpack_shortlink":"https:\/\/wp.me\/pgFE77-xS","_links":{"self":[{"href":"https:\/\/oeilsportif.info\/index.php\/wp-json\/wp\/v2\/posts\/2100","targetHints":{"allow":["GET"]}}],"collection":[{"href":"https:\/\/oeilsportif.info\/index.php\/wp-json\/wp\/v2\/posts"}],"about":[{"href":"https:\/\/oeilsportif.info\/index.php\/wp-json\/wp\/v2\/types\/post"}],"author":[{"embeddable":true,"href":"https:\/\/oeilsportif.info\/index.php\/wp-json\/wp\/v2\/users\/2"}],"replies":[{"embeddable":true,"href":"https:\/\/oeilsportif.info\/index.php\/wp-json\/wp\/v2\/comments?post=2100"}],"version-history":[{"count":0,"href":"https:\/\/oeilsportif.info\/index.php\/wp-json\/wp\/v2\/posts\/2100\/revisions"}],"wp:featuredmedia":[{"embeddable":true,"href":"https:\/\/oeilsportif.info\/index.php\/wp-json\/wp\/v2\/media\/2101"}],"wp:attachment":[{"href":"https:\/\/oeilsportif.info\/index.php\/wp-json\/wp\/v2\/media?parent=2100"}],"wp:term":[{"taxonomy":"category","embeddable":true,"href":"https:\/\/oeilsportif.info\/index.php\/wp-json\/wp\/v2\/categories?post=2100"},{"taxonomy":"post_tag","embeddable":true,"href":"https:\/\/oeilsportif.info\/index.php\/wp-json\/wp\/v2\/tags?post=2100"}],"curies":[{"name":"wp","href":"https:\/\/api.w.org\/{rel}","templated":true}]}}