{"id":2065,"date":"2022-09-26T01:22:24","date_gmt":"2022-09-26T01:22:24","guid":{"rendered":"https:\/\/oeilsportif.info\/index.php\/?p=2065"},"modified":"2022-09-26T01:22:24","modified_gmt":"2022-09-26T01:22:24","slug":"feguijudo-marie-susanne-branser-vient-renforcer-lequipe-nationale-senior","status":"publish","type":"post","link":"https:\/\/oeilsportif.info\/index.php\/feguijudo-marie-susanne-branser-vient-renforcer-lequipe-nationale-senior\/","title":{"rendered":"FEGUIJUDO: Marie Susanne BRANSER vient renforcer l&rsquo;\u00e9quipe nationale senior."},"content":{"rendered":"<p>Dans sa politique de convaincre les binationaux \u00e0 d\u00e9fendre le tricolore national, la f\u00e9d\u00e9ration guin\u00e9enne de judo et disciplines associ\u00e9es enregistre d\u00e9sormais la venue Marie Susanne BRANSER qui a atterri \u00e0 Conakry la nuit de dimanche 25 Septembre 2022 en provenance d&rsquo;Allemagne en compagnie de son manager.<\/p>\n<p>De p\u00e8re allemand et de m\u00e8re guin\u00e9enne, la native de Leipzig est \u00e0 Conakry pour faire son passeport guin\u00e9en en pr\u00e9lude du mondial senior de judo pr\u00e9vu en Ouzb\u00e9kistan en d\u00e9but du mois d&rsquo;octobre 2022.<br \/>\nDe la cat\u00e9gorie des(-78kg), Marie repr\u00e9sente un atout majeur pour l&rsquo;\u00e9quipe nationale senior de Guin\u00e9e vue ses performances consid\u00e9rables en Allemagne.<\/p>\n<p>Marie Susanne BRANSER est la troisi\u00e8me pioche de la feguijudo, apr\u00e8s Moustapha FOFANA(+100kg) et Mariana ESTEVES(-57kg)<\/p>\n<p>Source : Feguijudo<\/p>\n","protected":false},"excerpt":{"rendered":"<p>Dans sa politique de convaincre les binationaux \u00e0 d\u00e9fendre le tricolore national, la f\u00e9d\u00e9ration guin\u00e9enne de judo et disciplines associ\u00e9es enregistre d\u00e9sormais la venue Marie Susanne BRANSER qui a atterri \u00e0 Conakry la nuit de dimanche 25 Septembre 2022 en provenance d&rsquo;Allemagne en compagnie de son manager. De p\u00e8re allemand et de m\u00e8re guin\u00e9enne, la [&hellip;]<\/p>\n","protected":false},"author":2,"featured_media":2066,"comment_status":"closed","ping_status":"open","sticky":false,"template":"","format":"standard","meta":{"_jetpack_memberships_contains_paid_content":false,"footnotes":"","jetpack_publicize_message":"","jetpack_publicize_feature_enabled":true,"jetpack_social_post_already_shared":true,"jetpack_social_options":{"image_generator_settings":{"template":"highway","default_image_id":0,"font":"","enabled":false},"version":2}},"categories":[1],"tags":[],"class_list":{"0":"post-2065","1":"post","2":"type-post","3":"status-publish","4":"format-standard","5":"has-post-thumbnail","7":"category-non-classe"},"yoast_head":"<!-- This site is optimized with the Yoast SEO plugin v27.4 - https:\/\/yoast.com\/product\/yoast-seo-wordpress\/ -->\n<title>FEGUIJUDO: Marie Susanne BRANSER vient renforcer l&#039;\u00e9quipe nationale senior. - le regard du sportif<\/title>\n<meta name=\"robots\" content=\"index, follow, max-snippet:-1, max-image-preview:large, max-video-preview:-1\" \/>\n<link rel=\"canonical\" href=\"https:\/\/oeilsportif.info\/index.php\/feguijudo-marie-susanne-branser-vient-renforcer-lequipe-nationale-senior\/\" \/>\n<meta property=\"og:locale\" content=\"fr_FR\" \/>\n<meta property=\"og:type\" content=\"article\" \/>\n<meta property=\"og:title\" content=\"FEGUIJUDO: Marie Susanne BRANSER vient renforcer l&#039;\u00e9quipe nationale senior. - le regard du sportif\" \/>\n<meta property=\"og:description\" content=\"Dans sa politique de convaincre les binationaux \u00e0 d\u00e9fendre le tricolore national, la f\u00e9d\u00e9ration guin\u00e9enne de judo et disciplines associ\u00e9es enregistre d\u00e9sormais la venue Marie Susanne BRANSER qui a atterri \u00e0 Conakry la nuit de dimanche 25 Septembre 2022 en provenance d&rsquo;Allemagne en compagnie de son manager. De p\u00e8re allemand et de m\u00e8re guin\u00e9enne, la [&hellip;]\" \/>\n<meta property=\"og:url\" content=\"https:\/\/oeilsportif.info\/index.php\/feguijudo-marie-susanne-branser-vient-renforcer-lequipe-nationale-senior\/\" \/>\n<meta property=\"og:site_name\" content=\"le regard du sportif\" \/>\n<meta property=\"article:published_time\" content=\"2022-09-26T01:22:24+00:00\" \/>\n<meta property=\"og:image\" content=\"https:\/\/oeilsportif.info\/wp-content\/uploads\/2022\/09\/FB_IMG_1664155239767.jpg\" \/>\n\t<meta property=\"og:image:width\" content=\"528\" \/>\n\t<meta property=\"og:image:height\" content=\"960\" \/>\n\t<meta property=\"og:image:type\" content=\"image\/jpeg\" \/>\n<meta name=\"author\" content=\"L&#039;Equipe de la R\u00e9daction\" \/>\n<meta name=\"twitter:label1\" content=\"\u00c9crit par\" \/>\n\t<meta name=\"twitter:data1\" content=\"L&#039;Equipe de la R\u00e9daction\" \/>\n\t<meta name=\"twitter:label2\" content=\"Dur\u00e9e de lecture estim\u00e9e\" \/>\n\t<meta name=\"twitter:data2\" content=\"1 minute\" \/>\n<script type=\"application\/ld+json\" class=\"yoast-schema-graph\">{\"@context\":\"https:\\\/\\\/schema.org\",\"@graph\":[{\"@type\":\"Article\",\"@id\":\"https:\\\/\\\/oeilsportif.info\\\/index.php\\\/feguijudo-marie-susanne-branser-vient-renforcer-lequipe-nationale-senior\\\/#article\",\"isPartOf\":{\"@id\":\"https:\\\/\\\/oeilsportif.info\\\/index.php\\\/feguijudo-marie-susanne-branser-vient-renforcer-lequipe-nationale-senior\\\/\"},\"author\":{\"name\":\"L'Equipe de la R\u00e9daction\",\"@id\":\"https:\\\/\\\/oeilsportif.info\\\/#\\\/schema\\\/person\\\/cfbded294aa6095f7d96608d7905e9a1\"},\"headline\":\"FEGUIJUDO: Marie Susanne BRANSER vient renforcer l&rsquo;\u00e9quipe nationale senior.\",\"datePublished\":\"2022-09-26T01:22:24+00:00\",\"mainEntityOfPage\":{\"@id\":\"https:\\\/\\\/oeilsportif.info\\\/index.php\\\/feguijudo-marie-susanne-branser-vient-renforcer-lequipe-nationale-senior\\\/\"},\"wordCount\":153,\"image\":{\"@id\":\"https:\\\/\\\/oeilsportif.info\\\/index.php\\\/feguijudo-marie-susanne-branser-vient-renforcer-lequipe-nationale-senior\\\/#primaryimage\"},\"thumbnailUrl\":\"https:\\\/\\\/i0.wp.com\\\/oeilsportif.info\\\/wp-content\\\/uploads\\\/2022\\\/09\\\/FB_IMG_1664155239767.jpg?fit=528%2C960&ssl=1\",\"inLanguage\":\"fr-FR\"},{\"@type\":\"WebPage\",\"@id\":\"https:\\\/\\\/oeilsportif.info\\\/index.php\\\/feguijudo-marie-susanne-branser-vient-renforcer-lequipe-nationale-senior\\\/\",\"url\":\"https:\\\/\\\/oeilsportif.info\\\/index.php\\\/feguijudo-marie-susanne-branser-vient-renforcer-lequipe-nationale-senior\\\/\",\"name\":\"FEGUIJUDO: Marie Susanne BRANSER vient renforcer l'\u00e9quipe nationale senior. - le regard du sportif\",\"isPartOf\":{\"@id\":\"https:\\\/\\\/oeilsportif.info\\\/#website\"},\"primaryImageOfPage\":{\"@id\":\"https:\\\/\\\/oeilsportif.info\\\/index.php\\\/feguijudo-marie-susanne-branser-vient-renforcer-lequipe-nationale-senior\\\/#primaryimage\"},\"image\":{\"@id\":\"https:\\\/\\\/oeilsportif.info\\\/index.php\\\/feguijudo-marie-susanne-branser-vient-renforcer-lequipe-nationale-senior\\\/#primaryimage\"},\"thumbnailUrl\":\"https:\\\/\\\/i0.wp.com\\\/oeilsportif.info\\\/wp-content\\\/uploads\\\/2022\\\/09\\\/FB_IMG_1664155239767.jpg?fit=528%2C960&ssl=1\",\"datePublished\":\"2022-09-26T01:22:24+00:00\",\"author\":{\"@id\":\"https:\\\/\\\/oeilsportif.info\\\/#\\\/schema\\\/person\\\/cfbded294aa6095f7d96608d7905e9a1\"},\"inLanguage\":\"fr-FR\",\"potentialAction\":[{\"@type\":\"ReadAction\",\"target\":[\"https:\\\/\\\/oeilsportif.info\\\/index.php\\\/feguijudo-marie-susanne-branser-vient-renforcer-lequipe-nationale-senior\\\/\"]}]},{\"@type\":\"ImageObject\",\"inLanguage\":\"fr-FR\",\"@id\":\"https:\\\/\\\/oeilsportif.info\\\/index.php\\\/feguijudo-marie-susanne-branser-vient-renforcer-lequipe-nationale-senior\\\/#primaryimage\",\"url\":\"https:\\\/\\\/i0.wp.com\\\/oeilsportif.info\\\/wp-content\\\/uploads\\\/2022\\\/09\\\/FB_IMG_1664155239767.jpg?fit=528%2C960&ssl=1\",\"contentUrl\":\"https:\\\/\\\/i0.wp.com\\\/oeilsportif.info\\\/wp-content\\\/uploads\\\/2022\\\/09\\\/FB_IMG_1664155239767.jpg?fit=528%2C960&ssl=1\",\"width\":528,\"height\":960},{\"@type\":\"WebSite\",\"@id\":\"https:\\\/\\\/oeilsportif.info\\\/#website\",\"url\":\"https:\\\/\\\/oeilsportif.info\\\/\",\"name\":\"le regard du sportif\",\"description\":\"\",\"potentialAction\":[{\"@type\":\"SearchAction\",\"target\":{\"@type\":\"EntryPoint\",\"urlTemplate\":\"https:\\\/\\\/oeilsportif.info\\\/?s={search_term_string}\"},\"query-input\":{\"@type\":\"PropertyValueSpecification\",\"valueRequired\":true,\"valueName\":\"search_term_string\"}}],\"inLanguage\":\"fr-FR\"},{\"@type\":\"Person\",\"@id\":\"https:\\\/\\\/oeilsportif.info\\\/#\\\/schema\\\/person\\\/cfbded294aa6095f7d96608d7905e9a1\",\"name\":\"L'Equipe de la R\u00e9daction\",\"image\":{\"@type\":\"ImageObject\",\"inLanguage\":\"fr-FR\",\"@id\":\"https:\\\/\\\/oeilsportif.info\\\/wp-content\\\/uploads\\\/2025\\\/07\\\/cropped-cropped-logo-os-96x96.jpeg\",\"url\":\"https:\\\/\\\/oeilsportif.info\\\/wp-content\\\/uploads\\\/2025\\\/07\\\/cropped-cropped-logo-os-96x96.jpeg\",\"contentUrl\":\"https:\\\/\\\/oeilsportif.info\\\/wp-content\\\/uploads\\\/2025\\\/07\\\/cropped-cropped-logo-os-96x96.jpeg\",\"caption\":\"L'Equipe de la R\u00e9daction\"},\"url\":\"https:\\\/\\\/oeilsportif.info\\\/index.php\\\/author\\\/tawel\\\/\"}]}<\/script>\n<!-- \/ Yoast SEO plugin. -->","yoast_head_json":{"title":"FEGUIJUDO: Marie Susanne BRANSER vient renforcer l'\u00e9quipe nationale senior. - le regard du sportif","robots":{"index":"index","follow":"follow","max-snippet":"max-snippet:-1","max-image-preview":"max-image-preview:large","max-video-preview":"max-video-preview:-1"},"canonical":"https:\/\/oeilsportif.info\/index.php\/feguijudo-marie-susanne-branser-vient-renforcer-lequipe-nationale-senior\/","og_locale":"fr_FR","og_type":"article","og_title":"FEGUIJUDO: Marie Susanne BRANSER vient renforcer l'\u00e9quipe nationale senior. - le regard du sportif","og_description":"Dans sa politique de convaincre les binationaux \u00e0 d\u00e9fendre le tricolore national, la f\u00e9d\u00e9ration guin\u00e9enne de judo et disciplines associ\u00e9es enregistre d\u00e9sormais la venue Marie Susanne BRANSER qui a atterri \u00e0 Conakry la nuit de dimanche 25 Septembre 2022 en provenance d&rsquo;Allemagne en compagnie de son manager. De p\u00e8re allemand et de m\u00e8re guin\u00e9enne, la [&hellip;]","og_url":"https:\/\/oeilsportif.info\/index.php\/feguijudo-marie-susanne-branser-vient-renforcer-lequipe-nationale-senior\/","og_site_name":"le regard du sportif","article_published_time":"2022-09-26T01:22:24+00:00","og_image":[{"width":528,"height":960,"url":"https:\/\/oeilsportif.info\/wp-content\/uploads\/2022\/09\/FB_IMG_1664155239767.jpg","type":"image\/jpeg"}],"author":"L'Equipe de la R\u00e9daction","twitter_misc":{"\u00c9crit par":"L'Equipe de la R\u00e9daction","Dur\u00e9e de lecture estim\u00e9e":"1 minute"},"schema":{"@context":"https:\/\/schema.org","@graph":[{"@type":"Article","@id":"https:\/\/oeilsportif.info\/index.php\/feguijudo-marie-susanne-branser-vient-renforcer-lequipe-nationale-senior\/#article","isPartOf":{"@id":"https:\/\/oeilsportif.info\/index.php\/feguijudo-marie-susanne-branser-vient-renforcer-lequipe-nationale-senior\/"},"author":{"name":"L'Equipe de la R\u00e9daction","@id":"https:\/\/oeilsportif.info\/#\/schema\/person\/cfbded294aa6095f7d96608d7905e9a1"},"headline":"FEGUIJUDO: Marie Susanne BRANSER vient renforcer l&rsquo;\u00e9quipe nationale senior.","datePublished":"2022-09-26T01:22:24+00:00","mainEntityOfPage":{"@id":"https:\/\/oeilsportif.info\/index.php\/feguijudo-marie-susanne-branser-vient-renforcer-lequipe-nationale-senior\/"},"wordCount":153,"image":{"@id":"https:\/\/oeilsportif.info\/index.php\/feguijudo-marie-susanne-branser-vient-renforcer-lequipe-nationale-senior\/#primaryimage"},"thumbnailUrl":"https:\/\/i0.wp.com\/oeilsportif.info\/wp-content\/uploads\/2022\/09\/FB_IMG_1664155239767.jpg?fit=528%2C960&ssl=1","inLanguage":"fr-FR"},{"@type":"WebPage","@id":"https:\/\/oeilsportif.info\/index.php\/feguijudo-marie-susanne-branser-vient-renforcer-lequipe-nationale-senior\/","url":"https:\/\/oeilsportif.info\/index.php\/feguijudo-marie-susanne-branser-vient-renforcer-lequipe-nationale-senior\/","name":"FEGUIJUDO: Marie Susanne BRANSER vient renforcer l'\u00e9quipe nationale senior. - le regard du sportif","isPartOf":{"@id":"https:\/\/oeilsportif.info\/#website"},"primaryImageOfPage":{"@id":"https:\/\/oeilsportif.info\/index.php\/feguijudo-marie-susanne-branser-vient-renforcer-lequipe-nationale-senior\/#primaryimage"},"image":{"@id":"https:\/\/oeilsportif.info\/index.php\/feguijudo-marie-susanne-branser-vient-renforcer-lequipe-nationale-senior\/#primaryimage"},"thumbnailUrl":"https:\/\/i0.wp.com\/oeilsportif.info\/wp-content\/uploads\/2022\/09\/FB_IMG_1664155239767.jpg?fit=528%2C960&ssl=1","datePublished":"2022-09-26T01:22:24+00:00","author":{"@id":"https:\/\/oeilsportif.info\/#\/schema\/person\/cfbded294aa6095f7d96608d7905e9a1"},"inLanguage":"fr-FR","potentialAction":[{"@type":"ReadAction","target":["https:\/\/oeilsportif.info\/index.php\/feguijudo-marie-susanne-branser-vient-renforcer-lequipe-nationale-senior\/"]}]},{"@type":"ImageObject","inLanguage":"fr-FR","@id":"https:\/\/oeilsportif.info\/index.php\/feguijudo-marie-susanne-branser-vient-renforcer-lequipe-nationale-senior\/#primaryimage","url":"https:\/\/i0.wp.com\/oeilsportif.info\/wp-content\/uploads\/2022\/09\/FB_IMG_1664155239767.jpg?fit=528%2C960&ssl=1","contentUrl":"https:\/\/i0.wp.com\/oeilsportif.info\/wp-content\/uploads\/2022\/09\/FB_IMG_1664155239767.jpg?fit=528%2C960&ssl=1","width":528,"height":960},{"@type":"WebSite","@id":"https:\/\/oeilsportif.info\/#website","url":"https:\/\/oeilsportif.info\/","name":"le regard du sportif","description":"","potentialAction":[{"@type":"SearchAction","target":{"@type":"EntryPoint","urlTemplate":"https:\/\/oeilsportif.info\/?s={search_term_string}"},"query-input":{"@type":"PropertyValueSpecification","valueRequired":true,"valueName":"search_term_string"}}],"inLanguage":"fr-FR"},{"@type":"Person","@id":"https:\/\/oeilsportif.info\/#\/schema\/person\/cfbded294aa6095f7d96608d7905e9a1","name":"L'Equipe de la R\u00e9daction","image":{"@type":"ImageObject","inLanguage":"fr-FR","@id":"https:\/\/oeilsportif.info\/wp-content\/uploads\/2025\/07\/cropped-cropped-logo-os-96x96.jpeg","url":"https:\/\/oeilsportif.info\/wp-content\/uploads\/2025\/07\/cropped-cropped-logo-os-96x96.jpeg","contentUrl":"https:\/\/oeilsportif.info\/wp-content\/uploads\/2025\/07\/cropped-cropped-logo-os-96x96.jpeg","caption":"L'Equipe de la R\u00e9daction"},"url":"https:\/\/oeilsportif.info\/index.php\/author\/tawel\/"}]}},"jetpack_publicize_connections":[],"jetpack_featured_media_url":"https:\/\/i0.wp.com\/oeilsportif.info\/wp-content\/uploads\/2022\/09\/FB_IMG_1664155239767.jpg?fit=528%2C960&ssl=1","jetpack-related-posts":[],"jetpack_sharing_enabled":true,"jetpack_likes_enabled":true,"jetpack_shortlink":"https:\/\/wp.me\/pgFE77-xj","_links":{"self":[{"href":"https:\/\/oeilsportif.info\/index.php\/wp-json\/wp\/v2\/posts\/2065","targetHints":{"allow":["GET"]}}],"collection":[{"href":"https:\/\/oeilsportif.info\/index.php\/wp-json\/wp\/v2\/posts"}],"about":[{"href":"https:\/\/oeilsportif.info\/index.php\/wp-json\/wp\/v2\/types\/post"}],"author":[{"embeddable":true,"href":"https:\/\/oeilsportif.info\/index.php\/wp-json\/wp\/v2\/users\/2"}],"replies":[{"embeddable":true,"href":"https:\/\/oeilsportif.info\/index.php\/wp-json\/wp\/v2\/comments?post=2065"}],"version-history":[{"count":0,"href":"https:\/\/oeilsportif.info\/index.php\/wp-json\/wp\/v2\/posts\/2065\/revisions"}],"wp:featuredmedia":[{"embeddable":true,"href":"https:\/\/oeilsportif.info\/index.php\/wp-json\/wp\/v2\/media\/2066"}],"wp:attachment":[{"href":"https:\/\/oeilsportif.info\/index.php\/wp-json\/wp\/v2\/media?parent=2065"}],"wp:term":[{"taxonomy":"category","embeddable":true,"href":"https:\/\/oeilsportif.info\/index.php\/wp-json\/wp\/v2\/categories?post=2065"},{"taxonomy":"post_tag","embeddable":true,"href":"https:\/\/oeilsportif.info\/index.php\/wp-json\/wp\/v2\/tags?post=2065"}],"curies":[{"name":"wp","href":"https:\/\/api.w.org\/{rel}","templated":true}]}}