{"id":2059,"date":"2022-09-25T13:19:11","date_gmt":"2022-09-25T13:19:11","guid":{"rendered":"https:\/\/oeilsportif.info\/index.php\/?p=2059"},"modified":"2022-09-25T13:19:11","modified_gmt":"2022-09-25T13:19:11","slug":"canmaracana-cameroun-2022-la-cote-divoire-en-maitre","status":"publish","type":"post","link":"https:\/\/oeilsportif.info\/index.php\/canmaracana-cameroun-2022-la-cote-divoire-en-maitre\/","title":{"rendered":"CAN\u2019MARACANA \u2013 CAMEROUN 2022 : LA C\u00d4TE D\u2019IVOIRE, EN MA\u00ceTRE"},"content":{"rendered":"<p><strong>Apr\u00e8s avoir battu en finale les Etalons du Burkina Faso (1-2), les El\u00e9phants de la C\u00f4te d\u2019Ivoire sont sacr\u00e9s champions d\u2019Afrique pour la 8e fois cons\u00e9cutive, hier 24 septembre \u00e0 Yaound\u00e9.<\/strong><\/p>\n<p>La 9e \u00e9dition de la Coupe d\u2019Afrique des Nations de Maracana s\u2019est disput\u00e9e au Cameroun. Apr\u00e8s la petite finale qui a vu la victoire du Gabon sur la Guin\u00e9e Conakry au tir-aux-buts (5-6), place donc \u00e0 la grande finale. L\u2019affiche a oppos\u00e9 la C\u00f4te d\u2019Ivoire 7e fois championne d\u2019Afrique \u00e0 l\u2019\u00e9quipe burkinab\u00e8.<\/p>\n<p>La s\u00e9lection ivoirienne a ouvert le score puis vers la fin de la premi\u00e8re p\u00e9riode, les Etalons \u00e9galisent. A la seconde manche, la C\u00f4te d\u2019Ivoire prend de l\u2019avantage (2-1). Le score restera ainsi jusqu\u2019au coup de sifflet final.<\/p>\n<p>En dehors de la m\u00e9daille en Or remport\u00e9e par la championne d\u2019Afrique, ladite formation empoche la rondelette somme de deux millions de Francs CFA. Le deuxi\u00e8me d\u00e9croche l\u2019argent et un ch\u00e8que d\u2019un million et le troisi\u00e8me le bronze plus cinq cent mille.<\/p>\n<p>De m\u00e9moire, sept pays ont r\u00e9pondu pr\u00e9sents \u00e0 ce rdv maracanien \u00e0 l\u2019instar de la C\u00f4te d\u2019Ivoire, le Burkina Faso, la Guin\u00e9e Conakry, le Gabon, le B\u00e9nin, le Cameroun et le Canada.<\/p>\n<p>Le Maracana est un jeu cr\u00e9e en C\u00f4te d\u2019Ivoire et a des r\u00e8gles de jeux similaires au futsal et au football.<\/p>\n<p>Ayouba Nsangou<\/p>\n<p>&nbsp;<\/p>\n","protected":false},"excerpt":{"rendered":"<p>Apr\u00e8s avoir battu en finale les Etalons du Burkina Faso (1-2), les El\u00e9phants de la C\u00f4te d\u2019Ivoire sont sacr\u00e9s champions d\u2019Afrique pour la 8e fois cons\u00e9cutive, hier 24 septembre \u00e0 Yaound\u00e9. La 9e \u00e9dition de la Coupe d\u2019Afrique des Nations de Maracana s\u2019est disput\u00e9e au Cameroun. Apr\u00e8s la petite finale qui a vu la victoire [&hellip;]<\/p>\n","protected":false},"author":2,"featured_media":2060,"comment_status":"closed","ping_status":"open","sticky":false,"template":"","format":"standard","meta":{"_jetpack_memberships_contains_paid_content":false,"footnotes":"","jetpack_publicize_message":"","jetpack_publicize_feature_enabled":true,"jetpack_social_post_already_shared":true,"jetpack_social_options":{"image_generator_settings":{"template":"highway","default_image_id":0,"font":"","enabled":false},"version":2}},"categories":[1],"tags":[],"class_list":{"0":"post-2059","1":"post","2":"type-post","3":"status-publish","4":"format-standard","5":"has-post-thumbnail","7":"category-non-classe"},"yoast_head":"<!-- This site is optimized with the Yoast SEO plugin v27.4 - https:\/\/yoast.com\/product\/yoast-seo-wordpress\/ -->\n<title>CAN\u2019MARACANA \u2013 CAMEROUN 2022 : LA C\u00d4TE D\u2019IVOIRE, EN MA\u00ceTRE - le regard du sportif<\/title>\n<meta name=\"robots\" content=\"index, follow, max-snippet:-1, max-image-preview:large, max-video-preview:-1\" \/>\n<link rel=\"canonical\" href=\"https:\/\/oeilsportif.info\/index.php\/canmaracana-cameroun-2022-la-cote-divoire-en-maitre\/\" \/>\n<meta property=\"og:locale\" content=\"fr_FR\" \/>\n<meta property=\"og:type\" content=\"article\" \/>\n<meta property=\"og:title\" content=\"CAN\u2019MARACANA \u2013 CAMEROUN 2022 : LA C\u00d4TE D\u2019IVOIRE, EN MA\u00ceTRE - le regard du sportif\" \/>\n<meta property=\"og:description\" content=\"Apr\u00e8s avoir battu en finale les Etalons du Burkina Faso (1-2), les El\u00e9phants de la C\u00f4te d\u2019Ivoire sont sacr\u00e9s champions d\u2019Afrique pour la 8e fois cons\u00e9cutive, hier 24 septembre \u00e0 Yaound\u00e9. La 9e \u00e9dition de la Coupe d\u2019Afrique des Nations de Maracana s\u2019est disput\u00e9e au Cameroun. Apr\u00e8s la petite finale qui a vu la victoire [&hellip;]\" \/>\n<meta property=\"og:url\" content=\"https:\/\/oeilsportif.info\/index.php\/canmaracana-cameroun-2022-la-cote-divoire-en-maitre\/\" \/>\n<meta property=\"og:site_name\" content=\"le regard du sportif\" \/>\n<meta property=\"article:published_time\" content=\"2022-09-25T13:19:11+00:00\" \/>\n<meta property=\"og:image\" content=\"https:\/\/oeilsportif.info\/wp-content\/uploads\/2022\/09\/DSC_0551.jpg\" \/>\n\t<meta property=\"og:image:width\" content=\"600\" \/>\n\t<meta property=\"og:image:height\" content=\"400\" \/>\n\t<meta property=\"og:image:type\" content=\"image\/jpeg\" \/>\n<meta name=\"author\" content=\"L&#039;Equipe de la R\u00e9daction\" \/>\n<meta name=\"twitter:label1\" content=\"\u00c9crit par\" \/>\n\t<meta name=\"twitter:data1\" content=\"L&#039;Equipe de la R\u00e9daction\" \/>\n\t<meta name=\"twitter:label2\" content=\"Dur\u00e9e de lecture estim\u00e9e\" \/>\n\t<meta name=\"twitter:data2\" content=\"2 minutes\" \/>\n<script type=\"application\/ld+json\" class=\"yoast-schema-graph\">{\"@context\":\"https:\\\/\\\/schema.org\",\"@graph\":[{\"@type\":\"Article\",\"@id\":\"https:\\\/\\\/oeilsportif.info\\\/index.php\\\/canmaracana-cameroun-2022-la-cote-divoire-en-maitre\\\/#article\",\"isPartOf\":{\"@id\":\"https:\\\/\\\/oeilsportif.info\\\/index.php\\\/canmaracana-cameroun-2022-la-cote-divoire-en-maitre\\\/\"},\"author\":{\"name\":\"L'Equipe de la R\u00e9daction\",\"@id\":\"https:\\\/\\\/oeilsportif.info\\\/#\\\/schema\\\/person\\\/cfbded294aa6095f7d96608d7905e9a1\"},\"headline\":\"CAN\u2019MARACANA \u2013 CAMEROUN 2022 : LA C\u00d4TE D\u2019IVOIRE, EN MA\u00ceTRE\",\"datePublished\":\"2022-09-25T13:19:11+00:00\",\"mainEntityOfPage\":{\"@id\":\"https:\\\/\\\/oeilsportif.info\\\/index.php\\\/canmaracana-cameroun-2022-la-cote-divoire-en-maitre\\\/\"},\"wordCount\":269,\"image\":{\"@id\":\"https:\\\/\\\/oeilsportif.info\\\/index.php\\\/canmaracana-cameroun-2022-la-cote-divoire-en-maitre\\\/#primaryimage\"},\"thumbnailUrl\":\"https:\\\/\\\/i0.wp.com\\\/oeilsportif.info\\\/wp-content\\\/uploads\\\/2022\\\/09\\\/DSC_0551.jpg?fit=600%2C400&ssl=1\",\"inLanguage\":\"fr-FR\"},{\"@type\":\"WebPage\",\"@id\":\"https:\\\/\\\/oeilsportif.info\\\/index.php\\\/canmaracana-cameroun-2022-la-cote-divoire-en-maitre\\\/\",\"url\":\"https:\\\/\\\/oeilsportif.info\\\/index.php\\\/canmaracana-cameroun-2022-la-cote-divoire-en-maitre\\\/\",\"name\":\"CAN\u2019MARACANA \u2013 CAMEROUN 2022 : LA C\u00d4TE D\u2019IVOIRE, EN MA\u00ceTRE - le regard du sportif\",\"isPartOf\":{\"@id\":\"https:\\\/\\\/oeilsportif.info\\\/#website\"},\"primaryImageOfPage\":{\"@id\":\"https:\\\/\\\/oeilsportif.info\\\/index.php\\\/canmaracana-cameroun-2022-la-cote-divoire-en-maitre\\\/#primaryimage\"},\"image\":{\"@id\":\"https:\\\/\\\/oeilsportif.info\\\/index.php\\\/canmaracana-cameroun-2022-la-cote-divoire-en-maitre\\\/#primaryimage\"},\"thumbnailUrl\":\"https:\\\/\\\/i0.wp.com\\\/oeilsportif.info\\\/wp-content\\\/uploads\\\/2022\\\/09\\\/DSC_0551.jpg?fit=600%2C400&ssl=1\",\"datePublished\":\"2022-09-25T13:19:11+00:00\",\"author\":{\"@id\":\"https:\\\/\\\/oeilsportif.info\\\/#\\\/schema\\\/person\\\/cfbded294aa6095f7d96608d7905e9a1\"},\"inLanguage\":\"fr-FR\",\"potentialAction\":[{\"@type\":\"ReadAction\",\"target\":[\"https:\\\/\\\/oeilsportif.info\\\/index.php\\\/canmaracana-cameroun-2022-la-cote-divoire-en-maitre\\\/\"]}]},{\"@type\":\"ImageObject\",\"inLanguage\":\"fr-FR\",\"@id\":\"https:\\\/\\\/oeilsportif.info\\\/index.php\\\/canmaracana-cameroun-2022-la-cote-divoire-en-maitre\\\/#primaryimage\",\"url\":\"https:\\\/\\\/i0.wp.com\\\/oeilsportif.info\\\/wp-content\\\/uploads\\\/2022\\\/09\\\/DSC_0551.jpg?fit=600%2C400&ssl=1\",\"contentUrl\":\"https:\\\/\\\/i0.wp.com\\\/oeilsportif.info\\\/wp-content\\\/uploads\\\/2022\\\/09\\\/DSC_0551.jpg?fit=600%2C400&ssl=1\",\"width\":600,\"height\":400},{\"@type\":\"WebSite\",\"@id\":\"https:\\\/\\\/oeilsportif.info\\\/#website\",\"url\":\"https:\\\/\\\/oeilsportif.info\\\/\",\"name\":\"le regard du sportif\",\"description\":\"\",\"potentialAction\":[{\"@type\":\"SearchAction\",\"target\":{\"@type\":\"EntryPoint\",\"urlTemplate\":\"https:\\\/\\\/oeilsportif.info\\\/?s={search_term_string}\"},\"query-input\":{\"@type\":\"PropertyValueSpecification\",\"valueRequired\":true,\"valueName\":\"search_term_string\"}}],\"inLanguage\":\"fr-FR\"},{\"@type\":\"Person\",\"@id\":\"https:\\\/\\\/oeilsportif.info\\\/#\\\/schema\\\/person\\\/cfbded294aa6095f7d96608d7905e9a1\",\"name\":\"L'Equipe de la R\u00e9daction\",\"image\":{\"@type\":\"ImageObject\",\"inLanguage\":\"fr-FR\",\"@id\":\"https:\\\/\\\/oeilsportif.info\\\/wp-content\\\/uploads\\\/2025\\\/07\\\/cropped-cropped-logo-os-96x96.jpeg\",\"url\":\"https:\\\/\\\/oeilsportif.info\\\/wp-content\\\/uploads\\\/2025\\\/07\\\/cropped-cropped-logo-os-96x96.jpeg\",\"contentUrl\":\"https:\\\/\\\/oeilsportif.info\\\/wp-content\\\/uploads\\\/2025\\\/07\\\/cropped-cropped-logo-os-96x96.jpeg\",\"caption\":\"L'Equipe de la R\u00e9daction\"},\"url\":\"https:\\\/\\\/oeilsportif.info\\\/index.php\\\/author\\\/tawel\\\/\"}]}<\/script>\n<!-- \/ Yoast SEO plugin. -->","yoast_head_json":{"title":"CAN\u2019MARACANA \u2013 CAMEROUN 2022 : LA C\u00d4TE D\u2019IVOIRE, EN MA\u00ceTRE - le regard du sportif","robots":{"index":"index","follow":"follow","max-snippet":"max-snippet:-1","max-image-preview":"max-image-preview:large","max-video-preview":"max-video-preview:-1"},"canonical":"https:\/\/oeilsportif.info\/index.php\/canmaracana-cameroun-2022-la-cote-divoire-en-maitre\/","og_locale":"fr_FR","og_type":"article","og_title":"CAN\u2019MARACANA \u2013 CAMEROUN 2022 : LA C\u00d4TE D\u2019IVOIRE, EN MA\u00ceTRE - le regard du sportif","og_description":"Apr\u00e8s avoir battu en finale les Etalons du Burkina Faso (1-2), les El\u00e9phants de la C\u00f4te d\u2019Ivoire sont sacr\u00e9s champions d\u2019Afrique pour la 8e fois cons\u00e9cutive, hier 24 septembre \u00e0 Yaound\u00e9. La 9e \u00e9dition de la Coupe d\u2019Afrique des Nations de Maracana s\u2019est disput\u00e9e au Cameroun. Apr\u00e8s la petite finale qui a vu la victoire [&hellip;]","og_url":"https:\/\/oeilsportif.info\/index.php\/canmaracana-cameroun-2022-la-cote-divoire-en-maitre\/","og_site_name":"le regard du sportif","article_published_time":"2022-09-25T13:19:11+00:00","og_image":[{"width":600,"height":400,"url":"https:\/\/oeilsportif.info\/wp-content\/uploads\/2022\/09\/DSC_0551.jpg","type":"image\/jpeg"}],"author":"L'Equipe de la R\u00e9daction","twitter_misc":{"\u00c9crit par":"L'Equipe de la R\u00e9daction","Dur\u00e9e de lecture estim\u00e9e":"2 minutes"},"schema":{"@context":"https:\/\/schema.org","@graph":[{"@type":"Article","@id":"https:\/\/oeilsportif.info\/index.php\/canmaracana-cameroun-2022-la-cote-divoire-en-maitre\/#article","isPartOf":{"@id":"https:\/\/oeilsportif.info\/index.php\/canmaracana-cameroun-2022-la-cote-divoire-en-maitre\/"},"author":{"name":"L'Equipe de la R\u00e9daction","@id":"https:\/\/oeilsportif.info\/#\/schema\/person\/cfbded294aa6095f7d96608d7905e9a1"},"headline":"CAN\u2019MARACANA \u2013 CAMEROUN 2022 : LA C\u00d4TE D\u2019IVOIRE, EN MA\u00ceTRE","datePublished":"2022-09-25T13:19:11+00:00","mainEntityOfPage":{"@id":"https:\/\/oeilsportif.info\/index.php\/canmaracana-cameroun-2022-la-cote-divoire-en-maitre\/"},"wordCount":269,"image":{"@id":"https:\/\/oeilsportif.info\/index.php\/canmaracana-cameroun-2022-la-cote-divoire-en-maitre\/#primaryimage"},"thumbnailUrl":"https:\/\/i0.wp.com\/oeilsportif.info\/wp-content\/uploads\/2022\/09\/DSC_0551.jpg?fit=600%2C400&ssl=1","inLanguage":"fr-FR"},{"@type":"WebPage","@id":"https:\/\/oeilsportif.info\/index.php\/canmaracana-cameroun-2022-la-cote-divoire-en-maitre\/","url":"https:\/\/oeilsportif.info\/index.php\/canmaracana-cameroun-2022-la-cote-divoire-en-maitre\/","name":"CAN\u2019MARACANA \u2013 CAMEROUN 2022 : LA C\u00d4TE D\u2019IVOIRE, EN MA\u00ceTRE - le regard du sportif","isPartOf":{"@id":"https:\/\/oeilsportif.info\/#website"},"primaryImageOfPage":{"@id":"https:\/\/oeilsportif.info\/index.php\/canmaracana-cameroun-2022-la-cote-divoire-en-maitre\/#primaryimage"},"image":{"@id":"https:\/\/oeilsportif.info\/index.php\/canmaracana-cameroun-2022-la-cote-divoire-en-maitre\/#primaryimage"},"thumbnailUrl":"https:\/\/i0.wp.com\/oeilsportif.info\/wp-content\/uploads\/2022\/09\/DSC_0551.jpg?fit=600%2C400&ssl=1","datePublished":"2022-09-25T13:19:11+00:00","author":{"@id":"https:\/\/oeilsportif.info\/#\/schema\/person\/cfbded294aa6095f7d96608d7905e9a1"},"inLanguage":"fr-FR","potentialAction":[{"@type":"ReadAction","target":["https:\/\/oeilsportif.info\/index.php\/canmaracana-cameroun-2022-la-cote-divoire-en-maitre\/"]}]},{"@type":"ImageObject","inLanguage":"fr-FR","@id":"https:\/\/oeilsportif.info\/index.php\/canmaracana-cameroun-2022-la-cote-divoire-en-maitre\/#primaryimage","url":"https:\/\/i0.wp.com\/oeilsportif.info\/wp-content\/uploads\/2022\/09\/DSC_0551.jpg?fit=600%2C400&ssl=1","contentUrl":"https:\/\/i0.wp.com\/oeilsportif.info\/wp-content\/uploads\/2022\/09\/DSC_0551.jpg?fit=600%2C400&ssl=1","width":600,"height":400},{"@type":"WebSite","@id":"https:\/\/oeilsportif.info\/#website","url":"https:\/\/oeilsportif.info\/","name":"le regard du sportif","description":"","potentialAction":[{"@type":"SearchAction","target":{"@type":"EntryPoint","urlTemplate":"https:\/\/oeilsportif.info\/?s={search_term_string}"},"query-input":{"@type":"PropertyValueSpecification","valueRequired":true,"valueName":"search_term_string"}}],"inLanguage":"fr-FR"},{"@type":"Person","@id":"https:\/\/oeilsportif.info\/#\/schema\/person\/cfbded294aa6095f7d96608d7905e9a1","name":"L'Equipe de la R\u00e9daction","image":{"@type":"ImageObject","inLanguage":"fr-FR","@id":"https:\/\/oeilsportif.info\/wp-content\/uploads\/2025\/07\/cropped-cropped-logo-os-96x96.jpeg","url":"https:\/\/oeilsportif.info\/wp-content\/uploads\/2025\/07\/cropped-cropped-logo-os-96x96.jpeg","contentUrl":"https:\/\/oeilsportif.info\/wp-content\/uploads\/2025\/07\/cropped-cropped-logo-os-96x96.jpeg","caption":"L'Equipe de la R\u00e9daction"},"url":"https:\/\/oeilsportif.info\/index.php\/author\/tawel\/"}]}},"jetpack_publicize_connections":[],"jetpack_featured_media_url":"https:\/\/i0.wp.com\/oeilsportif.info\/wp-content\/uploads\/2022\/09\/DSC_0551.jpg?fit=600%2C400&ssl=1","jetpack-related-posts":[],"jetpack_sharing_enabled":true,"jetpack_likes_enabled":true,"jetpack_shortlink":"https:\/\/wp.me\/pgFE77-xd","_links":{"self":[{"href":"https:\/\/oeilsportif.info\/index.php\/wp-json\/wp\/v2\/posts\/2059","targetHints":{"allow":["GET"]}}],"collection":[{"href":"https:\/\/oeilsportif.info\/index.php\/wp-json\/wp\/v2\/posts"}],"about":[{"href":"https:\/\/oeilsportif.info\/index.php\/wp-json\/wp\/v2\/types\/post"}],"author":[{"embeddable":true,"href":"https:\/\/oeilsportif.info\/index.php\/wp-json\/wp\/v2\/users\/2"}],"replies":[{"embeddable":true,"href":"https:\/\/oeilsportif.info\/index.php\/wp-json\/wp\/v2\/comments?post=2059"}],"version-history":[{"count":0,"href":"https:\/\/oeilsportif.info\/index.php\/wp-json\/wp\/v2\/posts\/2059\/revisions"}],"wp:featuredmedia":[{"embeddable":true,"href":"https:\/\/oeilsportif.info\/index.php\/wp-json\/wp\/v2\/media\/2060"}],"wp:attachment":[{"href":"https:\/\/oeilsportif.info\/index.php\/wp-json\/wp\/v2\/media?parent=2059"}],"wp:term":[{"taxonomy":"category","embeddable":true,"href":"https:\/\/oeilsportif.info\/index.php\/wp-json\/wp\/v2\/categories?post=2059"},{"taxonomy":"post_tag","embeddable":true,"href":"https:\/\/oeilsportif.info\/index.php\/wp-json\/wp\/v2\/tags?post=2059"}],"curies":[{"name":"wp","href":"https:\/\/api.w.org\/{rel}","templated":true}]}}