{"id":1970,"date":"2022-09-16T11:39:09","date_gmt":"2022-09-16T11:39:09","guid":{"rendered":"https:\/\/oeilsportif.info\/index.php\/?p=1970"},"modified":"2022-09-16T11:39:09","modified_gmt":"2022-09-16T11:39:09","slug":"interclubs-caf-la-sag-de-siguiri-a-quitte-conakry-pour-nouakchott","status":"publish","type":"post","link":"https:\/\/oeilsportif.info\/index.php\/interclubs-caf-la-sag-de-siguiri-a-quitte-conakry-pour-nouakchott\/","title":{"rendered":"Interclubs CAF: La SAG de Siguiri a quitt\u00e9 Conakry pour Nouakchott !"},"content":{"rendered":"<p>Ce jeudi 15 septembre 2022 la SAG de Siguiri a quitt\u00e9 Conakry pour la Mauritanie dans le cadre de son match retour du premier tour pr\u00e9liminaire de la Coupe de la Conf\u00e9d\u00e9ration Africaine de Football, qui aura lieu ce samedi 17 septembre 2022 \u00e0 Nouakchott contre Hawks of Kings de Nouakchott vainqueur de la coupe nationale de la Mauritanie pour l&rsquo;exercice 2021-2022.<\/p>\n<p>Pour le match aller jou\u00e9 \u00e0 Conakry, l&rsquo;Ashanty Goldens Boys de Siguiri a battu Hawks of Kings Nouakchott sur le score de 2 buts \u00e0 0.<br \/>\nPour ce match retour, en cas de victoire ou match nul, la SAG de Siguiri va jouer le match de barrage pour int\u00e9grer la phase de groupe de la Coupe de la Conf\u00e9d\u00e9ration Africaine de Football.<\/p>\n","protected":false},"excerpt":{"rendered":"<p>Ce jeudi 15 septembre 2022 la SAG de Siguiri a quitt\u00e9 Conakry pour la Mauritanie dans le cadre de son match retour du premier tour pr\u00e9liminaire de la Coupe de la Conf\u00e9d\u00e9ration Africaine de Football, qui aura lieu ce samedi 17 septembre 2022 \u00e0 Nouakchott contre Hawks of Kings de Nouakchott vainqueur de la coupe [&hellip;]<\/p>\n","protected":false},"author":2,"featured_media":1971,"comment_status":"closed","ping_status":"open","sticky":false,"template":"","format":"standard","meta":{"_jetpack_memberships_contains_paid_content":false,"footnotes":"","jetpack_publicize_message":"","jetpack_publicize_feature_enabled":true,"jetpack_social_post_already_shared":true,"jetpack_social_options":{"image_generator_settings":{"template":"highway","default_image_id":0,"font":"","enabled":false},"version":2}},"categories":[5],"tags":[],"class_list":{"0":"post-1970","1":"post","2":"type-post","3":"status-publish","4":"format-standard","5":"has-post-thumbnail","7":"category-football"},"yoast_head":"<!-- This site is optimized with the Yoast SEO plugin v27.4 - https:\/\/yoast.com\/product\/yoast-seo-wordpress\/ -->\n<title>Interclubs CAF: La SAG de Siguiri a quitt\u00e9 Conakry pour Nouakchott ! - le regard du sportif<\/title>\n<meta name=\"robots\" content=\"index, follow, max-snippet:-1, max-image-preview:large, max-video-preview:-1\" \/>\n<link rel=\"canonical\" href=\"https:\/\/oeilsportif.info\/index.php\/interclubs-caf-la-sag-de-siguiri-a-quitte-conakry-pour-nouakchott\/\" \/>\n<meta property=\"og:locale\" content=\"fr_FR\" \/>\n<meta property=\"og:type\" content=\"article\" \/>\n<meta property=\"og:title\" content=\"Interclubs CAF: La SAG de Siguiri a quitt\u00e9 Conakry pour Nouakchott ! - le regard du sportif\" \/>\n<meta property=\"og:description\" content=\"Ce jeudi 15 septembre 2022 la SAG de Siguiri a quitt\u00e9 Conakry pour la Mauritanie dans le cadre de son match retour du premier tour pr\u00e9liminaire de la Coupe de la Conf\u00e9d\u00e9ration Africaine de Football, qui aura lieu ce samedi 17 septembre 2022 \u00e0 Nouakchott contre Hawks of Kings de Nouakchott vainqueur de la coupe [&hellip;]\" \/>\n<meta property=\"og:url\" content=\"https:\/\/oeilsportif.info\/index.php\/interclubs-caf-la-sag-de-siguiri-a-quitte-conakry-pour-nouakchott\/\" \/>\n<meta property=\"og:site_name\" content=\"le regard du sportif\" \/>\n<meta property=\"article:published_time\" content=\"2022-09-16T11:39:09+00:00\" \/>\n<meta property=\"og:image\" content=\"https:\/\/oeilsportif.info\/wp-content\/uploads\/2022\/09\/FB_IMG_1663248983295.jpg\" \/>\n\t<meta property=\"og:image:width\" content=\"500\" \/>\n\t<meta property=\"og:image:height\" content=\"911\" \/>\n\t<meta property=\"og:image:type\" content=\"image\/jpeg\" \/>\n<meta name=\"author\" content=\"L&#039;Equipe de la R\u00e9daction\" \/>\n<meta name=\"twitter:label1\" content=\"\u00c9crit par\" \/>\n\t<meta name=\"twitter:data1\" content=\"L&#039;Equipe de la R\u00e9daction\" \/>\n\t<meta name=\"twitter:label2\" content=\"Dur\u00e9e de lecture estim\u00e9e\" \/>\n\t<meta name=\"twitter:data2\" content=\"1 minute\" \/>\n<script type=\"application\/ld+json\" class=\"yoast-schema-graph\">{\"@context\":\"https:\\\/\\\/schema.org\",\"@graph\":[{\"@type\":\"Article\",\"@id\":\"https:\\\/\\\/oeilsportif.info\\\/index.php\\\/interclubs-caf-la-sag-de-siguiri-a-quitte-conakry-pour-nouakchott\\\/#article\",\"isPartOf\":{\"@id\":\"https:\\\/\\\/oeilsportif.info\\\/index.php\\\/interclubs-caf-la-sag-de-siguiri-a-quitte-conakry-pour-nouakchott\\\/\"},\"author\":{\"name\":\"L'Equipe de la R\u00e9daction\",\"@id\":\"https:\\\/\\\/oeilsportif.info\\\/#\\\/schema\\\/person\\\/cfbded294aa6095f7d96608d7905e9a1\"},\"headline\":\"Interclubs CAF: La SAG de Siguiri a quitt\u00e9 Conakry pour Nouakchott !\",\"datePublished\":\"2022-09-16T11:39:09+00:00\",\"mainEntityOfPage\":{\"@id\":\"https:\\\/\\\/oeilsportif.info\\\/index.php\\\/interclubs-caf-la-sag-de-siguiri-a-quitte-conakry-pour-nouakchott\\\/\"},\"wordCount\":134,\"image\":{\"@id\":\"https:\\\/\\\/oeilsportif.info\\\/index.php\\\/interclubs-caf-la-sag-de-siguiri-a-quitte-conakry-pour-nouakchott\\\/#primaryimage\"},\"thumbnailUrl\":\"https:\\\/\\\/i0.wp.com\\\/oeilsportif.info\\\/wp-content\\\/uploads\\\/2022\\\/09\\\/FB_IMG_1663248983295.jpg?fit=500%2C911&ssl=1\",\"articleSection\":[\"Football\"],\"inLanguage\":\"fr-FR\"},{\"@type\":\"WebPage\",\"@id\":\"https:\\\/\\\/oeilsportif.info\\\/index.php\\\/interclubs-caf-la-sag-de-siguiri-a-quitte-conakry-pour-nouakchott\\\/\",\"url\":\"https:\\\/\\\/oeilsportif.info\\\/index.php\\\/interclubs-caf-la-sag-de-siguiri-a-quitte-conakry-pour-nouakchott\\\/\",\"name\":\"Interclubs CAF: La SAG de Siguiri a quitt\u00e9 Conakry pour Nouakchott ! - le regard du sportif\",\"isPartOf\":{\"@id\":\"https:\\\/\\\/oeilsportif.info\\\/#website\"},\"primaryImageOfPage\":{\"@id\":\"https:\\\/\\\/oeilsportif.info\\\/index.php\\\/interclubs-caf-la-sag-de-siguiri-a-quitte-conakry-pour-nouakchott\\\/#primaryimage\"},\"image\":{\"@id\":\"https:\\\/\\\/oeilsportif.info\\\/index.php\\\/interclubs-caf-la-sag-de-siguiri-a-quitte-conakry-pour-nouakchott\\\/#primaryimage\"},\"thumbnailUrl\":\"https:\\\/\\\/i0.wp.com\\\/oeilsportif.info\\\/wp-content\\\/uploads\\\/2022\\\/09\\\/FB_IMG_1663248983295.jpg?fit=500%2C911&ssl=1\",\"datePublished\":\"2022-09-16T11:39:09+00:00\",\"author\":{\"@id\":\"https:\\\/\\\/oeilsportif.info\\\/#\\\/schema\\\/person\\\/cfbded294aa6095f7d96608d7905e9a1\"},\"inLanguage\":\"fr-FR\",\"potentialAction\":[{\"@type\":\"ReadAction\",\"target\":[\"https:\\\/\\\/oeilsportif.info\\\/index.php\\\/interclubs-caf-la-sag-de-siguiri-a-quitte-conakry-pour-nouakchott\\\/\"]}]},{\"@type\":\"ImageObject\",\"inLanguage\":\"fr-FR\",\"@id\":\"https:\\\/\\\/oeilsportif.info\\\/index.php\\\/interclubs-caf-la-sag-de-siguiri-a-quitte-conakry-pour-nouakchott\\\/#primaryimage\",\"url\":\"https:\\\/\\\/i0.wp.com\\\/oeilsportif.info\\\/wp-content\\\/uploads\\\/2022\\\/09\\\/FB_IMG_1663248983295.jpg?fit=500%2C911&ssl=1\",\"contentUrl\":\"https:\\\/\\\/i0.wp.com\\\/oeilsportif.info\\\/wp-content\\\/uploads\\\/2022\\\/09\\\/FB_IMG_1663248983295.jpg?fit=500%2C911&ssl=1\",\"width\":500,\"height\":911},{\"@type\":\"WebSite\",\"@id\":\"https:\\\/\\\/oeilsportif.info\\\/#website\",\"url\":\"https:\\\/\\\/oeilsportif.info\\\/\",\"name\":\"le regard du sportif\",\"description\":\"\",\"potentialAction\":[{\"@type\":\"SearchAction\",\"target\":{\"@type\":\"EntryPoint\",\"urlTemplate\":\"https:\\\/\\\/oeilsportif.info\\\/?s={search_term_string}\"},\"query-input\":{\"@type\":\"PropertyValueSpecification\",\"valueRequired\":true,\"valueName\":\"search_term_string\"}}],\"inLanguage\":\"fr-FR\"},{\"@type\":\"Person\",\"@id\":\"https:\\\/\\\/oeilsportif.info\\\/#\\\/schema\\\/person\\\/cfbded294aa6095f7d96608d7905e9a1\",\"name\":\"L'Equipe de la R\u00e9daction\",\"image\":{\"@type\":\"ImageObject\",\"inLanguage\":\"fr-FR\",\"@id\":\"https:\\\/\\\/oeilsportif.info\\\/wp-content\\\/uploads\\\/2025\\\/07\\\/cropped-cropped-logo-os-96x96.jpeg\",\"url\":\"https:\\\/\\\/oeilsportif.info\\\/wp-content\\\/uploads\\\/2025\\\/07\\\/cropped-cropped-logo-os-96x96.jpeg\",\"contentUrl\":\"https:\\\/\\\/oeilsportif.info\\\/wp-content\\\/uploads\\\/2025\\\/07\\\/cropped-cropped-logo-os-96x96.jpeg\",\"caption\":\"L'Equipe de la R\u00e9daction\"},\"url\":\"https:\\\/\\\/oeilsportif.info\\\/index.php\\\/author\\\/tawel\\\/\"}]}<\/script>\n<!-- \/ Yoast SEO plugin. -->","yoast_head_json":{"title":"Interclubs CAF: La SAG de Siguiri a quitt\u00e9 Conakry pour Nouakchott ! - le regard du sportif","robots":{"index":"index","follow":"follow","max-snippet":"max-snippet:-1","max-image-preview":"max-image-preview:large","max-video-preview":"max-video-preview:-1"},"canonical":"https:\/\/oeilsportif.info\/index.php\/interclubs-caf-la-sag-de-siguiri-a-quitte-conakry-pour-nouakchott\/","og_locale":"fr_FR","og_type":"article","og_title":"Interclubs CAF: La SAG de Siguiri a quitt\u00e9 Conakry pour Nouakchott ! - le regard du sportif","og_description":"Ce jeudi 15 septembre 2022 la SAG de Siguiri a quitt\u00e9 Conakry pour la Mauritanie dans le cadre de son match retour du premier tour pr\u00e9liminaire de la Coupe de la Conf\u00e9d\u00e9ration Africaine de Football, qui aura lieu ce samedi 17 septembre 2022 \u00e0 Nouakchott contre Hawks of Kings de Nouakchott vainqueur de la coupe [&hellip;]","og_url":"https:\/\/oeilsportif.info\/index.php\/interclubs-caf-la-sag-de-siguiri-a-quitte-conakry-pour-nouakchott\/","og_site_name":"le regard du sportif","article_published_time":"2022-09-16T11:39:09+00:00","og_image":[{"width":500,"height":911,"url":"https:\/\/oeilsportif.info\/wp-content\/uploads\/2022\/09\/FB_IMG_1663248983295.jpg","type":"image\/jpeg"}],"author":"L'Equipe de la R\u00e9daction","twitter_misc":{"\u00c9crit par":"L'Equipe de la R\u00e9daction","Dur\u00e9e de lecture estim\u00e9e":"1 minute"},"schema":{"@context":"https:\/\/schema.org","@graph":[{"@type":"Article","@id":"https:\/\/oeilsportif.info\/index.php\/interclubs-caf-la-sag-de-siguiri-a-quitte-conakry-pour-nouakchott\/#article","isPartOf":{"@id":"https:\/\/oeilsportif.info\/index.php\/interclubs-caf-la-sag-de-siguiri-a-quitte-conakry-pour-nouakchott\/"},"author":{"name":"L'Equipe de la R\u00e9daction","@id":"https:\/\/oeilsportif.info\/#\/schema\/person\/cfbded294aa6095f7d96608d7905e9a1"},"headline":"Interclubs CAF: La SAG de Siguiri a quitt\u00e9 Conakry pour Nouakchott !","datePublished":"2022-09-16T11:39:09+00:00","mainEntityOfPage":{"@id":"https:\/\/oeilsportif.info\/index.php\/interclubs-caf-la-sag-de-siguiri-a-quitte-conakry-pour-nouakchott\/"},"wordCount":134,"image":{"@id":"https:\/\/oeilsportif.info\/index.php\/interclubs-caf-la-sag-de-siguiri-a-quitte-conakry-pour-nouakchott\/#primaryimage"},"thumbnailUrl":"https:\/\/i0.wp.com\/oeilsportif.info\/wp-content\/uploads\/2022\/09\/FB_IMG_1663248983295.jpg?fit=500%2C911&ssl=1","articleSection":["Football"],"inLanguage":"fr-FR"},{"@type":"WebPage","@id":"https:\/\/oeilsportif.info\/index.php\/interclubs-caf-la-sag-de-siguiri-a-quitte-conakry-pour-nouakchott\/","url":"https:\/\/oeilsportif.info\/index.php\/interclubs-caf-la-sag-de-siguiri-a-quitte-conakry-pour-nouakchott\/","name":"Interclubs CAF: La SAG de Siguiri a quitt\u00e9 Conakry pour Nouakchott ! - le regard du sportif","isPartOf":{"@id":"https:\/\/oeilsportif.info\/#website"},"primaryImageOfPage":{"@id":"https:\/\/oeilsportif.info\/index.php\/interclubs-caf-la-sag-de-siguiri-a-quitte-conakry-pour-nouakchott\/#primaryimage"},"image":{"@id":"https:\/\/oeilsportif.info\/index.php\/interclubs-caf-la-sag-de-siguiri-a-quitte-conakry-pour-nouakchott\/#primaryimage"},"thumbnailUrl":"https:\/\/i0.wp.com\/oeilsportif.info\/wp-content\/uploads\/2022\/09\/FB_IMG_1663248983295.jpg?fit=500%2C911&ssl=1","datePublished":"2022-09-16T11:39:09+00:00","author":{"@id":"https:\/\/oeilsportif.info\/#\/schema\/person\/cfbded294aa6095f7d96608d7905e9a1"},"inLanguage":"fr-FR","potentialAction":[{"@type":"ReadAction","target":["https:\/\/oeilsportif.info\/index.php\/interclubs-caf-la-sag-de-siguiri-a-quitte-conakry-pour-nouakchott\/"]}]},{"@type":"ImageObject","inLanguage":"fr-FR","@id":"https:\/\/oeilsportif.info\/index.php\/interclubs-caf-la-sag-de-siguiri-a-quitte-conakry-pour-nouakchott\/#primaryimage","url":"https:\/\/i0.wp.com\/oeilsportif.info\/wp-content\/uploads\/2022\/09\/FB_IMG_1663248983295.jpg?fit=500%2C911&ssl=1","contentUrl":"https:\/\/i0.wp.com\/oeilsportif.info\/wp-content\/uploads\/2022\/09\/FB_IMG_1663248983295.jpg?fit=500%2C911&ssl=1","width":500,"height":911},{"@type":"WebSite","@id":"https:\/\/oeilsportif.info\/#website","url":"https:\/\/oeilsportif.info\/","name":"le regard du sportif","description":"","potentialAction":[{"@type":"SearchAction","target":{"@type":"EntryPoint","urlTemplate":"https:\/\/oeilsportif.info\/?s={search_term_string}"},"query-input":{"@type":"PropertyValueSpecification","valueRequired":true,"valueName":"search_term_string"}}],"inLanguage":"fr-FR"},{"@type":"Person","@id":"https:\/\/oeilsportif.info\/#\/schema\/person\/cfbded294aa6095f7d96608d7905e9a1","name":"L'Equipe de la R\u00e9daction","image":{"@type":"ImageObject","inLanguage":"fr-FR","@id":"https:\/\/oeilsportif.info\/wp-content\/uploads\/2025\/07\/cropped-cropped-logo-os-96x96.jpeg","url":"https:\/\/oeilsportif.info\/wp-content\/uploads\/2025\/07\/cropped-cropped-logo-os-96x96.jpeg","contentUrl":"https:\/\/oeilsportif.info\/wp-content\/uploads\/2025\/07\/cropped-cropped-logo-os-96x96.jpeg","caption":"L'Equipe de la R\u00e9daction"},"url":"https:\/\/oeilsportif.info\/index.php\/author\/tawel\/"}]}},"jetpack_publicize_connections":[],"jetpack_featured_media_url":"https:\/\/i0.wp.com\/oeilsportif.info\/wp-content\/uploads\/2022\/09\/FB_IMG_1663248983295.jpg?fit=500%2C911&ssl=1","jetpack-related-posts":[],"jetpack_sharing_enabled":true,"jetpack_likes_enabled":true,"jetpack_shortlink":"https:\/\/wp.me\/pgFE77-vM","_links":{"self":[{"href":"https:\/\/oeilsportif.info\/index.php\/wp-json\/wp\/v2\/posts\/1970","targetHints":{"allow":["GET"]}}],"collection":[{"href":"https:\/\/oeilsportif.info\/index.php\/wp-json\/wp\/v2\/posts"}],"about":[{"href":"https:\/\/oeilsportif.info\/index.php\/wp-json\/wp\/v2\/types\/post"}],"author":[{"embeddable":true,"href":"https:\/\/oeilsportif.info\/index.php\/wp-json\/wp\/v2\/users\/2"}],"replies":[{"embeddable":true,"href":"https:\/\/oeilsportif.info\/index.php\/wp-json\/wp\/v2\/comments?post=1970"}],"version-history":[{"count":0,"href":"https:\/\/oeilsportif.info\/index.php\/wp-json\/wp\/v2\/posts\/1970\/revisions"}],"wp:featuredmedia":[{"embeddable":true,"href":"https:\/\/oeilsportif.info\/index.php\/wp-json\/wp\/v2\/media\/1971"}],"wp:attachment":[{"href":"https:\/\/oeilsportif.info\/index.php\/wp-json\/wp\/v2\/media?parent=1970"}],"wp:term":[{"taxonomy":"category","embeddable":true,"href":"https:\/\/oeilsportif.info\/index.php\/wp-json\/wp\/v2\/categories?post=1970"},{"taxonomy":"post_tag","embeddable":true,"href":"https:\/\/oeilsportif.info\/index.php\/wp-json\/wp\/v2\/tags?post=1970"}],"curies":[{"name":"wp","href":"https:\/\/api.w.org\/{rel}","templated":true}]}}