{"id":1933,"date":"2022-09-13T12:49:57","date_gmt":"2022-09-13T12:49:57","guid":{"rendered":"https:\/\/oeilsportif.info\/index.php\/?p=1933"},"modified":"2022-09-13T12:49:57","modified_gmt":"2022-09-13T12:49:57","slug":"coupe-caf-le-rck-tombe-0-1-face-a-ashanti-kotoko","status":"publish","type":"post","link":"https:\/\/oeilsportif.info\/index.php\/coupe-caf-le-rck-tombe-0-1-face-a-ashanti-kotoko\/","title":{"rendered":"Coupe CAF: le RCK tombe 0-1 face \u00e0 Ashanti Kotoko"},"content":{"rendered":"<p><strong>Le Rail Club du Kadiogo (RCK) est tomb\u00e9 par 1-0 devant le club ghan\u00e9en de l&rsquo;Ashanti Kotoko le 12 septembre 2022 au stade de l&rsquo;Amiti\u00e9 G\u00e9n\u00e9ral Mathieu KEREKOU de Cotonou. Ce match entre dans le cadre de la phase all\u00e9e du tour pr\u00e9liminaire de la ligue africaine des champions.<\/strong><\/p>\n<p>Trop impr\u00e9cis dans la zone de v\u00e9rit\u00e9 pendant toute la rencontre, les Faucons du Kadiogo ont \u00e9t\u00e9 punis sur un coup de pieds arr\u00eat\u00e9 de Isaac OPPONG, dans les arr\u00eats de jeu (93e).<br \/>\nLes Faucons ont opt\u00e9 pour le jeu d\u00e9fensif dans ce premier face \u00e0 face. Solide \u00e0 l&rsquo;arri\u00e8re, ils ont n\u00e9anmoins conc\u00e9d\u00e9 quelques occasions de but qui pouvaient alourdir le score, n\u2019eut \u00e9t\u00e9 un excellent Babayour\u00e9 SAWADOGO pour sauver les meubles. C\u2019est le cas \u00e0 la 54e minute, o\u00f9 le portier \u00e0 sorti le grand jeu pour envoyer le ballon en corner.<\/p>\n<p>C&rsquo;est par la plus petite des marques 1-0 que le RCK est tomb\u00e9 face \u00e0 l&rsquo;Ashanti Kotoko, du coach Burkinab\u00e8 Seydou ZERBO dit Krol. Rien n\u2019est encore perdu pour le champion en titre du Burkina dans cette comp\u00e9tition. Une victoire au match retour \u00e0 Kumasi le 18 septembre prochain, pourrait ouvrir les portes des \u00e9liminatoires de la ligue des champions pour le RCK.<\/p>\n<p>MSJE<\/p>\n","protected":false},"excerpt":{"rendered":"<p>Le Rail Club du Kadiogo (RCK) est tomb\u00e9 par 1-0 devant le club ghan\u00e9en de l&rsquo;Ashanti Kotoko le 12 septembre 2022 au stade de l&rsquo;Amiti\u00e9 G\u00e9n\u00e9ral Mathieu KEREKOU de Cotonou. Ce match entre dans le cadre de la phase all\u00e9e du tour pr\u00e9liminaire de la ligue africaine des champions. Trop impr\u00e9cis dans la zone de [&hellip;]<\/p>\n","protected":false},"author":2,"featured_media":1934,"comment_status":"closed","ping_status":"open","sticky":false,"template":"","format":"standard","meta":{"_jetpack_memberships_contains_paid_content":false,"footnotes":"","jetpack_publicize_message":"","jetpack_publicize_feature_enabled":true,"jetpack_social_post_already_shared":true,"jetpack_social_options":{"image_generator_settings":{"template":"highway","default_image_id":0,"font":"","enabled":false},"version":2}},"categories":[5],"tags":[],"class_list":{"0":"post-1933","1":"post","2":"type-post","3":"status-publish","4":"format-standard","5":"has-post-thumbnail","7":"category-football"},"yoast_head":"<!-- This site is optimized with the Yoast SEO plugin v27.4 - https:\/\/yoast.com\/product\/yoast-seo-wordpress\/ -->\n<title>Coupe CAF: le RCK tombe 0-1 face \u00e0 Ashanti Kotoko - le regard du sportif<\/title>\n<meta name=\"robots\" content=\"index, follow, max-snippet:-1, max-image-preview:large, max-video-preview:-1\" \/>\n<link rel=\"canonical\" href=\"https:\/\/oeilsportif.info\/index.php\/coupe-caf-le-rck-tombe-0-1-face-a-ashanti-kotoko\/\" \/>\n<meta property=\"og:locale\" content=\"fr_FR\" \/>\n<meta property=\"og:type\" content=\"article\" \/>\n<meta property=\"og:title\" content=\"Coupe CAF: le RCK tombe 0-1 face \u00e0 Ashanti Kotoko - le regard du sportif\" \/>\n<meta property=\"og:description\" content=\"Le Rail Club du Kadiogo (RCK) est tomb\u00e9 par 1-0 devant le club ghan\u00e9en de l&rsquo;Ashanti Kotoko le 12 septembre 2022 au stade de l&rsquo;Amiti\u00e9 G\u00e9n\u00e9ral Mathieu KEREKOU de Cotonou. Ce match entre dans le cadre de la phase all\u00e9e du tour pr\u00e9liminaire de la ligue africaine des champions. Trop impr\u00e9cis dans la zone de [&hellip;]\" \/>\n<meta property=\"og:url\" content=\"https:\/\/oeilsportif.info\/index.php\/coupe-caf-le-rck-tombe-0-1-face-a-ashanti-kotoko\/\" \/>\n<meta property=\"og:site_name\" content=\"le regard du sportif\" \/>\n<meta property=\"article:published_time\" content=\"2022-09-13T12:49:57+00:00\" \/>\n<meta property=\"og:image\" content=\"https:\/\/oeilsportif.info\/wp-content\/uploads\/2022\/09\/FB_IMG_1663073281198.jpg\" \/>\n\t<meta property=\"og:image:width\" content=\"1080\" \/>\n\t<meta property=\"og:image:height\" content=\"720\" \/>\n\t<meta property=\"og:image:type\" content=\"image\/jpeg\" \/>\n<meta name=\"author\" content=\"L&#039;Equipe de la R\u00e9daction\" \/>\n<meta name=\"twitter:label1\" content=\"\u00c9crit par\" \/>\n\t<meta name=\"twitter:data1\" content=\"L&#039;Equipe de la R\u00e9daction\" \/>\n\t<meta name=\"twitter:label2\" content=\"Dur\u00e9e de lecture estim\u00e9e\" \/>\n\t<meta name=\"twitter:data2\" content=\"2 minutes\" \/>\n<script type=\"application\/ld+json\" class=\"yoast-schema-graph\">{\"@context\":\"https:\\\/\\\/schema.org\",\"@graph\":[{\"@type\":\"Article\",\"@id\":\"https:\\\/\\\/oeilsportif.info\\\/index.php\\\/coupe-caf-le-rck-tombe-0-1-face-a-ashanti-kotoko\\\/#article\",\"isPartOf\":{\"@id\":\"https:\\\/\\\/oeilsportif.info\\\/index.php\\\/coupe-caf-le-rck-tombe-0-1-face-a-ashanti-kotoko\\\/\"},\"author\":{\"name\":\"L'Equipe de la R\u00e9daction\",\"@id\":\"https:\\\/\\\/oeilsportif.info\\\/#\\\/schema\\\/person\\\/cfbded294aa6095f7d96608d7905e9a1\"},\"headline\":\"Coupe CAF: le RCK tombe 0-1 face \u00e0 Ashanti Kotoko\",\"datePublished\":\"2022-09-13T12:49:57+00:00\",\"mainEntityOfPage\":{\"@id\":\"https:\\\/\\\/oeilsportif.info\\\/index.php\\\/coupe-caf-le-rck-tombe-0-1-face-a-ashanti-kotoko\\\/\"},\"wordCount\":229,\"image\":{\"@id\":\"https:\\\/\\\/oeilsportif.info\\\/index.php\\\/coupe-caf-le-rck-tombe-0-1-face-a-ashanti-kotoko\\\/#primaryimage\"},\"thumbnailUrl\":\"https:\\\/\\\/i0.wp.com\\\/oeilsportif.info\\\/wp-content\\\/uploads\\\/2022\\\/09\\\/FB_IMG_1663073281198.jpg?fit=1080%2C720&ssl=1\",\"articleSection\":[\"Football\"],\"inLanguage\":\"fr-FR\"},{\"@type\":\"WebPage\",\"@id\":\"https:\\\/\\\/oeilsportif.info\\\/index.php\\\/coupe-caf-le-rck-tombe-0-1-face-a-ashanti-kotoko\\\/\",\"url\":\"https:\\\/\\\/oeilsportif.info\\\/index.php\\\/coupe-caf-le-rck-tombe-0-1-face-a-ashanti-kotoko\\\/\",\"name\":\"Coupe CAF: le RCK tombe 0-1 face \u00e0 Ashanti Kotoko - le regard du sportif\",\"isPartOf\":{\"@id\":\"https:\\\/\\\/oeilsportif.info\\\/#website\"},\"primaryImageOfPage\":{\"@id\":\"https:\\\/\\\/oeilsportif.info\\\/index.php\\\/coupe-caf-le-rck-tombe-0-1-face-a-ashanti-kotoko\\\/#primaryimage\"},\"image\":{\"@id\":\"https:\\\/\\\/oeilsportif.info\\\/index.php\\\/coupe-caf-le-rck-tombe-0-1-face-a-ashanti-kotoko\\\/#primaryimage\"},\"thumbnailUrl\":\"https:\\\/\\\/i0.wp.com\\\/oeilsportif.info\\\/wp-content\\\/uploads\\\/2022\\\/09\\\/FB_IMG_1663073281198.jpg?fit=1080%2C720&ssl=1\",\"datePublished\":\"2022-09-13T12:49:57+00:00\",\"author\":{\"@id\":\"https:\\\/\\\/oeilsportif.info\\\/#\\\/schema\\\/person\\\/cfbded294aa6095f7d96608d7905e9a1\"},\"inLanguage\":\"fr-FR\",\"potentialAction\":[{\"@type\":\"ReadAction\",\"target\":[\"https:\\\/\\\/oeilsportif.info\\\/index.php\\\/coupe-caf-le-rck-tombe-0-1-face-a-ashanti-kotoko\\\/\"]}]},{\"@type\":\"ImageObject\",\"inLanguage\":\"fr-FR\",\"@id\":\"https:\\\/\\\/oeilsportif.info\\\/index.php\\\/coupe-caf-le-rck-tombe-0-1-face-a-ashanti-kotoko\\\/#primaryimage\",\"url\":\"https:\\\/\\\/i0.wp.com\\\/oeilsportif.info\\\/wp-content\\\/uploads\\\/2022\\\/09\\\/FB_IMG_1663073281198.jpg?fit=1080%2C720&ssl=1\",\"contentUrl\":\"https:\\\/\\\/i0.wp.com\\\/oeilsportif.info\\\/wp-content\\\/uploads\\\/2022\\\/09\\\/FB_IMG_1663073281198.jpg?fit=1080%2C720&ssl=1\",\"width\":1080,\"height\":720},{\"@type\":\"WebSite\",\"@id\":\"https:\\\/\\\/oeilsportif.info\\\/#website\",\"url\":\"https:\\\/\\\/oeilsportif.info\\\/\",\"name\":\"le regard du sportif\",\"description\":\"\",\"potentialAction\":[{\"@type\":\"SearchAction\",\"target\":{\"@type\":\"EntryPoint\",\"urlTemplate\":\"https:\\\/\\\/oeilsportif.info\\\/?s={search_term_string}\"},\"query-input\":{\"@type\":\"PropertyValueSpecification\",\"valueRequired\":true,\"valueName\":\"search_term_string\"}}],\"inLanguage\":\"fr-FR\"},{\"@type\":\"Person\",\"@id\":\"https:\\\/\\\/oeilsportif.info\\\/#\\\/schema\\\/person\\\/cfbded294aa6095f7d96608d7905e9a1\",\"name\":\"L'Equipe de la R\u00e9daction\",\"image\":{\"@type\":\"ImageObject\",\"inLanguage\":\"fr-FR\",\"@id\":\"https:\\\/\\\/oeilsportif.info\\\/wp-content\\\/uploads\\\/2025\\\/07\\\/cropped-cropped-logo-os-96x96.jpeg\",\"url\":\"https:\\\/\\\/oeilsportif.info\\\/wp-content\\\/uploads\\\/2025\\\/07\\\/cropped-cropped-logo-os-96x96.jpeg\",\"contentUrl\":\"https:\\\/\\\/oeilsportif.info\\\/wp-content\\\/uploads\\\/2025\\\/07\\\/cropped-cropped-logo-os-96x96.jpeg\",\"caption\":\"L'Equipe de la R\u00e9daction\"},\"url\":\"https:\\\/\\\/oeilsportif.info\\\/index.php\\\/author\\\/tawel\\\/\"}]}<\/script>\n<!-- \/ Yoast SEO plugin. -->","yoast_head_json":{"title":"Coupe CAF: le RCK tombe 0-1 face \u00e0 Ashanti Kotoko - le regard du sportif","robots":{"index":"index","follow":"follow","max-snippet":"max-snippet:-1","max-image-preview":"max-image-preview:large","max-video-preview":"max-video-preview:-1"},"canonical":"https:\/\/oeilsportif.info\/index.php\/coupe-caf-le-rck-tombe-0-1-face-a-ashanti-kotoko\/","og_locale":"fr_FR","og_type":"article","og_title":"Coupe CAF: le RCK tombe 0-1 face \u00e0 Ashanti Kotoko - le regard du sportif","og_description":"Le Rail Club du Kadiogo (RCK) est tomb\u00e9 par 1-0 devant le club ghan\u00e9en de l&rsquo;Ashanti Kotoko le 12 septembre 2022 au stade de l&rsquo;Amiti\u00e9 G\u00e9n\u00e9ral Mathieu KEREKOU de Cotonou. Ce match entre dans le cadre de la phase all\u00e9e du tour pr\u00e9liminaire de la ligue africaine des champions. Trop impr\u00e9cis dans la zone de [&hellip;]","og_url":"https:\/\/oeilsportif.info\/index.php\/coupe-caf-le-rck-tombe-0-1-face-a-ashanti-kotoko\/","og_site_name":"le regard du sportif","article_published_time":"2022-09-13T12:49:57+00:00","og_image":[{"width":1080,"height":720,"url":"https:\/\/oeilsportif.info\/wp-content\/uploads\/2022\/09\/FB_IMG_1663073281198.jpg","type":"image\/jpeg"}],"author":"L'Equipe de la R\u00e9daction","twitter_misc":{"\u00c9crit par":"L'Equipe de la R\u00e9daction","Dur\u00e9e de lecture estim\u00e9e":"2 minutes"},"schema":{"@context":"https:\/\/schema.org","@graph":[{"@type":"Article","@id":"https:\/\/oeilsportif.info\/index.php\/coupe-caf-le-rck-tombe-0-1-face-a-ashanti-kotoko\/#article","isPartOf":{"@id":"https:\/\/oeilsportif.info\/index.php\/coupe-caf-le-rck-tombe-0-1-face-a-ashanti-kotoko\/"},"author":{"name":"L'Equipe de la R\u00e9daction","@id":"https:\/\/oeilsportif.info\/#\/schema\/person\/cfbded294aa6095f7d96608d7905e9a1"},"headline":"Coupe CAF: le RCK tombe 0-1 face \u00e0 Ashanti Kotoko","datePublished":"2022-09-13T12:49:57+00:00","mainEntityOfPage":{"@id":"https:\/\/oeilsportif.info\/index.php\/coupe-caf-le-rck-tombe-0-1-face-a-ashanti-kotoko\/"},"wordCount":229,"image":{"@id":"https:\/\/oeilsportif.info\/index.php\/coupe-caf-le-rck-tombe-0-1-face-a-ashanti-kotoko\/#primaryimage"},"thumbnailUrl":"https:\/\/i0.wp.com\/oeilsportif.info\/wp-content\/uploads\/2022\/09\/FB_IMG_1663073281198.jpg?fit=1080%2C720&ssl=1","articleSection":["Football"],"inLanguage":"fr-FR"},{"@type":"WebPage","@id":"https:\/\/oeilsportif.info\/index.php\/coupe-caf-le-rck-tombe-0-1-face-a-ashanti-kotoko\/","url":"https:\/\/oeilsportif.info\/index.php\/coupe-caf-le-rck-tombe-0-1-face-a-ashanti-kotoko\/","name":"Coupe CAF: le RCK tombe 0-1 face \u00e0 Ashanti Kotoko - le regard du sportif","isPartOf":{"@id":"https:\/\/oeilsportif.info\/#website"},"primaryImageOfPage":{"@id":"https:\/\/oeilsportif.info\/index.php\/coupe-caf-le-rck-tombe-0-1-face-a-ashanti-kotoko\/#primaryimage"},"image":{"@id":"https:\/\/oeilsportif.info\/index.php\/coupe-caf-le-rck-tombe-0-1-face-a-ashanti-kotoko\/#primaryimage"},"thumbnailUrl":"https:\/\/i0.wp.com\/oeilsportif.info\/wp-content\/uploads\/2022\/09\/FB_IMG_1663073281198.jpg?fit=1080%2C720&ssl=1","datePublished":"2022-09-13T12:49:57+00:00","author":{"@id":"https:\/\/oeilsportif.info\/#\/schema\/person\/cfbded294aa6095f7d96608d7905e9a1"},"inLanguage":"fr-FR","potentialAction":[{"@type":"ReadAction","target":["https:\/\/oeilsportif.info\/index.php\/coupe-caf-le-rck-tombe-0-1-face-a-ashanti-kotoko\/"]}]},{"@type":"ImageObject","inLanguage":"fr-FR","@id":"https:\/\/oeilsportif.info\/index.php\/coupe-caf-le-rck-tombe-0-1-face-a-ashanti-kotoko\/#primaryimage","url":"https:\/\/i0.wp.com\/oeilsportif.info\/wp-content\/uploads\/2022\/09\/FB_IMG_1663073281198.jpg?fit=1080%2C720&ssl=1","contentUrl":"https:\/\/i0.wp.com\/oeilsportif.info\/wp-content\/uploads\/2022\/09\/FB_IMG_1663073281198.jpg?fit=1080%2C720&ssl=1","width":1080,"height":720},{"@type":"WebSite","@id":"https:\/\/oeilsportif.info\/#website","url":"https:\/\/oeilsportif.info\/","name":"le regard du sportif","description":"","potentialAction":[{"@type":"SearchAction","target":{"@type":"EntryPoint","urlTemplate":"https:\/\/oeilsportif.info\/?s={search_term_string}"},"query-input":{"@type":"PropertyValueSpecification","valueRequired":true,"valueName":"search_term_string"}}],"inLanguage":"fr-FR"},{"@type":"Person","@id":"https:\/\/oeilsportif.info\/#\/schema\/person\/cfbded294aa6095f7d96608d7905e9a1","name":"L'Equipe de la R\u00e9daction","image":{"@type":"ImageObject","inLanguage":"fr-FR","@id":"https:\/\/oeilsportif.info\/wp-content\/uploads\/2025\/07\/cropped-cropped-logo-os-96x96.jpeg","url":"https:\/\/oeilsportif.info\/wp-content\/uploads\/2025\/07\/cropped-cropped-logo-os-96x96.jpeg","contentUrl":"https:\/\/oeilsportif.info\/wp-content\/uploads\/2025\/07\/cropped-cropped-logo-os-96x96.jpeg","caption":"L'Equipe de la R\u00e9daction"},"url":"https:\/\/oeilsportif.info\/index.php\/author\/tawel\/"}]}},"jetpack_publicize_connections":[],"jetpack_featured_media_url":"https:\/\/i0.wp.com\/oeilsportif.info\/wp-content\/uploads\/2022\/09\/FB_IMG_1663073281198.jpg?fit=1080%2C720&ssl=1","jetpack-related-posts":[],"jetpack_sharing_enabled":true,"jetpack_likes_enabled":true,"jetpack_shortlink":"https:\/\/wp.me\/pgFE77-vb","_links":{"self":[{"href":"https:\/\/oeilsportif.info\/index.php\/wp-json\/wp\/v2\/posts\/1933","targetHints":{"allow":["GET"]}}],"collection":[{"href":"https:\/\/oeilsportif.info\/index.php\/wp-json\/wp\/v2\/posts"}],"about":[{"href":"https:\/\/oeilsportif.info\/index.php\/wp-json\/wp\/v2\/types\/post"}],"author":[{"embeddable":true,"href":"https:\/\/oeilsportif.info\/index.php\/wp-json\/wp\/v2\/users\/2"}],"replies":[{"embeddable":true,"href":"https:\/\/oeilsportif.info\/index.php\/wp-json\/wp\/v2\/comments?post=1933"}],"version-history":[{"count":0,"href":"https:\/\/oeilsportif.info\/index.php\/wp-json\/wp\/v2\/posts\/1933\/revisions"}],"wp:featuredmedia":[{"embeddable":true,"href":"https:\/\/oeilsportif.info\/index.php\/wp-json\/wp\/v2\/media\/1934"}],"wp:attachment":[{"href":"https:\/\/oeilsportif.info\/index.php\/wp-json\/wp\/v2\/media?parent=1933"}],"wp:term":[{"taxonomy":"category","embeddable":true,"href":"https:\/\/oeilsportif.info\/index.php\/wp-json\/wp\/v2\/categories?post=1933"},{"taxonomy":"post_tag","embeddable":true,"href":"https:\/\/oeilsportif.info\/index.php\/wp-json\/wp\/v2\/tags?post=1933"}],"curies":[{"name":"wp","href":"https:\/\/api.w.org\/{rel}","templated":true}]}}