{"id":1923,"date":"2022-09-12T08:48:51","date_gmt":"2022-09-12T08:48:51","guid":{"rendered":"https:\/\/oeilsportif.info\/index.php\/?p=1923"},"modified":"2022-09-12T08:48:51","modified_gmt":"2022-09-12T08:48:51","slug":"tournoi-qualificatif-u-20-kamil-zayatte-deverse-sa-colere-noire-sur-le-departement-de-tutelle","status":"publish","type":"post","link":"https:\/\/oeilsportif.info\/index.php\/tournoi-qualificatif-u-20-kamil-zayatte-deverse-sa-colere-noire-sur-le-departement-de-tutelle\/","title":{"rendered":"Tournoi Qualificatif U-20 : Kamil Zayatte d\u00e9verse sa col\u00e8re noire sur le d\u00e9partement de tutelle"},"content":{"rendered":"<p>De retour de Nouakchott ( Mauritanie ) pour le compte du tournoi qualificatif des moins de 20 ans o\u00f9 le Syli junior a vu son r\u00eave bris\u00e9 en phase de poules.L\u2019ex international guin\u00e9en , l\u2019intendant de l\u2019\u00e9quipe Kamil Zayatte a montr\u00e9 toute son indignation suite au traitement du minist\u00e8re en charge des sports. L\u2019ancien capitaine du Syli national s\u2019est exprim\u00e9 en ces termes via son compte facebook.<\/p>\n<p><strong>\u00ab Le minist\u00e8re des sport a abandonn\u00e9 l\u2019\u00e9quipe nationale des U-20 \u00e0 notre sort en Mauritanie sans soutien le ministre ne savait pas que l\u2019\u00e9quipe \u00e9tait engag\u00e9e dans 1 comp\u00e9tition heureusement que la f\u00e9d\u00e9ration \u00e9tait la et c\u2019est vraiment dommage.\u00bb<\/strong> a l\u00e2ch\u00e9 zayatte.<\/p>\n<p>Plus loin , l\u2019ancien joueur du club anglais (Hull City ) a rench\u00e9ri avec une autre r\u00e9v\u00e9lation qui ne fait honneur au d\u00e9partement de tutelle.<\/p>\n<p><strong>\u00abArriv\u00e9 en Guin\u00e9e on nous a donn\u00e9 40.000GNF par personne ils n\u2019ont pas respect\u00e9 l\u2019arr\u00eat\u00e9 conjoint sign\u00e9 par eux-m\u00eames ils en ont rien a foutre apr\u00e8s c\u2019est pour demander des r\u00e9sultats.\u00bb<\/strong><\/p>\n<p>Avec ce type de traitement la Guin\u00e9e pouvait-elle faire l\u2019exploit en Mauritanie d\u2019autant plus que toutes les commodit\u00e9s n\u2019\u00e9taient pas r\u00e9unies. Au del\u00e0 du Syli junior , plusieurs sources nous ont laiss\u00e9es entendre que le Syli local a connu la m\u00eame m\u00e9saventure du c\u00f4t\u00e9 de Bamako. Lors du stage , les joueurs n\u2019ont re\u00e7u aucun centime comme prime de stage. Et une fois \u00e0 Conakry , c\u2019\u00e9tait d\u2019ailleurs la m\u00eame situation \u00e9hont\u00e9e.<\/p>\n<p>Milla Camara<\/p>\n","protected":false},"excerpt":{"rendered":"<p>De retour de Nouakchott ( Mauritanie ) pour le compte du tournoi qualificatif des moins de 20 ans o\u00f9 le Syli junior a vu son r\u00eave bris\u00e9 en phase de poules.L\u2019ex international guin\u00e9en , l\u2019intendant de l\u2019\u00e9quipe Kamil Zayatte a montr\u00e9 toute son indignation suite au traitement du minist\u00e8re en charge des sports. L\u2019ancien capitaine [&hellip;]<\/p>\n","protected":false},"author":2,"featured_media":1924,"comment_status":"closed","ping_status":"open","sticky":false,"template":"","format":"standard","meta":{"_jetpack_memberships_contains_paid_content":false,"footnotes":"","jetpack_publicize_message":"","jetpack_publicize_feature_enabled":true,"jetpack_social_post_already_shared":true,"jetpack_social_options":{"image_generator_settings":{"template":"highway","default_image_id":0,"font":"","enabled":false},"version":2}},"categories":[5],"tags":[],"class_list":{"0":"post-1923","1":"post","2":"type-post","3":"status-publish","4":"format-standard","5":"has-post-thumbnail","7":"category-football"},"yoast_head":"<!-- This site is optimized with the Yoast SEO plugin v27.4 - https:\/\/yoast.com\/product\/yoast-seo-wordpress\/ -->\n<title>Tournoi Qualificatif U-20 : Kamil Zayatte d\u00e9verse sa col\u00e8re noire sur le d\u00e9partement de tutelle - le regard du sportif<\/title>\n<meta name=\"robots\" content=\"index, follow, max-snippet:-1, max-image-preview:large, max-video-preview:-1\" \/>\n<link rel=\"canonical\" href=\"https:\/\/oeilsportif.info\/index.php\/tournoi-qualificatif-u-20-kamil-zayatte-deverse-sa-colere-noire-sur-le-departement-de-tutelle\/\" \/>\n<meta property=\"og:locale\" content=\"fr_FR\" \/>\n<meta property=\"og:type\" content=\"article\" \/>\n<meta property=\"og:title\" content=\"Tournoi Qualificatif U-20 : Kamil Zayatte d\u00e9verse sa col\u00e8re noire sur le d\u00e9partement de tutelle - le regard du sportif\" \/>\n<meta property=\"og:description\" content=\"De retour de Nouakchott ( Mauritanie ) pour le compte du tournoi qualificatif des moins de 20 ans o\u00f9 le Syli junior a vu son r\u00eave bris\u00e9 en phase de poules.L\u2019ex international guin\u00e9en , l\u2019intendant de l\u2019\u00e9quipe Kamil Zayatte a montr\u00e9 toute son indignation suite au traitement du minist\u00e8re en charge des sports. L\u2019ancien capitaine [&hellip;]\" \/>\n<meta property=\"og:url\" content=\"https:\/\/oeilsportif.info\/index.php\/tournoi-qualificatif-u-20-kamil-zayatte-deverse-sa-colere-noire-sur-le-departement-de-tutelle\/\" \/>\n<meta property=\"og:site_name\" content=\"le regard du sportif\" \/>\n<meta property=\"article:published_time\" content=\"2022-09-12T08:48:51+00:00\" \/>\n<meta property=\"og:image\" content=\"https:\/\/oeilsportif.info\/wp-content\/uploads\/2022\/09\/FB_IMG_1662972145902.jpg\" \/>\n\t<meta property=\"og:image:width\" content=\"768\" \/>\n\t<meta property=\"og:image:height\" content=\"960\" \/>\n\t<meta property=\"og:image:type\" content=\"image\/jpeg\" \/>\n<meta name=\"author\" content=\"L&#039;Equipe de la R\u00e9daction\" \/>\n<meta name=\"twitter:label1\" content=\"\u00c9crit par\" \/>\n\t<meta name=\"twitter:data1\" content=\"L&#039;Equipe de la R\u00e9daction\" \/>\n\t<meta name=\"twitter:label2\" content=\"Dur\u00e9e de lecture estim\u00e9e\" \/>\n\t<meta name=\"twitter:data2\" content=\"2 minutes\" \/>\n<script type=\"application\/ld+json\" class=\"yoast-schema-graph\">{\"@context\":\"https:\\\/\\\/schema.org\",\"@graph\":[{\"@type\":\"Article\",\"@id\":\"https:\\\/\\\/oeilsportif.info\\\/index.php\\\/tournoi-qualificatif-u-20-kamil-zayatte-deverse-sa-colere-noire-sur-le-departement-de-tutelle\\\/#article\",\"isPartOf\":{\"@id\":\"https:\\\/\\\/oeilsportif.info\\\/index.php\\\/tournoi-qualificatif-u-20-kamil-zayatte-deverse-sa-colere-noire-sur-le-departement-de-tutelle\\\/\"},\"author\":{\"name\":\"L'Equipe de la R\u00e9daction\",\"@id\":\"https:\\\/\\\/oeilsportif.info\\\/#\\\/schema\\\/person\\\/cfbded294aa6095f7d96608d7905e9a1\"},\"headline\":\"Tournoi Qualificatif U-20 : Kamil Zayatte d\u00e9verse sa col\u00e8re noire sur le d\u00e9partement de tutelle\",\"datePublished\":\"2022-09-12T08:48:51+00:00\",\"mainEntityOfPage\":{\"@id\":\"https:\\\/\\\/oeilsportif.info\\\/index.php\\\/tournoi-qualificatif-u-20-kamil-zayatte-deverse-sa-colere-noire-sur-le-departement-de-tutelle\\\/\"},\"wordCount\":291,\"image\":{\"@id\":\"https:\\\/\\\/oeilsportif.info\\\/index.php\\\/tournoi-qualificatif-u-20-kamil-zayatte-deverse-sa-colere-noire-sur-le-departement-de-tutelle\\\/#primaryimage\"},\"thumbnailUrl\":\"https:\\\/\\\/i0.wp.com\\\/oeilsportif.info\\\/wp-content\\\/uploads\\\/2022\\\/09\\\/FB_IMG_1662972145902.jpg?fit=768%2C960&ssl=1\",\"articleSection\":[\"Football\"],\"inLanguage\":\"fr-FR\"},{\"@type\":\"WebPage\",\"@id\":\"https:\\\/\\\/oeilsportif.info\\\/index.php\\\/tournoi-qualificatif-u-20-kamil-zayatte-deverse-sa-colere-noire-sur-le-departement-de-tutelle\\\/\",\"url\":\"https:\\\/\\\/oeilsportif.info\\\/index.php\\\/tournoi-qualificatif-u-20-kamil-zayatte-deverse-sa-colere-noire-sur-le-departement-de-tutelle\\\/\",\"name\":\"Tournoi Qualificatif U-20 : Kamil Zayatte d\u00e9verse sa col\u00e8re noire sur le d\u00e9partement de tutelle - le regard du sportif\",\"isPartOf\":{\"@id\":\"https:\\\/\\\/oeilsportif.info\\\/#website\"},\"primaryImageOfPage\":{\"@id\":\"https:\\\/\\\/oeilsportif.info\\\/index.php\\\/tournoi-qualificatif-u-20-kamil-zayatte-deverse-sa-colere-noire-sur-le-departement-de-tutelle\\\/#primaryimage\"},\"image\":{\"@id\":\"https:\\\/\\\/oeilsportif.info\\\/index.php\\\/tournoi-qualificatif-u-20-kamil-zayatte-deverse-sa-colere-noire-sur-le-departement-de-tutelle\\\/#primaryimage\"},\"thumbnailUrl\":\"https:\\\/\\\/i0.wp.com\\\/oeilsportif.info\\\/wp-content\\\/uploads\\\/2022\\\/09\\\/FB_IMG_1662972145902.jpg?fit=768%2C960&ssl=1\",\"datePublished\":\"2022-09-12T08:48:51+00:00\",\"author\":{\"@id\":\"https:\\\/\\\/oeilsportif.info\\\/#\\\/schema\\\/person\\\/cfbded294aa6095f7d96608d7905e9a1\"},\"inLanguage\":\"fr-FR\",\"potentialAction\":[{\"@type\":\"ReadAction\",\"target\":[\"https:\\\/\\\/oeilsportif.info\\\/index.php\\\/tournoi-qualificatif-u-20-kamil-zayatte-deverse-sa-colere-noire-sur-le-departement-de-tutelle\\\/\"]}]},{\"@type\":\"ImageObject\",\"inLanguage\":\"fr-FR\",\"@id\":\"https:\\\/\\\/oeilsportif.info\\\/index.php\\\/tournoi-qualificatif-u-20-kamil-zayatte-deverse-sa-colere-noire-sur-le-departement-de-tutelle\\\/#primaryimage\",\"url\":\"https:\\\/\\\/i0.wp.com\\\/oeilsportif.info\\\/wp-content\\\/uploads\\\/2022\\\/09\\\/FB_IMG_1662972145902.jpg?fit=768%2C960&ssl=1\",\"contentUrl\":\"https:\\\/\\\/i0.wp.com\\\/oeilsportif.info\\\/wp-content\\\/uploads\\\/2022\\\/09\\\/FB_IMG_1662972145902.jpg?fit=768%2C960&ssl=1\",\"width\":768,\"height\":960},{\"@type\":\"WebSite\",\"@id\":\"https:\\\/\\\/oeilsportif.info\\\/#website\",\"url\":\"https:\\\/\\\/oeilsportif.info\\\/\",\"name\":\"le regard du sportif\",\"description\":\"\",\"potentialAction\":[{\"@type\":\"SearchAction\",\"target\":{\"@type\":\"EntryPoint\",\"urlTemplate\":\"https:\\\/\\\/oeilsportif.info\\\/?s={search_term_string}\"},\"query-input\":{\"@type\":\"PropertyValueSpecification\",\"valueRequired\":true,\"valueName\":\"search_term_string\"}}],\"inLanguage\":\"fr-FR\"},{\"@type\":\"Person\",\"@id\":\"https:\\\/\\\/oeilsportif.info\\\/#\\\/schema\\\/person\\\/cfbded294aa6095f7d96608d7905e9a1\",\"name\":\"L'Equipe de la R\u00e9daction\",\"image\":{\"@type\":\"ImageObject\",\"inLanguage\":\"fr-FR\",\"@id\":\"https:\\\/\\\/oeilsportif.info\\\/wp-content\\\/uploads\\\/2025\\\/07\\\/cropped-cropped-logo-os-96x96.jpeg\",\"url\":\"https:\\\/\\\/oeilsportif.info\\\/wp-content\\\/uploads\\\/2025\\\/07\\\/cropped-cropped-logo-os-96x96.jpeg\",\"contentUrl\":\"https:\\\/\\\/oeilsportif.info\\\/wp-content\\\/uploads\\\/2025\\\/07\\\/cropped-cropped-logo-os-96x96.jpeg\",\"caption\":\"L'Equipe de la R\u00e9daction\"},\"url\":\"https:\\\/\\\/oeilsportif.info\\\/index.php\\\/author\\\/tawel\\\/\"}]}<\/script>\n<!-- \/ Yoast SEO plugin. -->","yoast_head_json":{"title":"Tournoi Qualificatif U-20 : Kamil Zayatte d\u00e9verse sa col\u00e8re noire sur le d\u00e9partement de tutelle - le regard du sportif","robots":{"index":"index","follow":"follow","max-snippet":"max-snippet:-1","max-image-preview":"max-image-preview:large","max-video-preview":"max-video-preview:-1"},"canonical":"https:\/\/oeilsportif.info\/index.php\/tournoi-qualificatif-u-20-kamil-zayatte-deverse-sa-colere-noire-sur-le-departement-de-tutelle\/","og_locale":"fr_FR","og_type":"article","og_title":"Tournoi Qualificatif U-20 : Kamil Zayatte d\u00e9verse sa col\u00e8re noire sur le d\u00e9partement de tutelle - le regard du sportif","og_description":"De retour de Nouakchott ( Mauritanie ) pour le compte du tournoi qualificatif des moins de 20 ans o\u00f9 le Syli junior a vu son r\u00eave bris\u00e9 en phase de poules.L\u2019ex international guin\u00e9en , l\u2019intendant de l\u2019\u00e9quipe Kamil Zayatte a montr\u00e9 toute son indignation suite au traitement du minist\u00e8re en charge des sports. L\u2019ancien capitaine [&hellip;]","og_url":"https:\/\/oeilsportif.info\/index.php\/tournoi-qualificatif-u-20-kamil-zayatte-deverse-sa-colere-noire-sur-le-departement-de-tutelle\/","og_site_name":"le regard du sportif","article_published_time":"2022-09-12T08:48:51+00:00","og_image":[{"width":768,"height":960,"url":"https:\/\/oeilsportif.info\/wp-content\/uploads\/2022\/09\/FB_IMG_1662972145902.jpg","type":"image\/jpeg"}],"author":"L'Equipe de la R\u00e9daction","twitter_misc":{"\u00c9crit par":"L'Equipe de la R\u00e9daction","Dur\u00e9e de lecture estim\u00e9e":"2 minutes"},"schema":{"@context":"https:\/\/schema.org","@graph":[{"@type":"Article","@id":"https:\/\/oeilsportif.info\/index.php\/tournoi-qualificatif-u-20-kamil-zayatte-deverse-sa-colere-noire-sur-le-departement-de-tutelle\/#article","isPartOf":{"@id":"https:\/\/oeilsportif.info\/index.php\/tournoi-qualificatif-u-20-kamil-zayatte-deverse-sa-colere-noire-sur-le-departement-de-tutelle\/"},"author":{"name":"L'Equipe de la R\u00e9daction","@id":"https:\/\/oeilsportif.info\/#\/schema\/person\/cfbded294aa6095f7d96608d7905e9a1"},"headline":"Tournoi Qualificatif U-20 : Kamil Zayatte d\u00e9verse sa col\u00e8re noire sur le d\u00e9partement de tutelle","datePublished":"2022-09-12T08:48:51+00:00","mainEntityOfPage":{"@id":"https:\/\/oeilsportif.info\/index.php\/tournoi-qualificatif-u-20-kamil-zayatte-deverse-sa-colere-noire-sur-le-departement-de-tutelle\/"},"wordCount":291,"image":{"@id":"https:\/\/oeilsportif.info\/index.php\/tournoi-qualificatif-u-20-kamil-zayatte-deverse-sa-colere-noire-sur-le-departement-de-tutelle\/#primaryimage"},"thumbnailUrl":"https:\/\/i0.wp.com\/oeilsportif.info\/wp-content\/uploads\/2022\/09\/FB_IMG_1662972145902.jpg?fit=768%2C960&ssl=1","articleSection":["Football"],"inLanguage":"fr-FR"},{"@type":"WebPage","@id":"https:\/\/oeilsportif.info\/index.php\/tournoi-qualificatif-u-20-kamil-zayatte-deverse-sa-colere-noire-sur-le-departement-de-tutelle\/","url":"https:\/\/oeilsportif.info\/index.php\/tournoi-qualificatif-u-20-kamil-zayatte-deverse-sa-colere-noire-sur-le-departement-de-tutelle\/","name":"Tournoi Qualificatif U-20 : Kamil Zayatte d\u00e9verse sa col\u00e8re noire sur le d\u00e9partement de tutelle - le regard du sportif","isPartOf":{"@id":"https:\/\/oeilsportif.info\/#website"},"primaryImageOfPage":{"@id":"https:\/\/oeilsportif.info\/index.php\/tournoi-qualificatif-u-20-kamil-zayatte-deverse-sa-colere-noire-sur-le-departement-de-tutelle\/#primaryimage"},"image":{"@id":"https:\/\/oeilsportif.info\/index.php\/tournoi-qualificatif-u-20-kamil-zayatte-deverse-sa-colere-noire-sur-le-departement-de-tutelle\/#primaryimage"},"thumbnailUrl":"https:\/\/i0.wp.com\/oeilsportif.info\/wp-content\/uploads\/2022\/09\/FB_IMG_1662972145902.jpg?fit=768%2C960&ssl=1","datePublished":"2022-09-12T08:48:51+00:00","author":{"@id":"https:\/\/oeilsportif.info\/#\/schema\/person\/cfbded294aa6095f7d96608d7905e9a1"},"inLanguage":"fr-FR","potentialAction":[{"@type":"ReadAction","target":["https:\/\/oeilsportif.info\/index.php\/tournoi-qualificatif-u-20-kamil-zayatte-deverse-sa-colere-noire-sur-le-departement-de-tutelle\/"]}]},{"@type":"ImageObject","inLanguage":"fr-FR","@id":"https:\/\/oeilsportif.info\/index.php\/tournoi-qualificatif-u-20-kamil-zayatte-deverse-sa-colere-noire-sur-le-departement-de-tutelle\/#primaryimage","url":"https:\/\/i0.wp.com\/oeilsportif.info\/wp-content\/uploads\/2022\/09\/FB_IMG_1662972145902.jpg?fit=768%2C960&ssl=1","contentUrl":"https:\/\/i0.wp.com\/oeilsportif.info\/wp-content\/uploads\/2022\/09\/FB_IMG_1662972145902.jpg?fit=768%2C960&ssl=1","width":768,"height":960},{"@type":"WebSite","@id":"https:\/\/oeilsportif.info\/#website","url":"https:\/\/oeilsportif.info\/","name":"le regard du sportif","description":"","potentialAction":[{"@type":"SearchAction","target":{"@type":"EntryPoint","urlTemplate":"https:\/\/oeilsportif.info\/?s={search_term_string}"},"query-input":{"@type":"PropertyValueSpecification","valueRequired":true,"valueName":"search_term_string"}}],"inLanguage":"fr-FR"},{"@type":"Person","@id":"https:\/\/oeilsportif.info\/#\/schema\/person\/cfbded294aa6095f7d96608d7905e9a1","name":"L'Equipe de la R\u00e9daction","image":{"@type":"ImageObject","inLanguage":"fr-FR","@id":"https:\/\/oeilsportif.info\/wp-content\/uploads\/2025\/07\/cropped-cropped-logo-os-96x96.jpeg","url":"https:\/\/oeilsportif.info\/wp-content\/uploads\/2025\/07\/cropped-cropped-logo-os-96x96.jpeg","contentUrl":"https:\/\/oeilsportif.info\/wp-content\/uploads\/2025\/07\/cropped-cropped-logo-os-96x96.jpeg","caption":"L'Equipe de la R\u00e9daction"},"url":"https:\/\/oeilsportif.info\/index.php\/author\/tawel\/"}]}},"jetpack_publicize_connections":[],"jetpack_featured_media_url":"https:\/\/i0.wp.com\/oeilsportif.info\/wp-content\/uploads\/2022\/09\/FB_IMG_1662972145902.jpg?fit=768%2C960&ssl=1","jetpack-related-posts":[],"jetpack_sharing_enabled":true,"jetpack_likes_enabled":true,"jetpack_shortlink":"https:\/\/wp.me\/pgFE77-v1","_links":{"self":[{"href":"https:\/\/oeilsportif.info\/index.php\/wp-json\/wp\/v2\/posts\/1923","targetHints":{"allow":["GET"]}}],"collection":[{"href":"https:\/\/oeilsportif.info\/index.php\/wp-json\/wp\/v2\/posts"}],"about":[{"href":"https:\/\/oeilsportif.info\/index.php\/wp-json\/wp\/v2\/types\/post"}],"author":[{"embeddable":true,"href":"https:\/\/oeilsportif.info\/index.php\/wp-json\/wp\/v2\/users\/2"}],"replies":[{"embeddable":true,"href":"https:\/\/oeilsportif.info\/index.php\/wp-json\/wp\/v2\/comments?post=1923"}],"version-history":[{"count":0,"href":"https:\/\/oeilsportif.info\/index.php\/wp-json\/wp\/v2\/posts\/1923\/revisions"}],"wp:featuredmedia":[{"embeddable":true,"href":"https:\/\/oeilsportif.info\/index.php\/wp-json\/wp\/v2\/media\/1924"}],"wp:attachment":[{"href":"https:\/\/oeilsportif.info\/index.php\/wp-json\/wp\/v2\/media?parent=1923"}],"wp:term":[{"taxonomy":"category","embeddable":true,"href":"https:\/\/oeilsportif.info\/index.php\/wp-json\/wp\/v2\/categories?post=1923"},{"taxonomy":"post_tag","embeddable":true,"href":"https:\/\/oeilsportif.info\/index.php\/wp-json\/wp\/v2\/tags?post=1923"}],"curies":[{"name":"wp","href":"https:\/\/api.w.org\/{rel}","templated":true}]}}