{"id":1920,"date":"2022-09-11T18:03:16","date_gmt":"2022-09-11T18:03:16","guid":{"rendered":"https:\/\/oeilsportif.info\/index.php\/?p=1920"},"modified":"2022-09-11T18:03:16","modified_gmt":"2022-09-11T18:03:16","slug":"interclubs-caf-las-douane-perd-a-lagos","status":"publish","type":"post","link":"https:\/\/oeilsportif.info\/index.php\/interclubs-caf-las-douane-perd-a-lagos\/","title":{"rendered":"Interclubs CAF: L&rsquo;AS Douane perd \u00e0 Lagos !"},"content":{"rendered":"<p><strong>\ud835\uddab&rsquo;AS \ud835\udda3\ud835\uddae\ud835\uddb4\ud835\udda0\ud835\uddad\ud835\udda4\ud835\uddb2 \ud835\uddcd\ud835\uddc8\ud835\uddc6\ud835\uddbb\ud835\uddbe \ud835\uddc5\ud835\uddc8\ud835\uddce\ud835\uddcb\ud835\uddbd\ud835\uddbe\ud835\uddc6\ud835\uddbe\ud835\uddc7\ud835\uddcd \u00e0 \ud835\uddab\ud835\uddba\ud835\uddc0\ud835\uddc8\ud835\uddcc<\/strong><br \/>\n<strong>Pour son grand retour en comp\u00e9tition interclubs africain, l&rsquo;AS DOUANES n&rsquo;a pas pes\u00e9 lourd ce dimanche 11 septembre face \u00e0 Kwara FC du Nigeria en pr\u00e9liminaires aller de la Coupe CAF. En effet, le club nig\u00e9rien s&rsquo;est lourdement inclin\u00e9 sur un score de 3 -0.<\/strong><\/p>\n<p>Tout s&rsquo;est jou\u00e9 en premi\u00e8re p\u00e9riode o\u00f9 l&rsquo;\u00e9quipe h\u00f4te bien en place \u00e0 profiter des errements tactiques du milieu de terrain et des maladresses de la d\u00e9fense de L&rsquo;AS DOUANES pour ouvrir le score et enfoncer le clou. D\u00e9j\u00e0 \u00e0 la mi-temps Kwara United m\u00e8ne par 3-0 .<\/p>\n<p>En seconde p\u00e9riode les changements op\u00e9r\u00e9s par le coach Abdouramane Issa Maiga ont permis de stabiliser le jeu et de permettre \u00e0 son \u00e9quipe de dominer l&rsquo;adversaire. Mais ce dernier bien retranch\u00e9 derri\u00e8re ses trois buts \u00e0 su garder la cadence et conserver le score intact jusqu&rsquo;\u00e0 la fin du temps r\u00e9glementaire.<\/p>\n<p>Ainsi Kwara United prend une belle option pour la qualification au second tour. A L&rsquo;AS DOUANES de trouver l&rsquo;alchimie n\u00e9cessaire pour renverser la tendance et se qualifier au tour suivant. Cela passe forc\u00e9ment par une grande mobilisation des supporters.<\/p>\n<p>Source : FNF<\/p>\n<p>&nbsp;<\/p>\n","protected":false},"excerpt":{"rendered":"<p>\ud835\uddab&rsquo;AS \ud835\udda3\ud835\uddae\ud835\uddb4\ud835\udda0\ud835\uddad\ud835\udda4\ud835\uddb2 \ud835\uddcd\ud835\uddc8\ud835\uddc6\ud835\uddbb\ud835\uddbe \ud835\uddc5\ud835\uddc8\ud835\uddce\ud835\uddcb\ud835\uddbd\ud835\uddbe\ud835\uddc6\ud835\uddbe\ud835\uddc7\ud835\uddcd \u00e0 \ud835\uddab\ud835\uddba\ud835\uddc0\ud835\uddc8\ud835\uddcc Pour son grand retour en comp\u00e9tition interclubs africain, l&rsquo;AS DOUANES n&rsquo;a pas pes\u00e9 lourd ce dimanche 11 septembre face \u00e0 Kwara FC du Nigeria en pr\u00e9liminaires aller de la Coupe CAF. En effet, le club nig\u00e9rien s&rsquo;est lourdement inclin\u00e9 sur un score de 3 -0. Tout s&rsquo;est jou\u00e9 en [&hellip;]<\/p>\n","protected":false},"author":2,"featured_media":1921,"comment_status":"closed","ping_status":"open","sticky":false,"template":"","format":"standard","meta":{"_jetpack_memberships_contains_paid_content":false,"footnotes":"","jetpack_publicize_message":"","jetpack_publicize_feature_enabled":true,"jetpack_social_post_already_shared":true,"jetpack_social_options":{"image_generator_settings":{"template":"highway","default_image_id":0,"font":"","enabled":false},"version":2}},"categories":[5],"tags":[],"class_list":{"0":"post-1920","1":"post","2":"type-post","3":"status-publish","4":"format-standard","5":"has-post-thumbnail","7":"category-football"},"yoast_head":"<!-- This site is optimized with the Yoast SEO plugin v27.4 - https:\/\/yoast.com\/product\/yoast-seo-wordpress\/ -->\n<title>Interclubs CAF: L&#039;AS Douane perd \u00e0 Lagos ! - le regard du sportif<\/title>\n<meta name=\"robots\" content=\"index, follow, max-snippet:-1, max-image-preview:large, max-video-preview:-1\" \/>\n<link rel=\"canonical\" href=\"https:\/\/oeilsportif.info\/index.php\/interclubs-caf-las-douane-perd-a-lagos\/\" \/>\n<meta property=\"og:locale\" content=\"fr_FR\" \/>\n<meta property=\"og:type\" content=\"article\" \/>\n<meta property=\"og:title\" content=\"Interclubs CAF: L&#039;AS Douane perd \u00e0 Lagos ! - le regard du sportif\" \/>\n<meta property=\"og:description\" content=\"\ud835\uddab&rsquo;AS \ud835\udda3\ud835\uddae\ud835\uddb4\ud835\udda0\ud835\uddad\ud835\udda4\ud835\uddb2 \ud835\uddcd\ud835\uddc8\ud835\uddc6\ud835\uddbb\ud835\uddbe \ud835\uddc5\ud835\uddc8\ud835\uddce\ud835\uddcb\ud835\uddbd\ud835\uddbe\ud835\uddc6\ud835\uddbe\ud835\uddc7\ud835\uddcd \u00e0 \ud835\uddab\ud835\uddba\ud835\uddc0\ud835\uddc8\ud835\uddcc Pour son grand retour en comp\u00e9tition interclubs africain, l&rsquo;AS DOUANES n&rsquo;a pas pes\u00e9 lourd ce dimanche 11 septembre face \u00e0 Kwara FC du Nigeria en pr\u00e9liminaires aller de la Coupe CAF. En effet, le club nig\u00e9rien s&rsquo;est lourdement inclin\u00e9 sur un score de 3 -0. Tout s&rsquo;est jou\u00e9 en [&hellip;]\" \/>\n<meta property=\"og:url\" content=\"https:\/\/oeilsportif.info\/index.php\/interclubs-caf-las-douane-perd-a-lagos\/\" \/>\n<meta property=\"og:site_name\" content=\"le regard du sportif\" \/>\n<meta property=\"article:published_time\" content=\"2022-09-11T18:03:16+00:00\" \/>\n<meta property=\"og:image\" content=\"https:\/\/oeilsportif.info\/wp-content\/uploads\/2022\/09\/FB_IMG_1662918985564.jpg\" \/>\n\t<meta property=\"og:image:width\" content=\"960\" \/>\n\t<meta property=\"og:image:height\" content=\"640\" \/>\n\t<meta property=\"og:image:type\" content=\"image\/jpeg\" \/>\n<meta name=\"author\" content=\"L&#039;Equipe de la R\u00e9daction\" \/>\n<meta name=\"twitter:label1\" content=\"\u00c9crit par\" \/>\n\t<meta name=\"twitter:data1\" content=\"L&#039;Equipe de la R\u00e9daction\" \/>\n\t<meta name=\"twitter:label2\" content=\"Dur\u00e9e de lecture estim\u00e9e\" \/>\n\t<meta name=\"twitter:data2\" content=\"1 minute\" \/>\n<script type=\"application\/ld+json\" class=\"yoast-schema-graph\">{\"@context\":\"https:\\\/\\\/schema.org\",\"@graph\":[{\"@type\":\"Article\",\"@id\":\"https:\\\/\\\/oeilsportif.info\\\/index.php\\\/interclubs-caf-las-douane-perd-a-lagos\\\/#article\",\"isPartOf\":{\"@id\":\"https:\\\/\\\/oeilsportif.info\\\/index.php\\\/interclubs-caf-las-douane-perd-a-lagos\\\/\"},\"author\":{\"name\":\"L'Equipe de la R\u00e9daction\",\"@id\":\"https:\\\/\\\/oeilsportif.info\\\/#\\\/schema\\\/person\\\/cfbded294aa6095f7d96608d7905e9a1\"},\"headline\":\"Interclubs CAF: L&rsquo;AS Douane perd \u00e0 Lagos !\",\"datePublished\":\"2022-09-11T18:03:16+00:00\",\"mainEntityOfPage\":{\"@id\":\"https:\\\/\\\/oeilsportif.info\\\/index.php\\\/interclubs-caf-las-douane-perd-a-lagos\\\/\"},\"wordCount\":212,\"image\":{\"@id\":\"https:\\\/\\\/oeilsportif.info\\\/index.php\\\/interclubs-caf-las-douane-perd-a-lagos\\\/#primaryimage\"},\"thumbnailUrl\":\"https:\\\/\\\/i0.wp.com\\\/oeilsportif.info\\\/wp-content\\\/uploads\\\/2022\\\/09\\\/FB_IMG_1662918985564.jpg?fit=960%2C640&ssl=1\",\"articleSection\":[\"Football\"],\"inLanguage\":\"fr-FR\"},{\"@type\":\"WebPage\",\"@id\":\"https:\\\/\\\/oeilsportif.info\\\/index.php\\\/interclubs-caf-las-douane-perd-a-lagos\\\/\",\"url\":\"https:\\\/\\\/oeilsportif.info\\\/index.php\\\/interclubs-caf-las-douane-perd-a-lagos\\\/\",\"name\":\"Interclubs CAF: L'AS Douane perd \u00e0 Lagos ! - le regard du sportif\",\"isPartOf\":{\"@id\":\"https:\\\/\\\/oeilsportif.info\\\/#website\"},\"primaryImageOfPage\":{\"@id\":\"https:\\\/\\\/oeilsportif.info\\\/index.php\\\/interclubs-caf-las-douane-perd-a-lagos\\\/#primaryimage\"},\"image\":{\"@id\":\"https:\\\/\\\/oeilsportif.info\\\/index.php\\\/interclubs-caf-las-douane-perd-a-lagos\\\/#primaryimage\"},\"thumbnailUrl\":\"https:\\\/\\\/i0.wp.com\\\/oeilsportif.info\\\/wp-content\\\/uploads\\\/2022\\\/09\\\/FB_IMG_1662918985564.jpg?fit=960%2C640&ssl=1\",\"datePublished\":\"2022-09-11T18:03:16+00:00\",\"author\":{\"@id\":\"https:\\\/\\\/oeilsportif.info\\\/#\\\/schema\\\/person\\\/cfbded294aa6095f7d96608d7905e9a1\"},\"inLanguage\":\"fr-FR\",\"potentialAction\":[{\"@type\":\"ReadAction\",\"target\":[\"https:\\\/\\\/oeilsportif.info\\\/index.php\\\/interclubs-caf-las-douane-perd-a-lagos\\\/\"]}]},{\"@type\":\"ImageObject\",\"inLanguage\":\"fr-FR\",\"@id\":\"https:\\\/\\\/oeilsportif.info\\\/index.php\\\/interclubs-caf-las-douane-perd-a-lagos\\\/#primaryimage\",\"url\":\"https:\\\/\\\/i0.wp.com\\\/oeilsportif.info\\\/wp-content\\\/uploads\\\/2022\\\/09\\\/FB_IMG_1662918985564.jpg?fit=960%2C640&ssl=1\",\"contentUrl\":\"https:\\\/\\\/i0.wp.com\\\/oeilsportif.info\\\/wp-content\\\/uploads\\\/2022\\\/09\\\/FB_IMG_1662918985564.jpg?fit=960%2C640&ssl=1\",\"width\":960,\"height\":640},{\"@type\":\"WebSite\",\"@id\":\"https:\\\/\\\/oeilsportif.info\\\/#website\",\"url\":\"https:\\\/\\\/oeilsportif.info\\\/\",\"name\":\"le regard du sportif\",\"description\":\"\",\"potentialAction\":[{\"@type\":\"SearchAction\",\"target\":{\"@type\":\"EntryPoint\",\"urlTemplate\":\"https:\\\/\\\/oeilsportif.info\\\/?s={search_term_string}\"},\"query-input\":{\"@type\":\"PropertyValueSpecification\",\"valueRequired\":true,\"valueName\":\"search_term_string\"}}],\"inLanguage\":\"fr-FR\"},{\"@type\":\"Person\",\"@id\":\"https:\\\/\\\/oeilsportif.info\\\/#\\\/schema\\\/person\\\/cfbded294aa6095f7d96608d7905e9a1\",\"name\":\"L'Equipe de la R\u00e9daction\",\"image\":{\"@type\":\"ImageObject\",\"inLanguage\":\"fr-FR\",\"@id\":\"https:\\\/\\\/oeilsportif.info\\\/wp-content\\\/uploads\\\/2025\\\/07\\\/cropped-cropped-logo-os-96x96.jpeg\",\"url\":\"https:\\\/\\\/oeilsportif.info\\\/wp-content\\\/uploads\\\/2025\\\/07\\\/cropped-cropped-logo-os-96x96.jpeg\",\"contentUrl\":\"https:\\\/\\\/oeilsportif.info\\\/wp-content\\\/uploads\\\/2025\\\/07\\\/cropped-cropped-logo-os-96x96.jpeg\",\"caption\":\"L'Equipe de la R\u00e9daction\"},\"url\":\"https:\\\/\\\/oeilsportif.info\\\/index.php\\\/author\\\/tawel\\\/\"}]}<\/script>\n<!-- \/ Yoast SEO plugin. -->","yoast_head_json":{"title":"Interclubs CAF: L'AS Douane perd \u00e0 Lagos ! - le regard du sportif","robots":{"index":"index","follow":"follow","max-snippet":"max-snippet:-1","max-image-preview":"max-image-preview:large","max-video-preview":"max-video-preview:-1"},"canonical":"https:\/\/oeilsportif.info\/index.php\/interclubs-caf-las-douane-perd-a-lagos\/","og_locale":"fr_FR","og_type":"article","og_title":"Interclubs CAF: L'AS Douane perd \u00e0 Lagos ! - le regard du sportif","og_description":"\ud835\uddab&rsquo;AS \ud835\udda3\ud835\uddae\ud835\uddb4\ud835\udda0\ud835\uddad\ud835\udda4\ud835\uddb2 \ud835\uddcd\ud835\uddc8\ud835\uddc6\ud835\uddbb\ud835\uddbe \ud835\uddc5\ud835\uddc8\ud835\uddce\ud835\uddcb\ud835\uddbd\ud835\uddbe\ud835\uddc6\ud835\uddbe\ud835\uddc7\ud835\uddcd \u00e0 \ud835\uddab\ud835\uddba\ud835\uddc0\ud835\uddc8\ud835\uddcc Pour son grand retour en comp\u00e9tition interclubs africain, l&rsquo;AS DOUANES n&rsquo;a pas pes\u00e9 lourd ce dimanche 11 septembre face \u00e0 Kwara FC du Nigeria en pr\u00e9liminaires aller de la Coupe CAF. En effet, le club nig\u00e9rien s&rsquo;est lourdement inclin\u00e9 sur un score de 3 -0. Tout s&rsquo;est jou\u00e9 en [&hellip;]","og_url":"https:\/\/oeilsportif.info\/index.php\/interclubs-caf-las-douane-perd-a-lagos\/","og_site_name":"le regard du sportif","article_published_time":"2022-09-11T18:03:16+00:00","og_image":[{"width":960,"height":640,"url":"https:\/\/oeilsportif.info\/wp-content\/uploads\/2022\/09\/FB_IMG_1662918985564.jpg","type":"image\/jpeg"}],"author":"L'Equipe de la R\u00e9daction","twitter_misc":{"\u00c9crit par":"L'Equipe de la R\u00e9daction","Dur\u00e9e de lecture estim\u00e9e":"1 minute"},"schema":{"@context":"https:\/\/schema.org","@graph":[{"@type":"Article","@id":"https:\/\/oeilsportif.info\/index.php\/interclubs-caf-las-douane-perd-a-lagos\/#article","isPartOf":{"@id":"https:\/\/oeilsportif.info\/index.php\/interclubs-caf-las-douane-perd-a-lagos\/"},"author":{"name":"L'Equipe de la R\u00e9daction","@id":"https:\/\/oeilsportif.info\/#\/schema\/person\/cfbded294aa6095f7d96608d7905e9a1"},"headline":"Interclubs CAF: L&rsquo;AS Douane perd \u00e0 Lagos !","datePublished":"2022-09-11T18:03:16+00:00","mainEntityOfPage":{"@id":"https:\/\/oeilsportif.info\/index.php\/interclubs-caf-las-douane-perd-a-lagos\/"},"wordCount":212,"image":{"@id":"https:\/\/oeilsportif.info\/index.php\/interclubs-caf-las-douane-perd-a-lagos\/#primaryimage"},"thumbnailUrl":"https:\/\/i0.wp.com\/oeilsportif.info\/wp-content\/uploads\/2022\/09\/FB_IMG_1662918985564.jpg?fit=960%2C640&ssl=1","articleSection":["Football"],"inLanguage":"fr-FR"},{"@type":"WebPage","@id":"https:\/\/oeilsportif.info\/index.php\/interclubs-caf-las-douane-perd-a-lagos\/","url":"https:\/\/oeilsportif.info\/index.php\/interclubs-caf-las-douane-perd-a-lagos\/","name":"Interclubs CAF: L'AS Douane perd \u00e0 Lagos ! - le regard du sportif","isPartOf":{"@id":"https:\/\/oeilsportif.info\/#website"},"primaryImageOfPage":{"@id":"https:\/\/oeilsportif.info\/index.php\/interclubs-caf-las-douane-perd-a-lagos\/#primaryimage"},"image":{"@id":"https:\/\/oeilsportif.info\/index.php\/interclubs-caf-las-douane-perd-a-lagos\/#primaryimage"},"thumbnailUrl":"https:\/\/i0.wp.com\/oeilsportif.info\/wp-content\/uploads\/2022\/09\/FB_IMG_1662918985564.jpg?fit=960%2C640&ssl=1","datePublished":"2022-09-11T18:03:16+00:00","author":{"@id":"https:\/\/oeilsportif.info\/#\/schema\/person\/cfbded294aa6095f7d96608d7905e9a1"},"inLanguage":"fr-FR","potentialAction":[{"@type":"ReadAction","target":["https:\/\/oeilsportif.info\/index.php\/interclubs-caf-las-douane-perd-a-lagos\/"]}]},{"@type":"ImageObject","inLanguage":"fr-FR","@id":"https:\/\/oeilsportif.info\/index.php\/interclubs-caf-las-douane-perd-a-lagos\/#primaryimage","url":"https:\/\/i0.wp.com\/oeilsportif.info\/wp-content\/uploads\/2022\/09\/FB_IMG_1662918985564.jpg?fit=960%2C640&ssl=1","contentUrl":"https:\/\/i0.wp.com\/oeilsportif.info\/wp-content\/uploads\/2022\/09\/FB_IMG_1662918985564.jpg?fit=960%2C640&ssl=1","width":960,"height":640},{"@type":"WebSite","@id":"https:\/\/oeilsportif.info\/#website","url":"https:\/\/oeilsportif.info\/","name":"le regard du sportif","description":"","potentialAction":[{"@type":"SearchAction","target":{"@type":"EntryPoint","urlTemplate":"https:\/\/oeilsportif.info\/?s={search_term_string}"},"query-input":{"@type":"PropertyValueSpecification","valueRequired":true,"valueName":"search_term_string"}}],"inLanguage":"fr-FR"},{"@type":"Person","@id":"https:\/\/oeilsportif.info\/#\/schema\/person\/cfbded294aa6095f7d96608d7905e9a1","name":"L'Equipe de la R\u00e9daction","image":{"@type":"ImageObject","inLanguage":"fr-FR","@id":"https:\/\/oeilsportif.info\/wp-content\/uploads\/2025\/07\/cropped-cropped-logo-os-96x96.jpeg","url":"https:\/\/oeilsportif.info\/wp-content\/uploads\/2025\/07\/cropped-cropped-logo-os-96x96.jpeg","contentUrl":"https:\/\/oeilsportif.info\/wp-content\/uploads\/2025\/07\/cropped-cropped-logo-os-96x96.jpeg","caption":"L'Equipe de la R\u00e9daction"},"url":"https:\/\/oeilsportif.info\/index.php\/author\/tawel\/"}]}},"jetpack_publicize_connections":[],"jetpack_featured_media_url":"https:\/\/i0.wp.com\/oeilsportif.info\/wp-content\/uploads\/2022\/09\/FB_IMG_1662918985564.jpg?fit=960%2C640&ssl=1","jetpack-related-posts":[],"jetpack_sharing_enabled":true,"jetpack_likes_enabled":true,"jetpack_shortlink":"https:\/\/wp.me\/pgFE77-uY","_links":{"self":[{"href":"https:\/\/oeilsportif.info\/index.php\/wp-json\/wp\/v2\/posts\/1920","targetHints":{"allow":["GET"]}}],"collection":[{"href":"https:\/\/oeilsportif.info\/index.php\/wp-json\/wp\/v2\/posts"}],"about":[{"href":"https:\/\/oeilsportif.info\/index.php\/wp-json\/wp\/v2\/types\/post"}],"author":[{"embeddable":true,"href":"https:\/\/oeilsportif.info\/index.php\/wp-json\/wp\/v2\/users\/2"}],"replies":[{"embeddable":true,"href":"https:\/\/oeilsportif.info\/index.php\/wp-json\/wp\/v2\/comments?post=1920"}],"version-history":[{"count":0,"href":"https:\/\/oeilsportif.info\/index.php\/wp-json\/wp\/v2\/posts\/1920\/revisions"}],"wp:featuredmedia":[{"embeddable":true,"href":"https:\/\/oeilsportif.info\/index.php\/wp-json\/wp\/v2\/media\/1921"}],"wp:attachment":[{"href":"https:\/\/oeilsportif.info\/index.php\/wp-json\/wp\/v2\/media?parent=1920"}],"wp:term":[{"taxonomy":"category","embeddable":true,"href":"https:\/\/oeilsportif.info\/index.php\/wp-json\/wp\/v2\/categories?post=1920"},{"taxonomy":"post_tag","embeddable":true,"href":"https:\/\/oeilsportif.info\/index.php\/wp-json\/wp\/v2\/tags?post=1920"}],"curies":[{"name":"wp","href":"https:\/\/api.w.org\/{rel}","templated":true}]}}