{"id":1905,"date":"2022-09-10T13:23:34","date_gmt":"2022-09-10T13:23:34","guid":{"rendered":"https:\/\/oeilsportif.info\/index.php\/?p=1905"},"modified":"2022-09-10T13:23:34","modified_gmt":"2022-09-10T13:23:34","slug":"sorydoumbouya-president-du-milo-fc-je-ne-cesserai-de-remercier-gaucher","status":"publish","type":"post","link":"https:\/\/oeilsportif.info\/index.php\/sorydoumbouya-president-du-milo-fc-je-ne-cesserai-de-remercier-gaucher\/","title":{"rendered":"SoryDoumbouya, Pr\u00e9sident du Milo FC :\u00ab Je ne cesserai de remercier Gaucher&#8230; \u00bb"},"content":{"rendered":"<p><strong>Ce vendredi 09 septembre 2022 le Milo Football Club de Kankan a gagn\u00e9 son tout premier match en campagne africaine, pour le compte du match aller du premier tour pr\u00e9liminaire de la Coupe de la Conf\u00e9d\u00e9ration Africaine de Football contre l&rsquo;Association Sportive des Chauffeurs de Kara du Togo (2-1)\u00a0 au stade G\u00e9n\u00e9ral Lansana Cont\u00e9 de Nongo.\u00a0<\/strong><\/p>\n<p>Apr\u00e8s cette victoire historique en campagne africaine, le Pr\u00e9sident du Milo Football Club de Kankan, Sory Doumbouya a rencontr\u00e9 ses hommes dans un r\u00e9ceptif h\u00f4telier de Conakry.<\/p>\n<p>A cette occasion, il a remerci\u00e9, l&rsquo;entra\u00eeneur principal du Milo FC, Mamadouba Sylla \u00ab\u00a0Gaucher\u00a0\u00bb et son staff technique pour la victoire bien m\u00e9rit\u00e9e : <strong>\u00ab Je ne cesserai de remercier Gaucher. L&rsquo;honneur qu&rsquo;il donne \u00e0 Kankan, c&rsquo;est extraordinaire. Depuis qu&rsquo;il est venu \u00e0 Kankan, vous avez vu notre Milo.\u00a0<\/strong><\/p>\n<p><strong>Je vais pas oublier. Quand on parle de Gaucher, il y&rsquo;a aussi Momo Wendel, Sidiki Kouyat\u00e9 Socra, Kabinet Konat\u00e9 Parisien, Ibrahima Dian\u00e9, m\u00e9decin&#8230; Bref je remercie tout l&rsquo;encadrement technique. Je n&rsquo;oublie pas les supporters venant de Kankan. C&rsquo;est leur victoire aussi. Vraiment, c&rsquo;est une fiert\u00e9. \u00bb,<\/strong>d\u00e9clare-t-il.<\/p>\n","protected":false},"excerpt":{"rendered":"<p>Ce vendredi 09 septembre 2022 le Milo Football Club de Kankan a gagn\u00e9 son tout premier match en campagne africaine, pour le compte du match aller du premier tour pr\u00e9liminaire de la Coupe de la Conf\u00e9d\u00e9ration Africaine de Football contre l&rsquo;Association Sportive des Chauffeurs de Kara du Togo (2-1)\u00a0 au stade G\u00e9n\u00e9ral Lansana Cont\u00e9 de [&hellip;]<\/p>\n","protected":false},"author":2,"featured_media":1906,"comment_status":"closed","ping_status":"open","sticky":false,"template":"","format":"standard","meta":{"_jetpack_memberships_contains_paid_content":false,"footnotes":"","jetpack_publicize_message":"","jetpack_publicize_feature_enabled":true,"jetpack_social_post_already_shared":true,"jetpack_social_options":{"image_generator_settings":{"template":"highway","default_image_id":0,"font":"","enabled":false},"version":2}},"categories":[5],"tags":[],"class_list":{"0":"post-1905","1":"post","2":"type-post","3":"status-publish","4":"format-standard","5":"has-post-thumbnail","7":"category-football"},"yoast_head":"<!-- This site is optimized with the Yoast SEO plugin v27.4 - https:\/\/yoast.com\/product\/yoast-seo-wordpress\/ -->\n<title>SoryDoumbouya, Pr\u00e9sident du Milo FC :\u00ab Je ne cesserai de remercier Gaucher... \u00bb - le regard du sportif<\/title>\n<meta name=\"robots\" content=\"index, follow, max-snippet:-1, max-image-preview:large, max-video-preview:-1\" \/>\n<link rel=\"canonical\" href=\"https:\/\/oeilsportif.info\/index.php\/sorydoumbouya-president-du-milo-fc-je-ne-cesserai-de-remercier-gaucher\/\" \/>\n<meta property=\"og:locale\" content=\"fr_FR\" \/>\n<meta property=\"og:type\" content=\"article\" \/>\n<meta property=\"og:title\" content=\"SoryDoumbouya, Pr\u00e9sident du Milo FC :\u00ab Je ne cesserai de remercier Gaucher... \u00bb - le regard du sportif\" \/>\n<meta property=\"og:description\" content=\"Ce vendredi 09 septembre 2022 le Milo Football Club de Kankan a gagn\u00e9 son tout premier match en campagne africaine, pour le compte du match aller du premier tour pr\u00e9liminaire de la Coupe de la Conf\u00e9d\u00e9ration Africaine de Football contre l&rsquo;Association Sportive des Chauffeurs de Kara du Togo (2-1)\u00a0 au stade G\u00e9n\u00e9ral Lansana Cont\u00e9 de [&hellip;]\" \/>\n<meta property=\"og:url\" content=\"https:\/\/oeilsportif.info\/index.php\/sorydoumbouya-president-du-milo-fc-je-ne-cesserai-de-remercier-gaucher\/\" \/>\n<meta property=\"og:site_name\" content=\"le regard du sportif\" \/>\n<meta property=\"article:published_time\" content=\"2022-09-10T13:23:34+00:00\" \/>\n<meta property=\"og:image\" content=\"https:\/\/oeilsportif.info\/wp-content\/uploads\/2022\/09\/FB_IMG_1662798600854.jpg\" \/>\n\t<meta property=\"og:image:width\" content=\"1080\" \/>\n\t<meta property=\"og:image:height\" content=\"716\" \/>\n\t<meta property=\"og:image:type\" content=\"image\/jpeg\" \/>\n<meta name=\"author\" content=\"L&#039;Equipe de la R\u00e9daction\" \/>\n<meta name=\"twitter:label1\" content=\"\u00c9crit par\" \/>\n\t<meta name=\"twitter:data1\" content=\"L&#039;Equipe de la R\u00e9daction\" \/>\n\t<meta name=\"twitter:label2\" content=\"Dur\u00e9e de lecture estim\u00e9e\" \/>\n\t<meta name=\"twitter:data2\" content=\"1 minute\" \/>\n<script type=\"application\/ld+json\" class=\"yoast-schema-graph\">{\"@context\":\"https:\\\/\\\/schema.org\",\"@graph\":[{\"@type\":\"Article\",\"@id\":\"https:\\\/\\\/oeilsportif.info\\\/index.php\\\/sorydoumbouya-president-du-milo-fc-je-ne-cesserai-de-remercier-gaucher\\\/#article\",\"isPartOf\":{\"@id\":\"https:\\\/\\\/oeilsportif.info\\\/index.php\\\/sorydoumbouya-president-du-milo-fc-je-ne-cesserai-de-remercier-gaucher\\\/\"},\"author\":{\"name\":\"L'Equipe de la R\u00e9daction\",\"@id\":\"https:\\\/\\\/oeilsportif.info\\\/#\\\/schema\\\/person\\\/cfbded294aa6095f7d96608d7905e9a1\"},\"headline\":\"SoryDoumbouya, Pr\u00e9sident du Milo FC :\u00ab Je ne cesserai de remercier Gaucher&#8230; \u00bb\",\"datePublished\":\"2022-09-10T13:23:34+00:00\",\"mainEntityOfPage\":{\"@id\":\"https:\\\/\\\/oeilsportif.info\\\/index.php\\\/sorydoumbouya-president-du-milo-fc-je-ne-cesserai-de-remercier-gaucher\\\/\"},\"wordCount\":209,\"image\":{\"@id\":\"https:\\\/\\\/oeilsportif.info\\\/index.php\\\/sorydoumbouya-president-du-milo-fc-je-ne-cesserai-de-remercier-gaucher\\\/#primaryimage\"},\"thumbnailUrl\":\"https:\\\/\\\/i0.wp.com\\\/oeilsportif.info\\\/wp-content\\\/uploads\\\/2022\\\/09\\\/FB_IMG_1662798600854.jpg?fit=1080%2C716&ssl=1\",\"articleSection\":[\"Football\"],\"inLanguage\":\"fr-FR\"},{\"@type\":\"WebPage\",\"@id\":\"https:\\\/\\\/oeilsportif.info\\\/index.php\\\/sorydoumbouya-president-du-milo-fc-je-ne-cesserai-de-remercier-gaucher\\\/\",\"url\":\"https:\\\/\\\/oeilsportif.info\\\/index.php\\\/sorydoumbouya-president-du-milo-fc-je-ne-cesserai-de-remercier-gaucher\\\/\",\"name\":\"SoryDoumbouya, Pr\u00e9sident du Milo FC :\u00ab Je ne cesserai de remercier Gaucher... \u00bb - le regard du sportif\",\"isPartOf\":{\"@id\":\"https:\\\/\\\/oeilsportif.info\\\/#website\"},\"primaryImageOfPage\":{\"@id\":\"https:\\\/\\\/oeilsportif.info\\\/index.php\\\/sorydoumbouya-president-du-milo-fc-je-ne-cesserai-de-remercier-gaucher\\\/#primaryimage\"},\"image\":{\"@id\":\"https:\\\/\\\/oeilsportif.info\\\/index.php\\\/sorydoumbouya-president-du-milo-fc-je-ne-cesserai-de-remercier-gaucher\\\/#primaryimage\"},\"thumbnailUrl\":\"https:\\\/\\\/i0.wp.com\\\/oeilsportif.info\\\/wp-content\\\/uploads\\\/2022\\\/09\\\/FB_IMG_1662798600854.jpg?fit=1080%2C716&ssl=1\",\"datePublished\":\"2022-09-10T13:23:34+00:00\",\"author\":{\"@id\":\"https:\\\/\\\/oeilsportif.info\\\/#\\\/schema\\\/person\\\/cfbded294aa6095f7d96608d7905e9a1\"},\"inLanguage\":\"fr-FR\",\"potentialAction\":[{\"@type\":\"ReadAction\",\"target\":[\"https:\\\/\\\/oeilsportif.info\\\/index.php\\\/sorydoumbouya-president-du-milo-fc-je-ne-cesserai-de-remercier-gaucher\\\/\"]}]},{\"@type\":\"ImageObject\",\"inLanguage\":\"fr-FR\",\"@id\":\"https:\\\/\\\/oeilsportif.info\\\/index.php\\\/sorydoumbouya-president-du-milo-fc-je-ne-cesserai-de-remercier-gaucher\\\/#primaryimage\",\"url\":\"https:\\\/\\\/i0.wp.com\\\/oeilsportif.info\\\/wp-content\\\/uploads\\\/2022\\\/09\\\/FB_IMG_1662798600854.jpg?fit=1080%2C716&ssl=1\",\"contentUrl\":\"https:\\\/\\\/i0.wp.com\\\/oeilsportif.info\\\/wp-content\\\/uploads\\\/2022\\\/09\\\/FB_IMG_1662798600854.jpg?fit=1080%2C716&ssl=1\",\"width\":1080,\"height\":716},{\"@type\":\"WebSite\",\"@id\":\"https:\\\/\\\/oeilsportif.info\\\/#website\",\"url\":\"https:\\\/\\\/oeilsportif.info\\\/\",\"name\":\"le regard du sportif\",\"description\":\"\",\"potentialAction\":[{\"@type\":\"SearchAction\",\"target\":{\"@type\":\"EntryPoint\",\"urlTemplate\":\"https:\\\/\\\/oeilsportif.info\\\/?s={search_term_string}\"},\"query-input\":{\"@type\":\"PropertyValueSpecification\",\"valueRequired\":true,\"valueName\":\"search_term_string\"}}],\"inLanguage\":\"fr-FR\"},{\"@type\":\"Person\",\"@id\":\"https:\\\/\\\/oeilsportif.info\\\/#\\\/schema\\\/person\\\/cfbded294aa6095f7d96608d7905e9a1\",\"name\":\"L'Equipe de la R\u00e9daction\",\"image\":{\"@type\":\"ImageObject\",\"inLanguage\":\"fr-FR\",\"@id\":\"https:\\\/\\\/oeilsportif.info\\\/wp-content\\\/uploads\\\/2025\\\/07\\\/cropped-cropped-logo-os-96x96.jpeg\",\"url\":\"https:\\\/\\\/oeilsportif.info\\\/wp-content\\\/uploads\\\/2025\\\/07\\\/cropped-cropped-logo-os-96x96.jpeg\",\"contentUrl\":\"https:\\\/\\\/oeilsportif.info\\\/wp-content\\\/uploads\\\/2025\\\/07\\\/cropped-cropped-logo-os-96x96.jpeg\",\"caption\":\"L'Equipe de la R\u00e9daction\"},\"url\":\"https:\\\/\\\/oeilsportif.info\\\/index.php\\\/author\\\/tawel\\\/\"}]}<\/script>\n<!-- \/ Yoast SEO plugin. -->","yoast_head_json":{"title":"SoryDoumbouya, Pr\u00e9sident du Milo FC :\u00ab Je ne cesserai de remercier Gaucher... \u00bb - le regard du sportif","robots":{"index":"index","follow":"follow","max-snippet":"max-snippet:-1","max-image-preview":"max-image-preview:large","max-video-preview":"max-video-preview:-1"},"canonical":"https:\/\/oeilsportif.info\/index.php\/sorydoumbouya-president-du-milo-fc-je-ne-cesserai-de-remercier-gaucher\/","og_locale":"fr_FR","og_type":"article","og_title":"SoryDoumbouya, Pr\u00e9sident du Milo FC :\u00ab Je ne cesserai de remercier Gaucher... \u00bb - le regard du sportif","og_description":"Ce vendredi 09 septembre 2022 le Milo Football Club de Kankan a gagn\u00e9 son tout premier match en campagne africaine, pour le compte du match aller du premier tour pr\u00e9liminaire de la Coupe de la Conf\u00e9d\u00e9ration Africaine de Football contre l&rsquo;Association Sportive des Chauffeurs de Kara du Togo (2-1)\u00a0 au stade G\u00e9n\u00e9ral Lansana Cont\u00e9 de [&hellip;]","og_url":"https:\/\/oeilsportif.info\/index.php\/sorydoumbouya-president-du-milo-fc-je-ne-cesserai-de-remercier-gaucher\/","og_site_name":"le regard du sportif","article_published_time":"2022-09-10T13:23:34+00:00","og_image":[{"width":1080,"height":716,"url":"https:\/\/oeilsportif.info\/wp-content\/uploads\/2022\/09\/FB_IMG_1662798600854.jpg","type":"image\/jpeg"}],"author":"L'Equipe de la R\u00e9daction","twitter_misc":{"\u00c9crit par":"L'Equipe de la R\u00e9daction","Dur\u00e9e de lecture estim\u00e9e":"1 minute"},"schema":{"@context":"https:\/\/schema.org","@graph":[{"@type":"Article","@id":"https:\/\/oeilsportif.info\/index.php\/sorydoumbouya-president-du-milo-fc-je-ne-cesserai-de-remercier-gaucher\/#article","isPartOf":{"@id":"https:\/\/oeilsportif.info\/index.php\/sorydoumbouya-president-du-milo-fc-je-ne-cesserai-de-remercier-gaucher\/"},"author":{"name":"L'Equipe de la R\u00e9daction","@id":"https:\/\/oeilsportif.info\/#\/schema\/person\/cfbded294aa6095f7d96608d7905e9a1"},"headline":"SoryDoumbouya, Pr\u00e9sident du Milo FC :\u00ab Je ne cesserai de remercier Gaucher&#8230; \u00bb","datePublished":"2022-09-10T13:23:34+00:00","mainEntityOfPage":{"@id":"https:\/\/oeilsportif.info\/index.php\/sorydoumbouya-president-du-milo-fc-je-ne-cesserai-de-remercier-gaucher\/"},"wordCount":209,"image":{"@id":"https:\/\/oeilsportif.info\/index.php\/sorydoumbouya-president-du-milo-fc-je-ne-cesserai-de-remercier-gaucher\/#primaryimage"},"thumbnailUrl":"https:\/\/i0.wp.com\/oeilsportif.info\/wp-content\/uploads\/2022\/09\/FB_IMG_1662798600854.jpg?fit=1080%2C716&ssl=1","articleSection":["Football"],"inLanguage":"fr-FR"},{"@type":"WebPage","@id":"https:\/\/oeilsportif.info\/index.php\/sorydoumbouya-president-du-milo-fc-je-ne-cesserai-de-remercier-gaucher\/","url":"https:\/\/oeilsportif.info\/index.php\/sorydoumbouya-president-du-milo-fc-je-ne-cesserai-de-remercier-gaucher\/","name":"SoryDoumbouya, Pr\u00e9sident du Milo FC :\u00ab Je ne cesserai de remercier Gaucher... \u00bb - le regard du sportif","isPartOf":{"@id":"https:\/\/oeilsportif.info\/#website"},"primaryImageOfPage":{"@id":"https:\/\/oeilsportif.info\/index.php\/sorydoumbouya-president-du-milo-fc-je-ne-cesserai-de-remercier-gaucher\/#primaryimage"},"image":{"@id":"https:\/\/oeilsportif.info\/index.php\/sorydoumbouya-president-du-milo-fc-je-ne-cesserai-de-remercier-gaucher\/#primaryimage"},"thumbnailUrl":"https:\/\/i0.wp.com\/oeilsportif.info\/wp-content\/uploads\/2022\/09\/FB_IMG_1662798600854.jpg?fit=1080%2C716&ssl=1","datePublished":"2022-09-10T13:23:34+00:00","author":{"@id":"https:\/\/oeilsportif.info\/#\/schema\/person\/cfbded294aa6095f7d96608d7905e9a1"},"inLanguage":"fr-FR","potentialAction":[{"@type":"ReadAction","target":["https:\/\/oeilsportif.info\/index.php\/sorydoumbouya-president-du-milo-fc-je-ne-cesserai-de-remercier-gaucher\/"]}]},{"@type":"ImageObject","inLanguage":"fr-FR","@id":"https:\/\/oeilsportif.info\/index.php\/sorydoumbouya-president-du-milo-fc-je-ne-cesserai-de-remercier-gaucher\/#primaryimage","url":"https:\/\/i0.wp.com\/oeilsportif.info\/wp-content\/uploads\/2022\/09\/FB_IMG_1662798600854.jpg?fit=1080%2C716&ssl=1","contentUrl":"https:\/\/i0.wp.com\/oeilsportif.info\/wp-content\/uploads\/2022\/09\/FB_IMG_1662798600854.jpg?fit=1080%2C716&ssl=1","width":1080,"height":716},{"@type":"WebSite","@id":"https:\/\/oeilsportif.info\/#website","url":"https:\/\/oeilsportif.info\/","name":"le regard du sportif","description":"","potentialAction":[{"@type":"SearchAction","target":{"@type":"EntryPoint","urlTemplate":"https:\/\/oeilsportif.info\/?s={search_term_string}"},"query-input":{"@type":"PropertyValueSpecification","valueRequired":true,"valueName":"search_term_string"}}],"inLanguage":"fr-FR"},{"@type":"Person","@id":"https:\/\/oeilsportif.info\/#\/schema\/person\/cfbded294aa6095f7d96608d7905e9a1","name":"L'Equipe de la R\u00e9daction","image":{"@type":"ImageObject","inLanguage":"fr-FR","@id":"https:\/\/oeilsportif.info\/wp-content\/uploads\/2025\/07\/cropped-cropped-logo-os-96x96.jpeg","url":"https:\/\/oeilsportif.info\/wp-content\/uploads\/2025\/07\/cropped-cropped-logo-os-96x96.jpeg","contentUrl":"https:\/\/oeilsportif.info\/wp-content\/uploads\/2025\/07\/cropped-cropped-logo-os-96x96.jpeg","caption":"L'Equipe de la R\u00e9daction"},"url":"https:\/\/oeilsportif.info\/index.php\/author\/tawel\/"}]}},"jetpack_publicize_connections":[],"jetpack_featured_media_url":"https:\/\/i0.wp.com\/oeilsportif.info\/wp-content\/uploads\/2022\/09\/FB_IMG_1662798600854.jpg?fit=1080%2C716&ssl=1","jetpack-related-posts":[],"jetpack_sharing_enabled":true,"jetpack_likes_enabled":true,"jetpack_shortlink":"https:\/\/wp.me\/pgFE77-uJ","_links":{"self":[{"href":"https:\/\/oeilsportif.info\/index.php\/wp-json\/wp\/v2\/posts\/1905","targetHints":{"allow":["GET"]}}],"collection":[{"href":"https:\/\/oeilsportif.info\/index.php\/wp-json\/wp\/v2\/posts"}],"about":[{"href":"https:\/\/oeilsportif.info\/index.php\/wp-json\/wp\/v2\/types\/post"}],"author":[{"embeddable":true,"href":"https:\/\/oeilsportif.info\/index.php\/wp-json\/wp\/v2\/users\/2"}],"replies":[{"embeddable":true,"href":"https:\/\/oeilsportif.info\/index.php\/wp-json\/wp\/v2\/comments?post=1905"}],"version-history":[{"count":0,"href":"https:\/\/oeilsportif.info\/index.php\/wp-json\/wp\/v2\/posts\/1905\/revisions"}],"wp:featuredmedia":[{"embeddable":true,"href":"https:\/\/oeilsportif.info\/index.php\/wp-json\/wp\/v2\/media\/1906"}],"wp:attachment":[{"href":"https:\/\/oeilsportif.info\/index.php\/wp-json\/wp\/v2\/media?parent=1905"}],"wp:term":[{"taxonomy":"category","embeddable":true,"href":"https:\/\/oeilsportif.info\/index.php\/wp-json\/wp\/v2\/categories?post=1905"},{"taxonomy":"post_tag","embeddable":true,"href":"https:\/\/oeilsportif.info\/index.php\/wp-json\/wp\/v2\/tags?post=1905"}],"curies":[{"name":"wp","href":"https:\/\/api.w.org\/{rel}","templated":true}]}}