{"id":1902,"date":"2022-09-09T21:23:57","date_gmt":"2022-09-09T21:23:57","guid":{"rendered":"https:\/\/oeilsportif.info\/index.php\/?p=1902"},"modified":"2022-09-09T21:23:57","modified_gmt":"2022-09-09T21:23:57","slug":"coupe-caf-le-milo-fc-bat-asck-2-1","status":"publish","type":"post","link":"https:\/\/oeilsportif.info\/index.php\/coupe-caf-le-milo-fc-bat-asck-2-1\/","title":{"rendered":"Coupe CAF: Le Milo FC bat ASCK ( 2-1) !"},"content":{"rendered":"<p><strong>Le premier match du Milo FC en comp\u00e9tition africaine restera dans les annales. Puisque l&rsquo;\u00e9quipe de Kankan a battu l&rsquo;ASCK du Togo en match aller du tour pr\u00e9liminaire de la coupe CAF ce vendredi au stade G\u00e9n\u00e9ral Lansana Cont\u00e9 de Nongo sur le score (2-1).<\/strong><\/p>\n<p>Le Milo a vite pris l&rsquo;avantage dans ce match en ouvrant le score \u00e0 la 2e minute suite un un but marqu\u00e9 contre son camp par un d\u00e9fenseur de l&rsquo;\u00e9quipe des constructeurs apr\u00e8s une frappe sur le poteau de Mohamed Camara (1-0). Tr\u00e8s en verve, le Milo corse l&rsquo;addition \u00e0 quatre minutes de la pause (2-0).<\/p>\n<p>En seconde p\u00e9riode, m\u00eame un peu \u00e9mouss\u00e9, le Milo FC joue le coup. Mais conc\u00e8de la r\u00e9duction du score \u00e0 la 83e minute sur une frappe de Koukouvi Amekoudi. 2 buts \u00e0 1 c&rsquo;est le score final.<\/p>\n<p>Dans quelques jours l&rsquo;\u00e9quipe de Kankan se d\u00e9placera au Togo pour chercher sa qualification au tour suivant.<\/p>\n<p><strong>S\u00e9kouna Camara LGFP<\/strong><\/p>\n","protected":false},"excerpt":{"rendered":"<p>Le premier match du Milo FC en comp\u00e9tition africaine restera dans les annales. Puisque l&rsquo;\u00e9quipe de Kankan a battu l&rsquo;ASCK du Togo en match aller du tour pr\u00e9liminaire de la coupe CAF ce vendredi au stade G\u00e9n\u00e9ral Lansana Cont\u00e9 de Nongo sur le score (2-1). Le Milo a vite pris l&rsquo;avantage dans ce match en [&hellip;]<\/p>\n","protected":false},"author":2,"featured_media":1903,"comment_status":"closed","ping_status":"open","sticky":false,"template":"","format":"standard","meta":{"_jetpack_memberships_contains_paid_content":false,"footnotes":"","jetpack_publicize_message":"","jetpack_publicize_feature_enabled":true,"jetpack_social_post_already_shared":true,"jetpack_social_options":{"image_generator_settings":{"template":"highway","default_image_id":0,"font":"","enabled":false},"version":2}},"categories":[5],"tags":[],"class_list":{"0":"post-1902","1":"post","2":"type-post","3":"status-publish","4":"format-standard","5":"has-post-thumbnail","7":"category-football"},"yoast_head":"<!-- This site is optimized with the Yoast SEO plugin v27.4 - https:\/\/yoast.com\/product\/yoast-seo-wordpress\/ -->\n<title>Coupe CAF: Le Milo FC bat ASCK ( 2-1) ! - le regard du sportif<\/title>\n<meta name=\"robots\" content=\"index, follow, max-snippet:-1, max-image-preview:large, max-video-preview:-1\" \/>\n<link rel=\"canonical\" href=\"https:\/\/oeilsportif.info\/index.php\/coupe-caf-le-milo-fc-bat-asck-2-1\/\" \/>\n<meta property=\"og:locale\" content=\"fr_FR\" \/>\n<meta property=\"og:type\" content=\"article\" \/>\n<meta property=\"og:title\" content=\"Coupe CAF: Le Milo FC bat ASCK ( 2-1) ! - le regard du sportif\" \/>\n<meta property=\"og:description\" content=\"Le premier match du Milo FC en comp\u00e9tition africaine restera dans les annales. Puisque l&rsquo;\u00e9quipe de Kankan a battu l&rsquo;ASCK du Togo en match aller du tour pr\u00e9liminaire de la coupe CAF ce vendredi au stade G\u00e9n\u00e9ral Lansana Cont\u00e9 de Nongo sur le score (2-1). Le Milo a vite pris l&rsquo;avantage dans ce match en [&hellip;]\" \/>\n<meta property=\"og:url\" content=\"https:\/\/oeilsportif.info\/index.php\/coupe-caf-le-milo-fc-bat-asck-2-1\/\" \/>\n<meta property=\"og:site_name\" content=\"le regard du sportif\" \/>\n<meta property=\"article:published_time\" content=\"2022-09-09T21:23:57+00:00\" \/>\n<meta property=\"og:image\" content=\"https:\/\/oeilsportif.info\/wp-content\/uploads\/2022\/09\/FB_IMG_1662758278068.jpg\" \/>\n\t<meta property=\"og:image:width\" content=\"1080\" \/>\n\t<meta property=\"og:image:height\" content=\"810\" \/>\n\t<meta property=\"og:image:type\" content=\"image\/jpeg\" \/>\n<meta name=\"author\" content=\"L&#039;Equipe de la R\u00e9daction\" \/>\n<meta name=\"twitter:label1\" content=\"\u00c9crit par\" \/>\n\t<meta name=\"twitter:data1\" content=\"L&#039;Equipe de la R\u00e9daction\" \/>\n\t<meta name=\"twitter:label2\" content=\"Dur\u00e9e de lecture estim\u00e9e\" \/>\n\t<meta name=\"twitter:data2\" content=\"1 minute\" \/>\n<script type=\"application\/ld+json\" class=\"yoast-schema-graph\">{\"@context\":\"https:\\\/\\\/schema.org\",\"@graph\":[{\"@type\":\"Article\",\"@id\":\"https:\\\/\\\/oeilsportif.info\\\/index.php\\\/coupe-caf-le-milo-fc-bat-asck-2-1\\\/#article\",\"isPartOf\":{\"@id\":\"https:\\\/\\\/oeilsportif.info\\\/index.php\\\/coupe-caf-le-milo-fc-bat-asck-2-1\\\/\"},\"author\":{\"name\":\"L'Equipe de la R\u00e9daction\",\"@id\":\"https:\\\/\\\/oeilsportif.info\\\/#\\\/schema\\\/person\\\/cfbded294aa6095f7d96608d7905e9a1\"},\"headline\":\"Coupe CAF: Le Milo FC bat ASCK ( 2-1) !\",\"datePublished\":\"2022-09-09T21:23:57+00:00\",\"mainEntityOfPage\":{\"@id\":\"https:\\\/\\\/oeilsportif.info\\\/index.php\\\/coupe-caf-le-milo-fc-bat-asck-2-1\\\/\"},\"wordCount\":180,\"image\":{\"@id\":\"https:\\\/\\\/oeilsportif.info\\\/index.php\\\/coupe-caf-le-milo-fc-bat-asck-2-1\\\/#primaryimage\"},\"thumbnailUrl\":\"https:\\\/\\\/i0.wp.com\\\/oeilsportif.info\\\/wp-content\\\/uploads\\\/2022\\\/09\\\/FB_IMG_1662758278068.jpg?fit=1080%2C810&ssl=1\",\"articleSection\":[\"Football\"],\"inLanguage\":\"fr-FR\"},{\"@type\":\"WebPage\",\"@id\":\"https:\\\/\\\/oeilsportif.info\\\/index.php\\\/coupe-caf-le-milo-fc-bat-asck-2-1\\\/\",\"url\":\"https:\\\/\\\/oeilsportif.info\\\/index.php\\\/coupe-caf-le-milo-fc-bat-asck-2-1\\\/\",\"name\":\"Coupe CAF: Le Milo FC bat ASCK ( 2-1) ! - le regard du sportif\",\"isPartOf\":{\"@id\":\"https:\\\/\\\/oeilsportif.info\\\/#website\"},\"primaryImageOfPage\":{\"@id\":\"https:\\\/\\\/oeilsportif.info\\\/index.php\\\/coupe-caf-le-milo-fc-bat-asck-2-1\\\/#primaryimage\"},\"image\":{\"@id\":\"https:\\\/\\\/oeilsportif.info\\\/index.php\\\/coupe-caf-le-milo-fc-bat-asck-2-1\\\/#primaryimage\"},\"thumbnailUrl\":\"https:\\\/\\\/i0.wp.com\\\/oeilsportif.info\\\/wp-content\\\/uploads\\\/2022\\\/09\\\/FB_IMG_1662758278068.jpg?fit=1080%2C810&ssl=1\",\"datePublished\":\"2022-09-09T21:23:57+00:00\",\"author\":{\"@id\":\"https:\\\/\\\/oeilsportif.info\\\/#\\\/schema\\\/person\\\/cfbded294aa6095f7d96608d7905e9a1\"},\"inLanguage\":\"fr-FR\",\"potentialAction\":[{\"@type\":\"ReadAction\",\"target\":[\"https:\\\/\\\/oeilsportif.info\\\/index.php\\\/coupe-caf-le-milo-fc-bat-asck-2-1\\\/\"]}]},{\"@type\":\"ImageObject\",\"inLanguage\":\"fr-FR\",\"@id\":\"https:\\\/\\\/oeilsportif.info\\\/index.php\\\/coupe-caf-le-milo-fc-bat-asck-2-1\\\/#primaryimage\",\"url\":\"https:\\\/\\\/i0.wp.com\\\/oeilsportif.info\\\/wp-content\\\/uploads\\\/2022\\\/09\\\/FB_IMG_1662758278068.jpg?fit=1080%2C810&ssl=1\",\"contentUrl\":\"https:\\\/\\\/i0.wp.com\\\/oeilsportif.info\\\/wp-content\\\/uploads\\\/2022\\\/09\\\/FB_IMG_1662758278068.jpg?fit=1080%2C810&ssl=1\",\"width\":1080,\"height\":810},{\"@type\":\"WebSite\",\"@id\":\"https:\\\/\\\/oeilsportif.info\\\/#website\",\"url\":\"https:\\\/\\\/oeilsportif.info\\\/\",\"name\":\"le regard du sportif\",\"description\":\"\",\"potentialAction\":[{\"@type\":\"SearchAction\",\"target\":{\"@type\":\"EntryPoint\",\"urlTemplate\":\"https:\\\/\\\/oeilsportif.info\\\/?s={search_term_string}\"},\"query-input\":{\"@type\":\"PropertyValueSpecification\",\"valueRequired\":true,\"valueName\":\"search_term_string\"}}],\"inLanguage\":\"fr-FR\"},{\"@type\":\"Person\",\"@id\":\"https:\\\/\\\/oeilsportif.info\\\/#\\\/schema\\\/person\\\/cfbded294aa6095f7d96608d7905e9a1\",\"name\":\"L'Equipe de la R\u00e9daction\",\"image\":{\"@type\":\"ImageObject\",\"inLanguage\":\"fr-FR\",\"@id\":\"https:\\\/\\\/oeilsportif.info\\\/wp-content\\\/uploads\\\/2025\\\/07\\\/cropped-cropped-logo-os-96x96.jpeg\",\"url\":\"https:\\\/\\\/oeilsportif.info\\\/wp-content\\\/uploads\\\/2025\\\/07\\\/cropped-cropped-logo-os-96x96.jpeg\",\"contentUrl\":\"https:\\\/\\\/oeilsportif.info\\\/wp-content\\\/uploads\\\/2025\\\/07\\\/cropped-cropped-logo-os-96x96.jpeg\",\"caption\":\"L'Equipe de la R\u00e9daction\"},\"url\":\"https:\\\/\\\/oeilsportif.info\\\/index.php\\\/author\\\/tawel\\\/\"}]}<\/script>\n<!-- \/ Yoast SEO plugin. -->","yoast_head_json":{"title":"Coupe CAF: Le Milo FC bat ASCK ( 2-1) ! - le regard du sportif","robots":{"index":"index","follow":"follow","max-snippet":"max-snippet:-1","max-image-preview":"max-image-preview:large","max-video-preview":"max-video-preview:-1"},"canonical":"https:\/\/oeilsportif.info\/index.php\/coupe-caf-le-milo-fc-bat-asck-2-1\/","og_locale":"fr_FR","og_type":"article","og_title":"Coupe CAF: Le Milo FC bat ASCK ( 2-1) ! - le regard du sportif","og_description":"Le premier match du Milo FC en comp\u00e9tition africaine restera dans les annales. Puisque l&rsquo;\u00e9quipe de Kankan a battu l&rsquo;ASCK du Togo en match aller du tour pr\u00e9liminaire de la coupe CAF ce vendredi au stade G\u00e9n\u00e9ral Lansana Cont\u00e9 de Nongo sur le score (2-1). Le Milo a vite pris l&rsquo;avantage dans ce match en [&hellip;]","og_url":"https:\/\/oeilsportif.info\/index.php\/coupe-caf-le-milo-fc-bat-asck-2-1\/","og_site_name":"le regard du sportif","article_published_time":"2022-09-09T21:23:57+00:00","og_image":[{"width":1080,"height":810,"url":"https:\/\/oeilsportif.info\/wp-content\/uploads\/2022\/09\/FB_IMG_1662758278068.jpg","type":"image\/jpeg"}],"author":"L'Equipe de la R\u00e9daction","twitter_misc":{"\u00c9crit par":"L'Equipe de la R\u00e9daction","Dur\u00e9e de lecture estim\u00e9e":"1 minute"},"schema":{"@context":"https:\/\/schema.org","@graph":[{"@type":"Article","@id":"https:\/\/oeilsportif.info\/index.php\/coupe-caf-le-milo-fc-bat-asck-2-1\/#article","isPartOf":{"@id":"https:\/\/oeilsportif.info\/index.php\/coupe-caf-le-milo-fc-bat-asck-2-1\/"},"author":{"name":"L'Equipe de la R\u00e9daction","@id":"https:\/\/oeilsportif.info\/#\/schema\/person\/cfbded294aa6095f7d96608d7905e9a1"},"headline":"Coupe CAF: Le Milo FC bat ASCK ( 2-1) !","datePublished":"2022-09-09T21:23:57+00:00","mainEntityOfPage":{"@id":"https:\/\/oeilsportif.info\/index.php\/coupe-caf-le-milo-fc-bat-asck-2-1\/"},"wordCount":180,"image":{"@id":"https:\/\/oeilsportif.info\/index.php\/coupe-caf-le-milo-fc-bat-asck-2-1\/#primaryimage"},"thumbnailUrl":"https:\/\/i0.wp.com\/oeilsportif.info\/wp-content\/uploads\/2022\/09\/FB_IMG_1662758278068.jpg?fit=1080%2C810&ssl=1","articleSection":["Football"],"inLanguage":"fr-FR"},{"@type":"WebPage","@id":"https:\/\/oeilsportif.info\/index.php\/coupe-caf-le-milo-fc-bat-asck-2-1\/","url":"https:\/\/oeilsportif.info\/index.php\/coupe-caf-le-milo-fc-bat-asck-2-1\/","name":"Coupe CAF: Le Milo FC bat ASCK ( 2-1) ! - le regard du sportif","isPartOf":{"@id":"https:\/\/oeilsportif.info\/#website"},"primaryImageOfPage":{"@id":"https:\/\/oeilsportif.info\/index.php\/coupe-caf-le-milo-fc-bat-asck-2-1\/#primaryimage"},"image":{"@id":"https:\/\/oeilsportif.info\/index.php\/coupe-caf-le-milo-fc-bat-asck-2-1\/#primaryimage"},"thumbnailUrl":"https:\/\/i0.wp.com\/oeilsportif.info\/wp-content\/uploads\/2022\/09\/FB_IMG_1662758278068.jpg?fit=1080%2C810&ssl=1","datePublished":"2022-09-09T21:23:57+00:00","author":{"@id":"https:\/\/oeilsportif.info\/#\/schema\/person\/cfbded294aa6095f7d96608d7905e9a1"},"inLanguage":"fr-FR","potentialAction":[{"@type":"ReadAction","target":["https:\/\/oeilsportif.info\/index.php\/coupe-caf-le-milo-fc-bat-asck-2-1\/"]}]},{"@type":"ImageObject","inLanguage":"fr-FR","@id":"https:\/\/oeilsportif.info\/index.php\/coupe-caf-le-milo-fc-bat-asck-2-1\/#primaryimage","url":"https:\/\/i0.wp.com\/oeilsportif.info\/wp-content\/uploads\/2022\/09\/FB_IMG_1662758278068.jpg?fit=1080%2C810&ssl=1","contentUrl":"https:\/\/i0.wp.com\/oeilsportif.info\/wp-content\/uploads\/2022\/09\/FB_IMG_1662758278068.jpg?fit=1080%2C810&ssl=1","width":1080,"height":810},{"@type":"WebSite","@id":"https:\/\/oeilsportif.info\/#website","url":"https:\/\/oeilsportif.info\/","name":"le regard du sportif","description":"","potentialAction":[{"@type":"SearchAction","target":{"@type":"EntryPoint","urlTemplate":"https:\/\/oeilsportif.info\/?s={search_term_string}"},"query-input":{"@type":"PropertyValueSpecification","valueRequired":true,"valueName":"search_term_string"}}],"inLanguage":"fr-FR"},{"@type":"Person","@id":"https:\/\/oeilsportif.info\/#\/schema\/person\/cfbded294aa6095f7d96608d7905e9a1","name":"L'Equipe de la R\u00e9daction","image":{"@type":"ImageObject","inLanguage":"fr-FR","@id":"https:\/\/oeilsportif.info\/wp-content\/uploads\/2025\/07\/cropped-cropped-logo-os-96x96.jpeg","url":"https:\/\/oeilsportif.info\/wp-content\/uploads\/2025\/07\/cropped-cropped-logo-os-96x96.jpeg","contentUrl":"https:\/\/oeilsportif.info\/wp-content\/uploads\/2025\/07\/cropped-cropped-logo-os-96x96.jpeg","caption":"L'Equipe de la R\u00e9daction"},"url":"https:\/\/oeilsportif.info\/index.php\/author\/tawel\/"}]}},"jetpack_publicize_connections":[],"jetpack_featured_media_url":"https:\/\/i0.wp.com\/oeilsportif.info\/wp-content\/uploads\/2022\/09\/FB_IMG_1662758278068.jpg?fit=1080%2C810&ssl=1","jetpack-related-posts":[],"jetpack_sharing_enabled":true,"jetpack_likes_enabled":true,"jetpack_shortlink":"https:\/\/wp.me\/pgFE77-uG","_links":{"self":[{"href":"https:\/\/oeilsportif.info\/index.php\/wp-json\/wp\/v2\/posts\/1902","targetHints":{"allow":["GET"]}}],"collection":[{"href":"https:\/\/oeilsportif.info\/index.php\/wp-json\/wp\/v2\/posts"}],"about":[{"href":"https:\/\/oeilsportif.info\/index.php\/wp-json\/wp\/v2\/types\/post"}],"author":[{"embeddable":true,"href":"https:\/\/oeilsportif.info\/index.php\/wp-json\/wp\/v2\/users\/2"}],"replies":[{"embeddable":true,"href":"https:\/\/oeilsportif.info\/index.php\/wp-json\/wp\/v2\/comments?post=1902"}],"version-history":[{"count":0,"href":"https:\/\/oeilsportif.info\/index.php\/wp-json\/wp\/v2\/posts\/1902\/revisions"}],"wp:featuredmedia":[{"embeddable":true,"href":"https:\/\/oeilsportif.info\/index.php\/wp-json\/wp\/v2\/media\/1903"}],"wp:attachment":[{"href":"https:\/\/oeilsportif.info\/index.php\/wp-json\/wp\/v2\/media?parent=1902"}],"wp:term":[{"taxonomy":"category","embeddable":true,"href":"https:\/\/oeilsportif.info\/index.php\/wp-json\/wp\/v2\/categories?post=1902"},{"taxonomy":"post_tag","embeddable":true,"href":"https:\/\/oeilsportif.info\/index.php\/wp-json\/wp\/v2\/tags?post=1902"}],"curies":[{"name":"wp","href":"https:\/\/api.w.org\/{rel}","templated":true}]}}