{"id":1859,"date":"2022-09-08T08:49:29","date_gmt":"2022-09-08T08:49:29","guid":{"rendered":"https:\/\/oeilsportif.info\/index.php\/?p=1859"},"modified":"2022-09-08T08:49:29","modified_gmt":"2022-09-08T08:49:29","slug":"cote-divoire-serge-aurier-22e-recrue-de-nottingham-forest-officiel","status":"publish","type":"post","link":"https:\/\/oeilsportif.info\/index.php\/cote-divoire-serge-aurier-22e-recrue-de-nottingham-forest-officiel\/","title":{"rendered":"C\u00f4te d\u2019Ivoire: Serge Aurier, 22e recrue de Nottingham Forest (officiel)"},"content":{"rendered":"<p><strong>Libre de tout engagement depuis son d\u00e9part de Villarreal en juillet dernier, le lat\u00e9ral international ivoirien Serge Aurier (29 ans, 81 s\u00e9lections) retrouve la prestigieuse Premier League anglaise qu\u2019il avait quitt\u00e9e en 2021.<\/strong><\/p>\n<p>En effet, le richissime promu Nottingham Forest a annonc\u00e9 ce jeudi 8 septembre la signature de la superstar des El\u00e9phants de la C\u00f4te d\u2019Ivoire qui a paraph\u00e9 un contrat d\u2019un an, plus une seconde ann\u00e9e en option:\u00ab <strong>Nottingham Forest est ravi de confirmer la signature du capitaine ivoirien Serge Aurier, sous r\u00e9serve de l\u2019obtention de son visa \u00bb,<\/strong> indique l\u2019ecurie anglaise qui enregistre ainsi sa\u2026 vingt-deuxi\u00e8me recrue. L\u2019ancien pensionnaire du PSG et de Tottenham tentera ainsi d\u2019apporter toute son exp\u00e9rience du haut niveau \u00e0 la tr\u00e8s ambitieuse \u00e9curie de Nottingham qui a d\u00e9bours\u00e9 pas moins de 152 millions d\u2019euros cet \u00e9t\u00e9 pour renforcer son effectif.<\/p>\n<p>Chez les \u00ab\u00a0Forest\u00a0\u00bb, l\u2019enfant de\u00a0Ouaragahio retrouvera plusieurs internationaux africains \u00e0 l\u2019instar de son compatriote Willy Boly, du m\u00e9tronome s\u00e9n\u00e9galais Cheikhou Kouyat\u00e9, du d\u00e9fenseur malien Moussa Niakhat\u00e9 ou encore des deux attaquants nig\u00e9rians Emmanuel Dennis et Taiwo Awoniyi.<\/p>\n","protected":false},"excerpt":{"rendered":"<p>Libre de tout engagement depuis son d\u00e9part de Villarreal en juillet dernier, le lat\u00e9ral international ivoirien Serge Aurier (29 ans, 81 s\u00e9lections) retrouve la prestigieuse Premier League anglaise qu\u2019il avait quitt\u00e9e en 2021. En effet, le richissime promu Nottingham Forest a annonc\u00e9 ce jeudi 8 septembre la signature de la superstar des El\u00e9phants de la [&hellip;]<\/p>\n","protected":false},"author":2,"featured_media":1860,"comment_status":"closed","ping_status":"open","sticky":false,"template":"","format":"standard","meta":{"_jetpack_memberships_contains_paid_content":false,"footnotes":"","jetpack_publicize_message":"","jetpack_publicize_feature_enabled":true,"jetpack_social_post_already_shared":true,"jetpack_social_options":{"image_generator_settings":{"template":"highway","default_image_id":0,"font":"","enabled":false},"version":2}},"categories":[5],"tags":[],"class_list":{"0":"post-1859","1":"post","2":"type-post","3":"status-publish","4":"format-standard","5":"has-post-thumbnail","7":"category-football"},"yoast_head":"<!-- This site is optimized with the Yoast SEO plugin v27.4 - https:\/\/yoast.com\/product\/yoast-seo-wordpress\/ -->\n<title>C\u00f4te d\u2019Ivoire: Serge Aurier, 22e recrue de Nottingham Forest (officiel) - le regard du sportif<\/title>\n<meta name=\"robots\" content=\"index, follow, max-snippet:-1, max-image-preview:large, max-video-preview:-1\" \/>\n<link rel=\"canonical\" href=\"https:\/\/oeilsportif.info\/index.php\/cote-divoire-serge-aurier-22e-recrue-de-nottingham-forest-officiel\/\" \/>\n<meta property=\"og:locale\" content=\"fr_FR\" \/>\n<meta property=\"og:type\" content=\"article\" \/>\n<meta property=\"og:title\" content=\"C\u00f4te d\u2019Ivoire: Serge Aurier, 22e recrue de Nottingham Forest (officiel) - le regard du sportif\" \/>\n<meta property=\"og:description\" content=\"Libre de tout engagement depuis son d\u00e9part de Villarreal en juillet dernier, le lat\u00e9ral international ivoirien Serge Aurier (29 ans, 81 s\u00e9lections) retrouve la prestigieuse Premier League anglaise qu\u2019il avait quitt\u00e9e en 2021. En effet, le richissime promu Nottingham Forest a annonc\u00e9 ce jeudi 8 septembre la signature de la superstar des El\u00e9phants de la [&hellip;]\" \/>\n<meta property=\"og:url\" content=\"https:\/\/oeilsportif.info\/index.php\/cote-divoire-serge-aurier-22e-recrue-de-nottingham-forest-officiel\/\" \/>\n<meta property=\"og:site_name\" content=\"le regard du sportif\" \/>\n<meta property=\"article:published_time\" content=\"2022-09-08T08:49:29+00:00\" \/>\n<meta property=\"og:image\" content=\"https:\/\/oeilsportif.info\/wp-content\/uploads\/2022\/09\/FB_IMG_1662626943014.jpg\" \/>\n\t<meta property=\"og:image:width\" content=\"750\" \/>\n\t<meta property=\"og:image:height\" content=\"750\" \/>\n\t<meta property=\"og:image:type\" content=\"image\/jpeg\" \/>\n<meta name=\"author\" content=\"L&#039;Equipe de la R\u00e9daction\" \/>\n<meta name=\"twitter:label1\" content=\"\u00c9crit par\" \/>\n\t<meta name=\"twitter:data1\" content=\"L&#039;Equipe de la R\u00e9daction\" \/>\n\t<meta name=\"twitter:label2\" content=\"Dur\u00e9e de lecture estim\u00e9e\" \/>\n\t<meta name=\"twitter:data2\" content=\"1 minute\" \/>\n<script type=\"application\/ld+json\" class=\"yoast-schema-graph\">{\"@context\":\"https:\\\/\\\/schema.org\",\"@graph\":[{\"@type\":\"Article\",\"@id\":\"https:\\\/\\\/oeilsportif.info\\\/index.php\\\/cote-divoire-serge-aurier-22e-recrue-de-nottingham-forest-officiel\\\/#article\",\"isPartOf\":{\"@id\":\"https:\\\/\\\/oeilsportif.info\\\/index.php\\\/cote-divoire-serge-aurier-22e-recrue-de-nottingham-forest-officiel\\\/\"},\"author\":{\"name\":\"L'Equipe de la R\u00e9daction\",\"@id\":\"https:\\\/\\\/oeilsportif.info\\\/#\\\/schema\\\/person\\\/cfbded294aa6095f7d96608d7905e9a1\"},\"headline\":\"C\u00f4te d\u2019Ivoire: Serge Aurier, 22e recrue de Nottingham Forest (officiel)\",\"datePublished\":\"2022-09-08T08:49:29+00:00\",\"mainEntityOfPage\":{\"@id\":\"https:\\\/\\\/oeilsportif.info\\\/index.php\\\/cote-divoire-serge-aurier-22e-recrue-de-nottingham-forest-officiel\\\/\"},\"wordCount\":207,\"image\":{\"@id\":\"https:\\\/\\\/oeilsportif.info\\\/index.php\\\/cote-divoire-serge-aurier-22e-recrue-de-nottingham-forest-officiel\\\/#primaryimage\"},\"thumbnailUrl\":\"https:\\\/\\\/i0.wp.com\\\/oeilsportif.info\\\/wp-content\\\/uploads\\\/2022\\\/09\\\/FB_IMG_1662626943014.jpg?fit=750%2C750&ssl=1\",\"articleSection\":[\"Football\"],\"inLanguage\":\"fr-FR\"},{\"@type\":\"WebPage\",\"@id\":\"https:\\\/\\\/oeilsportif.info\\\/index.php\\\/cote-divoire-serge-aurier-22e-recrue-de-nottingham-forest-officiel\\\/\",\"url\":\"https:\\\/\\\/oeilsportif.info\\\/index.php\\\/cote-divoire-serge-aurier-22e-recrue-de-nottingham-forest-officiel\\\/\",\"name\":\"C\u00f4te d\u2019Ivoire: Serge Aurier, 22e recrue de Nottingham Forest (officiel) - le regard du sportif\",\"isPartOf\":{\"@id\":\"https:\\\/\\\/oeilsportif.info\\\/#website\"},\"primaryImageOfPage\":{\"@id\":\"https:\\\/\\\/oeilsportif.info\\\/index.php\\\/cote-divoire-serge-aurier-22e-recrue-de-nottingham-forest-officiel\\\/#primaryimage\"},\"image\":{\"@id\":\"https:\\\/\\\/oeilsportif.info\\\/index.php\\\/cote-divoire-serge-aurier-22e-recrue-de-nottingham-forest-officiel\\\/#primaryimage\"},\"thumbnailUrl\":\"https:\\\/\\\/i0.wp.com\\\/oeilsportif.info\\\/wp-content\\\/uploads\\\/2022\\\/09\\\/FB_IMG_1662626943014.jpg?fit=750%2C750&ssl=1\",\"datePublished\":\"2022-09-08T08:49:29+00:00\",\"author\":{\"@id\":\"https:\\\/\\\/oeilsportif.info\\\/#\\\/schema\\\/person\\\/cfbded294aa6095f7d96608d7905e9a1\"},\"inLanguage\":\"fr-FR\",\"potentialAction\":[{\"@type\":\"ReadAction\",\"target\":[\"https:\\\/\\\/oeilsportif.info\\\/index.php\\\/cote-divoire-serge-aurier-22e-recrue-de-nottingham-forest-officiel\\\/\"]}]},{\"@type\":\"ImageObject\",\"inLanguage\":\"fr-FR\",\"@id\":\"https:\\\/\\\/oeilsportif.info\\\/index.php\\\/cote-divoire-serge-aurier-22e-recrue-de-nottingham-forest-officiel\\\/#primaryimage\",\"url\":\"https:\\\/\\\/i0.wp.com\\\/oeilsportif.info\\\/wp-content\\\/uploads\\\/2022\\\/09\\\/FB_IMG_1662626943014.jpg?fit=750%2C750&ssl=1\",\"contentUrl\":\"https:\\\/\\\/i0.wp.com\\\/oeilsportif.info\\\/wp-content\\\/uploads\\\/2022\\\/09\\\/FB_IMG_1662626943014.jpg?fit=750%2C750&ssl=1\",\"width\":750,\"height\":750},{\"@type\":\"WebSite\",\"@id\":\"https:\\\/\\\/oeilsportif.info\\\/#website\",\"url\":\"https:\\\/\\\/oeilsportif.info\\\/\",\"name\":\"le regard du sportif\",\"description\":\"\",\"potentialAction\":[{\"@type\":\"SearchAction\",\"target\":{\"@type\":\"EntryPoint\",\"urlTemplate\":\"https:\\\/\\\/oeilsportif.info\\\/?s={search_term_string}\"},\"query-input\":{\"@type\":\"PropertyValueSpecification\",\"valueRequired\":true,\"valueName\":\"search_term_string\"}}],\"inLanguage\":\"fr-FR\"},{\"@type\":\"Person\",\"@id\":\"https:\\\/\\\/oeilsportif.info\\\/#\\\/schema\\\/person\\\/cfbded294aa6095f7d96608d7905e9a1\",\"name\":\"L'Equipe de la R\u00e9daction\",\"image\":{\"@type\":\"ImageObject\",\"inLanguage\":\"fr-FR\",\"@id\":\"https:\\\/\\\/oeilsportif.info\\\/wp-content\\\/uploads\\\/2025\\\/07\\\/cropped-cropped-logo-os-96x96.jpeg\",\"url\":\"https:\\\/\\\/oeilsportif.info\\\/wp-content\\\/uploads\\\/2025\\\/07\\\/cropped-cropped-logo-os-96x96.jpeg\",\"contentUrl\":\"https:\\\/\\\/oeilsportif.info\\\/wp-content\\\/uploads\\\/2025\\\/07\\\/cropped-cropped-logo-os-96x96.jpeg\",\"caption\":\"L'Equipe de la R\u00e9daction\"},\"url\":\"https:\\\/\\\/oeilsportif.info\\\/index.php\\\/author\\\/tawel\\\/\"}]}<\/script>\n<!-- \/ Yoast SEO plugin. -->","yoast_head_json":{"title":"C\u00f4te d\u2019Ivoire: Serge Aurier, 22e recrue de Nottingham Forest (officiel) - le regard du sportif","robots":{"index":"index","follow":"follow","max-snippet":"max-snippet:-1","max-image-preview":"max-image-preview:large","max-video-preview":"max-video-preview:-1"},"canonical":"https:\/\/oeilsportif.info\/index.php\/cote-divoire-serge-aurier-22e-recrue-de-nottingham-forest-officiel\/","og_locale":"fr_FR","og_type":"article","og_title":"C\u00f4te d\u2019Ivoire: Serge Aurier, 22e recrue de Nottingham Forest (officiel) - le regard du sportif","og_description":"Libre de tout engagement depuis son d\u00e9part de Villarreal en juillet dernier, le lat\u00e9ral international ivoirien Serge Aurier (29 ans, 81 s\u00e9lections) retrouve la prestigieuse Premier League anglaise qu\u2019il avait quitt\u00e9e en 2021. En effet, le richissime promu Nottingham Forest a annonc\u00e9 ce jeudi 8 septembre la signature de la superstar des El\u00e9phants de la [&hellip;]","og_url":"https:\/\/oeilsportif.info\/index.php\/cote-divoire-serge-aurier-22e-recrue-de-nottingham-forest-officiel\/","og_site_name":"le regard du sportif","article_published_time":"2022-09-08T08:49:29+00:00","og_image":[{"width":750,"height":750,"url":"https:\/\/oeilsportif.info\/wp-content\/uploads\/2022\/09\/FB_IMG_1662626943014.jpg","type":"image\/jpeg"}],"author":"L'Equipe de la R\u00e9daction","twitter_misc":{"\u00c9crit par":"L'Equipe de la R\u00e9daction","Dur\u00e9e de lecture estim\u00e9e":"1 minute"},"schema":{"@context":"https:\/\/schema.org","@graph":[{"@type":"Article","@id":"https:\/\/oeilsportif.info\/index.php\/cote-divoire-serge-aurier-22e-recrue-de-nottingham-forest-officiel\/#article","isPartOf":{"@id":"https:\/\/oeilsportif.info\/index.php\/cote-divoire-serge-aurier-22e-recrue-de-nottingham-forest-officiel\/"},"author":{"name":"L'Equipe de la R\u00e9daction","@id":"https:\/\/oeilsportif.info\/#\/schema\/person\/cfbded294aa6095f7d96608d7905e9a1"},"headline":"C\u00f4te d\u2019Ivoire: Serge Aurier, 22e recrue de Nottingham Forest (officiel)","datePublished":"2022-09-08T08:49:29+00:00","mainEntityOfPage":{"@id":"https:\/\/oeilsportif.info\/index.php\/cote-divoire-serge-aurier-22e-recrue-de-nottingham-forest-officiel\/"},"wordCount":207,"image":{"@id":"https:\/\/oeilsportif.info\/index.php\/cote-divoire-serge-aurier-22e-recrue-de-nottingham-forest-officiel\/#primaryimage"},"thumbnailUrl":"https:\/\/i0.wp.com\/oeilsportif.info\/wp-content\/uploads\/2022\/09\/FB_IMG_1662626943014.jpg?fit=750%2C750&ssl=1","articleSection":["Football"],"inLanguage":"fr-FR"},{"@type":"WebPage","@id":"https:\/\/oeilsportif.info\/index.php\/cote-divoire-serge-aurier-22e-recrue-de-nottingham-forest-officiel\/","url":"https:\/\/oeilsportif.info\/index.php\/cote-divoire-serge-aurier-22e-recrue-de-nottingham-forest-officiel\/","name":"C\u00f4te d\u2019Ivoire: Serge Aurier, 22e recrue de Nottingham Forest (officiel) - le regard du sportif","isPartOf":{"@id":"https:\/\/oeilsportif.info\/#website"},"primaryImageOfPage":{"@id":"https:\/\/oeilsportif.info\/index.php\/cote-divoire-serge-aurier-22e-recrue-de-nottingham-forest-officiel\/#primaryimage"},"image":{"@id":"https:\/\/oeilsportif.info\/index.php\/cote-divoire-serge-aurier-22e-recrue-de-nottingham-forest-officiel\/#primaryimage"},"thumbnailUrl":"https:\/\/i0.wp.com\/oeilsportif.info\/wp-content\/uploads\/2022\/09\/FB_IMG_1662626943014.jpg?fit=750%2C750&ssl=1","datePublished":"2022-09-08T08:49:29+00:00","author":{"@id":"https:\/\/oeilsportif.info\/#\/schema\/person\/cfbded294aa6095f7d96608d7905e9a1"},"inLanguage":"fr-FR","potentialAction":[{"@type":"ReadAction","target":["https:\/\/oeilsportif.info\/index.php\/cote-divoire-serge-aurier-22e-recrue-de-nottingham-forest-officiel\/"]}]},{"@type":"ImageObject","inLanguage":"fr-FR","@id":"https:\/\/oeilsportif.info\/index.php\/cote-divoire-serge-aurier-22e-recrue-de-nottingham-forest-officiel\/#primaryimage","url":"https:\/\/i0.wp.com\/oeilsportif.info\/wp-content\/uploads\/2022\/09\/FB_IMG_1662626943014.jpg?fit=750%2C750&ssl=1","contentUrl":"https:\/\/i0.wp.com\/oeilsportif.info\/wp-content\/uploads\/2022\/09\/FB_IMG_1662626943014.jpg?fit=750%2C750&ssl=1","width":750,"height":750},{"@type":"WebSite","@id":"https:\/\/oeilsportif.info\/#website","url":"https:\/\/oeilsportif.info\/","name":"le regard du sportif","description":"","potentialAction":[{"@type":"SearchAction","target":{"@type":"EntryPoint","urlTemplate":"https:\/\/oeilsportif.info\/?s={search_term_string}"},"query-input":{"@type":"PropertyValueSpecification","valueRequired":true,"valueName":"search_term_string"}}],"inLanguage":"fr-FR"},{"@type":"Person","@id":"https:\/\/oeilsportif.info\/#\/schema\/person\/cfbded294aa6095f7d96608d7905e9a1","name":"L'Equipe de la R\u00e9daction","image":{"@type":"ImageObject","inLanguage":"fr-FR","@id":"https:\/\/oeilsportif.info\/wp-content\/uploads\/2025\/07\/cropped-cropped-logo-os-96x96.jpeg","url":"https:\/\/oeilsportif.info\/wp-content\/uploads\/2025\/07\/cropped-cropped-logo-os-96x96.jpeg","contentUrl":"https:\/\/oeilsportif.info\/wp-content\/uploads\/2025\/07\/cropped-cropped-logo-os-96x96.jpeg","caption":"L'Equipe de la R\u00e9daction"},"url":"https:\/\/oeilsportif.info\/index.php\/author\/tawel\/"}]}},"jetpack_publicize_connections":[],"jetpack_featured_media_url":"https:\/\/i0.wp.com\/oeilsportif.info\/wp-content\/uploads\/2022\/09\/FB_IMG_1662626943014.jpg?fit=750%2C750&ssl=1","jetpack-related-posts":[],"jetpack_sharing_enabled":true,"jetpack_likes_enabled":true,"jetpack_shortlink":"https:\/\/wp.me\/pgFE77-tZ","_links":{"self":[{"href":"https:\/\/oeilsportif.info\/index.php\/wp-json\/wp\/v2\/posts\/1859","targetHints":{"allow":["GET"]}}],"collection":[{"href":"https:\/\/oeilsportif.info\/index.php\/wp-json\/wp\/v2\/posts"}],"about":[{"href":"https:\/\/oeilsportif.info\/index.php\/wp-json\/wp\/v2\/types\/post"}],"author":[{"embeddable":true,"href":"https:\/\/oeilsportif.info\/index.php\/wp-json\/wp\/v2\/users\/2"}],"replies":[{"embeddable":true,"href":"https:\/\/oeilsportif.info\/index.php\/wp-json\/wp\/v2\/comments?post=1859"}],"version-history":[{"count":0,"href":"https:\/\/oeilsportif.info\/index.php\/wp-json\/wp\/v2\/posts\/1859\/revisions"}],"wp:featuredmedia":[{"embeddable":true,"href":"https:\/\/oeilsportif.info\/index.php\/wp-json\/wp\/v2\/media\/1860"}],"wp:attachment":[{"href":"https:\/\/oeilsportif.info\/index.php\/wp-json\/wp\/v2\/media?parent=1859"}],"wp:term":[{"taxonomy":"category","embeddable":true,"href":"https:\/\/oeilsportif.info\/index.php\/wp-json\/wp\/v2\/categories?post=1859"},{"taxonomy":"post_tag","embeddable":true,"href":"https:\/\/oeilsportif.info\/index.php\/wp-json\/wp\/v2\/tags?post=1859"}],"curies":[{"name":"wp","href":"https:\/\/api.w.org\/{rel}","templated":true}]}}