{"id":1627,"date":"2022-08-26T22:25:04","date_gmt":"2022-08-26T22:25:04","guid":{"rendered":"https:\/\/oeilsportif.info\/index.php\/?p=1627"},"modified":"2022-08-26T22:25:04","modified_gmt":"2022-08-26T22:25:04","slug":"feguifoot-le-district-de-kaloum-suspendu-par-le-conor","status":"publish","type":"post","link":"https:\/\/oeilsportif.info\/index.php\/feguifoot-le-district-de-kaloum-suspendu-par-le-conor\/","title":{"rendered":"F\u00e9guifoot : Le district de Kaloum, suspendu par le CONOR !"},"content":{"rendered":"<p>Une crise sans fin dans la famille du football guin\u00e9en ! Apr\u00e8s le d\u00e9part de l&rsquo;ancien Bureau Ex\u00e9cutif de la F\u00e9d\u00e9ration Guin\u00e9enne de Football remplac\u00e9 par le Comit\u00e9 de Normalisation CONOR qui est install\u00e9 par la FIFA pour toiletter les textes et organiser le congr\u00e8s \u00e9lectif, d&rsquo;apr\u00e8s le dernier courrier de la FIFA qui donne plein de pouvoir au CONOR de remplacer les diff\u00e9rentes structures du football guin\u00e9en dans lesquelles, il y a dysfonctionnement.<\/p>\n<p>Sur cet ordre, le comit\u00e9 de normalisation de la F\u00e9guifoot a r\u00e9voqu\u00e9 le Bureau Ex\u00e9cutif de la Ligue Guin\u00e9enne de Football professionnel, il y a 24 heures. Ce vendredi 26 ao\u00fbt 2022, le Comit\u00e9 de Normalisation de la F\u00e9d\u00e9ration Guin\u00e9enne de Football a suspendu le district de football de Kaloum jusqu&rsquo;\u00e0 nouvel ordre.<\/p>\n<p>voici la d\u00e9cision&#8230;<a href=\"https:\/\/i0.wp.com\/oeilsportif.info\/wp-content\/uploads\/2022\/08\/IMG-20220826-WA0008.jpg?ssl=1\"><img data-recalc-dims=\"1\" loading=\"lazy\" decoding=\"async\" class=\"alignnone size-full wp-image-1628\" src=\"https:\/\/i0.wp.com\/oeilsportif.info\/wp-content\/uploads\/2022\/08\/IMG-20220826-WA0008.jpg?resize=696%2C928&#038;ssl=1\" alt=\"\" width=\"696\" height=\"928\" srcset=\"https:\/\/i0.wp.com\/oeilsportif.info\/wp-content\/uploads\/2022\/08\/IMG-20220826-WA0008.jpg?w=750&amp;ssl=1 750w, https:\/\/i0.wp.com\/oeilsportif.info\/wp-content\/uploads\/2022\/08\/IMG-20220826-WA0008.jpg?resize=225%2C300&amp;ssl=1 225w, https:\/\/i0.wp.com\/oeilsportif.info\/wp-content\/uploads\/2022\/08\/IMG-20220826-WA0008.jpg?resize=696%2C928&amp;ssl=1 696w, https:\/\/i0.wp.com\/oeilsportif.info\/wp-content\/uploads\/2022\/08\/IMG-20220826-WA0008.jpg?resize=315%2C420&amp;ssl=1 315w\" sizes=\"auto, (max-width: 696px) 100vw, 696px\" \/><\/a><\/p>\n","protected":false},"excerpt":{"rendered":"<p>Une crise sans fin dans la famille du football guin\u00e9en ! Apr\u00e8s le d\u00e9part de l&rsquo;ancien Bureau Ex\u00e9cutif de la F\u00e9d\u00e9ration Guin\u00e9enne de Football remplac\u00e9 par le Comit\u00e9 de Normalisation CONOR qui est install\u00e9 par la FIFA pour toiletter les textes et organiser le congr\u00e8s \u00e9lectif, d&rsquo;apr\u00e8s le dernier courrier de la FIFA qui donne [&hellip;]<\/p>\n","protected":false},"author":2,"featured_media":1629,"comment_status":"closed","ping_status":"open","sticky":false,"template":"","format":"standard","meta":{"_jetpack_memberships_contains_paid_content":false,"footnotes":"","jetpack_publicize_message":"","jetpack_publicize_feature_enabled":true,"jetpack_social_post_already_shared":true,"jetpack_social_options":{"image_generator_settings":{"template":"highway","default_image_id":0,"font":"","enabled":false},"version":2}},"categories":[5],"tags":[],"class_list":{"0":"post-1627","1":"post","2":"type-post","3":"status-publish","4":"format-standard","5":"has-post-thumbnail","7":"category-football"},"yoast_head":"<!-- This site is optimized with the Yoast SEO plugin v27.4 - https:\/\/yoast.com\/product\/yoast-seo-wordpress\/ -->\n<title>F\u00e9guifoot : Le district de Kaloum, suspendu par le CONOR ! - le regard du sportif<\/title>\n<meta name=\"robots\" content=\"index, follow, max-snippet:-1, max-image-preview:large, max-video-preview:-1\" \/>\n<link rel=\"canonical\" href=\"https:\/\/oeilsportif.info\/index.php\/feguifoot-le-district-de-kaloum-suspendu-par-le-conor\/\" \/>\n<meta property=\"og:locale\" content=\"fr_FR\" \/>\n<meta property=\"og:type\" content=\"article\" \/>\n<meta property=\"og:title\" content=\"F\u00e9guifoot : Le district de Kaloum, suspendu par le CONOR ! - le regard du sportif\" \/>\n<meta property=\"og:description\" content=\"Une crise sans fin dans la famille du football guin\u00e9en ! Apr\u00e8s le d\u00e9part de l&rsquo;ancien Bureau Ex\u00e9cutif de la F\u00e9d\u00e9ration Guin\u00e9enne de Football remplac\u00e9 par le Comit\u00e9 de Normalisation CONOR qui est install\u00e9 par la FIFA pour toiletter les textes et organiser le congr\u00e8s \u00e9lectif, d&rsquo;apr\u00e8s le dernier courrier de la FIFA qui donne [&hellip;]\" \/>\n<meta property=\"og:url\" content=\"https:\/\/oeilsportif.info\/index.php\/feguifoot-le-district-de-kaloum-suspendu-par-le-conor\/\" \/>\n<meta property=\"og:site_name\" content=\"le regard du sportif\" \/>\n<meta property=\"article:published_time\" content=\"2022-08-26T22:25:04+00:00\" \/>\n<meta property=\"og:image\" content=\"https:\/\/oeilsportif.info\/wp-content\/uploads\/2022\/08\/FB_IMG_1661551371338.jpg\" \/>\n\t<meta property=\"og:image:width\" content=\"480\" \/>\n\t<meta property=\"og:image:height\" content=\"640\" \/>\n\t<meta property=\"og:image:type\" content=\"image\/jpeg\" \/>\n<meta name=\"author\" content=\"L&#039;Equipe de la R\u00e9daction\" \/>\n<meta name=\"twitter:label1\" content=\"\u00c9crit par\" \/>\n\t<meta name=\"twitter:data1\" content=\"L&#039;Equipe de la R\u00e9daction\" \/>\n\t<meta name=\"twitter:label2\" content=\"Dur\u00e9e de lecture estim\u00e9e\" \/>\n\t<meta name=\"twitter:data2\" content=\"1 minute\" \/>\n<script type=\"application\/ld+json\" class=\"yoast-schema-graph\">{\"@context\":\"https:\\\/\\\/schema.org\",\"@graph\":[{\"@type\":\"Article\",\"@id\":\"https:\\\/\\\/oeilsportif.info\\\/index.php\\\/feguifoot-le-district-de-kaloum-suspendu-par-le-conor\\\/#article\",\"isPartOf\":{\"@id\":\"https:\\\/\\\/oeilsportif.info\\\/index.php\\\/feguifoot-le-district-de-kaloum-suspendu-par-le-conor\\\/\"},\"author\":{\"name\":\"L'Equipe de la R\u00e9daction\",\"@id\":\"https:\\\/\\\/oeilsportif.info\\\/#\\\/schema\\\/person\\\/cfbded294aa6095f7d96608d7905e9a1\"},\"headline\":\"F\u00e9guifoot : Le district de Kaloum, suspendu par le CONOR !\",\"datePublished\":\"2022-08-26T22:25:04+00:00\",\"mainEntityOfPage\":{\"@id\":\"https:\\\/\\\/oeilsportif.info\\\/index.php\\\/feguifoot-le-district-de-kaloum-suspendu-par-le-conor\\\/\"},\"wordCount\":158,\"image\":{\"@id\":\"https:\\\/\\\/oeilsportif.info\\\/index.php\\\/feguifoot-le-district-de-kaloum-suspendu-par-le-conor\\\/#primaryimage\"},\"thumbnailUrl\":\"https:\\\/\\\/i0.wp.com\\\/oeilsportif.info\\\/wp-content\\\/uploads\\\/2022\\\/08\\\/FB_IMG_1661551371338.jpg?fit=480%2C640&ssl=1\",\"articleSection\":[\"Football\"],\"inLanguage\":\"fr-FR\"},{\"@type\":\"WebPage\",\"@id\":\"https:\\\/\\\/oeilsportif.info\\\/index.php\\\/feguifoot-le-district-de-kaloum-suspendu-par-le-conor\\\/\",\"url\":\"https:\\\/\\\/oeilsportif.info\\\/index.php\\\/feguifoot-le-district-de-kaloum-suspendu-par-le-conor\\\/\",\"name\":\"F\u00e9guifoot : Le district de Kaloum, suspendu par le CONOR ! - le regard du sportif\",\"isPartOf\":{\"@id\":\"https:\\\/\\\/oeilsportif.info\\\/#website\"},\"primaryImageOfPage\":{\"@id\":\"https:\\\/\\\/oeilsportif.info\\\/index.php\\\/feguifoot-le-district-de-kaloum-suspendu-par-le-conor\\\/#primaryimage\"},\"image\":{\"@id\":\"https:\\\/\\\/oeilsportif.info\\\/index.php\\\/feguifoot-le-district-de-kaloum-suspendu-par-le-conor\\\/#primaryimage\"},\"thumbnailUrl\":\"https:\\\/\\\/i0.wp.com\\\/oeilsportif.info\\\/wp-content\\\/uploads\\\/2022\\\/08\\\/FB_IMG_1661551371338.jpg?fit=480%2C640&ssl=1\",\"datePublished\":\"2022-08-26T22:25:04+00:00\",\"author\":{\"@id\":\"https:\\\/\\\/oeilsportif.info\\\/#\\\/schema\\\/person\\\/cfbded294aa6095f7d96608d7905e9a1\"},\"inLanguage\":\"fr-FR\",\"potentialAction\":[{\"@type\":\"ReadAction\",\"target\":[\"https:\\\/\\\/oeilsportif.info\\\/index.php\\\/feguifoot-le-district-de-kaloum-suspendu-par-le-conor\\\/\"]}]},{\"@type\":\"ImageObject\",\"inLanguage\":\"fr-FR\",\"@id\":\"https:\\\/\\\/oeilsportif.info\\\/index.php\\\/feguifoot-le-district-de-kaloum-suspendu-par-le-conor\\\/#primaryimage\",\"url\":\"https:\\\/\\\/i0.wp.com\\\/oeilsportif.info\\\/wp-content\\\/uploads\\\/2022\\\/08\\\/FB_IMG_1661551371338.jpg?fit=480%2C640&ssl=1\",\"contentUrl\":\"https:\\\/\\\/i0.wp.com\\\/oeilsportif.info\\\/wp-content\\\/uploads\\\/2022\\\/08\\\/FB_IMG_1661551371338.jpg?fit=480%2C640&ssl=1\",\"width\":480,\"height\":640},{\"@type\":\"WebSite\",\"@id\":\"https:\\\/\\\/oeilsportif.info\\\/#website\",\"url\":\"https:\\\/\\\/oeilsportif.info\\\/\",\"name\":\"le regard du sportif\",\"description\":\"\",\"potentialAction\":[{\"@type\":\"SearchAction\",\"target\":{\"@type\":\"EntryPoint\",\"urlTemplate\":\"https:\\\/\\\/oeilsportif.info\\\/?s={search_term_string}\"},\"query-input\":{\"@type\":\"PropertyValueSpecification\",\"valueRequired\":true,\"valueName\":\"search_term_string\"}}],\"inLanguage\":\"fr-FR\"},{\"@type\":\"Person\",\"@id\":\"https:\\\/\\\/oeilsportif.info\\\/#\\\/schema\\\/person\\\/cfbded294aa6095f7d96608d7905e9a1\",\"name\":\"L'Equipe de la R\u00e9daction\",\"image\":{\"@type\":\"ImageObject\",\"inLanguage\":\"fr-FR\",\"@id\":\"https:\\\/\\\/oeilsportif.info\\\/wp-content\\\/uploads\\\/2025\\\/07\\\/cropped-cropped-logo-os-96x96.jpeg\",\"url\":\"https:\\\/\\\/oeilsportif.info\\\/wp-content\\\/uploads\\\/2025\\\/07\\\/cropped-cropped-logo-os-96x96.jpeg\",\"contentUrl\":\"https:\\\/\\\/oeilsportif.info\\\/wp-content\\\/uploads\\\/2025\\\/07\\\/cropped-cropped-logo-os-96x96.jpeg\",\"caption\":\"L'Equipe de la R\u00e9daction\"},\"url\":\"https:\\\/\\\/oeilsportif.info\\\/index.php\\\/author\\\/tawel\\\/\"}]}<\/script>\n<!-- \/ Yoast SEO plugin. -->","yoast_head_json":{"title":"F\u00e9guifoot : Le district de Kaloum, suspendu par le CONOR ! - le regard du sportif","robots":{"index":"index","follow":"follow","max-snippet":"max-snippet:-1","max-image-preview":"max-image-preview:large","max-video-preview":"max-video-preview:-1"},"canonical":"https:\/\/oeilsportif.info\/index.php\/feguifoot-le-district-de-kaloum-suspendu-par-le-conor\/","og_locale":"fr_FR","og_type":"article","og_title":"F\u00e9guifoot : Le district de Kaloum, suspendu par le CONOR ! - le regard du sportif","og_description":"Une crise sans fin dans la famille du football guin\u00e9en ! Apr\u00e8s le d\u00e9part de l&rsquo;ancien Bureau Ex\u00e9cutif de la F\u00e9d\u00e9ration Guin\u00e9enne de Football remplac\u00e9 par le Comit\u00e9 de Normalisation CONOR qui est install\u00e9 par la FIFA pour toiletter les textes et organiser le congr\u00e8s \u00e9lectif, d&rsquo;apr\u00e8s le dernier courrier de la FIFA qui donne [&hellip;]","og_url":"https:\/\/oeilsportif.info\/index.php\/feguifoot-le-district-de-kaloum-suspendu-par-le-conor\/","og_site_name":"le regard du sportif","article_published_time":"2022-08-26T22:25:04+00:00","og_image":[{"width":480,"height":640,"url":"https:\/\/oeilsportif.info\/wp-content\/uploads\/2022\/08\/FB_IMG_1661551371338.jpg","type":"image\/jpeg"}],"author":"L'Equipe de la R\u00e9daction","twitter_misc":{"\u00c9crit par":"L'Equipe de la R\u00e9daction","Dur\u00e9e de lecture estim\u00e9e":"1 minute"},"schema":{"@context":"https:\/\/schema.org","@graph":[{"@type":"Article","@id":"https:\/\/oeilsportif.info\/index.php\/feguifoot-le-district-de-kaloum-suspendu-par-le-conor\/#article","isPartOf":{"@id":"https:\/\/oeilsportif.info\/index.php\/feguifoot-le-district-de-kaloum-suspendu-par-le-conor\/"},"author":{"name":"L'Equipe de la R\u00e9daction","@id":"https:\/\/oeilsportif.info\/#\/schema\/person\/cfbded294aa6095f7d96608d7905e9a1"},"headline":"F\u00e9guifoot : Le district de Kaloum, suspendu par le CONOR !","datePublished":"2022-08-26T22:25:04+00:00","mainEntityOfPage":{"@id":"https:\/\/oeilsportif.info\/index.php\/feguifoot-le-district-de-kaloum-suspendu-par-le-conor\/"},"wordCount":158,"image":{"@id":"https:\/\/oeilsportif.info\/index.php\/feguifoot-le-district-de-kaloum-suspendu-par-le-conor\/#primaryimage"},"thumbnailUrl":"https:\/\/i0.wp.com\/oeilsportif.info\/wp-content\/uploads\/2022\/08\/FB_IMG_1661551371338.jpg?fit=480%2C640&ssl=1","articleSection":["Football"],"inLanguage":"fr-FR"},{"@type":"WebPage","@id":"https:\/\/oeilsportif.info\/index.php\/feguifoot-le-district-de-kaloum-suspendu-par-le-conor\/","url":"https:\/\/oeilsportif.info\/index.php\/feguifoot-le-district-de-kaloum-suspendu-par-le-conor\/","name":"F\u00e9guifoot : Le district de Kaloum, suspendu par le CONOR ! - le regard du sportif","isPartOf":{"@id":"https:\/\/oeilsportif.info\/#website"},"primaryImageOfPage":{"@id":"https:\/\/oeilsportif.info\/index.php\/feguifoot-le-district-de-kaloum-suspendu-par-le-conor\/#primaryimage"},"image":{"@id":"https:\/\/oeilsportif.info\/index.php\/feguifoot-le-district-de-kaloum-suspendu-par-le-conor\/#primaryimage"},"thumbnailUrl":"https:\/\/i0.wp.com\/oeilsportif.info\/wp-content\/uploads\/2022\/08\/FB_IMG_1661551371338.jpg?fit=480%2C640&ssl=1","datePublished":"2022-08-26T22:25:04+00:00","author":{"@id":"https:\/\/oeilsportif.info\/#\/schema\/person\/cfbded294aa6095f7d96608d7905e9a1"},"inLanguage":"fr-FR","potentialAction":[{"@type":"ReadAction","target":["https:\/\/oeilsportif.info\/index.php\/feguifoot-le-district-de-kaloum-suspendu-par-le-conor\/"]}]},{"@type":"ImageObject","inLanguage":"fr-FR","@id":"https:\/\/oeilsportif.info\/index.php\/feguifoot-le-district-de-kaloum-suspendu-par-le-conor\/#primaryimage","url":"https:\/\/i0.wp.com\/oeilsportif.info\/wp-content\/uploads\/2022\/08\/FB_IMG_1661551371338.jpg?fit=480%2C640&ssl=1","contentUrl":"https:\/\/i0.wp.com\/oeilsportif.info\/wp-content\/uploads\/2022\/08\/FB_IMG_1661551371338.jpg?fit=480%2C640&ssl=1","width":480,"height":640},{"@type":"WebSite","@id":"https:\/\/oeilsportif.info\/#website","url":"https:\/\/oeilsportif.info\/","name":"le regard du sportif","description":"","potentialAction":[{"@type":"SearchAction","target":{"@type":"EntryPoint","urlTemplate":"https:\/\/oeilsportif.info\/?s={search_term_string}"},"query-input":{"@type":"PropertyValueSpecification","valueRequired":true,"valueName":"search_term_string"}}],"inLanguage":"fr-FR"},{"@type":"Person","@id":"https:\/\/oeilsportif.info\/#\/schema\/person\/cfbded294aa6095f7d96608d7905e9a1","name":"L'Equipe de la R\u00e9daction","image":{"@type":"ImageObject","inLanguage":"fr-FR","@id":"https:\/\/oeilsportif.info\/wp-content\/uploads\/2025\/07\/cropped-cropped-logo-os-96x96.jpeg","url":"https:\/\/oeilsportif.info\/wp-content\/uploads\/2025\/07\/cropped-cropped-logo-os-96x96.jpeg","contentUrl":"https:\/\/oeilsportif.info\/wp-content\/uploads\/2025\/07\/cropped-cropped-logo-os-96x96.jpeg","caption":"L'Equipe de la R\u00e9daction"},"url":"https:\/\/oeilsportif.info\/index.php\/author\/tawel\/"}]}},"jetpack_publicize_connections":[],"jetpack_featured_media_url":"https:\/\/i0.wp.com\/oeilsportif.info\/wp-content\/uploads\/2022\/08\/FB_IMG_1661551371338.jpg?fit=480%2C640&ssl=1","jetpack-related-posts":[],"jetpack_sharing_enabled":true,"jetpack_likes_enabled":true,"jetpack_shortlink":"https:\/\/wp.me\/pgFE77-qf","_links":{"self":[{"href":"https:\/\/oeilsportif.info\/index.php\/wp-json\/wp\/v2\/posts\/1627","targetHints":{"allow":["GET"]}}],"collection":[{"href":"https:\/\/oeilsportif.info\/index.php\/wp-json\/wp\/v2\/posts"}],"about":[{"href":"https:\/\/oeilsportif.info\/index.php\/wp-json\/wp\/v2\/types\/post"}],"author":[{"embeddable":true,"href":"https:\/\/oeilsportif.info\/index.php\/wp-json\/wp\/v2\/users\/2"}],"replies":[{"embeddable":true,"href":"https:\/\/oeilsportif.info\/index.php\/wp-json\/wp\/v2\/comments?post=1627"}],"version-history":[{"count":0,"href":"https:\/\/oeilsportif.info\/index.php\/wp-json\/wp\/v2\/posts\/1627\/revisions"}],"wp:featuredmedia":[{"embeddable":true,"href":"https:\/\/oeilsportif.info\/index.php\/wp-json\/wp\/v2\/media\/1629"}],"wp:attachment":[{"href":"https:\/\/oeilsportif.info\/index.php\/wp-json\/wp\/v2\/media?parent=1627"}],"wp:term":[{"taxonomy":"category","embeddable":true,"href":"https:\/\/oeilsportif.info\/index.php\/wp-json\/wp\/v2\/categories?post=1627"},{"taxonomy":"post_tag","embeddable":true,"href":"https:\/\/oeilsportif.info\/index.php\/wp-json\/wp\/v2\/tags?post=1627"}],"curies":[{"name":"wp","href":"https:\/\/api.w.org\/{rel}","templated":true}]}}