{"id":1608,"date":"2022-08-26T14:58:57","date_gmt":"2022-08-26T14:58:57","guid":{"rendered":"https:\/\/oeilsportif.info\/index.php\/?p=1608"},"modified":"2022-08-26T19:44:26","modified_gmt":"2022-08-26T19:44:26","slug":"lgfp-conor-ce-nest-pas-la-federation-qui-a-donnee-le-siege-a-la-ligue-guineenne-de-football-dixit-general-mathurin-bangoura-ancien-president-de-la-lgfp","status":"publish","type":"post","link":"https:\/\/oeilsportif.info\/index.php\/lgfp-conor-ce-nest-pas-la-federation-qui-a-donnee-le-siege-a-la-ligue-guineenne-de-football-dixit-general-mathurin-bangoura-ancien-president-de-la-lgfp\/","title":{"rendered":"LGFP-CONOR : \u00ab Ce n&rsquo;est pas la f\u00e9d\u00e9ration qui a donn\u00e9 le si\u00e8ge \u00e0 la Ligue Guin\u00e9enne de Football.. \u00bb dixit G\u00e9n\u00e9ral Mathurin Bangoura, ancien Pr\u00e9sident de la LGFP."},"content":{"rendered":"<p>Ce jeudi 25 ao\u00fbt 2022 apr\u00e8s la d\u00e9cision prise par le Comit\u00e9 de Normalisation de la F\u00e9d\u00e9ration Guin\u00e9enne de Football pour la fermeture du si\u00e8ge de la Ligue Guin\u00e9enne de Football Professionnel. Le G\u00e9n\u00e9ral Mathurin Bangoura, ancien Pr\u00e9sident de ladite institution a r\u00e9agit sur cette d\u00e9cision du CONOR :\u00ab La ligue a sign\u00e9 un contrat avec le palais du peuple. Ce n&rsquo;est pas la F\u00e9d\u00e9ration qui a donn\u00e9 le si\u00e8ge \u00e0 la ligue guin\u00e9enne de football. Nous avons un contrat qui nous lie avec le palais du peuple et la ligue paie le loyer. Nous sommes d\u00e9sol\u00e9s pour cette d\u00e9cision&#8230; \u00bb A d\u00e9clar\u00e9, Mathurin Bangoura, ancien Pr\u00e9sident de la Ligue Guin\u00e9enne de Football Professionnel.<\/p>\n<p>Apr\u00e8s cette sortie du G\u00e9n\u00e9ral Mathurin Bangoura le si\u00e8ge de la Ligue sera-t-il occup\u00e9 par le Bureau de LGFP dechu par le CONOR ?<\/p>\n<p>\u00c0 faire suivre&#8230;!!!<\/p>\n","protected":false},"excerpt":{"rendered":"<p>Ce jeudi 25 ao\u00fbt 2022 apr\u00e8s la d\u00e9cision prise par le Comit\u00e9 de Normalisation de la F\u00e9d\u00e9ration Guin\u00e9enne de Football pour la fermeture du si\u00e8ge de la Ligue Guin\u00e9enne de Football Professionnel. Le G\u00e9n\u00e9ral Mathurin Bangoura, ancien Pr\u00e9sident de ladite institution a r\u00e9agit sur cette d\u00e9cision du CONOR :\u00ab La ligue a sign\u00e9 un contrat [&hellip;]<\/p>\n","protected":false},"author":2,"featured_media":1609,"comment_status":"closed","ping_status":"open","sticky":false,"template":"","format":"standard","meta":{"_jetpack_memberships_contains_paid_content":false,"footnotes":"","jetpack_publicize_message":"","jetpack_publicize_feature_enabled":true,"jetpack_social_post_already_shared":true,"jetpack_social_options":{"image_generator_settings":{"template":"highway","default_image_id":0,"font":"","enabled":false},"version":2}},"categories":[5],"tags":[],"class_list":{"0":"post-1608","1":"post","2":"type-post","3":"status-publish","4":"format-standard","5":"has-post-thumbnail","7":"category-football"},"yoast_head":"<!-- This site is optimized with the Yoast SEO plugin v27.4 - https:\/\/yoast.com\/product\/yoast-seo-wordpress\/ -->\n<title>LGFP-CONOR : \u00ab Ce n&#039;est pas la f\u00e9d\u00e9ration qui a donn\u00e9 le si\u00e8ge \u00e0 la Ligue Guin\u00e9enne de Football.. \u00bb dixit G\u00e9n\u00e9ral Mathurin Bangoura, ancien Pr\u00e9sident de la LGFP. - le regard du sportif<\/title>\n<meta name=\"robots\" content=\"index, follow, max-snippet:-1, max-image-preview:large, max-video-preview:-1\" \/>\n<link rel=\"canonical\" href=\"https:\/\/oeilsportif.info\/index.php\/lgfp-conor-ce-nest-pas-la-federation-qui-a-donnee-le-siege-a-la-ligue-guineenne-de-football-dixit-general-mathurin-bangoura-ancien-president-de-la-lgfp\/\" \/>\n<meta property=\"og:locale\" content=\"fr_FR\" \/>\n<meta property=\"og:type\" content=\"article\" \/>\n<meta property=\"og:title\" content=\"LGFP-CONOR : \u00ab Ce n&#039;est pas la f\u00e9d\u00e9ration qui a donn\u00e9 le si\u00e8ge \u00e0 la Ligue Guin\u00e9enne de Football.. \u00bb dixit G\u00e9n\u00e9ral Mathurin Bangoura, ancien Pr\u00e9sident de la LGFP. - le regard du sportif\" \/>\n<meta property=\"og:description\" content=\"Ce jeudi 25 ao\u00fbt 2022 apr\u00e8s la d\u00e9cision prise par le Comit\u00e9 de Normalisation de la F\u00e9d\u00e9ration Guin\u00e9enne de Football pour la fermeture du si\u00e8ge de la Ligue Guin\u00e9enne de Football Professionnel. Le G\u00e9n\u00e9ral Mathurin Bangoura, ancien Pr\u00e9sident de ladite institution a r\u00e9agit sur cette d\u00e9cision du CONOR :\u00ab La ligue a sign\u00e9 un contrat [&hellip;]\" \/>\n<meta property=\"og:url\" content=\"https:\/\/oeilsportif.info\/index.php\/lgfp-conor-ce-nest-pas-la-federation-qui-a-donnee-le-siege-a-la-ligue-guineenne-de-football-dixit-general-mathurin-bangoura-ancien-president-de-la-lgfp\/\" \/>\n<meta property=\"og:site_name\" content=\"le regard du sportif\" \/>\n<meta property=\"article:published_time\" content=\"2022-08-26T14:58:57+00:00\" \/>\n<meta property=\"article:modified_time\" content=\"2022-08-26T19:44:26+00:00\" \/>\n<meta property=\"og:image\" content=\"https:\/\/oeilsportif.info\/wp-content\/uploads\/2022\/08\/FB_IMG_1661525230766.jpg\" \/>\n\t<meta property=\"og:image:width\" content=\"1080\" \/>\n\t<meta property=\"og:image:height\" content=\"810\" \/>\n\t<meta property=\"og:image:type\" content=\"image\/jpeg\" \/>\n<meta name=\"author\" content=\"L&#039;Equipe de la R\u00e9daction\" \/>\n<meta name=\"twitter:label1\" content=\"\u00c9crit par\" \/>\n\t<meta name=\"twitter:data1\" content=\"L&#039;Equipe de la R\u00e9daction\" \/>\n\t<meta name=\"twitter:label2\" content=\"Dur\u00e9e de lecture estim\u00e9e\" \/>\n\t<meta name=\"twitter:data2\" content=\"1 minute\" \/>\n<script type=\"application\/ld+json\" class=\"yoast-schema-graph\">{\"@context\":\"https:\\\/\\\/schema.org\",\"@graph\":[{\"@type\":\"Article\",\"@id\":\"https:\\\/\\\/oeilsportif.info\\\/index.php\\\/lgfp-conor-ce-nest-pas-la-federation-qui-a-donnee-le-siege-a-la-ligue-guineenne-de-football-dixit-general-mathurin-bangoura-ancien-president-de-la-lgfp\\\/#article\",\"isPartOf\":{\"@id\":\"https:\\\/\\\/oeilsportif.info\\\/index.php\\\/lgfp-conor-ce-nest-pas-la-federation-qui-a-donnee-le-siege-a-la-ligue-guineenne-de-football-dixit-general-mathurin-bangoura-ancien-president-de-la-lgfp\\\/\"},\"author\":{\"name\":\"L'Equipe de la R\u00e9daction\",\"@id\":\"https:\\\/\\\/oeilsportif.info\\\/#\\\/schema\\\/person\\\/cfbded294aa6095f7d96608d7905e9a1\"},\"headline\":\"LGFP-CONOR : \u00ab Ce n&rsquo;est pas la f\u00e9d\u00e9ration qui a donn\u00e9 le si\u00e8ge \u00e0 la Ligue Guin\u00e9enne de Football.. \u00bb dixit G\u00e9n\u00e9ral Mathurin Bangoura, ancien Pr\u00e9sident de la LGFP.\",\"datePublished\":\"2022-08-26T14:58:57+00:00\",\"dateModified\":\"2022-08-26T19:44:26+00:00\",\"mainEntityOfPage\":{\"@id\":\"https:\\\/\\\/oeilsportif.info\\\/index.php\\\/lgfp-conor-ce-nest-pas-la-federation-qui-a-donnee-le-siege-a-la-ligue-guineenne-de-football-dixit-general-mathurin-bangoura-ancien-president-de-la-lgfp\\\/\"},\"wordCount\":195,\"image\":{\"@id\":\"https:\\\/\\\/oeilsportif.info\\\/index.php\\\/lgfp-conor-ce-nest-pas-la-federation-qui-a-donnee-le-siege-a-la-ligue-guineenne-de-football-dixit-general-mathurin-bangoura-ancien-president-de-la-lgfp\\\/#primaryimage\"},\"thumbnailUrl\":\"https:\\\/\\\/i0.wp.com\\\/oeilsportif.info\\\/wp-content\\\/uploads\\\/2022\\\/08\\\/FB_IMG_1661525230766.jpg?fit=1080%2C810&ssl=1\",\"articleSection\":[\"Football\"],\"inLanguage\":\"fr-FR\"},{\"@type\":\"WebPage\",\"@id\":\"https:\\\/\\\/oeilsportif.info\\\/index.php\\\/lgfp-conor-ce-nest-pas-la-federation-qui-a-donnee-le-siege-a-la-ligue-guineenne-de-football-dixit-general-mathurin-bangoura-ancien-president-de-la-lgfp\\\/\",\"url\":\"https:\\\/\\\/oeilsportif.info\\\/index.php\\\/lgfp-conor-ce-nest-pas-la-federation-qui-a-donnee-le-siege-a-la-ligue-guineenne-de-football-dixit-general-mathurin-bangoura-ancien-president-de-la-lgfp\\\/\",\"name\":\"LGFP-CONOR : \u00ab Ce n'est pas la f\u00e9d\u00e9ration qui a donn\u00e9 le si\u00e8ge \u00e0 la Ligue Guin\u00e9enne de Football.. \u00bb dixit G\u00e9n\u00e9ral Mathurin Bangoura, ancien Pr\u00e9sident de la LGFP. - le regard du sportif\",\"isPartOf\":{\"@id\":\"https:\\\/\\\/oeilsportif.info\\\/#website\"},\"primaryImageOfPage\":{\"@id\":\"https:\\\/\\\/oeilsportif.info\\\/index.php\\\/lgfp-conor-ce-nest-pas-la-federation-qui-a-donnee-le-siege-a-la-ligue-guineenne-de-football-dixit-general-mathurin-bangoura-ancien-president-de-la-lgfp\\\/#primaryimage\"},\"image\":{\"@id\":\"https:\\\/\\\/oeilsportif.info\\\/index.php\\\/lgfp-conor-ce-nest-pas-la-federation-qui-a-donnee-le-siege-a-la-ligue-guineenne-de-football-dixit-general-mathurin-bangoura-ancien-president-de-la-lgfp\\\/#primaryimage\"},\"thumbnailUrl\":\"https:\\\/\\\/i0.wp.com\\\/oeilsportif.info\\\/wp-content\\\/uploads\\\/2022\\\/08\\\/FB_IMG_1661525230766.jpg?fit=1080%2C810&ssl=1\",\"datePublished\":\"2022-08-26T14:58:57+00:00\",\"dateModified\":\"2022-08-26T19:44:26+00:00\",\"author\":{\"@id\":\"https:\\\/\\\/oeilsportif.info\\\/#\\\/schema\\\/person\\\/cfbded294aa6095f7d96608d7905e9a1\"},\"inLanguage\":\"fr-FR\",\"potentialAction\":[{\"@type\":\"ReadAction\",\"target\":[\"https:\\\/\\\/oeilsportif.info\\\/index.php\\\/lgfp-conor-ce-nest-pas-la-federation-qui-a-donnee-le-siege-a-la-ligue-guineenne-de-football-dixit-general-mathurin-bangoura-ancien-president-de-la-lgfp\\\/\"]}]},{\"@type\":\"ImageObject\",\"inLanguage\":\"fr-FR\",\"@id\":\"https:\\\/\\\/oeilsportif.info\\\/index.php\\\/lgfp-conor-ce-nest-pas-la-federation-qui-a-donnee-le-siege-a-la-ligue-guineenne-de-football-dixit-general-mathurin-bangoura-ancien-president-de-la-lgfp\\\/#primaryimage\",\"url\":\"https:\\\/\\\/i0.wp.com\\\/oeilsportif.info\\\/wp-content\\\/uploads\\\/2022\\\/08\\\/FB_IMG_1661525230766.jpg?fit=1080%2C810&ssl=1\",\"contentUrl\":\"https:\\\/\\\/i0.wp.com\\\/oeilsportif.info\\\/wp-content\\\/uploads\\\/2022\\\/08\\\/FB_IMG_1661525230766.jpg?fit=1080%2C810&ssl=1\",\"width\":1080,\"height\":810},{\"@type\":\"WebSite\",\"@id\":\"https:\\\/\\\/oeilsportif.info\\\/#website\",\"url\":\"https:\\\/\\\/oeilsportif.info\\\/\",\"name\":\"le regard du sportif\",\"description\":\"\",\"potentialAction\":[{\"@type\":\"SearchAction\",\"target\":{\"@type\":\"EntryPoint\",\"urlTemplate\":\"https:\\\/\\\/oeilsportif.info\\\/?s={search_term_string}\"},\"query-input\":{\"@type\":\"PropertyValueSpecification\",\"valueRequired\":true,\"valueName\":\"search_term_string\"}}],\"inLanguage\":\"fr-FR\"},{\"@type\":\"Person\",\"@id\":\"https:\\\/\\\/oeilsportif.info\\\/#\\\/schema\\\/person\\\/cfbded294aa6095f7d96608d7905e9a1\",\"name\":\"L'Equipe de la R\u00e9daction\",\"image\":{\"@type\":\"ImageObject\",\"inLanguage\":\"fr-FR\",\"@id\":\"https:\\\/\\\/oeilsportif.info\\\/wp-content\\\/uploads\\\/2025\\\/07\\\/cropped-cropped-logo-os-96x96.jpeg\",\"url\":\"https:\\\/\\\/oeilsportif.info\\\/wp-content\\\/uploads\\\/2025\\\/07\\\/cropped-cropped-logo-os-96x96.jpeg\",\"contentUrl\":\"https:\\\/\\\/oeilsportif.info\\\/wp-content\\\/uploads\\\/2025\\\/07\\\/cropped-cropped-logo-os-96x96.jpeg\",\"caption\":\"L'Equipe de la R\u00e9daction\"},\"url\":\"https:\\\/\\\/oeilsportif.info\\\/index.php\\\/author\\\/tawel\\\/\"}]}<\/script>\n<!-- \/ Yoast SEO plugin. -->","yoast_head_json":{"title":"LGFP-CONOR : \u00ab Ce n'est pas la f\u00e9d\u00e9ration qui a donn\u00e9 le si\u00e8ge \u00e0 la Ligue Guin\u00e9enne de Football.. \u00bb dixit G\u00e9n\u00e9ral Mathurin Bangoura, ancien Pr\u00e9sident de la LGFP. - le regard du sportif","robots":{"index":"index","follow":"follow","max-snippet":"max-snippet:-1","max-image-preview":"max-image-preview:large","max-video-preview":"max-video-preview:-1"},"canonical":"https:\/\/oeilsportif.info\/index.php\/lgfp-conor-ce-nest-pas-la-federation-qui-a-donnee-le-siege-a-la-ligue-guineenne-de-football-dixit-general-mathurin-bangoura-ancien-president-de-la-lgfp\/","og_locale":"fr_FR","og_type":"article","og_title":"LGFP-CONOR : \u00ab Ce n'est pas la f\u00e9d\u00e9ration qui a donn\u00e9 le si\u00e8ge \u00e0 la Ligue Guin\u00e9enne de Football.. \u00bb dixit G\u00e9n\u00e9ral Mathurin Bangoura, ancien Pr\u00e9sident de la LGFP. - le regard du sportif","og_description":"Ce jeudi 25 ao\u00fbt 2022 apr\u00e8s la d\u00e9cision prise par le Comit\u00e9 de Normalisation de la F\u00e9d\u00e9ration Guin\u00e9enne de Football pour la fermeture du si\u00e8ge de la Ligue Guin\u00e9enne de Football Professionnel. Le G\u00e9n\u00e9ral Mathurin Bangoura, ancien Pr\u00e9sident de ladite institution a r\u00e9agit sur cette d\u00e9cision du CONOR :\u00ab La ligue a sign\u00e9 un contrat [&hellip;]","og_url":"https:\/\/oeilsportif.info\/index.php\/lgfp-conor-ce-nest-pas-la-federation-qui-a-donnee-le-siege-a-la-ligue-guineenne-de-football-dixit-general-mathurin-bangoura-ancien-president-de-la-lgfp\/","og_site_name":"le regard du sportif","article_published_time":"2022-08-26T14:58:57+00:00","article_modified_time":"2022-08-26T19:44:26+00:00","og_image":[{"width":1080,"height":810,"url":"https:\/\/oeilsportif.info\/wp-content\/uploads\/2022\/08\/FB_IMG_1661525230766.jpg","type":"image\/jpeg"}],"author":"L'Equipe de la R\u00e9daction","twitter_misc":{"\u00c9crit par":"L'Equipe de la R\u00e9daction","Dur\u00e9e de lecture estim\u00e9e":"1 minute"},"schema":{"@context":"https:\/\/schema.org","@graph":[{"@type":"Article","@id":"https:\/\/oeilsportif.info\/index.php\/lgfp-conor-ce-nest-pas-la-federation-qui-a-donnee-le-siege-a-la-ligue-guineenne-de-football-dixit-general-mathurin-bangoura-ancien-president-de-la-lgfp\/#article","isPartOf":{"@id":"https:\/\/oeilsportif.info\/index.php\/lgfp-conor-ce-nest-pas-la-federation-qui-a-donnee-le-siege-a-la-ligue-guineenne-de-football-dixit-general-mathurin-bangoura-ancien-president-de-la-lgfp\/"},"author":{"name":"L'Equipe de la R\u00e9daction","@id":"https:\/\/oeilsportif.info\/#\/schema\/person\/cfbded294aa6095f7d96608d7905e9a1"},"headline":"LGFP-CONOR : \u00ab Ce n&rsquo;est pas la f\u00e9d\u00e9ration qui a donn\u00e9 le si\u00e8ge \u00e0 la Ligue Guin\u00e9enne de Football.. \u00bb dixit G\u00e9n\u00e9ral Mathurin Bangoura, ancien Pr\u00e9sident de la LGFP.","datePublished":"2022-08-26T14:58:57+00:00","dateModified":"2022-08-26T19:44:26+00:00","mainEntityOfPage":{"@id":"https:\/\/oeilsportif.info\/index.php\/lgfp-conor-ce-nest-pas-la-federation-qui-a-donnee-le-siege-a-la-ligue-guineenne-de-football-dixit-general-mathurin-bangoura-ancien-president-de-la-lgfp\/"},"wordCount":195,"image":{"@id":"https:\/\/oeilsportif.info\/index.php\/lgfp-conor-ce-nest-pas-la-federation-qui-a-donnee-le-siege-a-la-ligue-guineenne-de-football-dixit-general-mathurin-bangoura-ancien-president-de-la-lgfp\/#primaryimage"},"thumbnailUrl":"https:\/\/i0.wp.com\/oeilsportif.info\/wp-content\/uploads\/2022\/08\/FB_IMG_1661525230766.jpg?fit=1080%2C810&ssl=1","articleSection":["Football"],"inLanguage":"fr-FR"},{"@type":"WebPage","@id":"https:\/\/oeilsportif.info\/index.php\/lgfp-conor-ce-nest-pas-la-federation-qui-a-donnee-le-siege-a-la-ligue-guineenne-de-football-dixit-general-mathurin-bangoura-ancien-president-de-la-lgfp\/","url":"https:\/\/oeilsportif.info\/index.php\/lgfp-conor-ce-nest-pas-la-federation-qui-a-donnee-le-siege-a-la-ligue-guineenne-de-football-dixit-general-mathurin-bangoura-ancien-president-de-la-lgfp\/","name":"LGFP-CONOR : \u00ab Ce n'est pas la f\u00e9d\u00e9ration qui a donn\u00e9 le si\u00e8ge \u00e0 la Ligue Guin\u00e9enne de Football.. \u00bb dixit G\u00e9n\u00e9ral Mathurin Bangoura, ancien Pr\u00e9sident de la LGFP. - le regard du sportif","isPartOf":{"@id":"https:\/\/oeilsportif.info\/#website"},"primaryImageOfPage":{"@id":"https:\/\/oeilsportif.info\/index.php\/lgfp-conor-ce-nest-pas-la-federation-qui-a-donnee-le-siege-a-la-ligue-guineenne-de-football-dixit-general-mathurin-bangoura-ancien-president-de-la-lgfp\/#primaryimage"},"image":{"@id":"https:\/\/oeilsportif.info\/index.php\/lgfp-conor-ce-nest-pas-la-federation-qui-a-donnee-le-siege-a-la-ligue-guineenne-de-football-dixit-general-mathurin-bangoura-ancien-president-de-la-lgfp\/#primaryimage"},"thumbnailUrl":"https:\/\/i0.wp.com\/oeilsportif.info\/wp-content\/uploads\/2022\/08\/FB_IMG_1661525230766.jpg?fit=1080%2C810&ssl=1","datePublished":"2022-08-26T14:58:57+00:00","dateModified":"2022-08-26T19:44:26+00:00","author":{"@id":"https:\/\/oeilsportif.info\/#\/schema\/person\/cfbded294aa6095f7d96608d7905e9a1"},"inLanguage":"fr-FR","potentialAction":[{"@type":"ReadAction","target":["https:\/\/oeilsportif.info\/index.php\/lgfp-conor-ce-nest-pas-la-federation-qui-a-donnee-le-siege-a-la-ligue-guineenne-de-football-dixit-general-mathurin-bangoura-ancien-president-de-la-lgfp\/"]}]},{"@type":"ImageObject","inLanguage":"fr-FR","@id":"https:\/\/oeilsportif.info\/index.php\/lgfp-conor-ce-nest-pas-la-federation-qui-a-donnee-le-siege-a-la-ligue-guineenne-de-football-dixit-general-mathurin-bangoura-ancien-president-de-la-lgfp\/#primaryimage","url":"https:\/\/i0.wp.com\/oeilsportif.info\/wp-content\/uploads\/2022\/08\/FB_IMG_1661525230766.jpg?fit=1080%2C810&ssl=1","contentUrl":"https:\/\/i0.wp.com\/oeilsportif.info\/wp-content\/uploads\/2022\/08\/FB_IMG_1661525230766.jpg?fit=1080%2C810&ssl=1","width":1080,"height":810},{"@type":"WebSite","@id":"https:\/\/oeilsportif.info\/#website","url":"https:\/\/oeilsportif.info\/","name":"le regard du sportif","description":"","potentialAction":[{"@type":"SearchAction","target":{"@type":"EntryPoint","urlTemplate":"https:\/\/oeilsportif.info\/?s={search_term_string}"},"query-input":{"@type":"PropertyValueSpecification","valueRequired":true,"valueName":"search_term_string"}}],"inLanguage":"fr-FR"},{"@type":"Person","@id":"https:\/\/oeilsportif.info\/#\/schema\/person\/cfbded294aa6095f7d96608d7905e9a1","name":"L'Equipe de la R\u00e9daction","image":{"@type":"ImageObject","inLanguage":"fr-FR","@id":"https:\/\/oeilsportif.info\/wp-content\/uploads\/2025\/07\/cropped-cropped-logo-os-96x96.jpeg","url":"https:\/\/oeilsportif.info\/wp-content\/uploads\/2025\/07\/cropped-cropped-logo-os-96x96.jpeg","contentUrl":"https:\/\/oeilsportif.info\/wp-content\/uploads\/2025\/07\/cropped-cropped-logo-os-96x96.jpeg","caption":"L'Equipe de la R\u00e9daction"},"url":"https:\/\/oeilsportif.info\/index.php\/author\/tawel\/"}]}},"jetpack_publicize_connections":[],"jetpack_featured_media_url":"https:\/\/i0.wp.com\/oeilsportif.info\/wp-content\/uploads\/2022\/08\/FB_IMG_1661525230766.jpg?fit=1080%2C810&ssl=1","jetpack-related-posts":[],"jetpack_sharing_enabled":true,"jetpack_likes_enabled":true,"jetpack_shortlink":"https:\/\/wp.me\/pgFE77-pW","_links":{"self":[{"href":"https:\/\/oeilsportif.info\/index.php\/wp-json\/wp\/v2\/posts\/1608","targetHints":{"allow":["GET"]}}],"collection":[{"href":"https:\/\/oeilsportif.info\/index.php\/wp-json\/wp\/v2\/posts"}],"about":[{"href":"https:\/\/oeilsportif.info\/index.php\/wp-json\/wp\/v2\/types\/post"}],"author":[{"embeddable":true,"href":"https:\/\/oeilsportif.info\/index.php\/wp-json\/wp\/v2\/users\/2"}],"replies":[{"embeddable":true,"href":"https:\/\/oeilsportif.info\/index.php\/wp-json\/wp\/v2\/comments?post=1608"}],"version-history":[{"count":0,"href":"https:\/\/oeilsportif.info\/index.php\/wp-json\/wp\/v2\/posts\/1608\/revisions"}],"wp:featuredmedia":[{"embeddable":true,"href":"https:\/\/oeilsportif.info\/index.php\/wp-json\/wp\/v2\/media\/1609"}],"wp:attachment":[{"href":"https:\/\/oeilsportif.info\/index.php\/wp-json\/wp\/v2\/media?parent=1608"}],"wp:term":[{"taxonomy":"category","embeddable":true,"href":"https:\/\/oeilsportif.info\/index.php\/wp-json\/wp\/v2\/categories?post=1608"},{"taxonomy":"post_tag","embeddable":true,"href":"https:\/\/oeilsportif.info\/index.php\/wp-json\/wp\/v2\/tags?post=1608"}],"curies":[{"name":"wp","href":"https:\/\/api.w.org\/{rel}","templated":true}]}}