{"id":1605,"date":"2022-08-26T14:53:09","date_gmt":"2022-08-26T14:53:09","guid":{"rendered":"https:\/\/oeilsportif.info\/index.php\/?p=1605"},"modified":"2022-08-26T14:53:09","modified_gmt":"2022-08-26T14:53:09","slug":"licence-d-caf-les-entraineurs-de-dixinn-recoivent-leur-diplome","status":"publish","type":"post","link":"https:\/\/oeilsportif.info\/index.php\/licence-d-caf-les-entraineurs-de-dixinn-recoivent-leur-diplome\/","title":{"rendered":"Licence D CAF : Les entra\u00eeneurs de Dixinn re\u00e7oivent leur dipl\u00f4me !"},"content":{"rendered":"<p>Ce vendredi 26 ao\u00fbt 2022 les entra\u00eeneurs de la commune de Dixinn ont re\u00e7u leur dipl\u00f4me au si\u00e8ge du Comit\u00e9 Olympique National de Guin\u00e9e.<\/p>\n<p>Dans ce lot, figure notamment le coach du Club Industriel de Kamsar, N&rsquo;Diaye et plusieurs autres entra\u00eeneurs des clubs guin\u00e9ens.<br \/>\nCette c\u00e9r\u00e9monie, organis\u00e9e par le Comit\u00e9 Olympique National de Guin\u00e9e et la Direction Technique Nationale de Guin\u00e9e \u00e9tait pr\u00e9sid\u00e9e par le Pr\u00e9sident du comit\u00e9 olympique National, et l&rsquo;ancien Pr\u00e9sident de la Ligue Guin\u00e9enne de Football Professionnel, G\u00e9n\u00e9ral Mathurin Bangoura.<\/p>\n<p>Cette promotion porte le nom de l&rsquo;ancien Pr\u00e9sident de la F\u00e9d\u00e9ration Guin\u00e9enne de Football, Elhadji Mamadou Antonio SOUAR\u00c9 PDG du groupe SAMGBM.<\/p>\n","protected":false},"excerpt":{"rendered":"<p>Ce vendredi 26 ao\u00fbt 2022 les entra\u00eeneurs de la commune de Dixinn ont re\u00e7u leur dipl\u00f4me au si\u00e8ge du Comit\u00e9 Olympique National de Guin\u00e9e. Dans ce lot, figure notamment le coach du Club Industriel de Kamsar, N&rsquo;Diaye et plusieurs autres entra\u00eeneurs des clubs guin\u00e9ens. Cette c\u00e9r\u00e9monie, organis\u00e9e par le Comit\u00e9 Olympique National de Guin\u00e9e et [&hellip;]<\/p>\n","protected":false},"author":2,"featured_media":1606,"comment_status":"closed","ping_status":"open","sticky":false,"template":"","format":"standard","meta":{"_jetpack_memberships_contains_paid_content":false,"footnotes":"","jetpack_publicize_message":"","jetpack_publicize_feature_enabled":true,"jetpack_social_post_already_shared":true,"jetpack_social_options":{"image_generator_settings":{"template":"highway","default_image_id":0,"font":"","enabled":false},"version":2}},"categories":[5],"tags":[],"class_list":{"0":"post-1605","1":"post","2":"type-post","3":"status-publish","4":"format-standard","5":"has-post-thumbnail","7":"category-football"},"yoast_head":"<!-- This site is optimized with the Yoast SEO plugin v27.4 - https:\/\/yoast.com\/product\/yoast-seo-wordpress\/ -->\n<title>Licence D CAF : Les entra\u00eeneurs de Dixinn re\u00e7oivent leur dipl\u00f4me ! - le regard du sportif<\/title>\n<meta name=\"robots\" content=\"index, follow, max-snippet:-1, max-image-preview:large, max-video-preview:-1\" \/>\n<link rel=\"canonical\" href=\"https:\/\/oeilsportif.info\/index.php\/licence-d-caf-les-entraineurs-de-dixinn-recoivent-leur-diplome\/\" \/>\n<meta property=\"og:locale\" content=\"fr_FR\" \/>\n<meta property=\"og:type\" content=\"article\" \/>\n<meta property=\"og:title\" content=\"Licence D CAF : Les entra\u00eeneurs de Dixinn re\u00e7oivent leur dipl\u00f4me ! - le regard du sportif\" \/>\n<meta property=\"og:description\" content=\"Ce vendredi 26 ao\u00fbt 2022 les entra\u00eeneurs de la commune de Dixinn ont re\u00e7u leur dipl\u00f4me au si\u00e8ge du Comit\u00e9 Olympique National de Guin\u00e9e. Dans ce lot, figure notamment le coach du Club Industriel de Kamsar, N&rsquo;Diaye et plusieurs autres entra\u00eeneurs des clubs guin\u00e9ens. Cette c\u00e9r\u00e9monie, organis\u00e9e par le Comit\u00e9 Olympique National de Guin\u00e9e et [&hellip;]\" \/>\n<meta property=\"og:url\" content=\"https:\/\/oeilsportif.info\/index.php\/licence-d-caf-les-entraineurs-de-dixinn-recoivent-leur-diplome\/\" \/>\n<meta property=\"og:site_name\" content=\"le regard du sportif\" \/>\n<meta property=\"article:published_time\" content=\"2022-08-26T14:53:09+00:00\" \/>\n<meta property=\"og:image\" content=\"https:\/\/oeilsportif.info\/wp-content\/uploads\/2022\/08\/FB_IMG_1661521833144.jpg\" \/>\n\t<meta property=\"og:image:width\" content=\"1080\" \/>\n\t<meta property=\"og:image:height\" content=\"608\" \/>\n\t<meta property=\"og:image:type\" content=\"image\/jpeg\" \/>\n<meta name=\"author\" content=\"L&#039;Equipe de la R\u00e9daction\" \/>\n<meta name=\"twitter:label1\" content=\"\u00c9crit par\" \/>\n\t<meta name=\"twitter:data1\" content=\"L&#039;Equipe de la R\u00e9daction\" \/>\n\t<meta name=\"twitter:label2\" content=\"Dur\u00e9e de lecture estim\u00e9e\" \/>\n\t<meta name=\"twitter:data2\" content=\"1 minute\" \/>\n<script type=\"application\/ld+json\" class=\"yoast-schema-graph\">{\"@context\":\"https:\\\/\\\/schema.org\",\"@graph\":[{\"@type\":\"Article\",\"@id\":\"https:\\\/\\\/oeilsportif.info\\\/index.php\\\/licence-d-caf-les-entraineurs-de-dixinn-recoivent-leur-diplome\\\/#article\",\"isPartOf\":{\"@id\":\"https:\\\/\\\/oeilsportif.info\\\/index.php\\\/licence-d-caf-les-entraineurs-de-dixinn-recoivent-leur-diplome\\\/\"},\"author\":{\"name\":\"L'Equipe de la R\u00e9daction\",\"@id\":\"https:\\\/\\\/oeilsportif.info\\\/#\\\/schema\\\/person\\\/cfbded294aa6095f7d96608d7905e9a1\"},\"headline\":\"Licence D CAF : Les entra\u00eeneurs de Dixinn re\u00e7oivent leur dipl\u00f4me !\",\"datePublished\":\"2022-08-26T14:53:09+00:00\",\"mainEntityOfPage\":{\"@id\":\"https:\\\/\\\/oeilsportif.info\\\/index.php\\\/licence-d-caf-les-entraineurs-de-dixinn-recoivent-leur-diplome\\\/\"},\"wordCount\":143,\"image\":{\"@id\":\"https:\\\/\\\/oeilsportif.info\\\/index.php\\\/licence-d-caf-les-entraineurs-de-dixinn-recoivent-leur-diplome\\\/#primaryimage\"},\"thumbnailUrl\":\"https:\\\/\\\/i0.wp.com\\\/oeilsportif.info\\\/wp-content\\\/uploads\\\/2022\\\/08\\\/FB_IMG_1661521833144.jpg?fit=1080%2C608&ssl=1\",\"articleSection\":[\"Football\"],\"inLanguage\":\"fr-FR\"},{\"@type\":\"WebPage\",\"@id\":\"https:\\\/\\\/oeilsportif.info\\\/index.php\\\/licence-d-caf-les-entraineurs-de-dixinn-recoivent-leur-diplome\\\/\",\"url\":\"https:\\\/\\\/oeilsportif.info\\\/index.php\\\/licence-d-caf-les-entraineurs-de-dixinn-recoivent-leur-diplome\\\/\",\"name\":\"Licence D CAF : Les entra\u00eeneurs de Dixinn re\u00e7oivent leur dipl\u00f4me ! - le regard du sportif\",\"isPartOf\":{\"@id\":\"https:\\\/\\\/oeilsportif.info\\\/#website\"},\"primaryImageOfPage\":{\"@id\":\"https:\\\/\\\/oeilsportif.info\\\/index.php\\\/licence-d-caf-les-entraineurs-de-dixinn-recoivent-leur-diplome\\\/#primaryimage\"},\"image\":{\"@id\":\"https:\\\/\\\/oeilsportif.info\\\/index.php\\\/licence-d-caf-les-entraineurs-de-dixinn-recoivent-leur-diplome\\\/#primaryimage\"},\"thumbnailUrl\":\"https:\\\/\\\/i0.wp.com\\\/oeilsportif.info\\\/wp-content\\\/uploads\\\/2022\\\/08\\\/FB_IMG_1661521833144.jpg?fit=1080%2C608&ssl=1\",\"datePublished\":\"2022-08-26T14:53:09+00:00\",\"author\":{\"@id\":\"https:\\\/\\\/oeilsportif.info\\\/#\\\/schema\\\/person\\\/cfbded294aa6095f7d96608d7905e9a1\"},\"inLanguage\":\"fr-FR\",\"potentialAction\":[{\"@type\":\"ReadAction\",\"target\":[\"https:\\\/\\\/oeilsportif.info\\\/index.php\\\/licence-d-caf-les-entraineurs-de-dixinn-recoivent-leur-diplome\\\/\"]}]},{\"@type\":\"ImageObject\",\"inLanguage\":\"fr-FR\",\"@id\":\"https:\\\/\\\/oeilsportif.info\\\/index.php\\\/licence-d-caf-les-entraineurs-de-dixinn-recoivent-leur-diplome\\\/#primaryimage\",\"url\":\"https:\\\/\\\/i0.wp.com\\\/oeilsportif.info\\\/wp-content\\\/uploads\\\/2022\\\/08\\\/FB_IMG_1661521833144.jpg?fit=1080%2C608&ssl=1\",\"contentUrl\":\"https:\\\/\\\/i0.wp.com\\\/oeilsportif.info\\\/wp-content\\\/uploads\\\/2022\\\/08\\\/FB_IMG_1661521833144.jpg?fit=1080%2C608&ssl=1\",\"width\":1080,\"height\":608},{\"@type\":\"WebSite\",\"@id\":\"https:\\\/\\\/oeilsportif.info\\\/#website\",\"url\":\"https:\\\/\\\/oeilsportif.info\\\/\",\"name\":\"le regard du sportif\",\"description\":\"\",\"potentialAction\":[{\"@type\":\"SearchAction\",\"target\":{\"@type\":\"EntryPoint\",\"urlTemplate\":\"https:\\\/\\\/oeilsportif.info\\\/?s={search_term_string}\"},\"query-input\":{\"@type\":\"PropertyValueSpecification\",\"valueRequired\":true,\"valueName\":\"search_term_string\"}}],\"inLanguage\":\"fr-FR\"},{\"@type\":\"Person\",\"@id\":\"https:\\\/\\\/oeilsportif.info\\\/#\\\/schema\\\/person\\\/cfbded294aa6095f7d96608d7905e9a1\",\"name\":\"L'Equipe de la R\u00e9daction\",\"image\":{\"@type\":\"ImageObject\",\"inLanguage\":\"fr-FR\",\"@id\":\"https:\\\/\\\/oeilsportif.info\\\/wp-content\\\/uploads\\\/2025\\\/07\\\/cropped-cropped-logo-os-96x96.jpeg\",\"url\":\"https:\\\/\\\/oeilsportif.info\\\/wp-content\\\/uploads\\\/2025\\\/07\\\/cropped-cropped-logo-os-96x96.jpeg\",\"contentUrl\":\"https:\\\/\\\/oeilsportif.info\\\/wp-content\\\/uploads\\\/2025\\\/07\\\/cropped-cropped-logo-os-96x96.jpeg\",\"caption\":\"L'Equipe de la R\u00e9daction\"},\"url\":\"https:\\\/\\\/oeilsportif.info\\\/index.php\\\/author\\\/tawel\\\/\"}]}<\/script>\n<!-- \/ Yoast SEO plugin. -->","yoast_head_json":{"title":"Licence D CAF : Les entra\u00eeneurs de Dixinn re\u00e7oivent leur dipl\u00f4me ! - le regard du sportif","robots":{"index":"index","follow":"follow","max-snippet":"max-snippet:-1","max-image-preview":"max-image-preview:large","max-video-preview":"max-video-preview:-1"},"canonical":"https:\/\/oeilsportif.info\/index.php\/licence-d-caf-les-entraineurs-de-dixinn-recoivent-leur-diplome\/","og_locale":"fr_FR","og_type":"article","og_title":"Licence D CAF : Les entra\u00eeneurs de Dixinn re\u00e7oivent leur dipl\u00f4me ! - le regard du sportif","og_description":"Ce vendredi 26 ao\u00fbt 2022 les entra\u00eeneurs de la commune de Dixinn ont re\u00e7u leur dipl\u00f4me au si\u00e8ge du Comit\u00e9 Olympique National de Guin\u00e9e. Dans ce lot, figure notamment le coach du Club Industriel de Kamsar, N&rsquo;Diaye et plusieurs autres entra\u00eeneurs des clubs guin\u00e9ens. Cette c\u00e9r\u00e9monie, organis\u00e9e par le Comit\u00e9 Olympique National de Guin\u00e9e et [&hellip;]","og_url":"https:\/\/oeilsportif.info\/index.php\/licence-d-caf-les-entraineurs-de-dixinn-recoivent-leur-diplome\/","og_site_name":"le regard du sportif","article_published_time":"2022-08-26T14:53:09+00:00","og_image":[{"width":1080,"height":608,"url":"https:\/\/oeilsportif.info\/wp-content\/uploads\/2022\/08\/FB_IMG_1661521833144.jpg","type":"image\/jpeg"}],"author":"L'Equipe de la R\u00e9daction","twitter_misc":{"\u00c9crit par":"L'Equipe de la R\u00e9daction","Dur\u00e9e de lecture estim\u00e9e":"1 minute"},"schema":{"@context":"https:\/\/schema.org","@graph":[{"@type":"Article","@id":"https:\/\/oeilsportif.info\/index.php\/licence-d-caf-les-entraineurs-de-dixinn-recoivent-leur-diplome\/#article","isPartOf":{"@id":"https:\/\/oeilsportif.info\/index.php\/licence-d-caf-les-entraineurs-de-dixinn-recoivent-leur-diplome\/"},"author":{"name":"L'Equipe de la R\u00e9daction","@id":"https:\/\/oeilsportif.info\/#\/schema\/person\/cfbded294aa6095f7d96608d7905e9a1"},"headline":"Licence D CAF : Les entra\u00eeneurs de Dixinn re\u00e7oivent leur dipl\u00f4me !","datePublished":"2022-08-26T14:53:09+00:00","mainEntityOfPage":{"@id":"https:\/\/oeilsportif.info\/index.php\/licence-d-caf-les-entraineurs-de-dixinn-recoivent-leur-diplome\/"},"wordCount":143,"image":{"@id":"https:\/\/oeilsportif.info\/index.php\/licence-d-caf-les-entraineurs-de-dixinn-recoivent-leur-diplome\/#primaryimage"},"thumbnailUrl":"https:\/\/i0.wp.com\/oeilsportif.info\/wp-content\/uploads\/2022\/08\/FB_IMG_1661521833144.jpg?fit=1080%2C608&ssl=1","articleSection":["Football"],"inLanguage":"fr-FR"},{"@type":"WebPage","@id":"https:\/\/oeilsportif.info\/index.php\/licence-d-caf-les-entraineurs-de-dixinn-recoivent-leur-diplome\/","url":"https:\/\/oeilsportif.info\/index.php\/licence-d-caf-les-entraineurs-de-dixinn-recoivent-leur-diplome\/","name":"Licence D CAF : Les entra\u00eeneurs de Dixinn re\u00e7oivent leur dipl\u00f4me ! - le regard du sportif","isPartOf":{"@id":"https:\/\/oeilsportif.info\/#website"},"primaryImageOfPage":{"@id":"https:\/\/oeilsportif.info\/index.php\/licence-d-caf-les-entraineurs-de-dixinn-recoivent-leur-diplome\/#primaryimage"},"image":{"@id":"https:\/\/oeilsportif.info\/index.php\/licence-d-caf-les-entraineurs-de-dixinn-recoivent-leur-diplome\/#primaryimage"},"thumbnailUrl":"https:\/\/i0.wp.com\/oeilsportif.info\/wp-content\/uploads\/2022\/08\/FB_IMG_1661521833144.jpg?fit=1080%2C608&ssl=1","datePublished":"2022-08-26T14:53:09+00:00","author":{"@id":"https:\/\/oeilsportif.info\/#\/schema\/person\/cfbded294aa6095f7d96608d7905e9a1"},"inLanguage":"fr-FR","potentialAction":[{"@type":"ReadAction","target":["https:\/\/oeilsportif.info\/index.php\/licence-d-caf-les-entraineurs-de-dixinn-recoivent-leur-diplome\/"]}]},{"@type":"ImageObject","inLanguage":"fr-FR","@id":"https:\/\/oeilsportif.info\/index.php\/licence-d-caf-les-entraineurs-de-dixinn-recoivent-leur-diplome\/#primaryimage","url":"https:\/\/i0.wp.com\/oeilsportif.info\/wp-content\/uploads\/2022\/08\/FB_IMG_1661521833144.jpg?fit=1080%2C608&ssl=1","contentUrl":"https:\/\/i0.wp.com\/oeilsportif.info\/wp-content\/uploads\/2022\/08\/FB_IMG_1661521833144.jpg?fit=1080%2C608&ssl=1","width":1080,"height":608},{"@type":"WebSite","@id":"https:\/\/oeilsportif.info\/#website","url":"https:\/\/oeilsportif.info\/","name":"le regard du sportif","description":"","potentialAction":[{"@type":"SearchAction","target":{"@type":"EntryPoint","urlTemplate":"https:\/\/oeilsportif.info\/?s={search_term_string}"},"query-input":{"@type":"PropertyValueSpecification","valueRequired":true,"valueName":"search_term_string"}}],"inLanguage":"fr-FR"},{"@type":"Person","@id":"https:\/\/oeilsportif.info\/#\/schema\/person\/cfbded294aa6095f7d96608d7905e9a1","name":"L'Equipe de la R\u00e9daction","image":{"@type":"ImageObject","inLanguage":"fr-FR","@id":"https:\/\/oeilsportif.info\/wp-content\/uploads\/2025\/07\/cropped-cropped-logo-os-96x96.jpeg","url":"https:\/\/oeilsportif.info\/wp-content\/uploads\/2025\/07\/cropped-cropped-logo-os-96x96.jpeg","contentUrl":"https:\/\/oeilsportif.info\/wp-content\/uploads\/2025\/07\/cropped-cropped-logo-os-96x96.jpeg","caption":"L'Equipe de la R\u00e9daction"},"url":"https:\/\/oeilsportif.info\/index.php\/author\/tawel\/"}]}},"jetpack_publicize_connections":[],"jetpack_featured_media_url":"https:\/\/i0.wp.com\/oeilsportif.info\/wp-content\/uploads\/2022\/08\/FB_IMG_1661521833144.jpg?fit=1080%2C608&ssl=1","jetpack-related-posts":[],"jetpack_sharing_enabled":true,"jetpack_likes_enabled":true,"jetpack_shortlink":"https:\/\/wp.me\/pgFE77-pT","_links":{"self":[{"href":"https:\/\/oeilsportif.info\/index.php\/wp-json\/wp\/v2\/posts\/1605","targetHints":{"allow":["GET"]}}],"collection":[{"href":"https:\/\/oeilsportif.info\/index.php\/wp-json\/wp\/v2\/posts"}],"about":[{"href":"https:\/\/oeilsportif.info\/index.php\/wp-json\/wp\/v2\/types\/post"}],"author":[{"embeddable":true,"href":"https:\/\/oeilsportif.info\/index.php\/wp-json\/wp\/v2\/users\/2"}],"replies":[{"embeddable":true,"href":"https:\/\/oeilsportif.info\/index.php\/wp-json\/wp\/v2\/comments?post=1605"}],"version-history":[{"count":0,"href":"https:\/\/oeilsportif.info\/index.php\/wp-json\/wp\/v2\/posts\/1605\/revisions"}],"wp:featuredmedia":[{"embeddable":true,"href":"https:\/\/oeilsportif.info\/index.php\/wp-json\/wp\/v2\/media\/1606"}],"wp:attachment":[{"href":"https:\/\/oeilsportif.info\/index.php\/wp-json\/wp\/v2\/media?parent=1605"}],"wp:term":[{"taxonomy":"category","embeddable":true,"href":"https:\/\/oeilsportif.info\/index.php\/wp-json\/wp\/v2\/categories?post=1605"},{"taxonomy":"post_tag","embeddable":true,"href":"https:\/\/oeilsportif.info\/index.php\/wp-json\/wp\/v2\/tags?post=1605"}],"curies":[{"name":"wp","href":"https:\/\/api.w.org\/{rel}","templated":true}]}}