{"id":1601,"date":"2022-08-26T13:54:48","date_gmt":"2022-08-26T13:54:48","guid":{"rendered":"https:\/\/oeilsportif.info\/index.php\/?p=1601"},"modified":"2022-08-26T13:54:48","modified_gmt":"2022-08-26T13:54:48","slug":"football-las-kaloum-decline-linvitation-du-bureau-sortant-de-la-ligue","status":"publish","type":"post","link":"https:\/\/oeilsportif.info\/index.php\/football-las-kaloum-decline-linvitation-du-bureau-sortant-de-la-ligue\/","title":{"rendered":"Football : L&rsquo;AS Kaloum d\u00e9cline l&rsquo;invitation du Bureau sortant de la ligue !"},"content":{"rendered":"<p>Le mercredi 24 ao\u00fbt 2022 apr\u00e8s la r\u00e9vocation du Bureau Ex\u00e9cutif de la Ligue Guin\u00e9enne de Football Professionnel et la fermeture de son si\u00e8ge jeudi 25 ao\u00fbt 2022 par le Comit\u00e9 de Normalisation de la F\u00e9d\u00e9ration Guin\u00e9enne de Football (CONOR).<br \/>\nLe G\u00e9n\u00e9ral de division \u00e0 la retraite, Mathurin Bangoura Pr\u00e9sident de la LGFP avant la d\u00e9cision du CONOR, a convi\u00e9 tous les clubs de Ligue 1 et 2 \u00e0 une r\u00e9union d&rsquo;urgence qui est pr\u00e9vue pour la semaine prochaine.<\/p>\n<p>Pour cette invitation, le Pr\u00e9sident de l&rsquo;Association Sportive de Kaloum, Bouba Dina Sampil d\u00e9cline les sollicitations de l&rsquo;ancien Pr\u00e9sident de la Ligue Guin\u00e9enne de Football Professionnel, Mathurin Bangoura \u00e0 travers un communiqu\u00e9 de l&rsquo;ASK, dans lequel, le Pr\u00e9sident des jaunes et verts de Kaloum dit s&rsquo;\u00eatre align\u00e9 derri\u00e8re la d\u00e9cision du CONOR.<\/p>\n<p><strong>Voici le courrier<\/strong> :<a href=\"https:\/\/i0.wp.com\/oeilsportif.info\/wp-content\/uploads\/2022\/08\/FB_IMG_1661517902690.jpg?ssl=1\"><img data-recalc-dims=\"1\" loading=\"lazy\" decoding=\"async\" class=\"alignnone size-full wp-image-1602\" src=\"https:\/\/i0.wp.com\/oeilsportif.info\/wp-content\/uploads\/2022\/08\/FB_IMG_1661517902690.jpg?resize=696%2C1003&#038;ssl=1\" alt=\"\" width=\"696\" height=\"1003\" srcset=\"https:\/\/i0.wp.com\/oeilsportif.info\/wp-content\/uploads\/2022\/08\/FB_IMG_1661517902690.jpg?w=717&amp;ssl=1 717w, https:\/\/i0.wp.com\/oeilsportif.info\/wp-content\/uploads\/2022\/08\/FB_IMG_1661517902690.jpg?resize=208%2C300&amp;ssl=1 208w, https:\/\/i0.wp.com\/oeilsportif.info\/wp-content\/uploads\/2022\/08\/FB_IMG_1661517902690.jpg?resize=711%2C1024&amp;ssl=1 711w, https:\/\/i0.wp.com\/oeilsportif.info\/wp-content\/uploads\/2022\/08\/FB_IMG_1661517902690.jpg?resize=696%2C1003&amp;ssl=1 696w, https:\/\/i0.wp.com\/oeilsportif.info\/wp-content\/uploads\/2022\/08\/FB_IMG_1661517902690.jpg?resize=292%2C420&amp;ssl=1 292w\" sizes=\"auto, (max-width: 696px) 100vw, 696px\" \/><\/a><\/p>\n","protected":false},"excerpt":{"rendered":"<p>Le mercredi 24 ao\u00fbt 2022 apr\u00e8s la r\u00e9vocation du Bureau Ex\u00e9cutif de la Ligue Guin\u00e9enne de Football Professionnel et la fermeture de son si\u00e8ge jeudi 25 ao\u00fbt 2022 par le Comit\u00e9 de Normalisation de la F\u00e9d\u00e9ration Guin\u00e9enne de Football (CONOR). Le G\u00e9n\u00e9ral de division \u00e0 la retraite, Mathurin Bangoura Pr\u00e9sident de la LGFP avant la [&hellip;]<\/p>\n","protected":false},"author":2,"featured_media":1603,"comment_status":"closed","ping_status":"open","sticky":false,"template":"","format":"standard","meta":{"_jetpack_memberships_contains_paid_content":false,"footnotes":"","jetpack_publicize_message":"","jetpack_publicize_feature_enabled":true,"jetpack_social_post_already_shared":true,"jetpack_social_options":{"image_generator_settings":{"template":"highway","default_image_id":0,"font":"","enabled":false},"version":2}},"categories":[5],"tags":[],"class_list":{"0":"post-1601","1":"post","2":"type-post","3":"status-publish","4":"format-standard","5":"has-post-thumbnail","7":"category-football"},"yoast_head":"<!-- This site is optimized with the Yoast SEO plugin v27.4 - https:\/\/yoast.com\/product\/yoast-seo-wordpress\/ -->\n<title>Football : L&#039;AS Kaloum d\u00e9cline l&#039;invitation du Bureau sortant de la ligue ! - le regard du sportif<\/title>\n<meta name=\"robots\" content=\"index, follow, max-snippet:-1, max-image-preview:large, max-video-preview:-1\" \/>\n<link rel=\"canonical\" href=\"https:\/\/oeilsportif.info\/index.php\/football-las-kaloum-decline-linvitation-du-bureau-sortant-de-la-ligue\/\" \/>\n<meta property=\"og:locale\" content=\"fr_FR\" \/>\n<meta property=\"og:type\" content=\"article\" \/>\n<meta property=\"og:title\" content=\"Football : L&#039;AS Kaloum d\u00e9cline l&#039;invitation du Bureau sortant de la ligue ! - le regard du sportif\" \/>\n<meta property=\"og:description\" content=\"Le mercredi 24 ao\u00fbt 2022 apr\u00e8s la r\u00e9vocation du Bureau Ex\u00e9cutif de la Ligue Guin\u00e9enne de Football Professionnel et la fermeture de son si\u00e8ge jeudi 25 ao\u00fbt 2022 par le Comit\u00e9 de Normalisation de la F\u00e9d\u00e9ration Guin\u00e9enne de Football (CONOR). Le G\u00e9n\u00e9ral de division \u00e0 la retraite, Mathurin Bangoura Pr\u00e9sident de la LGFP avant la [&hellip;]\" \/>\n<meta property=\"og:url\" content=\"https:\/\/oeilsportif.info\/index.php\/football-las-kaloum-decline-linvitation-du-bureau-sortant-de-la-ligue\/\" \/>\n<meta property=\"og:site_name\" content=\"le regard du sportif\" \/>\n<meta property=\"article:published_time\" content=\"2022-08-26T13:54:48+00:00\" \/>\n<meta property=\"og:image\" content=\"https:\/\/oeilsportif.info\/wp-content\/uploads\/2022\/08\/FB_IMG_1661521877090.jpg\" \/>\n\t<meta property=\"og:image:width\" content=\"1024\" \/>\n\t<meta property=\"og:image:height\" content=\"683\" \/>\n\t<meta property=\"og:image:type\" content=\"image\/jpeg\" \/>\n<meta name=\"author\" content=\"L&#039;Equipe de la R\u00e9daction\" \/>\n<meta name=\"twitter:label1\" content=\"\u00c9crit par\" \/>\n\t<meta name=\"twitter:data1\" content=\"L&#039;Equipe de la R\u00e9daction\" \/>\n\t<meta name=\"twitter:label2\" content=\"Dur\u00e9e de lecture estim\u00e9e\" \/>\n\t<meta name=\"twitter:data2\" content=\"1 minute\" \/>\n<script type=\"application\/ld+json\" class=\"yoast-schema-graph\">{\"@context\":\"https:\\\/\\\/schema.org\",\"@graph\":[{\"@type\":\"Article\",\"@id\":\"https:\\\/\\\/oeilsportif.info\\\/index.php\\\/football-las-kaloum-decline-linvitation-du-bureau-sortant-de-la-ligue\\\/#article\",\"isPartOf\":{\"@id\":\"https:\\\/\\\/oeilsportif.info\\\/index.php\\\/football-las-kaloum-decline-linvitation-du-bureau-sortant-de-la-ligue\\\/\"},\"author\":{\"name\":\"L'Equipe de la R\u00e9daction\",\"@id\":\"https:\\\/\\\/oeilsportif.info\\\/#\\\/schema\\\/person\\\/cfbded294aa6095f7d96608d7905e9a1\"},\"headline\":\"Football : L&rsquo;AS Kaloum d\u00e9cline l&rsquo;invitation du Bureau sortant de la ligue !\",\"datePublished\":\"2022-08-26T13:54:48+00:00\",\"mainEntityOfPage\":{\"@id\":\"https:\\\/\\\/oeilsportif.info\\\/index.php\\\/football-las-kaloum-decline-linvitation-du-bureau-sortant-de-la-ligue\\\/\"},\"wordCount\":167,\"image\":{\"@id\":\"https:\\\/\\\/oeilsportif.info\\\/index.php\\\/football-las-kaloum-decline-linvitation-du-bureau-sortant-de-la-ligue\\\/#primaryimage\"},\"thumbnailUrl\":\"https:\\\/\\\/i0.wp.com\\\/oeilsportif.info\\\/wp-content\\\/uploads\\\/2022\\\/08\\\/FB_IMG_1661521877090.jpg?fit=1024%2C683&ssl=1\",\"articleSection\":[\"Football\"],\"inLanguage\":\"fr-FR\"},{\"@type\":\"WebPage\",\"@id\":\"https:\\\/\\\/oeilsportif.info\\\/index.php\\\/football-las-kaloum-decline-linvitation-du-bureau-sortant-de-la-ligue\\\/\",\"url\":\"https:\\\/\\\/oeilsportif.info\\\/index.php\\\/football-las-kaloum-decline-linvitation-du-bureau-sortant-de-la-ligue\\\/\",\"name\":\"Football : L'AS Kaloum d\u00e9cline l'invitation du Bureau sortant de la ligue ! - le regard du sportif\",\"isPartOf\":{\"@id\":\"https:\\\/\\\/oeilsportif.info\\\/#website\"},\"primaryImageOfPage\":{\"@id\":\"https:\\\/\\\/oeilsportif.info\\\/index.php\\\/football-las-kaloum-decline-linvitation-du-bureau-sortant-de-la-ligue\\\/#primaryimage\"},\"image\":{\"@id\":\"https:\\\/\\\/oeilsportif.info\\\/index.php\\\/football-las-kaloum-decline-linvitation-du-bureau-sortant-de-la-ligue\\\/#primaryimage\"},\"thumbnailUrl\":\"https:\\\/\\\/i0.wp.com\\\/oeilsportif.info\\\/wp-content\\\/uploads\\\/2022\\\/08\\\/FB_IMG_1661521877090.jpg?fit=1024%2C683&ssl=1\",\"datePublished\":\"2022-08-26T13:54:48+00:00\",\"author\":{\"@id\":\"https:\\\/\\\/oeilsportif.info\\\/#\\\/schema\\\/person\\\/cfbded294aa6095f7d96608d7905e9a1\"},\"inLanguage\":\"fr-FR\",\"potentialAction\":[{\"@type\":\"ReadAction\",\"target\":[\"https:\\\/\\\/oeilsportif.info\\\/index.php\\\/football-las-kaloum-decline-linvitation-du-bureau-sortant-de-la-ligue\\\/\"]}]},{\"@type\":\"ImageObject\",\"inLanguage\":\"fr-FR\",\"@id\":\"https:\\\/\\\/oeilsportif.info\\\/index.php\\\/football-las-kaloum-decline-linvitation-du-bureau-sortant-de-la-ligue\\\/#primaryimage\",\"url\":\"https:\\\/\\\/i0.wp.com\\\/oeilsportif.info\\\/wp-content\\\/uploads\\\/2022\\\/08\\\/FB_IMG_1661521877090.jpg?fit=1024%2C683&ssl=1\",\"contentUrl\":\"https:\\\/\\\/i0.wp.com\\\/oeilsportif.info\\\/wp-content\\\/uploads\\\/2022\\\/08\\\/FB_IMG_1661521877090.jpg?fit=1024%2C683&ssl=1\",\"width\":1024,\"height\":683},{\"@type\":\"WebSite\",\"@id\":\"https:\\\/\\\/oeilsportif.info\\\/#website\",\"url\":\"https:\\\/\\\/oeilsportif.info\\\/\",\"name\":\"le regard du sportif\",\"description\":\"\",\"potentialAction\":[{\"@type\":\"SearchAction\",\"target\":{\"@type\":\"EntryPoint\",\"urlTemplate\":\"https:\\\/\\\/oeilsportif.info\\\/?s={search_term_string}\"},\"query-input\":{\"@type\":\"PropertyValueSpecification\",\"valueRequired\":true,\"valueName\":\"search_term_string\"}}],\"inLanguage\":\"fr-FR\"},{\"@type\":\"Person\",\"@id\":\"https:\\\/\\\/oeilsportif.info\\\/#\\\/schema\\\/person\\\/cfbded294aa6095f7d96608d7905e9a1\",\"name\":\"L'Equipe de la R\u00e9daction\",\"image\":{\"@type\":\"ImageObject\",\"inLanguage\":\"fr-FR\",\"@id\":\"https:\\\/\\\/oeilsportif.info\\\/wp-content\\\/uploads\\\/2025\\\/07\\\/cropped-cropped-logo-os-96x96.jpeg\",\"url\":\"https:\\\/\\\/oeilsportif.info\\\/wp-content\\\/uploads\\\/2025\\\/07\\\/cropped-cropped-logo-os-96x96.jpeg\",\"contentUrl\":\"https:\\\/\\\/oeilsportif.info\\\/wp-content\\\/uploads\\\/2025\\\/07\\\/cropped-cropped-logo-os-96x96.jpeg\",\"caption\":\"L'Equipe de la R\u00e9daction\"},\"url\":\"https:\\\/\\\/oeilsportif.info\\\/index.php\\\/author\\\/tawel\\\/\"}]}<\/script>\n<!-- \/ Yoast SEO plugin. -->","yoast_head_json":{"title":"Football : L'AS Kaloum d\u00e9cline l'invitation du Bureau sortant de la ligue ! - le regard du sportif","robots":{"index":"index","follow":"follow","max-snippet":"max-snippet:-1","max-image-preview":"max-image-preview:large","max-video-preview":"max-video-preview:-1"},"canonical":"https:\/\/oeilsportif.info\/index.php\/football-las-kaloum-decline-linvitation-du-bureau-sortant-de-la-ligue\/","og_locale":"fr_FR","og_type":"article","og_title":"Football : L'AS Kaloum d\u00e9cline l'invitation du Bureau sortant de la ligue ! - le regard du sportif","og_description":"Le mercredi 24 ao\u00fbt 2022 apr\u00e8s la r\u00e9vocation du Bureau Ex\u00e9cutif de la Ligue Guin\u00e9enne de Football Professionnel et la fermeture de son si\u00e8ge jeudi 25 ao\u00fbt 2022 par le Comit\u00e9 de Normalisation de la F\u00e9d\u00e9ration Guin\u00e9enne de Football (CONOR). Le G\u00e9n\u00e9ral de division \u00e0 la retraite, Mathurin Bangoura Pr\u00e9sident de la LGFP avant la [&hellip;]","og_url":"https:\/\/oeilsportif.info\/index.php\/football-las-kaloum-decline-linvitation-du-bureau-sortant-de-la-ligue\/","og_site_name":"le regard du sportif","article_published_time":"2022-08-26T13:54:48+00:00","og_image":[{"width":1024,"height":683,"url":"https:\/\/oeilsportif.info\/wp-content\/uploads\/2022\/08\/FB_IMG_1661521877090.jpg","type":"image\/jpeg"}],"author":"L'Equipe de la R\u00e9daction","twitter_misc":{"\u00c9crit par":"L'Equipe de la R\u00e9daction","Dur\u00e9e de lecture estim\u00e9e":"1 minute"},"schema":{"@context":"https:\/\/schema.org","@graph":[{"@type":"Article","@id":"https:\/\/oeilsportif.info\/index.php\/football-las-kaloum-decline-linvitation-du-bureau-sortant-de-la-ligue\/#article","isPartOf":{"@id":"https:\/\/oeilsportif.info\/index.php\/football-las-kaloum-decline-linvitation-du-bureau-sortant-de-la-ligue\/"},"author":{"name":"L'Equipe de la R\u00e9daction","@id":"https:\/\/oeilsportif.info\/#\/schema\/person\/cfbded294aa6095f7d96608d7905e9a1"},"headline":"Football : L&rsquo;AS Kaloum d\u00e9cline l&rsquo;invitation du Bureau sortant de la ligue !","datePublished":"2022-08-26T13:54:48+00:00","mainEntityOfPage":{"@id":"https:\/\/oeilsportif.info\/index.php\/football-las-kaloum-decline-linvitation-du-bureau-sortant-de-la-ligue\/"},"wordCount":167,"image":{"@id":"https:\/\/oeilsportif.info\/index.php\/football-las-kaloum-decline-linvitation-du-bureau-sortant-de-la-ligue\/#primaryimage"},"thumbnailUrl":"https:\/\/i0.wp.com\/oeilsportif.info\/wp-content\/uploads\/2022\/08\/FB_IMG_1661521877090.jpg?fit=1024%2C683&ssl=1","articleSection":["Football"],"inLanguage":"fr-FR"},{"@type":"WebPage","@id":"https:\/\/oeilsportif.info\/index.php\/football-las-kaloum-decline-linvitation-du-bureau-sortant-de-la-ligue\/","url":"https:\/\/oeilsportif.info\/index.php\/football-las-kaloum-decline-linvitation-du-bureau-sortant-de-la-ligue\/","name":"Football : L'AS Kaloum d\u00e9cline l'invitation du Bureau sortant de la ligue ! - le regard du sportif","isPartOf":{"@id":"https:\/\/oeilsportif.info\/#website"},"primaryImageOfPage":{"@id":"https:\/\/oeilsportif.info\/index.php\/football-las-kaloum-decline-linvitation-du-bureau-sortant-de-la-ligue\/#primaryimage"},"image":{"@id":"https:\/\/oeilsportif.info\/index.php\/football-las-kaloum-decline-linvitation-du-bureau-sortant-de-la-ligue\/#primaryimage"},"thumbnailUrl":"https:\/\/i0.wp.com\/oeilsportif.info\/wp-content\/uploads\/2022\/08\/FB_IMG_1661521877090.jpg?fit=1024%2C683&ssl=1","datePublished":"2022-08-26T13:54:48+00:00","author":{"@id":"https:\/\/oeilsportif.info\/#\/schema\/person\/cfbded294aa6095f7d96608d7905e9a1"},"inLanguage":"fr-FR","potentialAction":[{"@type":"ReadAction","target":["https:\/\/oeilsportif.info\/index.php\/football-las-kaloum-decline-linvitation-du-bureau-sortant-de-la-ligue\/"]}]},{"@type":"ImageObject","inLanguage":"fr-FR","@id":"https:\/\/oeilsportif.info\/index.php\/football-las-kaloum-decline-linvitation-du-bureau-sortant-de-la-ligue\/#primaryimage","url":"https:\/\/i0.wp.com\/oeilsportif.info\/wp-content\/uploads\/2022\/08\/FB_IMG_1661521877090.jpg?fit=1024%2C683&ssl=1","contentUrl":"https:\/\/i0.wp.com\/oeilsportif.info\/wp-content\/uploads\/2022\/08\/FB_IMG_1661521877090.jpg?fit=1024%2C683&ssl=1","width":1024,"height":683},{"@type":"WebSite","@id":"https:\/\/oeilsportif.info\/#website","url":"https:\/\/oeilsportif.info\/","name":"le regard du sportif","description":"","potentialAction":[{"@type":"SearchAction","target":{"@type":"EntryPoint","urlTemplate":"https:\/\/oeilsportif.info\/?s={search_term_string}"},"query-input":{"@type":"PropertyValueSpecification","valueRequired":true,"valueName":"search_term_string"}}],"inLanguage":"fr-FR"},{"@type":"Person","@id":"https:\/\/oeilsportif.info\/#\/schema\/person\/cfbded294aa6095f7d96608d7905e9a1","name":"L'Equipe de la R\u00e9daction","image":{"@type":"ImageObject","inLanguage":"fr-FR","@id":"https:\/\/oeilsportif.info\/wp-content\/uploads\/2025\/07\/cropped-cropped-logo-os-96x96.jpeg","url":"https:\/\/oeilsportif.info\/wp-content\/uploads\/2025\/07\/cropped-cropped-logo-os-96x96.jpeg","contentUrl":"https:\/\/oeilsportif.info\/wp-content\/uploads\/2025\/07\/cropped-cropped-logo-os-96x96.jpeg","caption":"L'Equipe de la R\u00e9daction"},"url":"https:\/\/oeilsportif.info\/index.php\/author\/tawel\/"}]}},"jetpack_publicize_connections":[],"jetpack_featured_media_url":"https:\/\/i0.wp.com\/oeilsportif.info\/wp-content\/uploads\/2022\/08\/FB_IMG_1661521877090.jpg?fit=1024%2C683&ssl=1","jetpack-related-posts":[],"jetpack_sharing_enabled":true,"jetpack_likes_enabled":true,"jetpack_shortlink":"https:\/\/wp.me\/pgFE77-pP","_links":{"self":[{"href":"https:\/\/oeilsportif.info\/index.php\/wp-json\/wp\/v2\/posts\/1601","targetHints":{"allow":["GET"]}}],"collection":[{"href":"https:\/\/oeilsportif.info\/index.php\/wp-json\/wp\/v2\/posts"}],"about":[{"href":"https:\/\/oeilsportif.info\/index.php\/wp-json\/wp\/v2\/types\/post"}],"author":[{"embeddable":true,"href":"https:\/\/oeilsportif.info\/index.php\/wp-json\/wp\/v2\/users\/2"}],"replies":[{"embeddable":true,"href":"https:\/\/oeilsportif.info\/index.php\/wp-json\/wp\/v2\/comments?post=1601"}],"version-history":[{"count":0,"href":"https:\/\/oeilsportif.info\/index.php\/wp-json\/wp\/v2\/posts\/1601\/revisions"}],"wp:featuredmedia":[{"embeddable":true,"href":"https:\/\/oeilsportif.info\/index.php\/wp-json\/wp\/v2\/media\/1603"}],"wp:attachment":[{"href":"https:\/\/oeilsportif.info\/index.php\/wp-json\/wp\/v2\/media?parent=1601"}],"wp:term":[{"taxonomy":"category","embeddable":true,"href":"https:\/\/oeilsportif.info\/index.php\/wp-json\/wp\/v2\/categories?post=1601"},{"taxonomy":"post_tag","embeddable":true,"href":"https:\/\/oeilsportif.info\/index.php\/wp-json\/wp\/v2\/tags?post=1601"}],"curies":[{"name":"wp","href":"https:\/\/api.w.org\/{rel}","templated":true}]}}