{"id":1580,"date":"2022-08-24T23:26:03","date_gmt":"2022-08-24T23:26:03","guid":{"rendered":"https:\/\/oeilsportif.info\/index.php\/?p=1580"},"modified":"2022-08-24T23:26:03","modified_gmt":"2022-08-24T23:26:03","slug":"coupe-caf-milo-fc-est-situe-sur-son-calendrier","status":"publish","type":"post","link":"https:\/\/oeilsportif.info\/index.php\/coupe-caf-milo-fc-est-situe-sur-son-calendrier\/","title":{"rendered":"COUPE CAF : Milo FC est situ\u00e9 sur son calendrier !"},"content":{"rendered":"<p>Apr\u00e8s le tirage au sort de la Coupe de la Conf\u00e9d\u00e9ration Africaine de Football. Ce mardi 23 ao\u00fbt 2022 la Direction du Milo FC a re\u00e7u la notification pour son match aller du premier tour pr\u00e9liminaire des comp\u00e9titions interclubs de la CAF qui est pr\u00e9vu du 09 au 11 septembre 2022.<\/p>\n<p>Selon la m\u00eame source, le vendredi 09 septembre 2022 le Milo Football Club de Kankan re\u00e7oit l\u2019Association Sportive des Chauffeurs de Kara du Togo au stade G\u00e9n\u00e9ral Lansana Cont\u00e9 de Nongo.<br \/>\nAvant de se d\u00e9placer dans deux semaines \u00e0 Togo pour le compte du match retour.<\/p>\n<p>Bonne chance \u00e0 Milo FC de Kankan.<\/p>\n","protected":false},"excerpt":{"rendered":"<p>Apr\u00e8s le tirage au sort de la Coupe de la Conf\u00e9d\u00e9ration Africaine de Football. Ce mardi 23 ao\u00fbt 2022 la Direction du Milo FC a re\u00e7u la notification pour son match aller du premier tour pr\u00e9liminaire des comp\u00e9titions interclubs de la CAF qui est pr\u00e9vu du 09 au 11 septembre 2022. Selon la m\u00eame source, [&hellip;]<\/p>\n","protected":false},"author":2,"featured_media":1581,"comment_status":"closed","ping_status":"open","sticky":false,"template":"","format":"standard","meta":{"_jetpack_memberships_contains_paid_content":false,"footnotes":"","jetpack_publicize_message":"","jetpack_publicize_feature_enabled":true,"jetpack_social_post_already_shared":true,"jetpack_social_options":{"image_generator_settings":{"template":"highway","default_image_id":0,"font":"","enabled":false},"version":2}},"categories":[5],"tags":[],"class_list":{"0":"post-1580","1":"post","2":"type-post","3":"status-publish","4":"format-standard","5":"has-post-thumbnail","7":"category-football"},"yoast_head":"<!-- This site is optimized with the Yoast SEO plugin v27.4 - https:\/\/yoast.com\/product\/yoast-seo-wordpress\/ -->\n<title>COUPE CAF : Milo FC est situ\u00e9 sur son calendrier ! - le regard du sportif<\/title>\n<meta name=\"robots\" content=\"index, follow, max-snippet:-1, max-image-preview:large, max-video-preview:-1\" \/>\n<link rel=\"canonical\" href=\"https:\/\/oeilsportif.info\/index.php\/coupe-caf-milo-fc-est-situe-sur-son-calendrier\/\" \/>\n<meta property=\"og:locale\" content=\"fr_FR\" \/>\n<meta property=\"og:type\" content=\"article\" \/>\n<meta property=\"og:title\" content=\"COUPE CAF : Milo FC est situ\u00e9 sur son calendrier ! - le regard du sportif\" \/>\n<meta property=\"og:description\" content=\"Apr\u00e8s le tirage au sort de la Coupe de la Conf\u00e9d\u00e9ration Africaine de Football. Ce mardi 23 ao\u00fbt 2022 la Direction du Milo FC a re\u00e7u la notification pour son match aller du premier tour pr\u00e9liminaire des comp\u00e9titions interclubs de la CAF qui est pr\u00e9vu du 09 au 11 septembre 2022. Selon la m\u00eame source, [&hellip;]\" \/>\n<meta property=\"og:url\" content=\"https:\/\/oeilsportif.info\/index.php\/coupe-caf-milo-fc-est-situe-sur-son-calendrier\/\" \/>\n<meta property=\"og:site_name\" content=\"le regard du sportif\" \/>\n<meta property=\"article:published_time\" content=\"2022-08-24T23:26:03+00:00\" \/>\n<meta property=\"og:image\" content=\"https:\/\/oeilsportif.info\/wp-content\/uploads\/2022\/08\/FB_IMG_1661383450945.jpg\" \/>\n\t<meta property=\"og:image:width\" content=\"960\" \/>\n\t<meta property=\"og:image:height\" content=\"720\" \/>\n\t<meta property=\"og:image:type\" content=\"image\/jpeg\" \/>\n<meta name=\"author\" content=\"L&#039;Equipe de la R\u00e9daction\" \/>\n<meta name=\"twitter:label1\" content=\"\u00c9crit par\" \/>\n\t<meta name=\"twitter:data1\" content=\"L&#039;Equipe de la R\u00e9daction\" \/>\n\t<meta name=\"twitter:label2\" content=\"Dur\u00e9e de lecture estim\u00e9e\" \/>\n\t<meta name=\"twitter:data2\" content=\"1 minute\" \/>\n<script type=\"application\/ld+json\" class=\"yoast-schema-graph\">{\"@context\":\"https:\\\/\\\/schema.org\",\"@graph\":[{\"@type\":\"Article\",\"@id\":\"https:\\\/\\\/oeilsportif.info\\\/index.php\\\/coupe-caf-milo-fc-est-situe-sur-son-calendrier\\\/#article\",\"isPartOf\":{\"@id\":\"https:\\\/\\\/oeilsportif.info\\\/index.php\\\/coupe-caf-milo-fc-est-situe-sur-son-calendrier\\\/\"},\"author\":{\"name\":\"L'Equipe de la R\u00e9daction\",\"@id\":\"https:\\\/\\\/oeilsportif.info\\\/#\\\/schema\\\/person\\\/cfbded294aa6095f7d96608d7905e9a1\"},\"headline\":\"COUPE CAF : Milo FC est situ\u00e9 sur son calendrier !\",\"datePublished\":\"2022-08-24T23:26:03+00:00\",\"mainEntityOfPage\":{\"@id\":\"https:\\\/\\\/oeilsportif.info\\\/index.php\\\/coupe-caf-milo-fc-est-situe-sur-son-calendrier\\\/\"},\"wordCount\":118,\"image\":{\"@id\":\"https:\\\/\\\/oeilsportif.info\\\/index.php\\\/coupe-caf-milo-fc-est-situe-sur-son-calendrier\\\/#primaryimage\"},\"thumbnailUrl\":\"https:\\\/\\\/i0.wp.com\\\/oeilsportif.info\\\/wp-content\\\/uploads\\\/2022\\\/08\\\/FB_IMG_1661383450945.jpg?fit=960%2C720&ssl=1\",\"articleSection\":[\"Football\"],\"inLanguage\":\"fr-FR\"},{\"@type\":\"WebPage\",\"@id\":\"https:\\\/\\\/oeilsportif.info\\\/index.php\\\/coupe-caf-milo-fc-est-situe-sur-son-calendrier\\\/\",\"url\":\"https:\\\/\\\/oeilsportif.info\\\/index.php\\\/coupe-caf-milo-fc-est-situe-sur-son-calendrier\\\/\",\"name\":\"COUPE CAF : Milo FC est situ\u00e9 sur son calendrier ! - le regard du sportif\",\"isPartOf\":{\"@id\":\"https:\\\/\\\/oeilsportif.info\\\/#website\"},\"primaryImageOfPage\":{\"@id\":\"https:\\\/\\\/oeilsportif.info\\\/index.php\\\/coupe-caf-milo-fc-est-situe-sur-son-calendrier\\\/#primaryimage\"},\"image\":{\"@id\":\"https:\\\/\\\/oeilsportif.info\\\/index.php\\\/coupe-caf-milo-fc-est-situe-sur-son-calendrier\\\/#primaryimage\"},\"thumbnailUrl\":\"https:\\\/\\\/i0.wp.com\\\/oeilsportif.info\\\/wp-content\\\/uploads\\\/2022\\\/08\\\/FB_IMG_1661383450945.jpg?fit=960%2C720&ssl=1\",\"datePublished\":\"2022-08-24T23:26:03+00:00\",\"author\":{\"@id\":\"https:\\\/\\\/oeilsportif.info\\\/#\\\/schema\\\/person\\\/cfbded294aa6095f7d96608d7905e9a1\"},\"inLanguage\":\"fr-FR\",\"potentialAction\":[{\"@type\":\"ReadAction\",\"target\":[\"https:\\\/\\\/oeilsportif.info\\\/index.php\\\/coupe-caf-milo-fc-est-situe-sur-son-calendrier\\\/\"]}]},{\"@type\":\"ImageObject\",\"inLanguage\":\"fr-FR\",\"@id\":\"https:\\\/\\\/oeilsportif.info\\\/index.php\\\/coupe-caf-milo-fc-est-situe-sur-son-calendrier\\\/#primaryimage\",\"url\":\"https:\\\/\\\/i0.wp.com\\\/oeilsportif.info\\\/wp-content\\\/uploads\\\/2022\\\/08\\\/FB_IMG_1661383450945.jpg?fit=960%2C720&ssl=1\",\"contentUrl\":\"https:\\\/\\\/i0.wp.com\\\/oeilsportif.info\\\/wp-content\\\/uploads\\\/2022\\\/08\\\/FB_IMG_1661383450945.jpg?fit=960%2C720&ssl=1\",\"width\":960,\"height\":720},{\"@type\":\"WebSite\",\"@id\":\"https:\\\/\\\/oeilsportif.info\\\/#website\",\"url\":\"https:\\\/\\\/oeilsportif.info\\\/\",\"name\":\"le regard du sportif\",\"description\":\"\",\"potentialAction\":[{\"@type\":\"SearchAction\",\"target\":{\"@type\":\"EntryPoint\",\"urlTemplate\":\"https:\\\/\\\/oeilsportif.info\\\/?s={search_term_string}\"},\"query-input\":{\"@type\":\"PropertyValueSpecification\",\"valueRequired\":true,\"valueName\":\"search_term_string\"}}],\"inLanguage\":\"fr-FR\"},{\"@type\":\"Person\",\"@id\":\"https:\\\/\\\/oeilsportif.info\\\/#\\\/schema\\\/person\\\/cfbded294aa6095f7d96608d7905e9a1\",\"name\":\"L'Equipe de la R\u00e9daction\",\"image\":{\"@type\":\"ImageObject\",\"inLanguage\":\"fr-FR\",\"@id\":\"https:\\\/\\\/oeilsportif.info\\\/wp-content\\\/uploads\\\/2025\\\/07\\\/cropped-cropped-logo-os-96x96.jpeg\",\"url\":\"https:\\\/\\\/oeilsportif.info\\\/wp-content\\\/uploads\\\/2025\\\/07\\\/cropped-cropped-logo-os-96x96.jpeg\",\"contentUrl\":\"https:\\\/\\\/oeilsportif.info\\\/wp-content\\\/uploads\\\/2025\\\/07\\\/cropped-cropped-logo-os-96x96.jpeg\",\"caption\":\"L'Equipe de la R\u00e9daction\"},\"url\":\"https:\\\/\\\/oeilsportif.info\\\/index.php\\\/author\\\/tawel\\\/\"}]}<\/script>\n<!-- \/ Yoast SEO plugin. -->","yoast_head_json":{"title":"COUPE CAF : Milo FC est situ\u00e9 sur son calendrier ! - le regard du sportif","robots":{"index":"index","follow":"follow","max-snippet":"max-snippet:-1","max-image-preview":"max-image-preview:large","max-video-preview":"max-video-preview:-1"},"canonical":"https:\/\/oeilsportif.info\/index.php\/coupe-caf-milo-fc-est-situe-sur-son-calendrier\/","og_locale":"fr_FR","og_type":"article","og_title":"COUPE CAF : Milo FC est situ\u00e9 sur son calendrier ! - le regard du sportif","og_description":"Apr\u00e8s le tirage au sort de la Coupe de la Conf\u00e9d\u00e9ration Africaine de Football. Ce mardi 23 ao\u00fbt 2022 la Direction du Milo FC a re\u00e7u la notification pour son match aller du premier tour pr\u00e9liminaire des comp\u00e9titions interclubs de la CAF qui est pr\u00e9vu du 09 au 11 septembre 2022. Selon la m\u00eame source, [&hellip;]","og_url":"https:\/\/oeilsportif.info\/index.php\/coupe-caf-milo-fc-est-situe-sur-son-calendrier\/","og_site_name":"le regard du sportif","article_published_time":"2022-08-24T23:26:03+00:00","og_image":[{"width":960,"height":720,"url":"https:\/\/oeilsportif.info\/wp-content\/uploads\/2022\/08\/FB_IMG_1661383450945.jpg","type":"image\/jpeg"}],"author":"L'Equipe de la R\u00e9daction","twitter_misc":{"\u00c9crit par":"L'Equipe de la R\u00e9daction","Dur\u00e9e de lecture estim\u00e9e":"1 minute"},"schema":{"@context":"https:\/\/schema.org","@graph":[{"@type":"Article","@id":"https:\/\/oeilsportif.info\/index.php\/coupe-caf-milo-fc-est-situe-sur-son-calendrier\/#article","isPartOf":{"@id":"https:\/\/oeilsportif.info\/index.php\/coupe-caf-milo-fc-est-situe-sur-son-calendrier\/"},"author":{"name":"L'Equipe de la R\u00e9daction","@id":"https:\/\/oeilsportif.info\/#\/schema\/person\/cfbded294aa6095f7d96608d7905e9a1"},"headline":"COUPE CAF : Milo FC est situ\u00e9 sur son calendrier !","datePublished":"2022-08-24T23:26:03+00:00","mainEntityOfPage":{"@id":"https:\/\/oeilsportif.info\/index.php\/coupe-caf-milo-fc-est-situe-sur-son-calendrier\/"},"wordCount":118,"image":{"@id":"https:\/\/oeilsportif.info\/index.php\/coupe-caf-milo-fc-est-situe-sur-son-calendrier\/#primaryimage"},"thumbnailUrl":"https:\/\/i0.wp.com\/oeilsportif.info\/wp-content\/uploads\/2022\/08\/FB_IMG_1661383450945.jpg?fit=960%2C720&ssl=1","articleSection":["Football"],"inLanguage":"fr-FR"},{"@type":"WebPage","@id":"https:\/\/oeilsportif.info\/index.php\/coupe-caf-milo-fc-est-situe-sur-son-calendrier\/","url":"https:\/\/oeilsportif.info\/index.php\/coupe-caf-milo-fc-est-situe-sur-son-calendrier\/","name":"COUPE CAF : Milo FC est situ\u00e9 sur son calendrier ! - le regard du sportif","isPartOf":{"@id":"https:\/\/oeilsportif.info\/#website"},"primaryImageOfPage":{"@id":"https:\/\/oeilsportif.info\/index.php\/coupe-caf-milo-fc-est-situe-sur-son-calendrier\/#primaryimage"},"image":{"@id":"https:\/\/oeilsportif.info\/index.php\/coupe-caf-milo-fc-est-situe-sur-son-calendrier\/#primaryimage"},"thumbnailUrl":"https:\/\/i0.wp.com\/oeilsportif.info\/wp-content\/uploads\/2022\/08\/FB_IMG_1661383450945.jpg?fit=960%2C720&ssl=1","datePublished":"2022-08-24T23:26:03+00:00","author":{"@id":"https:\/\/oeilsportif.info\/#\/schema\/person\/cfbded294aa6095f7d96608d7905e9a1"},"inLanguage":"fr-FR","potentialAction":[{"@type":"ReadAction","target":["https:\/\/oeilsportif.info\/index.php\/coupe-caf-milo-fc-est-situe-sur-son-calendrier\/"]}]},{"@type":"ImageObject","inLanguage":"fr-FR","@id":"https:\/\/oeilsportif.info\/index.php\/coupe-caf-milo-fc-est-situe-sur-son-calendrier\/#primaryimage","url":"https:\/\/i0.wp.com\/oeilsportif.info\/wp-content\/uploads\/2022\/08\/FB_IMG_1661383450945.jpg?fit=960%2C720&ssl=1","contentUrl":"https:\/\/i0.wp.com\/oeilsportif.info\/wp-content\/uploads\/2022\/08\/FB_IMG_1661383450945.jpg?fit=960%2C720&ssl=1","width":960,"height":720},{"@type":"WebSite","@id":"https:\/\/oeilsportif.info\/#website","url":"https:\/\/oeilsportif.info\/","name":"le regard du sportif","description":"","potentialAction":[{"@type":"SearchAction","target":{"@type":"EntryPoint","urlTemplate":"https:\/\/oeilsportif.info\/?s={search_term_string}"},"query-input":{"@type":"PropertyValueSpecification","valueRequired":true,"valueName":"search_term_string"}}],"inLanguage":"fr-FR"},{"@type":"Person","@id":"https:\/\/oeilsportif.info\/#\/schema\/person\/cfbded294aa6095f7d96608d7905e9a1","name":"L'Equipe de la R\u00e9daction","image":{"@type":"ImageObject","inLanguage":"fr-FR","@id":"https:\/\/oeilsportif.info\/wp-content\/uploads\/2025\/07\/cropped-cropped-logo-os-96x96.jpeg","url":"https:\/\/oeilsportif.info\/wp-content\/uploads\/2025\/07\/cropped-cropped-logo-os-96x96.jpeg","contentUrl":"https:\/\/oeilsportif.info\/wp-content\/uploads\/2025\/07\/cropped-cropped-logo-os-96x96.jpeg","caption":"L'Equipe de la R\u00e9daction"},"url":"https:\/\/oeilsportif.info\/index.php\/author\/tawel\/"}]}},"jetpack_publicize_connections":[],"jetpack_featured_media_url":"https:\/\/i0.wp.com\/oeilsportif.info\/wp-content\/uploads\/2022\/08\/FB_IMG_1661383450945.jpg?fit=960%2C720&ssl=1","jetpack-related-posts":[],"jetpack_sharing_enabled":true,"jetpack_likes_enabled":true,"jetpack_shortlink":"https:\/\/wp.me\/pgFE77-pu","_links":{"self":[{"href":"https:\/\/oeilsportif.info\/index.php\/wp-json\/wp\/v2\/posts\/1580","targetHints":{"allow":["GET"]}}],"collection":[{"href":"https:\/\/oeilsportif.info\/index.php\/wp-json\/wp\/v2\/posts"}],"about":[{"href":"https:\/\/oeilsportif.info\/index.php\/wp-json\/wp\/v2\/types\/post"}],"author":[{"embeddable":true,"href":"https:\/\/oeilsportif.info\/index.php\/wp-json\/wp\/v2\/users\/2"}],"replies":[{"embeddable":true,"href":"https:\/\/oeilsportif.info\/index.php\/wp-json\/wp\/v2\/comments?post=1580"}],"version-history":[{"count":0,"href":"https:\/\/oeilsportif.info\/index.php\/wp-json\/wp\/v2\/posts\/1580\/revisions"}],"wp:featuredmedia":[{"embeddable":true,"href":"https:\/\/oeilsportif.info\/index.php\/wp-json\/wp\/v2\/media\/1581"}],"wp:attachment":[{"href":"https:\/\/oeilsportif.info\/index.php\/wp-json\/wp\/v2\/media?parent=1580"}],"wp:term":[{"taxonomy":"category","embeddable":true,"href":"https:\/\/oeilsportif.info\/index.php\/wp-json\/wp\/v2\/categories?post=1580"},{"taxonomy":"post_tag","embeddable":true,"href":"https:\/\/oeilsportif.info\/index.php\/wp-json\/wp\/v2\/tags?post=1580"}],"curies":[{"name":"wp","href":"https:\/\/api.w.org\/{rel}","templated":true}]}}