{"id":1577,"date":"2022-08-24T21:57:03","date_gmt":"2022-08-24T21:57:03","guid":{"rendered":"https:\/\/oeilsportif.info\/index.php\/?p=1577"},"modified":"2022-08-24T21:57:03","modified_gmt":"2022-08-24T21:57:03","slug":"samba-sow-devient-lentraineur-des-u-14-du-rc-lens","status":"publish","type":"post","link":"https:\/\/oeilsportif.info\/index.php\/samba-sow-devient-lentraineur-des-u-14-du-rc-lens\/","title":{"rendered":"Samba Sow devient l&rsquo;entra\u00eeneur des U-14 du RC Lens !"},"content":{"rendered":"<p>C&rsquo;est le d\u00e9but de la reconversion pour l&rsquo;ex-international malien Samba Sow (33 ans) . Revenu au Racing club de Lens la saison derni\u00e8re pour aider l&rsquo;\u00e9quipe r\u00e9serve. Samba Sow s&rsquo;est vu propos\u00e9 le post d&rsquo;entra\u00eeneur des jeunes de moins de 14ans des sang et Or.<\/p>\n<p>D\u2019ailleurs, le premier match de son \u00e9quipe est pr\u00e9vu ce samedi face aux Belges de Saint-Trond, \u00e0 partir de 16h45.<\/p>\n<p><strong>Source : S\u00e9govien Sport<\/strong><\/p>\n","protected":false},"excerpt":{"rendered":"<p>C&rsquo;est le d\u00e9but de la reconversion pour l&rsquo;ex-international malien Samba Sow (33 ans) . Revenu au Racing club de Lens la saison derni\u00e8re pour aider l&rsquo;\u00e9quipe r\u00e9serve. Samba Sow s&rsquo;est vu propos\u00e9 le post d&rsquo;entra\u00eeneur des jeunes de moins de 14ans des sang et Or. D\u2019ailleurs, le premier match de son \u00e9quipe est pr\u00e9vu ce [&hellip;]<\/p>\n","protected":false},"author":2,"featured_media":1578,"comment_status":"closed","ping_status":"open","sticky":false,"template":"","format":"standard","meta":{"_jetpack_memberships_contains_paid_content":false,"footnotes":"","jetpack_publicize_message":"","jetpack_publicize_feature_enabled":true,"jetpack_social_post_already_shared":true,"jetpack_social_options":{"image_generator_settings":{"template":"highway","default_image_id":0,"font":"","enabled":false},"version":2}},"categories":[5],"tags":[],"class_list":{"0":"post-1577","1":"post","2":"type-post","3":"status-publish","4":"format-standard","5":"has-post-thumbnail","7":"category-football"},"yoast_head":"<!-- This site is optimized with the Yoast SEO plugin v27.4 - https:\/\/yoast.com\/product\/yoast-seo-wordpress\/ -->\n<title>Samba Sow devient l&#039;entra\u00eeneur des U-14 du RC Lens ! - le regard du sportif<\/title>\n<meta name=\"robots\" content=\"index, follow, max-snippet:-1, max-image-preview:large, max-video-preview:-1\" \/>\n<link rel=\"canonical\" href=\"https:\/\/oeilsportif.info\/index.php\/samba-sow-devient-lentraineur-des-u-14-du-rc-lens\/\" \/>\n<meta property=\"og:locale\" content=\"fr_FR\" \/>\n<meta property=\"og:type\" content=\"article\" \/>\n<meta property=\"og:title\" content=\"Samba Sow devient l&#039;entra\u00eeneur des U-14 du RC Lens ! - le regard du sportif\" \/>\n<meta property=\"og:description\" content=\"C&rsquo;est le d\u00e9but de la reconversion pour l&rsquo;ex-international malien Samba Sow (33 ans) . Revenu au Racing club de Lens la saison derni\u00e8re pour aider l&rsquo;\u00e9quipe r\u00e9serve. Samba Sow s&rsquo;est vu propos\u00e9 le post d&rsquo;entra\u00eeneur des jeunes de moins de 14ans des sang et Or. D\u2019ailleurs, le premier match de son \u00e9quipe est pr\u00e9vu ce [&hellip;]\" \/>\n<meta property=\"og:url\" content=\"https:\/\/oeilsportif.info\/index.php\/samba-sow-devient-lentraineur-des-u-14-du-rc-lens\/\" \/>\n<meta property=\"og:site_name\" content=\"le regard du sportif\" \/>\n<meta property=\"article:published_time\" content=\"2022-08-24T21:57:03+00:00\" \/>\n<meta property=\"og:image\" content=\"https:\/\/oeilsportif.info\/wp-content\/uploads\/2022\/08\/FB_IMG_1661377739609.jpg\" \/>\n\t<meta property=\"og:image:width\" content=\"1080\" \/>\n\t<meta property=\"og:image:height\" content=\"607\" \/>\n\t<meta property=\"og:image:type\" content=\"image\/jpeg\" \/>\n<meta name=\"author\" content=\"L&#039;Equipe de la R\u00e9daction\" \/>\n<meta name=\"twitter:label1\" content=\"\u00c9crit par\" \/>\n\t<meta name=\"twitter:data1\" content=\"L&#039;Equipe de la R\u00e9daction\" \/>\n\t<meta name=\"twitter:label2\" content=\"Dur\u00e9e de lecture estim\u00e9e\" \/>\n\t<meta name=\"twitter:data2\" content=\"1 minute\" \/>\n<script type=\"application\/ld+json\" class=\"yoast-schema-graph\">{\"@context\":\"https:\\\/\\\/schema.org\",\"@graph\":[{\"@type\":\"Article\",\"@id\":\"https:\\\/\\\/oeilsportif.info\\\/index.php\\\/samba-sow-devient-lentraineur-des-u-14-du-rc-lens\\\/#article\",\"isPartOf\":{\"@id\":\"https:\\\/\\\/oeilsportif.info\\\/index.php\\\/samba-sow-devient-lentraineur-des-u-14-du-rc-lens\\\/\"},\"author\":{\"name\":\"L'Equipe de la R\u00e9daction\",\"@id\":\"https:\\\/\\\/oeilsportif.info\\\/#\\\/schema\\\/person\\\/cfbded294aa6095f7d96608d7905e9a1\"},\"headline\":\"Samba Sow devient l&rsquo;entra\u00eeneur des U-14 du RC Lens !\",\"datePublished\":\"2022-08-24T21:57:03+00:00\",\"mainEntityOfPage\":{\"@id\":\"https:\\\/\\\/oeilsportif.info\\\/index.php\\\/samba-sow-devient-lentraineur-des-u-14-du-rc-lens\\\/\"},\"wordCount\":88,\"image\":{\"@id\":\"https:\\\/\\\/oeilsportif.info\\\/index.php\\\/samba-sow-devient-lentraineur-des-u-14-du-rc-lens\\\/#primaryimage\"},\"thumbnailUrl\":\"https:\\\/\\\/i0.wp.com\\\/oeilsportif.info\\\/wp-content\\\/uploads\\\/2022\\\/08\\\/FB_IMG_1661377739609.jpg?fit=1080%2C607&ssl=1\",\"articleSection\":[\"Football\"],\"inLanguage\":\"fr-FR\"},{\"@type\":\"WebPage\",\"@id\":\"https:\\\/\\\/oeilsportif.info\\\/index.php\\\/samba-sow-devient-lentraineur-des-u-14-du-rc-lens\\\/\",\"url\":\"https:\\\/\\\/oeilsportif.info\\\/index.php\\\/samba-sow-devient-lentraineur-des-u-14-du-rc-lens\\\/\",\"name\":\"Samba Sow devient l'entra\u00eeneur des U-14 du RC Lens ! - le regard du sportif\",\"isPartOf\":{\"@id\":\"https:\\\/\\\/oeilsportif.info\\\/#website\"},\"primaryImageOfPage\":{\"@id\":\"https:\\\/\\\/oeilsportif.info\\\/index.php\\\/samba-sow-devient-lentraineur-des-u-14-du-rc-lens\\\/#primaryimage\"},\"image\":{\"@id\":\"https:\\\/\\\/oeilsportif.info\\\/index.php\\\/samba-sow-devient-lentraineur-des-u-14-du-rc-lens\\\/#primaryimage\"},\"thumbnailUrl\":\"https:\\\/\\\/i0.wp.com\\\/oeilsportif.info\\\/wp-content\\\/uploads\\\/2022\\\/08\\\/FB_IMG_1661377739609.jpg?fit=1080%2C607&ssl=1\",\"datePublished\":\"2022-08-24T21:57:03+00:00\",\"author\":{\"@id\":\"https:\\\/\\\/oeilsportif.info\\\/#\\\/schema\\\/person\\\/cfbded294aa6095f7d96608d7905e9a1\"},\"inLanguage\":\"fr-FR\",\"potentialAction\":[{\"@type\":\"ReadAction\",\"target\":[\"https:\\\/\\\/oeilsportif.info\\\/index.php\\\/samba-sow-devient-lentraineur-des-u-14-du-rc-lens\\\/\"]}]},{\"@type\":\"ImageObject\",\"inLanguage\":\"fr-FR\",\"@id\":\"https:\\\/\\\/oeilsportif.info\\\/index.php\\\/samba-sow-devient-lentraineur-des-u-14-du-rc-lens\\\/#primaryimage\",\"url\":\"https:\\\/\\\/i0.wp.com\\\/oeilsportif.info\\\/wp-content\\\/uploads\\\/2022\\\/08\\\/FB_IMG_1661377739609.jpg?fit=1080%2C607&ssl=1\",\"contentUrl\":\"https:\\\/\\\/i0.wp.com\\\/oeilsportif.info\\\/wp-content\\\/uploads\\\/2022\\\/08\\\/FB_IMG_1661377739609.jpg?fit=1080%2C607&ssl=1\",\"width\":1080,\"height\":607},{\"@type\":\"WebSite\",\"@id\":\"https:\\\/\\\/oeilsportif.info\\\/#website\",\"url\":\"https:\\\/\\\/oeilsportif.info\\\/\",\"name\":\"le regard du sportif\",\"description\":\"\",\"potentialAction\":[{\"@type\":\"SearchAction\",\"target\":{\"@type\":\"EntryPoint\",\"urlTemplate\":\"https:\\\/\\\/oeilsportif.info\\\/?s={search_term_string}\"},\"query-input\":{\"@type\":\"PropertyValueSpecification\",\"valueRequired\":true,\"valueName\":\"search_term_string\"}}],\"inLanguage\":\"fr-FR\"},{\"@type\":\"Person\",\"@id\":\"https:\\\/\\\/oeilsportif.info\\\/#\\\/schema\\\/person\\\/cfbded294aa6095f7d96608d7905e9a1\",\"name\":\"L'Equipe de la R\u00e9daction\",\"image\":{\"@type\":\"ImageObject\",\"inLanguage\":\"fr-FR\",\"@id\":\"https:\\\/\\\/oeilsportif.info\\\/wp-content\\\/uploads\\\/2025\\\/07\\\/cropped-cropped-logo-os-96x96.jpeg\",\"url\":\"https:\\\/\\\/oeilsportif.info\\\/wp-content\\\/uploads\\\/2025\\\/07\\\/cropped-cropped-logo-os-96x96.jpeg\",\"contentUrl\":\"https:\\\/\\\/oeilsportif.info\\\/wp-content\\\/uploads\\\/2025\\\/07\\\/cropped-cropped-logo-os-96x96.jpeg\",\"caption\":\"L'Equipe de la R\u00e9daction\"},\"url\":\"https:\\\/\\\/oeilsportif.info\\\/index.php\\\/author\\\/tawel\\\/\"}]}<\/script>\n<!-- \/ Yoast SEO plugin. -->","yoast_head_json":{"title":"Samba Sow devient l'entra\u00eeneur des U-14 du RC Lens ! - le regard du sportif","robots":{"index":"index","follow":"follow","max-snippet":"max-snippet:-1","max-image-preview":"max-image-preview:large","max-video-preview":"max-video-preview:-1"},"canonical":"https:\/\/oeilsportif.info\/index.php\/samba-sow-devient-lentraineur-des-u-14-du-rc-lens\/","og_locale":"fr_FR","og_type":"article","og_title":"Samba Sow devient l'entra\u00eeneur des U-14 du RC Lens ! - le regard du sportif","og_description":"C&rsquo;est le d\u00e9but de la reconversion pour l&rsquo;ex-international malien Samba Sow (33 ans) . Revenu au Racing club de Lens la saison derni\u00e8re pour aider l&rsquo;\u00e9quipe r\u00e9serve. Samba Sow s&rsquo;est vu propos\u00e9 le post d&rsquo;entra\u00eeneur des jeunes de moins de 14ans des sang et Or. D\u2019ailleurs, le premier match de son \u00e9quipe est pr\u00e9vu ce [&hellip;]","og_url":"https:\/\/oeilsportif.info\/index.php\/samba-sow-devient-lentraineur-des-u-14-du-rc-lens\/","og_site_name":"le regard du sportif","article_published_time":"2022-08-24T21:57:03+00:00","og_image":[{"width":1080,"height":607,"url":"https:\/\/oeilsportif.info\/wp-content\/uploads\/2022\/08\/FB_IMG_1661377739609.jpg","type":"image\/jpeg"}],"author":"L'Equipe de la R\u00e9daction","twitter_misc":{"\u00c9crit par":"L'Equipe de la R\u00e9daction","Dur\u00e9e de lecture estim\u00e9e":"1 minute"},"schema":{"@context":"https:\/\/schema.org","@graph":[{"@type":"Article","@id":"https:\/\/oeilsportif.info\/index.php\/samba-sow-devient-lentraineur-des-u-14-du-rc-lens\/#article","isPartOf":{"@id":"https:\/\/oeilsportif.info\/index.php\/samba-sow-devient-lentraineur-des-u-14-du-rc-lens\/"},"author":{"name":"L'Equipe de la R\u00e9daction","@id":"https:\/\/oeilsportif.info\/#\/schema\/person\/cfbded294aa6095f7d96608d7905e9a1"},"headline":"Samba Sow devient l&rsquo;entra\u00eeneur des U-14 du RC Lens !","datePublished":"2022-08-24T21:57:03+00:00","mainEntityOfPage":{"@id":"https:\/\/oeilsportif.info\/index.php\/samba-sow-devient-lentraineur-des-u-14-du-rc-lens\/"},"wordCount":88,"image":{"@id":"https:\/\/oeilsportif.info\/index.php\/samba-sow-devient-lentraineur-des-u-14-du-rc-lens\/#primaryimage"},"thumbnailUrl":"https:\/\/i0.wp.com\/oeilsportif.info\/wp-content\/uploads\/2022\/08\/FB_IMG_1661377739609.jpg?fit=1080%2C607&ssl=1","articleSection":["Football"],"inLanguage":"fr-FR"},{"@type":"WebPage","@id":"https:\/\/oeilsportif.info\/index.php\/samba-sow-devient-lentraineur-des-u-14-du-rc-lens\/","url":"https:\/\/oeilsportif.info\/index.php\/samba-sow-devient-lentraineur-des-u-14-du-rc-lens\/","name":"Samba Sow devient l'entra\u00eeneur des U-14 du RC Lens ! - le regard du sportif","isPartOf":{"@id":"https:\/\/oeilsportif.info\/#website"},"primaryImageOfPage":{"@id":"https:\/\/oeilsportif.info\/index.php\/samba-sow-devient-lentraineur-des-u-14-du-rc-lens\/#primaryimage"},"image":{"@id":"https:\/\/oeilsportif.info\/index.php\/samba-sow-devient-lentraineur-des-u-14-du-rc-lens\/#primaryimage"},"thumbnailUrl":"https:\/\/i0.wp.com\/oeilsportif.info\/wp-content\/uploads\/2022\/08\/FB_IMG_1661377739609.jpg?fit=1080%2C607&ssl=1","datePublished":"2022-08-24T21:57:03+00:00","author":{"@id":"https:\/\/oeilsportif.info\/#\/schema\/person\/cfbded294aa6095f7d96608d7905e9a1"},"inLanguage":"fr-FR","potentialAction":[{"@type":"ReadAction","target":["https:\/\/oeilsportif.info\/index.php\/samba-sow-devient-lentraineur-des-u-14-du-rc-lens\/"]}]},{"@type":"ImageObject","inLanguage":"fr-FR","@id":"https:\/\/oeilsportif.info\/index.php\/samba-sow-devient-lentraineur-des-u-14-du-rc-lens\/#primaryimage","url":"https:\/\/i0.wp.com\/oeilsportif.info\/wp-content\/uploads\/2022\/08\/FB_IMG_1661377739609.jpg?fit=1080%2C607&ssl=1","contentUrl":"https:\/\/i0.wp.com\/oeilsportif.info\/wp-content\/uploads\/2022\/08\/FB_IMG_1661377739609.jpg?fit=1080%2C607&ssl=1","width":1080,"height":607},{"@type":"WebSite","@id":"https:\/\/oeilsportif.info\/#website","url":"https:\/\/oeilsportif.info\/","name":"le regard du sportif","description":"","potentialAction":[{"@type":"SearchAction","target":{"@type":"EntryPoint","urlTemplate":"https:\/\/oeilsportif.info\/?s={search_term_string}"},"query-input":{"@type":"PropertyValueSpecification","valueRequired":true,"valueName":"search_term_string"}}],"inLanguage":"fr-FR"},{"@type":"Person","@id":"https:\/\/oeilsportif.info\/#\/schema\/person\/cfbded294aa6095f7d96608d7905e9a1","name":"L'Equipe de la R\u00e9daction","image":{"@type":"ImageObject","inLanguage":"fr-FR","@id":"https:\/\/oeilsportif.info\/wp-content\/uploads\/2025\/07\/cropped-cropped-logo-os-96x96.jpeg","url":"https:\/\/oeilsportif.info\/wp-content\/uploads\/2025\/07\/cropped-cropped-logo-os-96x96.jpeg","contentUrl":"https:\/\/oeilsportif.info\/wp-content\/uploads\/2025\/07\/cropped-cropped-logo-os-96x96.jpeg","caption":"L'Equipe de la R\u00e9daction"},"url":"https:\/\/oeilsportif.info\/index.php\/author\/tawel\/"}]}},"jetpack_publicize_connections":[],"jetpack_featured_media_url":"https:\/\/i0.wp.com\/oeilsportif.info\/wp-content\/uploads\/2022\/08\/FB_IMG_1661377739609.jpg?fit=1080%2C607&ssl=1","jetpack-related-posts":[],"jetpack_sharing_enabled":true,"jetpack_likes_enabled":true,"jetpack_shortlink":"https:\/\/wp.me\/pgFE77-pr","_links":{"self":[{"href":"https:\/\/oeilsportif.info\/index.php\/wp-json\/wp\/v2\/posts\/1577","targetHints":{"allow":["GET"]}}],"collection":[{"href":"https:\/\/oeilsportif.info\/index.php\/wp-json\/wp\/v2\/posts"}],"about":[{"href":"https:\/\/oeilsportif.info\/index.php\/wp-json\/wp\/v2\/types\/post"}],"author":[{"embeddable":true,"href":"https:\/\/oeilsportif.info\/index.php\/wp-json\/wp\/v2\/users\/2"}],"replies":[{"embeddable":true,"href":"https:\/\/oeilsportif.info\/index.php\/wp-json\/wp\/v2\/comments?post=1577"}],"version-history":[{"count":0,"href":"https:\/\/oeilsportif.info\/index.php\/wp-json\/wp\/v2\/posts\/1577\/revisions"}],"wp:featuredmedia":[{"embeddable":true,"href":"https:\/\/oeilsportif.info\/index.php\/wp-json\/wp\/v2\/media\/1578"}],"wp:attachment":[{"href":"https:\/\/oeilsportif.info\/index.php\/wp-json\/wp\/v2\/media?parent=1577"}],"wp:term":[{"taxonomy":"category","embeddable":true,"href":"https:\/\/oeilsportif.info\/index.php\/wp-json\/wp\/v2\/categories?post=1577"},{"taxonomy":"post_tag","embeddable":true,"href":"https:\/\/oeilsportif.info\/index.php\/wp-json\/wp\/v2\/tags?post=1577"}],"curies":[{"name":"wp","href":"https:\/\/api.w.org\/{rel}","templated":true}]}}