{"id":1557,"date":"2022-08-24T15:57:44","date_gmt":"2022-08-24T15:57:44","guid":{"rendered":"https:\/\/oeilsportif.info\/index.php\/?p=1557"},"modified":"2022-08-25T20:30:14","modified_gmt":"2022-08-25T20:30:14","slug":"exclusivite-le-bureau-de-la-ligue-guineenne-de-football-professionnel-est-revoque-par-le-conor","status":"publish","type":"post","link":"https:\/\/oeilsportif.info\/index.php\/exclusivite-le-bureau-de-la-ligue-guineenne-de-football-professionnel-est-revoque-par-le-conor\/","title":{"rendered":"Exclusivit\u00e9 : Le Bureau de la ligue guin\u00e9enne de Football professionnel est r\u00e9voqu\u00e9 par le CONOR !"},"content":{"rendered":"<p>Ce mercredi 24 ao\u00fbt 2022 le Comit\u00e9 de Normalisation de la F\u00e9d\u00e9ration Guin\u00e9enne de Football a r\u00e9voqu\u00e9 le Bureau Ex\u00e9cutif de la ligue guin\u00e9enne de football professionnel.<br \/>\nSelon la copie de la d\u00e9cision du CONOR, deux justifieraient cette d\u00e9cision.<\/p>\n<p>1- Les informations sur le rapport financier et sporting de la ligue guin\u00e9enne de football professionnel,<\/p>\n<p>2- La mauvaise collaboration de la ligue guin\u00e9enne de football professionnel.<\/p>\n<p>Sur cette d\u00e9cision, le comit\u00e9 de normalisation de la f\u00e9d\u00e9ration guin\u00e9enne de football a d\u00e9cid\u00e9 de r\u00e9voquer le Bureau Ex\u00e9cutif de la LGFP selon le courrier dont nous d\u00e9tenons la copie.<\/p>\n<p>Voir la ci-dessous<\/p>\n<p><a href=\"https:\/\/i0.wp.com\/oeilsportif.info\/wp-content\/uploads\/2022\/08\/Screenshot_20220824-151755_PDF-Scanner.jpg?ssl=1\"><img data-recalc-dims=\"1\" loading=\"lazy\" decoding=\"async\" class=\"alignnone size-full wp-image-1559\" src=\"https:\/\/i0.wp.com\/oeilsportif.info\/wp-content\/uploads\/2022\/08\/Screenshot_20220824-151755_PDF-Scanner.jpg?resize=696%2C952&#038;ssl=1\" alt=\"\" width=\"696\" height=\"952\" srcset=\"https:\/\/i0.wp.com\/oeilsportif.info\/wp-content\/uploads\/2022\/08\/Screenshot_20220824-151755_PDF-Scanner.jpg?w=1080&amp;ssl=1 1080w, https:\/\/i0.wp.com\/oeilsportif.info\/wp-content\/uploads\/2022\/08\/Screenshot_20220824-151755_PDF-Scanner.jpg?resize=219%2C300&amp;ssl=1 219w, https:\/\/i0.wp.com\/oeilsportif.info\/wp-content\/uploads\/2022\/08\/Screenshot_20220824-151755_PDF-Scanner.jpg?resize=749%2C1024&amp;ssl=1 749w, https:\/\/i0.wp.com\/oeilsportif.info\/wp-content\/uploads\/2022\/08\/Screenshot_20220824-151755_PDF-Scanner.jpg?resize=768%2C1050&amp;ssl=1 768w, https:\/\/i0.wp.com\/oeilsportif.info\/wp-content\/uploads\/2022\/08\/Screenshot_20220824-151755_PDF-Scanner.jpg?resize=696%2C952&amp;ssl=1 696w, https:\/\/i0.wp.com\/oeilsportif.info\/wp-content\/uploads\/2022\/08\/Screenshot_20220824-151755_PDF-Scanner.jpg?resize=1068%2C1461&amp;ssl=1 1068w, https:\/\/i0.wp.com\/oeilsportif.info\/wp-content\/uploads\/2022\/08\/Screenshot_20220824-151755_PDF-Scanner.jpg?resize=307%2C420&amp;ssl=1 307w\" sizes=\"auto, (max-width: 696px) 100vw, 696px\" \/><\/a><\/p>\n<p><strong>R\u00e9daction: oeilsportif.info<\/strong><\/p>\n","protected":false},"excerpt":{"rendered":"<p>Ce mercredi 24 ao\u00fbt 2022 le Comit\u00e9 de Normalisation de la F\u00e9d\u00e9ration Guin\u00e9enne de Football a r\u00e9voqu\u00e9 le Bureau Ex\u00e9cutif de la ligue guin\u00e9enne de football professionnel. Selon la copie de la d\u00e9cision du CONOR, deux justifieraient cette d\u00e9cision. 1- Les informations sur le rapport financier et sporting de la ligue guin\u00e9enne de football professionnel, [&hellip;]<\/p>\n","protected":false},"author":2,"featured_media":1558,"comment_status":"closed","ping_status":"open","sticky":false,"template":"","format":"standard","meta":{"_jetpack_memberships_contains_paid_content":false,"footnotes":"","jetpack_publicize_message":"","jetpack_publicize_feature_enabled":true,"jetpack_social_post_already_shared":true,"jetpack_social_options":{"image_generator_settings":{"template":"highway","default_image_id":0,"font":"","enabled":false},"version":2}},"categories":[5],"tags":[],"class_list":{"0":"post-1557","1":"post","2":"type-post","3":"status-publish","4":"format-standard","5":"has-post-thumbnail","7":"category-football"},"yoast_head":"<!-- This site is optimized with the Yoast SEO plugin v27.4 - https:\/\/yoast.com\/product\/yoast-seo-wordpress\/ -->\n<title>Exclusivit\u00e9 : Le Bureau de la ligue guin\u00e9enne de Football professionnel est r\u00e9voqu\u00e9 par le CONOR ! - le regard du sportif<\/title>\n<meta name=\"robots\" content=\"index, follow, max-snippet:-1, max-image-preview:large, max-video-preview:-1\" \/>\n<link rel=\"canonical\" href=\"https:\/\/oeilsportif.info\/index.php\/exclusivite-le-bureau-de-la-ligue-guineenne-de-football-professionnel-est-revoque-par-le-conor\/\" \/>\n<meta property=\"og:locale\" content=\"fr_FR\" \/>\n<meta property=\"og:type\" content=\"article\" \/>\n<meta property=\"og:title\" content=\"Exclusivit\u00e9 : Le Bureau de la ligue guin\u00e9enne de Football professionnel est r\u00e9voqu\u00e9 par le CONOR ! - le regard du sportif\" \/>\n<meta property=\"og:description\" content=\"Ce mercredi 24 ao\u00fbt 2022 le Comit\u00e9 de Normalisation de la F\u00e9d\u00e9ration Guin\u00e9enne de Football a r\u00e9voqu\u00e9 le Bureau Ex\u00e9cutif de la ligue guin\u00e9enne de football professionnel. Selon la copie de la d\u00e9cision du CONOR, deux justifieraient cette d\u00e9cision. 1- Les informations sur le rapport financier et sporting de la ligue guin\u00e9enne de football professionnel, [&hellip;]\" \/>\n<meta property=\"og:url\" content=\"https:\/\/oeilsportif.info\/index.php\/exclusivite-le-bureau-de-la-ligue-guineenne-de-football-professionnel-est-revoque-par-le-conor\/\" \/>\n<meta property=\"og:site_name\" content=\"le regard du sportif\" \/>\n<meta property=\"article:published_time\" content=\"2022-08-24T15:57:44+00:00\" \/>\n<meta property=\"article:modified_time\" content=\"2022-08-25T20:30:14+00:00\" \/>\n<meta property=\"og:image\" content=\"https:\/\/oeilsportif.info\/wp-content\/uploads\/2022\/08\/FB_IMG_1661356268314.jpg\" \/>\n\t<meta property=\"og:image:width\" content=\"1080\" \/>\n\t<meta property=\"og:image:height\" content=\"1207\" \/>\n\t<meta property=\"og:image:type\" content=\"image\/jpeg\" \/>\n<meta name=\"author\" content=\"L&#039;Equipe de la R\u00e9daction\" \/>\n<meta name=\"twitter:label1\" content=\"\u00c9crit par\" \/>\n\t<meta name=\"twitter:data1\" content=\"L&#039;Equipe de la R\u00e9daction\" \/>\n\t<meta name=\"twitter:label2\" content=\"Dur\u00e9e de lecture estim\u00e9e\" \/>\n\t<meta name=\"twitter:data2\" content=\"1 minute\" \/>\n<script type=\"application\/ld+json\" class=\"yoast-schema-graph\">{\"@context\":\"https:\\\/\\\/schema.org\",\"@graph\":[{\"@type\":\"Article\",\"@id\":\"https:\\\/\\\/oeilsportif.info\\\/index.php\\\/exclusivite-le-bureau-de-la-ligue-guineenne-de-football-professionnel-est-revoque-par-le-conor\\\/#article\",\"isPartOf\":{\"@id\":\"https:\\\/\\\/oeilsportif.info\\\/index.php\\\/exclusivite-le-bureau-de-la-ligue-guineenne-de-football-professionnel-est-revoque-par-le-conor\\\/\"},\"author\":{\"name\":\"L'Equipe de la R\u00e9daction\",\"@id\":\"https:\\\/\\\/oeilsportif.info\\\/#\\\/schema\\\/person\\\/cfbded294aa6095f7d96608d7905e9a1\"},\"headline\":\"Exclusivit\u00e9 : Le Bureau de la ligue guin\u00e9enne de Football professionnel est r\u00e9voqu\u00e9 par le CONOR !\",\"datePublished\":\"2022-08-24T15:57:44+00:00\",\"dateModified\":\"2022-08-25T20:30:14+00:00\",\"mainEntityOfPage\":{\"@id\":\"https:\\\/\\\/oeilsportif.info\\\/index.php\\\/exclusivite-le-bureau-de-la-ligue-guineenne-de-football-professionnel-est-revoque-par-le-conor\\\/\"},\"wordCount\":138,\"image\":{\"@id\":\"https:\\\/\\\/oeilsportif.info\\\/index.php\\\/exclusivite-le-bureau-de-la-ligue-guineenne-de-football-professionnel-est-revoque-par-le-conor\\\/#primaryimage\"},\"thumbnailUrl\":\"https:\\\/\\\/i0.wp.com\\\/oeilsportif.info\\\/wp-content\\\/uploads\\\/2022\\\/08\\\/FB_IMG_1661356268314.jpg?fit=1080%2C1207&ssl=1\",\"articleSection\":[\"Football\"],\"inLanguage\":\"fr-FR\"},{\"@type\":\"WebPage\",\"@id\":\"https:\\\/\\\/oeilsportif.info\\\/index.php\\\/exclusivite-le-bureau-de-la-ligue-guineenne-de-football-professionnel-est-revoque-par-le-conor\\\/\",\"url\":\"https:\\\/\\\/oeilsportif.info\\\/index.php\\\/exclusivite-le-bureau-de-la-ligue-guineenne-de-football-professionnel-est-revoque-par-le-conor\\\/\",\"name\":\"Exclusivit\u00e9 : Le Bureau de la ligue guin\u00e9enne de Football professionnel est r\u00e9voqu\u00e9 par le CONOR ! - le regard du sportif\",\"isPartOf\":{\"@id\":\"https:\\\/\\\/oeilsportif.info\\\/#website\"},\"primaryImageOfPage\":{\"@id\":\"https:\\\/\\\/oeilsportif.info\\\/index.php\\\/exclusivite-le-bureau-de-la-ligue-guineenne-de-football-professionnel-est-revoque-par-le-conor\\\/#primaryimage\"},\"image\":{\"@id\":\"https:\\\/\\\/oeilsportif.info\\\/index.php\\\/exclusivite-le-bureau-de-la-ligue-guineenne-de-football-professionnel-est-revoque-par-le-conor\\\/#primaryimage\"},\"thumbnailUrl\":\"https:\\\/\\\/i0.wp.com\\\/oeilsportif.info\\\/wp-content\\\/uploads\\\/2022\\\/08\\\/FB_IMG_1661356268314.jpg?fit=1080%2C1207&ssl=1\",\"datePublished\":\"2022-08-24T15:57:44+00:00\",\"dateModified\":\"2022-08-25T20:30:14+00:00\",\"author\":{\"@id\":\"https:\\\/\\\/oeilsportif.info\\\/#\\\/schema\\\/person\\\/cfbded294aa6095f7d96608d7905e9a1\"},\"inLanguage\":\"fr-FR\",\"potentialAction\":[{\"@type\":\"ReadAction\",\"target\":[\"https:\\\/\\\/oeilsportif.info\\\/index.php\\\/exclusivite-le-bureau-de-la-ligue-guineenne-de-football-professionnel-est-revoque-par-le-conor\\\/\"]}]},{\"@type\":\"ImageObject\",\"inLanguage\":\"fr-FR\",\"@id\":\"https:\\\/\\\/oeilsportif.info\\\/index.php\\\/exclusivite-le-bureau-de-la-ligue-guineenne-de-football-professionnel-est-revoque-par-le-conor\\\/#primaryimage\",\"url\":\"https:\\\/\\\/i0.wp.com\\\/oeilsportif.info\\\/wp-content\\\/uploads\\\/2022\\\/08\\\/FB_IMG_1661356268314.jpg?fit=1080%2C1207&ssl=1\",\"contentUrl\":\"https:\\\/\\\/i0.wp.com\\\/oeilsportif.info\\\/wp-content\\\/uploads\\\/2022\\\/08\\\/FB_IMG_1661356268314.jpg?fit=1080%2C1207&ssl=1\",\"width\":1080,\"height\":1207},{\"@type\":\"WebSite\",\"@id\":\"https:\\\/\\\/oeilsportif.info\\\/#website\",\"url\":\"https:\\\/\\\/oeilsportif.info\\\/\",\"name\":\"le regard du sportif\",\"description\":\"\",\"potentialAction\":[{\"@type\":\"SearchAction\",\"target\":{\"@type\":\"EntryPoint\",\"urlTemplate\":\"https:\\\/\\\/oeilsportif.info\\\/?s={search_term_string}\"},\"query-input\":{\"@type\":\"PropertyValueSpecification\",\"valueRequired\":true,\"valueName\":\"search_term_string\"}}],\"inLanguage\":\"fr-FR\"},{\"@type\":\"Person\",\"@id\":\"https:\\\/\\\/oeilsportif.info\\\/#\\\/schema\\\/person\\\/cfbded294aa6095f7d96608d7905e9a1\",\"name\":\"L'Equipe de la R\u00e9daction\",\"image\":{\"@type\":\"ImageObject\",\"inLanguage\":\"fr-FR\",\"@id\":\"https:\\\/\\\/oeilsportif.info\\\/wp-content\\\/uploads\\\/2025\\\/07\\\/cropped-cropped-logo-os-96x96.jpeg\",\"url\":\"https:\\\/\\\/oeilsportif.info\\\/wp-content\\\/uploads\\\/2025\\\/07\\\/cropped-cropped-logo-os-96x96.jpeg\",\"contentUrl\":\"https:\\\/\\\/oeilsportif.info\\\/wp-content\\\/uploads\\\/2025\\\/07\\\/cropped-cropped-logo-os-96x96.jpeg\",\"caption\":\"L'Equipe de la R\u00e9daction\"},\"url\":\"https:\\\/\\\/oeilsportif.info\\\/index.php\\\/author\\\/tawel\\\/\"}]}<\/script>\n<!-- \/ Yoast SEO plugin. -->","yoast_head_json":{"title":"Exclusivit\u00e9 : Le Bureau de la ligue guin\u00e9enne de Football professionnel est r\u00e9voqu\u00e9 par le CONOR ! - le regard du sportif","robots":{"index":"index","follow":"follow","max-snippet":"max-snippet:-1","max-image-preview":"max-image-preview:large","max-video-preview":"max-video-preview:-1"},"canonical":"https:\/\/oeilsportif.info\/index.php\/exclusivite-le-bureau-de-la-ligue-guineenne-de-football-professionnel-est-revoque-par-le-conor\/","og_locale":"fr_FR","og_type":"article","og_title":"Exclusivit\u00e9 : Le Bureau de la ligue guin\u00e9enne de Football professionnel est r\u00e9voqu\u00e9 par le CONOR ! - le regard du sportif","og_description":"Ce mercredi 24 ao\u00fbt 2022 le Comit\u00e9 de Normalisation de la F\u00e9d\u00e9ration Guin\u00e9enne de Football a r\u00e9voqu\u00e9 le Bureau Ex\u00e9cutif de la ligue guin\u00e9enne de football professionnel. Selon la copie de la d\u00e9cision du CONOR, deux justifieraient cette d\u00e9cision. 1- Les informations sur le rapport financier et sporting de la ligue guin\u00e9enne de football professionnel, [&hellip;]","og_url":"https:\/\/oeilsportif.info\/index.php\/exclusivite-le-bureau-de-la-ligue-guineenne-de-football-professionnel-est-revoque-par-le-conor\/","og_site_name":"le regard du sportif","article_published_time":"2022-08-24T15:57:44+00:00","article_modified_time":"2022-08-25T20:30:14+00:00","og_image":[{"width":1080,"height":1207,"url":"https:\/\/oeilsportif.info\/wp-content\/uploads\/2022\/08\/FB_IMG_1661356268314.jpg","type":"image\/jpeg"}],"author":"L'Equipe de la R\u00e9daction","twitter_misc":{"\u00c9crit par":"L'Equipe de la R\u00e9daction","Dur\u00e9e de lecture estim\u00e9e":"1 minute"},"schema":{"@context":"https:\/\/schema.org","@graph":[{"@type":"Article","@id":"https:\/\/oeilsportif.info\/index.php\/exclusivite-le-bureau-de-la-ligue-guineenne-de-football-professionnel-est-revoque-par-le-conor\/#article","isPartOf":{"@id":"https:\/\/oeilsportif.info\/index.php\/exclusivite-le-bureau-de-la-ligue-guineenne-de-football-professionnel-est-revoque-par-le-conor\/"},"author":{"name":"L'Equipe de la R\u00e9daction","@id":"https:\/\/oeilsportif.info\/#\/schema\/person\/cfbded294aa6095f7d96608d7905e9a1"},"headline":"Exclusivit\u00e9 : Le Bureau de la ligue guin\u00e9enne de Football professionnel est r\u00e9voqu\u00e9 par le CONOR !","datePublished":"2022-08-24T15:57:44+00:00","dateModified":"2022-08-25T20:30:14+00:00","mainEntityOfPage":{"@id":"https:\/\/oeilsportif.info\/index.php\/exclusivite-le-bureau-de-la-ligue-guineenne-de-football-professionnel-est-revoque-par-le-conor\/"},"wordCount":138,"image":{"@id":"https:\/\/oeilsportif.info\/index.php\/exclusivite-le-bureau-de-la-ligue-guineenne-de-football-professionnel-est-revoque-par-le-conor\/#primaryimage"},"thumbnailUrl":"https:\/\/i0.wp.com\/oeilsportif.info\/wp-content\/uploads\/2022\/08\/FB_IMG_1661356268314.jpg?fit=1080%2C1207&ssl=1","articleSection":["Football"],"inLanguage":"fr-FR"},{"@type":"WebPage","@id":"https:\/\/oeilsportif.info\/index.php\/exclusivite-le-bureau-de-la-ligue-guineenne-de-football-professionnel-est-revoque-par-le-conor\/","url":"https:\/\/oeilsportif.info\/index.php\/exclusivite-le-bureau-de-la-ligue-guineenne-de-football-professionnel-est-revoque-par-le-conor\/","name":"Exclusivit\u00e9 : Le Bureau de la ligue guin\u00e9enne de Football professionnel est r\u00e9voqu\u00e9 par le CONOR ! - le regard du sportif","isPartOf":{"@id":"https:\/\/oeilsportif.info\/#website"},"primaryImageOfPage":{"@id":"https:\/\/oeilsportif.info\/index.php\/exclusivite-le-bureau-de-la-ligue-guineenne-de-football-professionnel-est-revoque-par-le-conor\/#primaryimage"},"image":{"@id":"https:\/\/oeilsportif.info\/index.php\/exclusivite-le-bureau-de-la-ligue-guineenne-de-football-professionnel-est-revoque-par-le-conor\/#primaryimage"},"thumbnailUrl":"https:\/\/i0.wp.com\/oeilsportif.info\/wp-content\/uploads\/2022\/08\/FB_IMG_1661356268314.jpg?fit=1080%2C1207&ssl=1","datePublished":"2022-08-24T15:57:44+00:00","dateModified":"2022-08-25T20:30:14+00:00","author":{"@id":"https:\/\/oeilsportif.info\/#\/schema\/person\/cfbded294aa6095f7d96608d7905e9a1"},"inLanguage":"fr-FR","potentialAction":[{"@type":"ReadAction","target":["https:\/\/oeilsportif.info\/index.php\/exclusivite-le-bureau-de-la-ligue-guineenne-de-football-professionnel-est-revoque-par-le-conor\/"]}]},{"@type":"ImageObject","inLanguage":"fr-FR","@id":"https:\/\/oeilsportif.info\/index.php\/exclusivite-le-bureau-de-la-ligue-guineenne-de-football-professionnel-est-revoque-par-le-conor\/#primaryimage","url":"https:\/\/i0.wp.com\/oeilsportif.info\/wp-content\/uploads\/2022\/08\/FB_IMG_1661356268314.jpg?fit=1080%2C1207&ssl=1","contentUrl":"https:\/\/i0.wp.com\/oeilsportif.info\/wp-content\/uploads\/2022\/08\/FB_IMG_1661356268314.jpg?fit=1080%2C1207&ssl=1","width":1080,"height":1207},{"@type":"WebSite","@id":"https:\/\/oeilsportif.info\/#website","url":"https:\/\/oeilsportif.info\/","name":"le regard du sportif","description":"","potentialAction":[{"@type":"SearchAction","target":{"@type":"EntryPoint","urlTemplate":"https:\/\/oeilsportif.info\/?s={search_term_string}"},"query-input":{"@type":"PropertyValueSpecification","valueRequired":true,"valueName":"search_term_string"}}],"inLanguage":"fr-FR"},{"@type":"Person","@id":"https:\/\/oeilsportif.info\/#\/schema\/person\/cfbded294aa6095f7d96608d7905e9a1","name":"L'Equipe de la R\u00e9daction","image":{"@type":"ImageObject","inLanguage":"fr-FR","@id":"https:\/\/oeilsportif.info\/wp-content\/uploads\/2025\/07\/cropped-cropped-logo-os-96x96.jpeg","url":"https:\/\/oeilsportif.info\/wp-content\/uploads\/2025\/07\/cropped-cropped-logo-os-96x96.jpeg","contentUrl":"https:\/\/oeilsportif.info\/wp-content\/uploads\/2025\/07\/cropped-cropped-logo-os-96x96.jpeg","caption":"L'Equipe de la R\u00e9daction"},"url":"https:\/\/oeilsportif.info\/index.php\/author\/tawel\/"}]}},"jetpack_publicize_connections":[],"jetpack_featured_media_url":"https:\/\/i0.wp.com\/oeilsportif.info\/wp-content\/uploads\/2022\/08\/FB_IMG_1661356268314.jpg?fit=1080%2C1207&ssl=1","jetpack-related-posts":[],"jetpack_sharing_enabled":true,"jetpack_likes_enabled":true,"jetpack_shortlink":"https:\/\/wp.me\/pgFE77-p7","_links":{"self":[{"href":"https:\/\/oeilsportif.info\/index.php\/wp-json\/wp\/v2\/posts\/1557","targetHints":{"allow":["GET"]}}],"collection":[{"href":"https:\/\/oeilsportif.info\/index.php\/wp-json\/wp\/v2\/posts"}],"about":[{"href":"https:\/\/oeilsportif.info\/index.php\/wp-json\/wp\/v2\/types\/post"}],"author":[{"embeddable":true,"href":"https:\/\/oeilsportif.info\/index.php\/wp-json\/wp\/v2\/users\/2"}],"replies":[{"embeddable":true,"href":"https:\/\/oeilsportif.info\/index.php\/wp-json\/wp\/v2\/comments?post=1557"}],"version-history":[{"count":0,"href":"https:\/\/oeilsportif.info\/index.php\/wp-json\/wp\/v2\/posts\/1557\/revisions"}],"wp:featuredmedia":[{"embeddable":true,"href":"https:\/\/oeilsportif.info\/index.php\/wp-json\/wp\/v2\/media\/1558"}],"wp:attachment":[{"href":"https:\/\/oeilsportif.info\/index.php\/wp-json\/wp\/v2\/media?parent=1557"}],"wp:term":[{"taxonomy":"category","embeddable":true,"href":"https:\/\/oeilsportif.info\/index.php\/wp-json\/wp\/v2\/categories?post=1557"},{"taxonomy":"post_tag","embeddable":true,"href":"https:\/\/oeilsportif.info\/index.php\/wp-json\/wp\/v2\/tags?post=1557"}],"curies":[{"name":"wp","href":"https:\/\/api.w.org\/{rel}","templated":true}]}}