{"id":1549,"date":"2022-08-23T22:52:26","date_gmt":"2022-08-23T22:52:26","guid":{"rendered":"https:\/\/oeilsportif.info\/index.php\/?p=1549"},"modified":"2022-08-23T22:52:26","modified_gmt":"2022-08-23T22:52:26","slug":"transfert-mamadou-kane-quitte-lolympiacos-et-sengage-avec-un-club-chypriote","status":"publish","type":"post","link":"https:\/\/oeilsportif.info\/index.php\/transfert-mamadou-kane-quitte-lolympiacos-et-sengage-avec-un-club-chypriote\/","title":{"rendered":"Transfert: Mamadou Kane quitte l&rsquo;Olympiacos et s&rsquo;engage avec un club Chypriote !"},"content":{"rendered":"<p>Arriv\u00e9 \u00e0 Olympiacos en septembre 2021 en provenance de Neftchi Baku, en Azerba\u00efdjan, Mamadou Kane quitte la Gr\u00e8ce et rebondit en Chypre.<\/p>\n<p>L&rsquo;international Guineen de 25 ans s&rsquo;est engager pour 6 mois sous forme de pr\u00eat en faveur de PAFOS \u0420\u0435\u0441\u0442\u043e\u0440\u0430\u043d \u0411\u0430\u0440<\/p>\n<p>Une aubaine pour le Guin\u00e9o-Ivoirien de relancer sa carri\u00e8re apr\u00e8s un moment un peu compliqu\u00e9 avec le club Grec.<\/p>\n<p><strong>Thierno Yaya Diallo<\/strong><\/p>\n","protected":false},"excerpt":{"rendered":"<p>Arriv\u00e9 \u00e0 Olympiacos en septembre 2021 en provenance de Neftchi Baku, en Azerba\u00efdjan, Mamadou Kane quitte la Gr\u00e8ce et rebondit en Chypre. L&rsquo;international Guineen de 25 ans s&rsquo;est engager pour 6 mois sous forme de pr\u00eat en faveur de PAFOS \u0420\u0435\u0441\u0442\u043e\u0440\u0430\u043d \u0411\u0430\u0440 Une aubaine pour le Guin\u00e9o-Ivoirien de relancer sa carri\u00e8re apr\u00e8s un moment un [&hellip;]<\/p>\n","protected":false},"author":2,"featured_media":1550,"comment_status":"closed","ping_status":"open","sticky":false,"template":"","format":"standard","meta":{"_jetpack_memberships_contains_paid_content":false,"footnotes":"","jetpack_publicize_message":"","jetpack_publicize_feature_enabled":true,"jetpack_social_post_already_shared":true,"jetpack_social_options":{"image_generator_settings":{"template":"highway","default_image_id":0,"font":"","enabled":false},"version":2}},"categories":[5],"tags":[],"class_list":{"0":"post-1549","1":"post","2":"type-post","3":"status-publish","4":"format-standard","5":"has-post-thumbnail","7":"category-football"},"yoast_head":"<!-- This site is optimized with the Yoast SEO plugin v27.4 - https:\/\/yoast.com\/product\/yoast-seo-wordpress\/ -->\n<title>Transfert: Mamadou Kane quitte l&#039;Olympiacos et s&#039;engage avec un club Chypriote ! - le regard du sportif<\/title>\n<meta name=\"robots\" content=\"index, follow, max-snippet:-1, max-image-preview:large, max-video-preview:-1\" \/>\n<link rel=\"canonical\" href=\"https:\/\/oeilsportif.info\/index.php\/transfert-mamadou-kane-quitte-lolympiacos-et-sengage-avec-un-club-chypriote\/\" \/>\n<meta property=\"og:locale\" content=\"fr_FR\" \/>\n<meta property=\"og:type\" content=\"article\" \/>\n<meta property=\"og:title\" content=\"Transfert: Mamadou Kane quitte l&#039;Olympiacos et s&#039;engage avec un club Chypriote ! - le regard du sportif\" \/>\n<meta property=\"og:description\" content=\"Arriv\u00e9 \u00e0 Olympiacos en septembre 2021 en provenance de Neftchi Baku, en Azerba\u00efdjan, Mamadou Kane quitte la Gr\u00e8ce et rebondit en Chypre. L&rsquo;international Guineen de 25 ans s&rsquo;est engager pour 6 mois sous forme de pr\u00eat en faveur de PAFOS \u0420\u0435\u0441\u0442\u043e\u0440\u0430\u043d \u0411\u0430\u0440 Une aubaine pour le Guin\u00e9o-Ivoirien de relancer sa carri\u00e8re apr\u00e8s un moment un [&hellip;]\" \/>\n<meta property=\"og:url\" content=\"https:\/\/oeilsportif.info\/index.php\/transfert-mamadou-kane-quitte-lolympiacos-et-sengage-avec-un-club-chypriote\/\" \/>\n<meta property=\"og:site_name\" content=\"le regard du sportif\" \/>\n<meta property=\"article:published_time\" content=\"2022-08-23T22:52:26+00:00\" \/>\n<meta property=\"og:image\" content=\"https:\/\/oeilsportif.info\/wp-content\/uploads\/2022\/08\/received_753579822424637.jpeg\" \/>\n\t<meta property=\"og:image:width\" content=\"720\" \/>\n\t<meta property=\"og:image:height\" content=\"686\" \/>\n\t<meta property=\"og:image:type\" content=\"image\/jpeg\" \/>\n<meta name=\"author\" content=\"L&#039;Equipe de la R\u00e9daction\" \/>\n<meta name=\"twitter:label1\" content=\"\u00c9crit par\" \/>\n\t<meta name=\"twitter:data1\" content=\"L&#039;Equipe de la R\u00e9daction\" \/>\n\t<meta name=\"twitter:label2\" content=\"Dur\u00e9e de lecture estim\u00e9e\" \/>\n\t<meta name=\"twitter:data2\" content=\"1 minute\" \/>\n<script type=\"application\/ld+json\" class=\"yoast-schema-graph\">{\"@context\":\"https:\\\/\\\/schema.org\",\"@graph\":[{\"@type\":\"Article\",\"@id\":\"https:\\\/\\\/oeilsportif.info\\\/index.php\\\/transfert-mamadou-kane-quitte-lolympiacos-et-sengage-avec-un-club-chypriote\\\/#article\",\"isPartOf\":{\"@id\":\"https:\\\/\\\/oeilsportif.info\\\/index.php\\\/transfert-mamadou-kane-quitte-lolympiacos-et-sengage-avec-un-club-chypriote\\\/\"},\"author\":{\"name\":\"L'Equipe de la R\u00e9daction\",\"@id\":\"https:\\\/\\\/oeilsportif.info\\\/#\\\/schema\\\/person\\\/cfbded294aa6095f7d96608d7905e9a1\"},\"headline\":\"Transfert: Mamadou Kane quitte l&rsquo;Olympiacos et s&rsquo;engage avec un club Chypriote !\",\"datePublished\":\"2022-08-23T22:52:26+00:00\",\"mainEntityOfPage\":{\"@id\":\"https:\\\/\\\/oeilsportif.info\\\/index.php\\\/transfert-mamadou-kane-quitte-lolympiacos-et-sengage-avec-un-club-chypriote\\\/\"},\"wordCount\":81,\"image\":{\"@id\":\"https:\\\/\\\/oeilsportif.info\\\/index.php\\\/transfert-mamadou-kane-quitte-lolympiacos-et-sengage-avec-un-club-chypriote\\\/#primaryimage\"},\"thumbnailUrl\":\"https:\\\/\\\/i0.wp.com\\\/oeilsportif.info\\\/wp-content\\\/uploads\\\/2022\\\/08\\\/received_753579822424637.jpeg?fit=720%2C686&ssl=1\",\"articleSection\":[\"Football\"],\"inLanguage\":\"fr-FR\"},{\"@type\":\"WebPage\",\"@id\":\"https:\\\/\\\/oeilsportif.info\\\/index.php\\\/transfert-mamadou-kane-quitte-lolympiacos-et-sengage-avec-un-club-chypriote\\\/\",\"url\":\"https:\\\/\\\/oeilsportif.info\\\/index.php\\\/transfert-mamadou-kane-quitte-lolympiacos-et-sengage-avec-un-club-chypriote\\\/\",\"name\":\"Transfert: Mamadou Kane quitte l'Olympiacos et s'engage avec un club Chypriote ! - le regard du sportif\",\"isPartOf\":{\"@id\":\"https:\\\/\\\/oeilsportif.info\\\/#website\"},\"primaryImageOfPage\":{\"@id\":\"https:\\\/\\\/oeilsportif.info\\\/index.php\\\/transfert-mamadou-kane-quitte-lolympiacos-et-sengage-avec-un-club-chypriote\\\/#primaryimage\"},\"image\":{\"@id\":\"https:\\\/\\\/oeilsportif.info\\\/index.php\\\/transfert-mamadou-kane-quitte-lolympiacos-et-sengage-avec-un-club-chypriote\\\/#primaryimage\"},\"thumbnailUrl\":\"https:\\\/\\\/i0.wp.com\\\/oeilsportif.info\\\/wp-content\\\/uploads\\\/2022\\\/08\\\/received_753579822424637.jpeg?fit=720%2C686&ssl=1\",\"datePublished\":\"2022-08-23T22:52:26+00:00\",\"author\":{\"@id\":\"https:\\\/\\\/oeilsportif.info\\\/#\\\/schema\\\/person\\\/cfbded294aa6095f7d96608d7905e9a1\"},\"inLanguage\":\"fr-FR\",\"potentialAction\":[{\"@type\":\"ReadAction\",\"target\":[\"https:\\\/\\\/oeilsportif.info\\\/index.php\\\/transfert-mamadou-kane-quitte-lolympiacos-et-sengage-avec-un-club-chypriote\\\/\"]}]},{\"@type\":\"ImageObject\",\"inLanguage\":\"fr-FR\",\"@id\":\"https:\\\/\\\/oeilsportif.info\\\/index.php\\\/transfert-mamadou-kane-quitte-lolympiacos-et-sengage-avec-un-club-chypriote\\\/#primaryimage\",\"url\":\"https:\\\/\\\/i0.wp.com\\\/oeilsportif.info\\\/wp-content\\\/uploads\\\/2022\\\/08\\\/received_753579822424637.jpeg?fit=720%2C686&ssl=1\",\"contentUrl\":\"https:\\\/\\\/i0.wp.com\\\/oeilsportif.info\\\/wp-content\\\/uploads\\\/2022\\\/08\\\/received_753579822424637.jpeg?fit=720%2C686&ssl=1\",\"width\":720,\"height\":686},{\"@type\":\"WebSite\",\"@id\":\"https:\\\/\\\/oeilsportif.info\\\/#website\",\"url\":\"https:\\\/\\\/oeilsportif.info\\\/\",\"name\":\"le regard du sportif\",\"description\":\"\",\"potentialAction\":[{\"@type\":\"SearchAction\",\"target\":{\"@type\":\"EntryPoint\",\"urlTemplate\":\"https:\\\/\\\/oeilsportif.info\\\/?s={search_term_string}\"},\"query-input\":{\"@type\":\"PropertyValueSpecification\",\"valueRequired\":true,\"valueName\":\"search_term_string\"}}],\"inLanguage\":\"fr-FR\"},{\"@type\":\"Person\",\"@id\":\"https:\\\/\\\/oeilsportif.info\\\/#\\\/schema\\\/person\\\/cfbded294aa6095f7d96608d7905e9a1\",\"name\":\"L'Equipe de la R\u00e9daction\",\"image\":{\"@type\":\"ImageObject\",\"inLanguage\":\"fr-FR\",\"@id\":\"https:\\\/\\\/oeilsportif.info\\\/wp-content\\\/uploads\\\/2025\\\/07\\\/cropped-cropped-logo-os-96x96.jpeg\",\"url\":\"https:\\\/\\\/oeilsportif.info\\\/wp-content\\\/uploads\\\/2025\\\/07\\\/cropped-cropped-logo-os-96x96.jpeg\",\"contentUrl\":\"https:\\\/\\\/oeilsportif.info\\\/wp-content\\\/uploads\\\/2025\\\/07\\\/cropped-cropped-logo-os-96x96.jpeg\",\"caption\":\"L'Equipe de la R\u00e9daction\"},\"url\":\"https:\\\/\\\/oeilsportif.info\\\/index.php\\\/author\\\/tawel\\\/\"}]}<\/script>\n<!-- \/ Yoast SEO plugin. -->","yoast_head_json":{"title":"Transfert: Mamadou Kane quitte l'Olympiacos et s'engage avec un club Chypriote ! - le regard du sportif","robots":{"index":"index","follow":"follow","max-snippet":"max-snippet:-1","max-image-preview":"max-image-preview:large","max-video-preview":"max-video-preview:-1"},"canonical":"https:\/\/oeilsportif.info\/index.php\/transfert-mamadou-kane-quitte-lolympiacos-et-sengage-avec-un-club-chypriote\/","og_locale":"fr_FR","og_type":"article","og_title":"Transfert: Mamadou Kane quitte l'Olympiacos et s'engage avec un club Chypriote ! - le regard du sportif","og_description":"Arriv\u00e9 \u00e0 Olympiacos en septembre 2021 en provenance de Neftchi Baku, en Azerba\u00efdjan, Mamadou Kane quitte la Gr\u00e8ce et rebondit en Chypre. L&rsquo;international Guineen de 25 ans s&rsquo;est engager pour 6 mois sous forme de pr\u00eat en faveur de PAFOS \u0420\u0435\u0441\u0442\u043e\u0440\u0430\u043d \u0411\u0430\u0440 Une aubaine pour le Guin\u00e9o-Ivoirien de relancer sa carri\u00e8re apr\u00e8s un moment un [&hellip;]","og_url":"https:\/\/oeilsportif.info\/index.php\/transfert-mamadou-kane-quitte-lolympiacos-et-sengage-avec-un-club-chypriote\/","og_site_name":"le regard du sportif","article_published_time":"2022-08-23T22:52:26+00:00","og_image":[{"width":720,"height":686,"url":"https:\/\/oeilsportif.info\/wp-content\/uploads\/2022\/08\/received_753579822424637.jpeg","type":"image\/jpeg"}],"author":"L'Equipe de la R\u00e9daction","twitter_misc":{"\u00c9crit par":"L'Equipe de la R\u00e9daction","Dur\u00e9e de lecture estim\u00e9e":"1 minute"},"schema":{"@context":"https:\/\/schema.org","@graph":[{"@type":"Article","@id":"https:\/\/oeilsportif.info\/index.php\/transfert-mamadou-kane-quitte-lolympiacos-et-sengage-avec-un-club-chypriote\/#article","isPartOf":{"@id":"https:\/\/oeilsportif.info\/index.php\/transfert-mamadou-kane-quitte-lolympiacos-et-sengage-avec-un-club-chypriote\/"},"author":{"name":"L'Equipe de la R\u00e9daction","@id":"https:\/\/oeilsportif.info\/#\/schema\/person\/cfbded294aa6095f7d96608d7905e9a1"},"headline":"Transfert: Mamadou Kane quitte l&rsquo;Olympiacos et s&rsquo;engage avec un club Chypriote !","datePublished":"2022-08-23T22:52:26+00:00","mainEntityOfPage":{"@id":"https:\/\/oeilsportif.info\/index.php\/transfert-mamadou-kane-quitte-lolympiacos-et-sengage-avec-un-club-chypriote\/"},"wordCount":81,"image":{"@id":"https:\/\/oeilsportif.info\/index.php\/transfert-mamadou-kane-quitte-lolympiacos-et-sengage-avec-un-club-chypriote\/#primaryimage"},"thumbnailUrl":"https:\/\/i0.wp.com\/oeilsportif.info\/wp-content\/uploads\/2022\/08\/received_753579822424637.jpeg?fit=720%2C686&ssl=1","articleSection":["Football"],"inLanguage":"fr-FR"},{"@type":"WebPage","@id":"https:\/\/oeilsportif.info\/index.php\/transfert-mamadou-kane-quitte-lolympiacos-et-sengage-avec-un-club-chypriote\/","url":"https:\/\/oeilsportif.info\/index.php\/transfert-mamadou-kane-quitte-lolympiacos-et-sengage-avec-un-club-chypriote\/","name":"Transfert: Mamadou Kane quitte l'Olympiacos et s'engage avec un club Chypriote ! - le regard du sportif","isPartOf":{"@id":"https:\/\/oeilsportif.info\/#website"},"primaryImageOfPage":{"@id":"https:\/\/oeilsportif.info\/index.php\/transfert-mamadou-kane-quitte-lolympiacos-et-sengage-avec-un-club-chypriote\/#primaryimage"},"image":{"@id":"https:\/\/oeilsportif.info\/index.php\/transfert-mamadou-kane-quitte-lolympiacos-et-sengage-avec-un-club-chypriote\/#primaryimage"},"thumbnailUrl":"https:\/\/i0.wp.com\/oeilsportif.info\/wp-content\/uploads\/2022\/08\/received_753579822424637.jpeg?fit=720%2C686&ssl=1","datePublished":"2022-08-23T22:52:26+00:00","author":{"@id":"https:\/\/oeilsportif.info\/#\/schema\/person\/cfbded294aa6095f7d96608d7905e9a1"},"inLanguage":"fr-FR","potentialAction":[{"@type":"ReadAction","target":["https:\/\/oeilsportif.info\/index.php\/transfert-mamadou-kane-quitte-lolympiacos-et-sengage-avec-un-club-chypriote\/"]}]},{"@type":"ImageObject","inLanguage":"fr-FR","@id":"https:\/\/oeilsportif.info\/index.php\/transfert-mamadou-kane-quitte-lolympiacos-et-sengage-avec-un-club-chypriote\/#primaryimage","url":"https:\/\/i0.wp.com\/oeilsportif.info\/wp-content\/uploads\/2022\/08\/received_753579822424637.jpeg?fit=720%2C686&ssl=1","contentUrl":"https:\/\/i0.wp.com\/oeilsportif.info\/wp-content\/uploads\/2022\/08\/received_753579822424637.jpeg?fit=720%2C686&ssl=1","width":720,"height":686},{"@type":"WebSite","@id":"https:\/\/oeilsportif.info\/#website","url":"https:\/\/oeilsportif.info\/","name":"le regard du sportif","description":"","potentialAction":[{"@type":"SearchAction","target":{"@type":"EntryPoint","urlTemplate":"https:\/\/oeilsportif.info\/?s={search_term_string}"},"query-input":{"@type":"PropertyValueSpecification","valueRequired":true,"valueName":"search_term_string"}}],"inLanguage":"fr-FR"},{"@type":"Person","@id":"https:\/\/oeilsportif.info\/#\/schema\/person\/cfbded294aa6095f7d96608d7905e9a1","name":"L'Equipe de la R\u00e9daction","image":{"@type":"ImageObject","inLanguage":"fr-FR","@id":"https:\/\/oeilsportif.info\/wp-content\/uploads\/2025\/07\/cropped-cropped-logo-os-96x96.jpeg","url":"https:\/\/oeilsportif.info\/wp-content\/uploads\/2025\/07\/cropped-cropped-logo-os-96x96.jpeg","contentUrl":"https:\/\/oeilsportif.info\/wp-content\/uploads\/2025\/07\/cropped-cropped-logo-os-96x96.jpeg","caption":"L'Equipe de la R\u00e9daction"},"url":"https:\/\/oeilsportif.info\/index.php\/author\/tawel\/"}]}},"jetpack_publicize_connections":[],"jetpack_featured_media_url":"https:\/\/i0.wp.com\/oeilsportif.info\/wp-content\/uploads\/2022\/08\/received_753579822424637.jpeg?fit=720%2C686&ssl=1","jetpack-related-posts":[],"jetpack_sharing_enabled":true,"jetpack_likes_enabled":true,"jetpack_shortlink":"https:\/\/wp.me\/pgFE77-oZ","_links":{"self":[{"href":"https:\/\/oeilsportif.info\/index.php\/wp-json\/wp\/v2\/posts\/1549","targetHints":{"allow":["GET"]}}],"collection":[{"href":"https:\/\/oeilsportif.info\/index.php\/wp-json\/wp\/v2\/posts"}],"about":[{"href":"https:\/\/oeilsportif.info\/index.php\/wp-json\/wp\/v2\/types\/post"}],"author":[{"embeddable":true,"href":"https:\/\/oeilsportif.info\/index.php\/wp-json\/wp\/v2\/users\/2"}],"replies":[{"embeddable":true,"href":"https:\/\/oeilsportif.info\/index.php\/wp-json\/wp\/v2\/comments?post=1549"}],"version-history":[{"count":0,"href":"https:\/\/oeilsportif.info\/index.php\/wp-json\/wp\/v2\/posts\/1549\/revisions"}],"wp:featuredmedia":[{"embeddable":true,"href":"https:\/\/oeilsportif.info\/index.php\/wp-json\/wp\/v2\/media\/1550"}],"wp:attachment":[{"href":"https:\/\/oeilsportif.info\/index.php\/wp-json\/wp\/v2\/media?parent=1549"}],"wp:term":[{"taxonomy":"category","embeddable":true,"href":"https:\/\/oeilsportif.info\/index.php\/wp-json\/wp\/v2\/categories?post=1549"},{"taxonomy":"post_tag","embeddable":true,"href":"https:\/\/oeilsportif.info\/index.php\/wp-json\/wp\/v2\/tags?post=1549"}],"curies":[{"name":"wp","href":"https:\/\/api.w.org\/{rel}","templated":true}]}}