{"id":1539,"date":"2022-08-22T21:22:38","date_gmt":"2022-08-22T21:22:38","guid":{"rendered":"https:\/\/oeilsportif.info\/index.php\/?p=1539"},"modified":"2022-08-22T21:22:38","modified_gmt":"2022-08-22T21:22:38","slug":"mohamed-aly-sylla-promu-de-lequipe-reserve-en-equipe-premiere-du-hafia-fc-avec-le-hafia-fc-je-reve-gagner-les-trophees","status":"publish","type":"post","link":"https:\/\/oeilsportif.info\/index.php\/mohamed-aly-sylla-promu-de-lequipe-reserve-en-equipe-premiere-du-hafia-fc-avec-le-hafia-fc-je-reve-gagner-les-trophees\/","title":{"rendered":"Mohamed Aly Sylla promu de l&rsquo;\u00e9quipe r\u00e9serve en \u00e9quipe premi\u00e8re du Hafia FC : \u00ab Avec le Hafia FC, je r\u00eave gagner les troph\u00e9es&#8230;\u00bb"},"content":{"rendered":"<p><strong>Jusque-l\u00e0 en \u00e9quipe r\u00e9serve du Hafia FC, cette saison Mohamed Aly Sylla va int\u00e9grer avec quatre autres jeunes joueurs de l&rsquo;\u00e9quipe B l\u2019effectif Pro.<\/strong><\/p>\n<p><strong>Depuis le d\u00e9but des entra\u00eenements du club du pr\u00e9sident Kerfalla Camara KPC le 08 ao\u00fbt 2022, Mohamed Aly \u00ab\u00a0Neymar\u00a0\u00bb continue la pr\u00e9paration d&rsquo;avant saison comme tout le monde.<\/strong><\/p>\n<p>Ce lundi 22 ao\u00fbt apr\u00e8s la s\u00e9ance du jour, l&rsquo;ancien pensionnaire de l&rsquo;\u00e9quipe r\u00e9serve du Hafia FC nous a accord\u00e9 une l&rsquo;interview. Dans cet entretien, le jeune attaquant nous a parl\u00e9 de son ambition pour le Hafia FC qu&rsquo;il consid\u00e8re comme sa famille, avant d&rsquo;inviter les supporters du premier triple champion d&rsquo;Afrique des clubs \u00e0 la patience &#8230;<\/p>\n<p>Lisez l&rsquo;interview<\/p>\n<p><strong>Bonjour svp pr\u00e9sentez-vous ?<\/strong><\/p>\n<p>Je me nomme Mohamed Aly Sylla \u00ab\u00a0Neymar\u00a0\u00bb, attaquant de l&rsquo;\u00e9quipe premi\u00e8re du Hafia Football Club.<\/p>\n<p>C&rsquo;est une premi\u00e8re exp\u00e9rience pour vous avec l&rsquo;\u00e9quipe Pro du Hafia FC, dites nous comment votre int\u00e9gration se passe ?<\/p>\n<p>Oui, c&rsquo;est ma premi\u00e8re exp\u00e9rience avec l&rsquo;\u00e9quipe premi\u00e8re du Hafia. Mais comme vous le savez d\u00e9j\u00e0, le d\u00e9but de toute chose n&rsquo;est pas facile. Mais par la gr\u00e2ce de Dieu, je commence \u00e0 m&rsquo;adapter petit \u00e0 petit. Et je pense que d&rsquo;ici l&rsquo;ouverture du championnat, je vais acqu\u00e9rir un peu d&rsquo;exp\u00e9rience aupr\u00e8s de mes a\u00een\u00e9s. Aujourd&rsquo;hui, je peux dire que j&rsquo;ai la chance, parce que c&rsquo;est dans l&rsquo;\u00e9quipe r\u00e9serve du Hafia FC, j&rsquo;ai \u00e9t\u00e9 form\u00e9. Et cette saison, \u00e7a va \u00eatre mon bapt\u00eame du feu avec l&rsquo;\u00e9quipe Pro. Et je me sens bien dans l&rsquo;effectif du Hafia FC.<\/p>\n<p><strong>\u00c9tant jeune, porter le maillot du Hafia n&rsquo;est-il pas une pression pour vous ?<\/strong><\/p>\n<p>Rires &#8230; Le Hafia c&rsquo;est ma famille, et je ne connais pas ailleurs \u00e0 part du Hafia FC. Je suis le fruit de l&rsquo;\u00e9quipe r\u00e9serve du Hafia FC. Certes les niveaux ne sont pas les m\u00eames mais je vous promets dans l&rsquo;avenir, je serai le futur espoir du Hafia Football Club. Et avec le Hafia, je r\u00eave de gagner les troph\u00e9es (&#8230;).<\/p>\n<p><strong>Votre message pour vos anciens co\u00e9quipiers de l&rsquo;\u00e9quipe r\u00e9serve, et les supporters du Hafia FC ?<\/strong><\/p>\n<p>D&rsquo;abord je souhaite bonne chance \u00e0 tous mes anciens co\u00e9quipiers de l&rsquo;\u00e9quipe r\u00e9serve du Hafia FC ainsi que mon formateur Coach Ben qui a beaucoup fait pour nous mais pour moi personnellement. Ensuite je les invite \u00e0 travailler et faire plus d&rsquo;efforts afin qu&rsquo;ils soient aussi un jour dans l&rsquo;\u00e9quipe Pro du Hafia FC. Car l&rsquo;avenir du Hafia FC c&rsquo;est son \u00e9quipe r\u00e9serve&#8230;<\/p>\n<p>Pour les supporters, je leur demande d&rsquo;\u00eatre patients. Car une \u00e9quipe ne se construit pas dans la pr\u00e9cipitation, ensuite je leur demande de faire confiance \u00e0 nous les joueurs ainsi que le staff technique du Hafia Football Club&#8230;<\/p>\n<p><strong>Mohamed Tawel Camara<\/strong><\/p>\n","protected":false},"excerpt":{"rendered":"<p>Jusque-l\u00e0 en \u00e9quipe r\u00e9serve du Hafia FC, cette saison Mohamed Aly Sylla va int\u00e9grer avec quatre autres jeunes joueurs de l&rsquo;\u00e9quipe B l\u2019effectif Pro. Depuis le d\u00e9but des entra\u00eenements du club du pr\u00e9sident Kerfalla Camara KPC le 08 ao\u00fbt 2022, Mohamed Aly \u00ab\u00a0Neymar\u00a0\u00bb continue la pr\u00e9paration d&rsquo;avant saison comme tout le monde. Ce lundi 22 [&hellip;]<\/p>\n","protected":false},"author":2,"featured_media":1540,"comment_status":"closed","ping_status":"open","sticky":false,"template":"","format":"standard","meta":{"_jetpack_memberships_contains_paid_content":false,"footnotes":"","jetpack_publicize_message":"","jetpack_publicize_feature_enabled":true,"jetpack_social_post_already_shared":true,"jetpack_social_options":{"image_generator_settings":{"template":"highway","default_image_id":0,"font":"","enabled":false},"version":2}},"categories":[5],"tags":[],"class_list":{"0":"post-1539","1":"post","2":"type-post","3":"status-publish","4":"format-standard","5":"has-post-thumbnail","7":"category-football"},"yoast_head":"<!-- This site is optimized with the Yoast SEO plugin v27.4 - https:\/\/yoast.com\/product\/yoast-seo-wordpress\/ -->\n<title>Mohamed Aly Sylla promu de l&#039;\u00e9quipe r\u00e9serve en \u00e9quipe premi\u00e8re du Hafia FC : \u00ab Avec le Hafia FC, je r\u00eave gagner les troph\u00e9es...\u00bb - le regard du sportif<\/title>\n<meta name=\"robots\" content=\"index, follow, max-snippet:-1, max-image-preview:large, max-video-preview:-1\" \/>\n<link rel=\"canonical\" href=\"https:\/\/oeilsportif.info\/index.php\/mohamed-aly-sylla-promu-de-lequipe-reserve-en-equipe-premiere-du-hafia-fc-avec-le-hafia-fc-je-reve-gagner-les-trophees\/\" \/>\n<meta property=\"og:locale\" content=\"fr_FR\" \/>\n<meta property=\"og:type\" content=\"article\" \/>\n<meta property=\"og:title\" content=\"Mohamed Aly Sylla promu de l&#039;\u00e9quipe r\u00e9serve en \u00e9quipe premi\u00e8re du Hafia FC : \u00ab Avec le Hafia FC, je r\u00eave gagner les troph\u00e9es...\u00bb - le regard du sportif\" \/>\n<meta property=\"og:description\" content=\"Jusque-l\u00e0 en \u00e9quipe r\u00e9serve du Hafia FC, cette saison Mohamed Aly Sylla va int\u00e9grer avec quatre autres jeunes joueurs de l&rsquo;\u00e9quipe B l\u2019effectif Pro. Depuis le d\u00e9but des entra\u00eenements du club du pr\u00e9sident Kerfalla Camara KPC le 08 ao\u00fbt 2022, Mohamed Aly \u00ab\u00a0Neymar\u00a0\u00bb continue la pr\u00e9paration d&rsquo;avant saison comme tout le monde. Ce lundi 22 [&hellip;]\" \/>\n<meta property=\"og:url\" content=\"https:\/\/oeilsportif.info\/index.php\/mohamed-aly-sylla-promu-de-lequipe-reserve-en-equipe-premiere-du-hafia-fc-avec-le-hafia-fc-je-reve-gagner-les-trophees\/\" \/>\n<meta property=\"og:site_name\" content=\"le regard du sportif\" \/>\n<meta property=\"article:published_time\" content=\"2022-08-22T21:22:38+00:00\" \/>\n<meta property=\"og:image\" content=\"https:\/\/oeilsportif.info\/wp-content\/uploads\/2022\/08\/Screenshot_20220822-202305_Gallery.jpg\" \/>\n\t<meta property=\"og:image:width\" content=\"1080\" \/>\n\t<meta property=\"og:image:height\" content=\"1327\" \/>\n\t<meta property=\"og:image:type\" content=\"image\/jpeg\" \/>\n<meta name=\"author\" content=\"L&#039;Equipe de la R\u00e9daction\" \/>\n<meta name=\"twitter:label1\" content=\"\u00c9crit par\" \/>\n\t<meta name=\"twitter:data1\" content=\"L&#039;Equipe de la R\u00e9daction\" \/>\n\t<meta name=\"twitter:label2\" content=\"Dur\u00e9e de lecture estim\u00e9e\" \/>\n\t<meta name=\"twitter:data2\" content=\"3 minutes\" \/>\n<script type=\"application\/ld+json\" class=\"yoast-schema-graph\">{\"@context\":\"https:\\\/\\\/schema.org\",\"@graph\":[{\"@type\":\"Article\",\"@id\":\"https:\\\/\\\/oeilsportif.info\\\/index.php\\\/mohamed-aly-sylla-promu-de-lequipe-reserve-en-equipe-premiere-du-hafia-fc-avec-le-hafia-fc-je-reve-gagner-les-trophees\\\/#article\",\"isPartOf\":{\"@id\":\"https:\\\/\\\/oeilsportif.info\\\/index.php\\\/mohamed-aly-sylla-promu-de-lequipe-reserve-en-equipe-premiere-du-hafia-fc-avec-le-hafia-fc-je-reve-gagner-les-trophees\\\/\"},\"author\":{\"name\":\"L'Equipe de la R\u00e9daction\",\"@id\":\"https:\\\/\\\/oeilsportif.info\\\/#\\\/schema\\\/person\\\/cfbded294aa6095f7d96608d7905e9a1\"},\"headline\":\"Mohamed Aly Sylla promu de l&rsquo;\u00e9quipe r\u00e9serve en \u00e9quipe premi\u00e8re du Hafia FC : \u00ab Avec le Hafia FC, je r\u00eave gagner les troph\u00e9es&#8230;\u00bb\",\"datePublished\":\"2022-08-22T21:22:38+00:00\",\"mainEntityOfPage\":{\"@id\":\"https:\\\/\\\/oeilsportif.info\\\/index.php\\\/mohamed-aly-sylla-promu-de-lequipe-reserve-en-equipe-premiere-du-hafia-fc-avec-le-hafia-fc-je-reve-gagner-les-trophees\\\/\"},\"wordCount\":535,\"image\":{\"@id\":\"https:\\\/\\\/oeilsportif.info\\\/index.php\\\/mohamed-aly-sylla-promu-de-lequipe-reserve-en-equipe-premiere-du-hafia-fc-avec-le-hafia-fc-je-reve-gagner-les-trophees\\\/#primaryimage\"},\"thumbnailUrl\":\"https:\\\/\\\/i0.wp.com\\\/oeilsportif.info\\\/wp-content\\\/uploads\\\/2022\\\/08\\\/Screenshot_20220822-202305_Gallery.jpg?fit=1080%2C1327&ssl=1\",\"articleSection\":[\"Football\"],\"inLanguage\":\"fr-FR\"},{\"@type\":\"WebPage\",\"@id\":\"https:\\\/\\\/oeilsportif.info\\\/index.php\\\/mohamed-aly-sylla-promu-de-lequipe-reserve-en-equipe-premiere-du-hafia-fc-avec-le-hafia-fc-je-reve-gagner-les-trophees\\\/\",\"url\":\"https:\\\/\\\/oeilsportif.info\\\/index.php\\\/mohamed-aly-sylla-promu-de-lequipe-reserve-en-equipe-premiere-du-hafia-fc-avec-le-hafia-fc-je-reve-gagner-les-trophees\\\/\",\"name\":\"Mohamed Aly Sylla promu de l'\u00e9quipe r\u00e9serve en \u00e9quipe premi\u00e8re du Hafia FC : \u00ab Avec le Hafia FC, je r\u00eave gagner les troph\u00e9es...\u00bb - le regard du sportif\",\"isPartOf\":{\"@id\":\"https:\\\/\\\/oeilsportif.info\\\/#website\"},\"primaryImageOfPage\":{\"@id\":\"https:\\\/\\\/oeilsportif.info\\\/index.php\\\/mohamed-aly-sylla-promu-de-lequipe-reserve-en-equipe-premiere-du-hafia-fc-avec-le-hafia-fc-je-reve-gagner-les-trophees\\\/#primaryimage\"},\"image\":{\"@id\":\"https:\\\/\\\/oeilsportif.info\\\/index.php\\\/mohamed-aly-sylla-promu-de-lequipe-reserve-en-equipe-premiere-du-hafia-fc-avec-le-hafia-fc-je-reve-gagner-les-trophees\\\/#primaryimage\"},\"thumbnailUrl\":\"https:\\\/\\\/i0.wp.com\\\/oeilsportif.info\\\/wp-content\\\/uploads\\\/2022\\\/08\\\/Screenshot_20220822-202305_Gallery.jpg?fit=1080%2C1327&ssl=1\",\"datePublished\":\"2022-08-22T21:22:38+00:00\",\"author\":{\"@id\":\"https:\\\/\\\/oeilsportif.info\\\/#\\\/schema\\\/person\\\/cfbded294aa6095f7d96608d7905e9a1\"},\"inLanguage\":\"fr-FR\",\"potentialAction\":[{\"@type\":\"ReadAction\",\"target\":[\"https:\\\/\\\/oeilsportif.info\\\/index.php\\\/mohamed-aly-sylla-promu-de-lequipe-reserve-en-equipe-premiere-du-hafia-fc-avec-le-hafia-fc-je-reve-gagner-les-trophees\\\/\"]}]},{\"@type\":\"ImageObject\",\"inLanguage\":\"fr-FR\",\"@id\":\"https:\\\/\\\/oeilsportif.info\\\/index.php\\\/mohamed-aly-sylla-promu-de-lequipe-reserve-en-equipe-premiere-du-hafia-fc-avec-le-hafia-fc-je-reve-gagner-les-trophees\\\/#primaryimage\",\"url\":\"https:\\\/\\\/i0.wp.com\\\/oeilsportif.info\\\/wp-content\\\/uploads\\\/2022\\\/08\\\/Screenshot_20220822-202305_Gallery.jpg?fit=1080%2C1327&ssl=1\",\"contentUrl\":\"https:\\\/\\\/i0.wp.com\\\/oeilsportif.info\\\/wp-content\\\/uploads\\\/2022\\\/08\\\/Screenshot_20220822-202305_Gallery.jpg?fit=1080%2C1327&ssl=1\",\"width\":1080,\"height\":1327},{\"@type\":\"WebSite\",\"@id\":\"https:\\\/\\\/oeilsportif.info\\\/#website\",\"url\":\"https:\\\/\\\/oeilsportif.info\\\/\",\"name\":\"le regard du sportif\",\"description\":\"\",\"potentialAction\":[{\"@type\":\"SearchAction\",\"target\":{\"@type\":\"EntryPoint\",\"urlTemplate\":\"https:\\\/\\\/oeilsportif.info\\\/?s={search_term_string}\"},\"query-input\":{\"@type\":\"PropertyValueSpecification\",\"valueRequired\":true,\"valueName\":\"search_term_string\"}}],\"inLanguage\":\"fr-FR\"},{\"@type\":\"Person\",\"@id\":\"https:\\\/\\\/oeilsportif.info\\\/#\\\/schema\\\/person\\\/cfbded294aa6095f7d96608d7905e9a1\",\"name\":\"L'Equipe de la R\u00e9daction\",\"image\":{\"@type\":\"ImageObject\",\"inLanguage\":\"fr-FR\",\"@id\":\"https:\\\/\\\/oeilsportif.info\\\/wp-content\\\/uploads\\\/2025\\\/07\\\/cropped-cropped-logo-os-96x96.jpeg\",\"url\":\"https:\\\/\\\/oeilsportif.info\\\/wp-content\\\/uploads\\\/2025\\\/07\\\/cropped-cropped-logo-os-96x96.jpeg\",\"contentUrl\":\"https:\\\/\\\/oeilsportif.info\\\/wp-content\\\/uploads\\\/2025\\\/07\\\/cropped-cropped-logo-os-96x96.jpeg\",\"caption\":\"L'Equipe de la R\u00e9daction\"},\"url\":\"https:\\\/\\\/oeilsportif.info\\\/index.php\\\/author\\\/tawel\\\/\"}]}<\/script>\n<!-- \/ Yoast SEO plugin. -->","yoast_head_json":{"title":"Mohamed Aly Sylla promu de l'\u00e9quipe r\u00e9serve en \u00e9quipe premi\u00e8re du Hafia FC : \u00ab Avec le Hafia FC, je r\u00eave gagner les troph\u00e9es...\u00bb - le regard du sportif","robots":{"index":"index","follow":"follow","max-snippet":"max-snippet:-1","max-image-preview":"max-image-preview:large","max-video-preview":"max-video-preview:-1"},"canonical":"https:\/\/oeilsportif.info\/index.php\/mohamed-aly-sylla-promu-de-lequipe-reserve-en-equipe-premiere-du-hafia-fc-avec-le-hafia-fc-je-reve-gagner-les-trophees\/","og_locale":"fr_FR","og_type":"article","og_title":"Mohamed Aly Sylla promu de l'\u00e9quipe r\u00e9serve en \u00e9quipe premi\u00e8re du Hafia FC : \u00ab Avec le Hafia FC, je r\u00eave gagner les troph\u00e9es...\u00bb - le regard du sportif","og_description":"Jusque-l\u00e0 en \u00e9quipe r\u00e9serve du Hafia FC, cette saison Mohamed Aly Sylla va int\u00e9grer avec quatre autres jeunes joueurs de l&rsquo;\u00e9quipe B l\u2019effectif Pro. Depuis le d\u00e9but des entra\u00eenements du club du pr\u00e9sident Kerfalla Camara KPC le 08 ao\u00fbt 2022, Mohamed Aly \u00ab\u00a0Neymar\u00a0\u00bb continue la pr\u00e9paration d&rsquo;avant saison comme tout le monde. Ce lundi 22 [&hellip;]","og_url":"https:\/\/oeilsportif.info\/index.php\/mohamed-aly-sylla-promu-de-lequipe-reserve-en-equipe-premiere-du-hafia-fc-avec-le-hafia-fc-je-reve-gagner-les-trophees\/","og_site_name":"le regard du sportif","article_published_time":"2022-08-22T21:22:38+00:00","og_image":[{"width":1080,"height":1327,"url":"https:\/\/oeilsportif.info\/wp-content\/uploads\/2022\/08\/Screenshot_20220822-202305_Gallery.jpg","type":"image\/jpeg"}],"author":"L'Equipe de la R\u00e9daction","twitter_misc":{"\u00c9crit par":"L'Equipe de la R\u00e9daction","Dur\u00e9e de lecture estim\u00e9e":"3 minutes"},"schema":{"@context":"https:\/\/schema.org","@graph":[{"@type":"Article","@id":"https:\/\/oeilsportif.info\/index.php\/mohamed-aly-sylla-promu-de-lequipe-reserve-en-equipe-premiere-du-hafia-fc-avec-le-hafia-fc-je-reve-gagner-les-trophees\/#article","isPartOf":{"@id":"https:\/\/oeilsportif.info\/index.php\/mohamed-aly-sylla-promu-de-lequipe-reserve-en-equipe-premiere-du-hafia-fc-avec-le-hafia-fc-je-reve-gagner-les-trophees\/"},"author":{"name":"L'Equipe de la R\u00e9daction","@id":"https:\/\/oeilsportif.info\/#\/schema\/person\/cfbded294aa6095f7d96608d7905e9a1"},"headline":"Mohamed Aly Sylla promu de l&rsquo;\u00e9quipe r\u00e9serve en \u00e9quipe premi\u00e8re du Hafia FC : \u00ab Avec le Hafia FC, je r\u00eave gagner les troph\u00e9es&#8230;\u00bb","datePublished":"2022-08-22T21:22:38+00:00","mainEntityOfPage":{"@id":"https:\/\/oeilsportif.info\/index.php\/mohamed-aly-sylla-promu-de-lequipe-reserve-en-equipe-premiere-du-hafia-fc-avec-le-hafia-fc-je-reve-gagner-les-trophees\/"},"wordCount":535,"image":{"@id":"https:\/\/oeilsportif.info\/index.php\/mohamed-aly-sylla-promu-de-lequipe-reserve-en-equipe-premiere-du-hafia-fc-avec-le-hafia-fc-je-reve-gagner-les-trophees\/#primaryimage"},"thumbnailUrl":"https:\/\/i0.wp.com\/oeilsportif.info\/wp-content\/uploads\/2022\/08\/Screenshot_20220822-202305_Gallery.jpg?fit=1080%2C1327&ssl=1","articleSection":["Football"],"inLanguage":"fr-FR"},{"@type":"WebPage","@id":"https:\/\/oeilsportif.info\/index.php\/mohamed-aly-sylla-promu-de-lequipe-reserve-en-equipe-premiere-du-hafia-fc-avec-le-hafia-fc-je-reve-gagner-les-trophees\/","url":"https:\/\/oeilsportif.info\/index.php\/mohamed-aly-sylla-promu-de-lequipe-reserve-en-equipe-premiere-du-hafia-fc-avec-le-hafia-fc-je-reve-gagner-les-trophees\/","name":"Mohamed Aly Sylla promu de l'\u00e9quipe r\u00e9serve en \u00e9quipe premi\u00e8re du Hafia FC : \u00ab Avec le Hafia FC, je r\u00eave gagner les troph\u00e9es...\u00bb - le regard du sportif","isPartOf":{"@id":"https:\/\/oeilsportif.info\/#website"},"primaryImageOfPage":{"@id":"https:\/\/oeilsportif.info\/index.php\/mohamed-aly-sylla-promu-de-lequipe-reserve-en-equipe-premiere-du-hafia-fc-avec-le-hafia-fc-je-reve-gagner-les-trophees\/#primaryimage"},"image":{"@id":"https:\/\/oeilsportif.info\/index.php\/mohamed-aly-sylla-promu-de-lequipe-reserve-en-equipe-premiere-du-hafia-fc-avec-le-hafia-fc-je-reve-gagner-les-trophees\/#primaryimage"},"thumbnailUrl":"https:\/\/i0.wp.com\/oeilsportif.info\/wp-content\/uploads\/2022\/08\/Screenshot_20220822-202305_Gallery.jpg?fit=1080%2C1327&ssl=1","datePublished":"2022-08-22T21:22:38+00:00","author":{"@id":"https:\/\/oeilsportif.info\/#\/schema\/person\/cfbded294aa6095f7d96608d7905e9a1"},"inLanguage":"fr-FR","potentialAction":[{"@type":"ReadAction","target":["https:\/\/oeilsportif.info\/index.php\/mohamed-aly-sylla-promu-de-lequipe-reserve-en-equipe-premiere-du-hafia-fc-avec-le-hafia-fc-je-reve-gagner-les-trophees\/"]}]},{"@type":"ImageObject","inLanguage":"fr-FR","@id":"https:\/\/oeilsportif.info\/index.php\/mohamed-aly-sylla-promu-de-lequipe-reserve-en-equipe-premiere-du-hafia-fc-avec-le-hafia-fc-je-reve-gagner-les-trophees\/#primaryimage","url":"https:\/\/i0.wp.com\/oeilsportif.info\/wp-content\/uploads\/2022\/08\/Screenshot_20220822-202305_Gallery.jpg?fit=1080%2C1327&ssl=1","contentUrl":"https:\/\/i0.wp.com\/oeilsportif.info\/wp-content\/uploads\/2022\/08\/Screenshot_20220822-202305_Gallery.jpg?fit=1080%2C1327&ssl=1","width":1080,"height":1327},{"@type":"WebSite","@id":"https:\/\/oeilsportif.info\/#website","url":"https:\/\/oeilsportif.info\/","name":"le regard du sportif","description":"","potentialAction":[{"@type":"SearchAction","target":{"@type":"EntryPoint","urlTemplate":"https:\/\/oeilsportif.info\/?s={search_term_string}"},"query-input":{"@type":"PropertyValueSpecification","valueRequired":true,"valueName":"search_term_string"}}],"inLanguage":"fr-FR"},{"@type":"Person","@id":"https:\/\/oeilsportif.info\/#\/schema\/person\/cfbded294aa6095f7d96608d7905e9a1","name":"L'Equipe de la R\u00e9daction","image":{"@type":"ImageObject","inLanguage":"fr-FR","@id":"https:\/\/oeilsportif.info\/wp-content\/uploads\/2025\/07\/cropped-cropped-logo-os-96x96.jpeg","url":"https:\/\/oeilsportif.info\/wp-content\/uploads\/2025\/07\/cropped-cropped-logo-os-96x96.jpeg","contentUrl":"https:\/\/oeilsportif.info\/wp-content\/uploads\/2025\/07\/cropped-cropped-logo-os-96x96.jpeg","caption":"L'Equipe de la R\u00e9daction"},"url":"https:\/\/oeilsportif.info\/index.php\/author\/tawel\/"}]}},"jetpack_publicize_connections":[],"jetpack_featured_media_url":"https:\/\/i0.wp.com\/oeilsportif.info\/wp-content\/uploads\/2022\/08\/Screenshot_20220822-202305_Gallery.jpg?fit=1080%2C1327&ssl=1","jetpack-related-posts":[],"jetpack_sharing_enabled":true,"jetpack_likes_enabled":true,"jetpack_shortlink":"https:\/\/wp.me\/pgFE77-oP","_links":{"self":[{"href":"https:\/\/oeilsportif.info\/index.php\/wp-json\/wp\/v2\/posts\/1539","targetHints":{"allow":["GET"]}}],"collection":[{"href":"https:\/\/oeilsportif.info\/index.php\/wp-json\/wp\/v2\/posts"}],"about":[{"href":"https:\/\/oeilsportif.info\/index.php\/wp-json\/wp\/v2\/types\/post"}],"author":[{"embeddable":true,"href":"https:\/\/oeilsportif.info\/index.php\/wp-json\/wp\/v2\/users\/2"}],"replies":[{"embeddable":true,"href":"https:\/\/oeilsportif.info\/index.php\/wp-json\/wp\/v2\/comments?post=1539"}],"version-history":[{"count":0,"href":"https:\/\/oeilsportif.info\/index.php\/wp-json\/wp\/v2\/posts\/1539\/revisions"}],"wp:featuredmedia":[{"embeddable":true,"href":"https:\/\/oeilsportif.info\/index.php\/wp-json\/wp\/v2\/media\/1540"}],"wp:attachment":[{"href":"https:\/\/oeilsportif.info\/index.php\/wp-json\/wp\/v2\/media?parent=1539"}],"wp:term":[{"taxonomy":"category","embeddable":true,"href":"https:\/\/oeilsportif.info\/index.php\/wp-json\/wp\/v2\/categories?post=1539"},{"taxonomy":"post_tag","embeddable":true,"href":"https:\/\/oeilsportif.info\/index.php\/wp-json\/wp\/v2\/tags?post=1539"}],"curies":[{"name":"wp","href":"https:\/\/api.w.org\/{rel}","templated":true}]}}