{"id":1507,"date":"2022-08-20T16:40:38","date_gmt":"2022-08-20T16:40:38","guid":{"rendered":"https:\/\/oeilsportif.info\/index.php\/?p=1507"},"modified":"2022-08-20T16:40:38","modified_gmt":"2022-08-20T16:40:38","slug":"transfert-oumar-keita-signe-a-emirates-fc-pour-3-saisons-officiel","status":"publish","type":"post","link":"https:\/\/oeilsportif.info\/index.php\/transfert-oumar-keita-signe-a-emirates-fc-pour-3-saisons-officiel\/","title":{"rendered":"Transfert : Oumar KEITA signe \u00e0 Emirates FC pour 3 saisons (officiel)"},"content":{"rendered":"<p><strong>Apr\u00e8s avoir port\u00e9 les couleurs du Wakriya AC la saison derni\u00e8re, Oumar KEITA quitte officiellement le club de Bok\u00e9 et s\u2019engage dans une nouvelle exp\u00e9rience \u00e0 l\u2019internationale.<\/strong><\/p>\n<p>Le milieu de terrain guin\u00e9en vient de signer un contrat de trois (3) saison en faveur du club Emirates FC aux \u00c9mirats Arabes Unis. Cette signature fait suite \u00e0 un essai concluant du guin\u00e9en lors des pr\u00e9paratifs de l\u2019avant-saison avec le club en Serbie.<\/p>\n<p>Le club \u00e9volue en D2 apr\u00e8s sa rel\u00e9gation \u00e0 l\u2019issue de cette saison, et r\u00eave de retrouver vite l\u2019\u00e9lite la saison prochaine.<\/p>\n<p>Oumar KEITA a r\u00e9ussi \u00e0 faire l\u2019unanimit\u00e9 chez les dirigeants et staff technique du club qui ont d\u00e9cid\u00e9 de l\u2019enr\u00f4ler.<\/p>\n<p>Il faut pr\u00e9ciser que dans les clauses, le Wakriya aura un pourcentage important en cas de futur revente du joueur, et le Pr\u00e9sident Docteur Mikailou Sampou a aussi nou\u00e9 un partenariat entre les deux clubs pour les futures saisons.<\/p>\n<p>A cette occasion, le Wakriya AC tient \u00e0 f\u00e9liciter Oumar KEITA et lui souhaite pleine r\u00e9ussite dans sa nouvelle aventure dans sa jeune carri\u00e8re.<\/p>\n<p><strong>Source : Cellule de communication de Wakriya AC<\/strong><\/p>\n","protected":false},"excerpt":{"rendered":"<p>Apr\u00e8s avoir port\u00e9 les couleurs du Wakriya AC la saison derni\u00e8re, Oumar KEITA quitte officiellement le club de Bok\u00e9 et s\u2019engage dans une nouvelle exp\u00e9rience \u00e0 l\u2019internationale. Le milieu de terrain guin\u00e9en vient de signer un contrat de trois (3) saison en faveur du club Emirates FC aux \u00c9mirats Arabes Unis. Cette signature fait suite [&hellip;]<\/p>\n","protected":false},"author":2,"featured_media":1508,"comment_status":"closed","ping_status":"open","sticky":false,"template":"","format":"standard","meta":{"_jetpack_memberships_contains_paid_content":false,"footnotes":"","jetpack_publicize_message":"","jetpack_publicize_feature_enabled":true,"jetpack_social_post_already_shared":true,"jetpack_social_options":{"image_generator_settings":{"template":"highway","default_image_id":0,"font":"","enabled":false},"version":2}},"categories":[5],"tags":[],"class_list":{"0":"post-1507","1":"post","2":"type-post","3":"status-publish","4":"format-standard","5":"has-post-thumbnail","7":"category-football"},"yoast_head":"<!-- This site is optimized with the Yoast SEO plugin v27.4 - https:\/\/yoast.com\/product\/yoast-seo-wordpress\/ -->\n<title>Transfert : Oumar KEITA signe \u00e0 Emirates FC pour 3 saisons (officiel) - le regard du sportif<\/title>\n<meta name=\"robots\" content=\"index, follow, max-snippet:-1, max-image-preview:large, max-video-preview:-1\" \/>\n<link rel=\"canonical\" href=\"https:\/\/oeilsportif.info\/index.php\/transfert-oumar-keita-signe-a-emirates-fc-pour-3-saisons-officiel\/\" \/>\n<meta property=\"og:locale\" content=\"fr_FR\" \/>\n<meta property=\"og:type\" content=\"article\" \/>\n<meta property=\"og:title\" content=\"Transfert : Oumar KEITA signe \u00e0 Emirates FC pour 3 saisons (officiel) - le regard du sportif\" \/>\n<meta property=\"og:description\" content=\"Apr\u00e8s avoir port\u00e9 les couleurs du Wakriya AC la saison derni\u00e8re, Oumar KEITA quitte officiellement le club de Bok\u00e9 et s\u2019engage dans une nouvelle exp\u00e9rience \u00e0 l\u2019internationale. Le milieu de terrain guin\u00e9en vient de signer un contrat de trois (3) saison en faveur du club Emirates FC aux \u00c9mirats Arabes Unis. Cette signature fait suite [&hellip;]\" \/>\n<meta property=\"og:url\" content=\"https:\/\/oeilsportif.info\/index.php\/transfert-oumar-keita-signe-a-emirates-fc-pour-3-saisons-officiel\/\" \/>\n<meta property=\"og:site_name\" content=\"le regard du sportif\" \/>\n<meta property=\"article:published_time\" content=\"2022-08-20T16:40:38+00:00\" \/>\n<meta property=\"og:image\" content=\"https:\/\/oeilsportif.info\/wp-content\/uploads\/2022\/08\/FB_IMG_1661013385375.jpg\" \/>\n\t<meta property=\"og:image:width\" content=\"960\" \/>\n\t<meta property=\"og:image:height\" content=\"615\" \/>\n\t<meta property=\"og:image:type\" content=\"image\/jpeg\" \/>\n<meta name=\"author\" content=\"L&#039;Equipe de la R\u00e9daction\" \/>\n<meta name=\"twitter:label1\" content=\"\u00c9crit par\" \/>\n\t<meta name=\"twitter:data1\" content=\"L&#039;Equipe de la R\u00e9daction\" \/>\n\t<meta name=\"twitter:label2\" content=\"Dur\u00e9e de lecture estim\u00e9e\" \/>\n\t<meta name=\"twitter:data2\" content=\"1 minute\" \/>\n<script type=\"application\/ld+json\" class=\"yoast-schema-graph\">{\"@context\":\"https:\\\/\\\/schema.org\",\"@graph\":[{\"@type\":\"Article\",\"@id\":\"https:\\\/\\\/oeilsportif.info\\\/index.php\\\/transfert-oumar-keita-signe-a-emirates-fc-pour-3-saisons-officiel\\\/#article\",\"isPartOf\":{\"@id\":\"https:\\\/\\\/oeilsportif.info\\\/index.php\\\/transfert-oumar-keita-signe-a-emirates-fc-pour-3-saisons-officiel\\\/\"},\"author\":{\"name\":\"L'Equipe de la R\u00e9daction\",\"@id\":\"https:\\\/\\\/oeilsportif.info\\\/#\\\/schema\\\/person\\\/cfbded294aa6095f7d96608d7905e9a1\"},\"headline\":\"Transfert : Oumar KEITA signe \u00e0 Emirates FC pour 3 saisons (officiel)\",\"datePublished\":\"2022-08-20T16:40:38+00:00\",\"mainEntityOfPage\":{\"@id\":\"https:\\\/\\\/oeilsportif.info\\\/index.php\\\/transfert-oumar-keita-signe-a-emirates-fc-pour-3-saisons-officiel\\\/\"},\"wordCount\":210,\"image\":{\"@id\":\"https:\\\/\\\/oeilsportif.info\\\/index.php\\\/transfert-oumar-keita-signe-a-emirates-fc-pour-3-saisons-officiel\\\/#primaryimage\"},\"thumbnailUrl\":\"https:\\\/\\\/i0.wp.com\\\/oeilsportif.info\\\/wp-content\\\/uploads\\\/2022\\\/08\\\/FB_IMG_1661013385375.jpg?fit=960%2C615&ssl=1\",\"articleSection\":[\"Football\"],\"inLanguage\":\"fr-FR\"},{\"@type\":\"WebPage\",\"@id\":\"https:\\\/\\\/oeilsportif.info\\\/index.php\\\/transfert-oumar-keita-signe-a-emirates-fc-pour-3-saisons-officiel\\\/\",\"url\":\"https:\\\/\\\/oeilsportif.info\\\/index.php\\\/transfert-oumar-keita-signe-a-emirates-fc-pour-3-saisons-officiel\\\/\",\"name\":\"Transfert : Oumar KEITA signe \u00e0 Emirates FC pour 3 saisons (officiel) - le regard du sportif\",\"isPartOf\":{\"@id\":\"https:\\\/\\\/oeilsportif.info\\\/#website\"},\"primaryImageOfPage\":{\"@id\":\"https:\\\/\\\/oeilsportif.info\\\/index.php\\\/transfert-oumar-keita-signe-a-emirates-fc-pour-3-saisons-officiel\\\/#primaryimage\"},\"image\":{\"@id\":\"https:\\\/\\\/oeilsportif.info\\\/index.php\\\/transfert-oumar-keita-signe-a-emirates-fc-pour-3-saisons-officiel\\\/#primaryimage\"},\"thumbnailUrl\":\"https:\\\/\\\/i0.wp.com\\\/oeilsportif.info\\\/wp-content\\\/uploads\\\/2022\\\/08\\\/FB_IMG_1661013385375.jpg?fit=960%2C615&ssl=1\",\"datePublished\":\"2022-08-20T16:40:38+00:00\",\"author\":{\"@id\":\"https:\\\/\\\/oeilsportif.info\\\/#\\\/schema\\\/person\\\/cfbded294aa6095f7d96608d7905e9a1\"},\"inLanguage\":\"fr-FR\",\"potentialAction\":[{\"@type\":\"ReadAction\",\"target\":[\"https:\\\/\\\/oeilsportif.info\\\/index.php\\\/transfert-oumar-keita-signe-a-emirates-fc-pour-3-saisons-officiel\\\/\"]}]},{\"@type\":\"ImageObject\",\"inLanguage\":\"fr-FR\",\"@id\":\"https:\\\/\\\/oeilsportif.info\\\/index.php\\\/transfert-oumar-keita-signe-a-emirates-fc-pour-3-saisons-officiel\\\/#primaryimage\",\"url\":\"https:\\\/\\\/i0.wp.com\\\/oeilsportif.info\\\/wp-content\\\/uploads\\\/2022\\\/08\\\/FB_IMG_1661013385375.jpg?fit=960%2C615&ssl=1\",\"contentUrl\":\"https:\\\/\\\/i0.wp.com\\\/oeilsportif.info\\\/wp-content\\\/uploads\\\/2022\\\/08\\\/FB_IMG_1661013385375.jpg?fit=960%2C615&ssl=1\",\"width\":960,\"height\":615},{\"@type\":\"WebSite\",\"@id\":\"https:\\\/\\\/oeilsportif.info\\\/#website\",\"url\":\"https:\\\/\\\/oeilsportif.info\\\/\",\"name\":\"le regard du sportif\",\"description\":\"\",\"potentialAction\":[{\"@type\":\"SearchAction\",\"target\":{\"@type\":\"EntryPoint\",\"urlTemplate\":\"https:\\\/\\\/oeilsportif.info\\\/?s={search_term_string}\"},\"query-input\":{\"@type\":\"PropertyValueSpecification\",\"valueRequired\":true,\"valueName\":\"search_term_string\"}}],\"inLanguage\":\"fr-FR\"},{\"@type\":\"Person\",\"@id\":\"https:\\\/\\\/oeilsportif.info\\\/#\\\/schema\\\/person\\\/cfbded294aa6095f7d96608d7905e9a1\",\"name\":\"L'Equipe de la R\u00e9daction\",\"image\":{\"@type\":\"ImageObject\",\"inLanguage\":\"fr-FR\",\"@id\":\"https:\\\/\\\/oeilsportif.info\\\/wp-content\\\/uploads\\\/2025\\\/07\\\/cropped-cropped-logo-os-96x96.jpeg\",\"url\":\"https:\\\/\\\/oeilsportif.info\\\/wp-content\\\/uploads\\\/2025\\\/07\\\/cropped-cropped-logo-os-96x96.jpeg\",\"contentUrl\":\"https:\\\/\\\/oeilsportif.info\\\/wp-content\\\/uploads\\\/2025\\\/07\\\/cropped-cropped-logo-os-96x96.jpeg\",\"caption\":\"L'Equipe de la R\u00e9daction\"},\"url\":\"https:\\\/\\\/oeilsportif.info\\\/index.php\\\/author\\\/tawel\\\/\"}]}<\/script>\n<!-- \/ Yoast SEO plugin. -->","yoast_head_json":{"title":"Transfert : Oumar KEITA signe \u00e0 Emirates FC pour 3 saisons (officiel) - le regard du sportif","robots":{"index":"index","follow":"follow","max-snippet":"max-snippet:-1","max-image-preview":"max-image-preview:large","max-video-preview":"max-video-preview:-1"},"canonical":"https:\/\/oeilsportif.info\/index.php\/transfert-oumar-keita-signe-a-emirates-fc-pour-3-saisons-officiel\/","og_locale":"fr_FR","og_type":"article","og_title":"Transfert : Oumar KEITA signe \u00e0 Emirates FC pour 3 saisons (officiel) - le regard du sportif","og_description":"Apr\u00e8s avoir port\u00e9 les couleurs du Wakriya AC la saison derni\u00e8re, Oumar KEITA quitte officiellement le club de Bok\u00e9 et s\u2019engage dans une nouvelle exp\u00e9rience \u00e0 l\u2019internationale. Le milieu de terrain guin\u00e9en vient de signer un contrat de trois (3) saison en faveur du club Emirates FC aux \u00c9mirats Arabes Unis. Cette signature fait suite [&hellip;]","og_url":"https:\/\/oeilsportif.info\/index.php\/transfert-oumar-keita-signe-a-emirates-fc-pour-3-saisons-officiel\/","og_site_name":"le regard du sportif","article_published_time":"2022-08-20T16:40:38+00:00","og_image":[{"width":960,"height":615,"url":"https:\/\/oeilsportif.info\/wp-content\/uploads\/2022\/08\/FB_IMG_1661013385375.jpg","type":"image\/jpeg"}],"author":"L'Equipe de la R\u00e9daction","twitter_misc":{"\u00c9crit par":"L'Equipe de la R\u00e9daction","Dur\u00e9e de lecture estim\u00e9e":"1 minute"},"schema":{"@context":"https:\/\/schema.org","@graph":[{"@type":"Article","@id":"https:\/\/oeilsportif.info\/index.php\/transfert-oumar-keita-signe-a-emirates-fc-pour-3-saisons-officiel\/#article","isPartOf":{"@id":"https:\/\/oeilsportif.info\/index.php\/transfert-oumar-keita-signe-a-emirates-fc-pour-3-saisons-officiel\/"},"author":{"name":"L'Equipe de la R\u00e9daction","@id":"https:\/\/oeilsportif.info\/#\/schema\/person\/cfbded294aa6095f7d96608d7905e9a1"},"headline":"Transfert : Oumar KEITA signe \u00e0 Emirates FC pour 3 saisons (officiel)","datePublished":"2022-08-20T16:40:38+00:00","mainEntityOfPage":{"@id":"https:\/\/oeilsportif.info\/index.php\/transfert-oumar-keita-signe-a-emirates-fc-pour-3-saisons-officiel\/"},"wordCount":210,"image":{"@id":"https:\/\/oeilsportif.info\/index.php\/transfert-oumar-keita-signe-a-emirates-fc-pour-3-saisons-officiel\/#primaryimage"},"thumbnailUrl":"https:\/\/i0.wp.com\/oeilsportif.info\/wp-content\/uploads\/2022\/08\/FB_IMG_1661013385375.jpg?fit=960%2C615&ssl=1","articleSection":["Football"],"inLanguage":"fr-FR"},{"@type":"WebPage","@id":"https:\/\/oeilsportif.info\/index.php\/transfert-oumar-keita-signe-a-emirates-fc-pour-3-saisons-officiel\/","url":"https:\/\/oeilsportif.info\/index.php\/transfert-oumar-keita-signe-a-emirates-fc-pour-3-saisons-officiel\/","name":"Transfert : Oumar KEITA signe \u00e0 Emirates FC pour 3 saisons (officiel) - le regard du sportif","isPartOf":{"@id":"https:\/\/oeilsportif.info\/#website"},"primaryImageOfPage":{"@id":"https:\/\/oeilsportif.info\/index.php\/transfert-oumar-keita-signe-a-emirates-fc-pour-3-saisons-officiel\/#primaryimage"},"image":{"@id":"https:\/\/oeilsportif.info\/index.php\/transfert-oumar-keita-signe-a-emirates-fc-pour-3-saisons-officiel\/#primaryimage"},"thumbnailUrl":"https:\/\/i0.wp.com\/oeilsportif.info\/wp-content\/uploads\/2022\/08\/FB_IMG_1661013385375.jpg?fit=960%2C615&ssl=1","datePublished":"2022-08-20T16:40:38+00:00","author":{"@id":"https:\/\/oeilsportif.info\/#\/schema\/person\/cfbded294aa6095f7d96608d7905e9a1"},"inLanguage":"fr-FR","potentialAction":[{"@type":"ReadAction","target":["https:\/\/oeilsportif.info\/index.php\/transfert-oumar-keita-signe-a-emirates-fc-pour-3-saisons-officiel\/"]}]},{"@type":"ImageObject","inLanguage":"fr-FR","@id":"https:\/\/oeilsportif.info\/index.php\/transfert-oumar-keita-signe-a-emirates-fc-pour-3-saisons-officiel\/#primaryimage","url":"https:\/\/i0.wp.com\/oeilsportif.info\/wp-content\/uploads\/2022\/08\/FB_IMG_1661013385375.jpg?fit=960%2C615&ssl=1","contentUrl":"https:\/\/i0.wp.com\/oeilsportif.info\/wp-content\/uploads\/2022\/08\/FB_IMG_1661013385375.jpg?fit=960%2C615&ssl=1","width":960,"height":615},{"@type":"WebSite","@id":"https:\/\/oeilsportif.info\/#website","url":"https:\/\/oeilsportif.info\/","name":"le regard du sportif","description":"","potentialAction":[{"@type":"SearchAction","target":{"@type":"EntryPoint","urlTemplate":"https:\/\/oeilsportif.info\/?s={search_term_string}"},"query-input":{"@type":"PropertyValueSpecification","valueRequired":true,"valueName":"search_term_string"}}],"inLanguage":"fr-FR"},{"@type":"Person","@id":"https:\/\/oeilsportif.info\/#\/schema\/person\/cfbded294aa6095f7d96608d7905e9a1","name":"L'Equipe de la R\u00e9daction","image":{"@type":"ImageObject","inLanguage":"fr-FR","@id":"https:\/\/oeilsportif.info\/wp-content\/uploads\/2025\/07\/cropped-cropped-logo-os-96x96.jpeg","url":"https:\/\/oeilsportif.info\/wp-content\/uploads\/2025\/07\/cropped-cropped-logo-os-96x96.jpeg","contentUrl":"https:\/\/oeilsportif.info\/wp-content\/uploads\/2025\/07\/cropped-cropped-logo-os-96x96.jpeg","caption":"L'Equipe de la R\u00e9daction"},"url":"https:\/\/oeilsportif.info\/index.php\/author\/tawel\/"}]}},"jetpack_publicize_connections":[],"jetpack_featured_media_url":"https:\/\/i0.wp.com\/oeilsportif.info\/wp-content\/uploads\/2022\/08\/FB_IMG_1661013385375.jpg?fit=960%2C615&ssl=1","jetpack-related-posts":[],"jetpack_sharing_enabled":true,"jetpack_likes_enabled":true,"jetpack_shortlink":"https:\/\/wp.me\/pgFE77-oj","_links":{"self":[{"href":"https:\/\/oeilsportif.info\/index.php\/wp-json\/wp\/v2\/posts\/1507","targetHints":{"allow":["GET"]}}],"collection":[{"href":"https:\/\/oeilsportif.info\/index.php\/wp-json\/wp\/v2\/posts"}],"about":[{"href":"https:\/\/oeilsportif.info\/index.php\/wp-json\/wp\/v2\/types\/post"}],"author":[{"embeddable":true,"href":"https:\/\/oeilsportif.info\/index.php\/wp-json\/wp\/v2\/users\/2"}],"replies":[{"embeddable":true,"href":"https:\/\/oeilsportif.info\/index.php\/wp-json\/wp\/v2\/comments?post=1507"}],"version-history":[{"count":0,"href":"https:\/\/oeilsportif.info\/index.php\/wp-json\/wp\/v2\/posts\/1507\/revisions"}],"wp:featuredmedia":[{"embeddable":true,"href":"https:\/\/oeilsportif.info\/index.php\/wp-json\/wp\/v2\/media\/1508"}],"wp:attachment":[{"href":"https:\/\/oeilsportif.info\/index.php\/wp-json\/wp\/v2\/media?parent=1507"}],"wp:term":[{"taxonomy":"category","embeddable":true,"href":"https:\/\/oeilsportif.info\/index.php\/wp-json\/wp\/v2\/categories?post=1507"},{"taxonomy":"post_tag","embeddable":true,"href":"https:\/\/oeilsportif.info\/index.php\/wp-json\/wp\/v2\/tags?post=1507"}],"curies":[{"name":"wp","href":"https:\/\/api.w.org\/{rel}","templated":true}]}}