{"id":1504,"date":"2022-08-20T08:39:32","date_gmt":"2022-08-20T08:39:32","guid":{"rendered":"https:\/\/oeilsportif.info\/index.php\/?p=1504"},"modified":"2022-08-20T08:39:32","modified_gmt":"2022-08-20T08:39:32","slug":"casimir-jagiello-nouveau-directeur-sportif-du-hafia-fc-lobjectif-cest-tout-simplement-amener-le-hafia-fc-la-ou-il-doit-etre","status":"publish","type":"post","link":"https:\/\/oeilsportif.info\/index.php\/casimir-jagiello-nouveau-directeur-sportif-du-hafia-fc-lobjectif-cest-tout-simplement-amener-le-hafia-fc-la-ou-il-doit-etre\/","title":{"rendered":"Casimir Jagiello nouveau Directeur Sportif du Hafia FC : \u00ab L\u2019objectif c\u2019est tout simplement amener le Hafia FC, l\u00e0 o\u00f9 il doit \u00eatre\u2026 \u00bb"},"content":{"rendered":"<p><strong>Mardi 16 ao\u00fbt 2022, Casimir Jagiello signait un contrat d\u2019une saison avec option, avec l\u2019\u00e9quipe du pr\u00e9sident Kerfalla Camara KPC comme Directeur Sportif. 72 heures apr\u00e8s la signature de son contrat, notre r\u00e9daction a rencontr\u00e9 l\u2019ancien manager de Royale Union Saint-Gilloise (Belgique) et ancien Directeur Sportif du Milo FC de Kankan, qui nous a fait partager ses sentiments apr\u00e8s avoir rejoint la famille du Hafia, avant de remercier son ancienne \u00e9quipe le Milo FC et nous parler de son objectif avec le premier triple champion d&rsquo;Afrique des clubs, qu\u2019il est s\u00fbr d\u2019atteindre vu l\u2019environnement de son nouveau club et l\u2019engagement de son pr\u00e9sident Kerfalla Camara KPC.<\/strong><br \/>\n<strong>Lisez l\u2019interview\u2026<\/strong><\/p>\n<p><strong>Il y a 72 heures vous signiez un contrat d\u2019une saison avec option avec le Hafia FC. Peut-on conna\u00eetre vos sentiments ?<\/strong><\/p>\n<p>Je suis tr\u00e8s heureux d\u2019\u00eatre dans la famille du Hafia FC. D\u00e8s que le Hafia m\u2019a rappel\u00e9, j\u2019\u00e9tais tr\u00e8s content. Puisque je suis en Guin\u00e9e depuis deux ann\u00e9es, je connais tr\u00e8s bien maintenant le football guin\u00e9en. Je crois que, le Hafia a le potentiel pour pouvoir atteindre ses objectifs. Donc, c\u2019est avec un sentiment de reconnaissance pour mon travail effectu\u00e9 au Milo FC, que je remercie de passage et un fort sentiment de responsabilit\u00e9 que j\u2019ai accept\u00e9 la proposition faite par le Hafia FC.<\/p>\n<p><strong>Il<\/strong> <strong>y a une saison vous \u00e9tiez Directeur Sportif du Milo FC. Pourquoi avez vous sign\u00e9 au Hafia FC ?<\/strong><\/p>\n<p>Mon contact avec le Hafia ne date pas que de cette saison ! Mais cette fois-ci nous sommes arriv\u00e9s \u00e0 nous entendre. Pourquoi j\u2019ai sign\u00e9 au Hafia ? C\u2019est parce que le Hafia c\u2019est un grand club africain. Et j\u2019ai le sentiment qu\u2019ici, je peux mieux m\u2019exprimer. O\u00f9 je suis entour\u00e9 d\u2019un grand pr\u00e9sident plein de g\u00e9n\u00e9rosit\u00e9s et de partage d\u2019un c\u00f4t\u00e9, et de l\u2019autre, en personne le pr\u00e9sident d\u00e9l\u00e9gu\u00e9 ( Ifra Dieng), et le secr\u00e9taire g\u00e9n\u00e9ral ( Marco), qui connaissent le football et qui ont un grand amour pour le club. En plus, J\u2019ai l\u2019opportunit\u00e9 de pouvoir collaborer \u00e0 mon sens, avec l\u2019un des meilleurs staffs techniques du football guin\u00e9en. Et chaque fois que je suis venu au stade Petit Sory, j\u2019\u00e9tais tr\u00e8s bien n\u2019accueilli avec beaucoup de sympathie par toutes les personnes travaillant au Hafia FC. Donc je suis tr\u00e8s heureux de les retrouver maintenant et collaborer avec eux (\u2026 ).<\/p>\n<p><strong>Quels sont les objectifs qui vous ont \u00e9t\u00e9 assign\u00e9s ?<\/strong><\/p>\n<p>L\u2019objectif, c\u2019est tout simplement amener le Hafia l\u00e0 o\u00f9 il doit \u00eatre. C\u2019est \u00e0 dire chaque ann\u00e9e, jouer au moins dans les comp\u00e9tions africaines. Parce qu\u2019avec tout ce qui nous entoure, l\u2019installation que nous avons, l\u2019effort du pr\u00e9sident, avec tout ce qu\u2019il fait, nous sommes oblig\u00e9s d\u2019\u00eatre au top et comp\u00e9titifs \u00e0 tout moment main pas en Guin\u00e9e seulement (\u2026). Nous avons la possibilit\u00e9 pour obtenir ce r\u00e9sultat. Puisque le pr\u00e9sident met tout \u00e0 notre disposition pour arriver \u00e0 ce r\u00e9sultat (\u2026).<\/p>\n<p><strong>Vous avez eu le temps d\u2019observer le staff, les joueurs. Vous croyez atteindre cet objectif ?<\/strong><\/p>\n<p>Nos objectifs sont clairs. Au minimum jouer une coupe africaine chaque saison. Je connais bien le potentiel du Hafia, les qualit\u00e9s du staff technique et voyant ces param\u00e8tres, nous sommes dans l\u2019obligation d\u2019atteindre nos objectifs. On a beaucoup discut\u00e9 avec Pascal, Alpha (l\u2019entra\u00eeneur et l\u2019entraineur assistant du Hafia FC respectivement nlrd). J\u2019ai vu l\u2019\u00e9quipe de l\u2019ann\u00e9e pass\u00e9e \u00e0 plusieurs reprises. C\u2019\u00e9tait un peu incompr\u00e9hensible pour moi, que le Hafia s\u2019est retrouv\u00e9 \u00e0 la 7e place. Puisque j\u2019ai compar\u00e9 le potentiel du Hafia \u00e0 celui des autres \u00e9quipes, \u00e0 mon sens c\u2019\u00e9tait \u00e9tonnant qu\u2019il n\u2019 y arrive pas. C\u2019est surtout la grande responsabilit\u00e9 pour nous et une motivation&#8230; Mais tous ensemble je crois, puisque nous sommes dans le m\u00eame bateau. Ce n\u2019est pas uniquement sur le terrain, mais toute la famille du Hafia doit \u00eatre fix\u00e9e sur le m\u00eame objectif pour justement y arriver. Vous savez, un seul individu ne peut rien faire dans le foot ! Il faut \u00eatre soutenu, accompagn\u00e9 et \u00eatre compris\u2026 Je crois que ces param\u00e8tres l\u00e0, nous allons les retrouver ici. Pour v\u00e9hiculer une image tr\u00e8s positive des (vert et blanc) sur le terrain et en dehors du terrain. Une image remplie de simplicit\u00e9 et de respect. C\u2019est notre devoir \u00e0 l\u2019image de notre pr\u00e9sident Monsieur Kerfalla Camara KPC.<\/p>\n<p><strong>S\u00e9kouna Camara<\/strong><\/p>\n","protected":false},"excerpt":{"rendered":"<p>Mardi 16 ao\u00fbt 2022, Casimir Jagiello signait un contrat d\u2019une saison avec option, avec l\u2019\u00e9quipe du pr\u00e9sident Kerfalla Camara KPC comme Directeur Sportif. 72 heures apr\u00e8s la signature de son contrat, notre r\u00e9daction a rencontr\u00e9 l\u2019ancien manager de Royale Union Saint-Gilloise (Belgique) et ancien Directeur Sportif du Milo FC de Kankan, qui nous a fait [&hellip;]<\/p>\n","protected":false},"author":2,"featured_media":1505,"comment_status":"closed","ping_status":"open","sticky":false,"template":"","format":"standard","meta":{"_jetpack_memberships_contains_paid_content":false,"footnotes":"","jetpack_publicize_message":"","jetpack_publicize_feature_enabled":true,"jetpack_social_post_already_shared":true,"jetpack_social_options":{"image_generator_settings":{"template":"highway","default_image_id":0,"font":"","enabled":false},"version":2}},"categories":[5],"tags":[],"class_list":{"0":"post-1504","1":"post","2":"type-post","3":"status-publish","4":"format-standard","5":"has-post-thumbnail","7":"category-football"},"yoast_head":"<!-- This site is optimized with the Yoast SEO plugin v27.4 - https:\/\/yoast.com\/product\/yoast-seo-wordpress\/ -->\n<title>Casimir Jagiello nouveau Directeur Sportif du Hafia FC : \u00ab L\u2019objectif c\u2019est tout simplement amener le Hafia FC, l\u00e0 o\u00f9 il doit \u00eatre\u2026 \u00bb - le regard du sportif<\/title>\n<meta name=\"robots\" content=\"index, follow, max-snippet:-1, max-image-preview:large, max-video-preview:-1\" \/>\n<link rel=\"canonical\" href=\"https:\/\/oeilsportif.info\/index.php\/casimir-jagiello-nouveau-directeur-sportif-du-hafia-fc-lobjectif-cest-tout-simplement-amener-le-hafia-fc-la-ou-il-doit-etre\/\" \/>\n<meta property=\"og:locale\" content=\"fr_FR\" \/>\n<meta property=\"og:type\" content=\"article\" \/>\n<meta property=\"og:title\" content=\"Casimir Jagiello nouveau Directeur Sportif du Hafia FC : \u00ab L\u2019objectif c\u2019est tout simplement amener le Hafia FC, l\u00e0 o\u00f9 il doit \u00eatre\u2026 \u00bb - le regard du sportif\" \/>\n<meta property=\"og:description\" content=\"Mardi 16 ao\u00fbt 2022, Casimir Jagiello signait un contrat d\u2019une saison avec option, avec l\u2019\u00e9quipe du pr\u00e9sident Kerfalla Camara KPC comme Directeur Sportif. 72 heures apr\u00e8s la signature de son contrat, notre r\u00e9daction a rencontr\u00e9 l\u2019ancien manager de Royale Union Saint-Gilloise (Belgique) et ancien Directeur Sportif du Milo FC de Kankan, qui nous a fait [&hellip;]\" \/>\n<meta property=\"og:url\" content=\"https:\/\/oeilsportif.info\/index.php\/casimir-jagiello-nouveau-directeur-sportif-du-hafia-fc-lobjectif-cest-tout-simplement-amener-le-hafia-fc-la-ou-il-doit-etre\/\" \/>\n<meta property=\"og:site_name\" content=\"le regard du sportif\" \/>\n<meta property=\"article:published_time\" content=\"2022-08-20T08:39:32+00:00\" \/>\n<meta property=\"og:image\" content=\"https:\/\/oeilsportif.info\/wp-content\/uploads\/2022\/08\/received_361469252859017.jpeg\" \/>\n\t<meta property=\"og:image:width\" content=\"1080\" \/>\n\t<meta property=\"og:image:height\" content=\"1292\" \/>\n\t<meta property=\"og:image:type\" content=\"image\/jpeg\" \/>\n<meta name=\"author\" content=\"L&#039;Equipe de la R\u00e9daction\" \/>\n<meta name=\"twitter:label1\" content=\"\u00c9crit par\" \/>\n\t<meta name=\"twitter:data1\" content=\"L&#039;Equipe de la R\u00e9daction\" \/>\n\t<meta name=\"twitter:label2\" content=\"Dur\u00e9e de lecture estim\u00e9e\" \/>\n\t<meta name=\"twitter:data2\" content=\"4 minutes\" \/>\n<script type=\"application\/ld+json\" class=\"yoast-schema-graph\">{\"@context\":\"https:\\\/\\\/schema.org\",\"@graph\":[{\"@type\":\"Article\",\"@id\":\"https:\\\/\\\/oeilsportif.info\\\/index.php\\\/casimir-jagiello-nouveau-directeur-sportif-du-hafia-fc-lobjectif-cest-tout-simplement-amener-le-hafia-fc-la-ou-il-doit-etre\\\/#article\",\"isPartOf\":{\"@id\":\"https:\\\/\\\/oeilsportif.info\\\/index.php\\\/casimir-jagiello-nouveau-directeur-sportif-du-hafia-fc-lobjectif-cest-tout-simplement-amener-le-hafia-fc-la-ou-il-doit-etre\\\/\"},\"author\":{\"name\":\"L'Equipe de la R\u00e9daction\",\"@id\":\"https:\\\/\\\/oeilsportif.info\\\/#\\\/schema\\\/person\\\/cfbded294aa6095f7d96608d7905e9a1\"},\"headline\":\"Casimir Jagiello nouveau Directeur Sportif du Hafia FC : \u00ab L\u2019objectif c\u2019est tout simplement amener le Hafia FC, l\u00e0 o\u00f9 il doit \u00eatre\u2026 \u00bb\",\"datePublished\":\"2022-08-20T08:39:32+00:00\",\"mainEntityOfPage\":{\"@id\":\"https:\\\/\\\/oeilsportif.info\\\/index.php\\\/casimir-jagiello-nouveau-directeur-sportif-du-hafia-fc-lobjectif-cest-tout-simplement-amener-le-hafia-fc-la-ou-il-doit-etre\\\/\"},\"wordCount\":813,\"image\":{\"@id\":\"https:\\\/\\\/oeilsportif.info\\\/index.php\\\/casimir-jagiello-nouveau-directeur-sportif-du-hafia-fc-lobjectif-cest-tout-simplement-amener-le-hafia-fc-la-ou-il-doit-etre\\\/#primaryimage\"},\"thumbnailUrl\":\"https:\\\/\\\/i0.wp.com\\\/oeilsportif.info\\\/wp-content\\\/uploads\\\/2022\\\/08\\\/received_361469252859017.jpeg?fit=1080%2C1292&ssl=1\",\"articleSection\":[\"Football\"],\"inLanguage\":\"fr-FR\"},{\"@type\":\"WebPage\",\"@id\":\"https:\\\/\\\/oeilsportif.info\\\/index.php\\\/casimir-jagiello-nouveau-directeur-sportif-du-hafia-fc-lobjectif-cest-tout-simplement-amener-le-hafia-fc-la-ou-il-doit-etre\\\/\",\"url\":\"https:\\\/\\\/oeilsportif.info\\\/index.php\\\/casimir-jagiello-nouveau-directeur-sportif-du-hafia-fc-lobjectif-cest-tout-simplement-amener-le-hafia-fc-la-ou-il-doit-etre\\\/\",\"name\":\"Casimir Jagiello nouveau Directeur Sportif du Hafia FC : \u00ab L\u2019objectif c\u2019est tout simplement amener le Hafia FC, l\u00e0 o\u00f9 il doit \u00eatre\u2026 \u00bb - le regard du sportif\",\"isPartOf\":{\"@id\":\"https:\\\/\\\/oeilsportif.info\\\/#website\"},\"primaryImageOfPage\":{\"@id\":\"https:\\\/\\\/oeilsportif.info\\\/index.php\\\/casimir-jagiello-nouveau-directeur-sportif-du-hafia-fc-lobjectif-cest-tout-simplement-amener-le-hafia-fc-la-ou-il-doit-etre\\\/#primaryimage\"},\"image\":{\"@id\":\"https:\\\/\\\/oeilsportif.info\\\/index.php\\\/casimir-jagiello-nouveau-directeur-sportif-du-hafia-fc-lobjectif-cest-tout-simplement-amener-le-hafia-fc-la-ou-il-doit-etre\\\/#primaryimage\"},\"thumbnailUrl\":\"https:\\\/\\\/i0.wp.com\\\/oeilsportif.info\\\/wp-content\\\/uploads\\\/2022\\\/08\\\/received_361469252859017.jpeg?fit=1080%2C1292&ssl=1\",\"datePublished\":\"2022-08-20T08:39:32+00:00\",\"author\":{\"@id\":\"https:\\\/\\\/oeilsportif.info\\\/#\\\/schema\\\/person\\\/cfbded294aa6095f7d96608d7905e9a1\"},\"inLanguage\":\"fr-FR\",\"potentialAction\":[{\"@type\":\"ReadAction\",\"target\":[\"https:\\\/\\\/oeilsportif.info\\\/index.php\\\/casimir-jagiello-nouveau-directeur-sportif-du-hafia-fc-lobjectif-cest-tout-simplement-amener-le-hafia-fc-la-ou-il-doit-etre\\\/\"]}]},{\"@type\":\"ImageObject\",\"inLanguage\":\"fr-FR\",\"@id\":\"https:\\\/\\\/oeilsportif.info\\\/index.php\\\/casimir-jagiello-nouveau-directeur-sportif-du-hafia-fc-lobjectif-cest-tout-simplement-amener-le-hafia-fc-la-ou-il-doit-etre\\\/#primaryimage\",\"url\":\"https:\\\/\\\/i0.wp.com\\\/oeilsportif.info\\\/wp-content\\\/uploads\\\/2022\\\/08\\\/received_361469252859017.jpeg?fit=1080%2C1292&ssl=1\",\"contentUrl\":\"https:\\\/\\\/i0.wp.com\\\/oeilsportif.info\\\/wp-content\\\/uploads\\\/2022\\\/08\\\/received_361469252859017.jpeg?fit=1080%2C1292&ssl=1\",\"width\":1080,\"height\":1292},{\"@type\":\"WebSite\",\"@id\":\"https:\\\/\\\/oeilsportif.info\\\/#website\",\"url\":\"https:\\\/\\\/oeilsportif.info\\\/\",\"name\":\"le regard du sportif\",\"description\":\"\",\"potentialAction\":[{\"@type\":\"SearchAction\",\"target\":{\"@type\":\"EntryPoint\",\"urlTemplate\":\"https:\\\/\\\/oeilsportif.info\\\/?s={search_term_string}\"},\"query-input\":{\"@type\":\"PropertyValueSpecification\",\"valueRequired\":true,\"valueName\":\"search_term_string\"}}],\"inLanguage\":\"fr-FR\"},{\"@type\":\"Person\",\"@id\":\"https:\\\/\\\/oeilsportif.info\\\/#\\\/schema\\\/person\\\/cfbded294aa6095f7d96608d7905e9a1\",\"name\":\"L'Equipe de la R\u00e9daction\",\"image\":{\"@type\":\"ImageObject\",\"inLanguage\":\"fr-FR\",\"@id\":\"https:\\\/\\\/oeilsportif.info\\\/wp-content\\\/uploads\\\/2025\\\/07\\\/cropped-cropped-logo-os-96x96.jpeg\",\"url\":\"https:\\\/\\\/oeilsportif.info\\\/wp-content\\\/uploads\\\/2025\\\/07\\\/cropped-cropped-logo-os-96x96.jpeg\",\"contentUrl\":\"https:\\\/\\\/oeilsportif.info\\\/wp-content\\\/uploads\\\/2025\\\/07\\\/cropped-cropped-logo-os-96x96.jpeg\",\"caption\":\"L'Equipe de la R\u00e9daction\"},\"url\":\"https:\\\/\\\/oeilsportif.info\\\/index.php\\\/author\\\/tawel\\\/\"}]}<\/script>\n<!-- \/ Yoast SEO plugin. -->","yoast_head_json":{"title":"Casimir Jagiello nouveau Directeur Sportif du Hafia FC : \u00ab L\u2019objectif c\u2019est tout simplement amener le Hafia FC, l\u00e0 o\u00f9 il doit \u00eatre\u2026 \u00bb - le regard du sportif","robots":{"index":"index","follow":"follow","max-snippet":"max-snippet:-1","max-image-preview":"max-image-preview:large","max-video-preview":"max-video-preview:-1"},"canonical":"https:\/\/oeilsportif.info\/index.php\/casimir-jagiello-nouveau-directeur-sportif-du-hafia-fc-lobjectif-cest-tout-simplement-amener-le-hafia-fc-la-ou-il-doit-etre\/","og_locale":"fr_FR","og_type":"article","og_title":"Casimir Jagiello nouveau Directeur Sportif du Hafia FC : \u00ab L\u2019objectif c\u2019est tout simplement amener le Hafia FC, l\u00e0 o\u00f9 il doit \u00eatre\u2026 \u00bb - le regard du sportif","og_description":"Mardi 16 ao\u00fbt 2022, Casimir Jagiello signait un contrat d\u2019une saison avec option, avec l\u2019\u00e9quipe du pr\u00e9sident Kerfalla Camara KPC comme Directeur Sportif. 72 heures apr\u00e8s la signature de son contrat, notre r\u00e9daction a rencontr\u00e9 l\u2019ancien manager de Royale Union Saint-Gilloise (Belgique) et ancien Directeur Sportif du Milo FC de Kankan, qui nous a fait [&hellip;]","og_url":"https:\/\/oeilsportif.info\/index.php\/casimir-jagiello-nouveau-directeur-sportif-du-hafia-fc-lobjectif-cest-tout-simplement-amener-le-hafia-fc-la-ou-il-doit-etre\/","og_site_name":"le regard du sportif","article_published_time":"2022-08-20T08:39:32+00:00","og_image":[{"width":1080,"height":1292,"url":"https:\/\/oeilsportif.info\/wp-content\/uploads\/2022\/08\/received_361469252859017.jpeg","type":"image\/jpeg"}],"author":"L'Equipe de la R\u00e9daction","twitter_misc":{"\u00c9crit par":"L'Equipe de la R\u00e9daction","Dur\u00e9e de lecture estim\u00e9e":"4 minutes"},"schema":{"@context":"https:\/\/schema.org","@graph":[{"@type":"Article","@id":"https:\/\/oeilsportif.info\/index.php\/casimir-jagiello-nouveau-directeur-sportif-du-hafia-fc-lobjectif-cest-tout-simplement-amener-le-hafia-fc-la-ou-il-doit-etre\/#article","isPartOf":{"@id":"https:\/\/oeilsportif.info\/index.php\/casimir-jagiello-nouveau-directeur-sportif-du-hafia-fc-lobjectif-cest-tout-simplement-amener-le-hafia-fc-la-ou-il-doit-etre\/"},"author":{"name":"L'Equipe de la R\u00e9daction","@id":"https:\/\/oeilsportif.info\/#\/schema\/person\/cfbded294aa6095f7d96608d7905e9a1"},"headline":"Casimir Jagiello nouveau Directeur Sportif du Hafia FC : \u00ab L\u2019objectif c\u2019est tout simplement amener le Hafia FC, l\u00e0 o\u00f9 il doit \u00eatre\u2026 \u00bb","datePublished":"2022-08-20T08:39:32+00:00","mainEntityOfPage":{"@id":"https:\/\/oeilsportif.info\/index.php\/casimir-jagiello-nouveau-directeur-sportif-du-hafia-fc-lobjectif-cest-tout-simplement-amener-le-hafia-fc-la-ou-il-doit-etre\/"},"wordCount":813,"image":{"@id":"https:\/\/oeilsportif.info\/index.php\/casimir-jagiello-nouveau-directeur-sportif-du-hafia-fc-lobjectif-cest-tout-simplement-amener-le-hafia-fc-la-ou-il-doit-etre\/#primaryimage"},"thumbnailUrl":"https:\/\/i0.wp.com\/oeilsportif.info\/wp-content\/uploads\/2022\/08\/received_361469252859017.jpeg?fit=1080%2C1292&ssl=1","articleSection":["Football"],"inLanguage":"fr-FR"},{"@type":"WebPage","@id":"https:\/\/oeilsportif.info\/index.php\/casimir-jagiello-nouveau-directeur-sportif-du-hafia-fc-lobjectif-cest-tout-simplement-amener-le-hafia-fc-la-ou-il-doit-etre\/","url":"https:\/\/oeilsportif.info\/index.php\/casimir-jagiello-nouveau-directeur-sportif-du-hafia-fc-lobjectif-cest-tout-simplement-amener-le-hafia-fc-la-ou-il-doit-etre\/","name":"Casimir Jagiello nouveau Directeur Sportif du Hafia FC : \u00ab L\u2019objectif c\u2019est tout simplement amener le Hafia FC, l\u00e0 o\u00f9 il doit \u00eatre\u2026 \u00bb - le regard du sportif","isPartOf":{"@id":"https:\/\/oeilsportif.info\/#website"},"primaryImageOfPage":{"@id":"https:\/\/oeilsportif.info\/index.php\/casimir-jagiello-nouveau-directeur-sportif-du-hafia-fc-lobjectif-cest-tout-simplement-amener-le-hafia-fc-la-ou-il-doit-etre\/#primaryimage"},"image":{"@id":"https:\/\/oeilsportif.info\/index.php\/casimir-jagiello-nouveau-directeur-sportif-du-hafia-fc-lobjectif-cest-tout-simplement-amener-le-hafia-fc-la-ou-il-doit-etre\/#primaryimage"},"thumbnailUrl":"https:\/\/i0.wp.com\/oeilsportif.info\/wp-content\/uploads\/2022\/08\/received_361469252859017.jpeg?fit=1080%2C1292&ssl=1","datePublished":"2022-08-20T08:39:32+00:00","author":{"@id":"https:\/\/oeilsportif.info\/#\/schema\/person\/cfbded294aa6095f7d96608d7905e9a1"},"inLanguage":"fr-FR","potentialAction":[{"@type":"ReadAction","target":["https:\/\/oeilsportif.info\/index.php\/casimir-jagiello-nouveau-directeur-sportif-du-hafia-fc-lobjectif-cest-tout-simplement-amener-le-hafia-fc-la-ou-il-doit-etre\/"]}]},{"@type":"ImageObject","inLanguage":"fr-FR","@id":"https:\/\/oeilsportif.info\/index.php\/casimir-jagiello-nouveau-directeur-sportif-du-hafia-fc-lobjectif-cest-tout-simplement-amener-le-hafia-fc-la-ou-il-doit-etre\/#primaryimage","url":"https:\/\/i0.wp.com\/oeilsportif.info\/wp-content\/uploads\/2022\/08\/received_361469252859017.jpeg?fit=1080%2C1292&ssl=1","contentUrl":"https:\/\/i0.wp.com\/oeilsportif.info\/wp-content\/uploads\/2022\/08\/received_361469252859017.jpeg?fit=1080%2C1292&ssl=1","width":1080,"height":1292},{"@type":"WebSite","@id":"https:\/\/oeilsportif.info\/#website","url":"https:\/\/oeilsportif.info\/","name":"le regard du sportif","description":"","potentialAction":[{"@type":"SearchAction","target":{"@type":"EntryPoint","urlTemplate":"https:\/\/oeilsportif.info\/?s={search_term_string}"},"query-input":{"@type":"PropertyValueSpecification","valueRequired":true,"valueName":"search_term_string"}}],"inLanguage":"fr-FR"},{"@type":"Person","@id":"https:\/\/oeilsportif.info\/#\/schema\/person\/cfbded294aa6095f7d96608d7905e9a1","name":"L'Equipe de la R\u00e9daction","image":{"@type":"ImageObject","inLanguage":"fr-FR","@id":"https:\/\/oeilsportif.info\/wp-content\/uploads\/2025\/07\/cropped-cropped-logo-os-96x96.jpeg","url":"https:\/\/oeilsportif.info\/wp-content\/uploads\/2025\/07\/cropped-cropped-logo-os-96x96.jpeg","contentUrl":"https:\/\/oeilsportif.info\/wp-content\/uploads\/2025\/07\/cropped-cropped-logo-os-96x96.jpeg","caption":"L'Equipe de la R\u00e9daction"},"url":"https:\/\/oeilsportif.info\/index.php\/author\/tawel\/"}]}},"jetpack_publicize_connections":[],"jetpack_featured_media_url":"https:\/\/i0.wp.com\/oeilsportif.info\/wp-content\/uploads\/2022\/08\/received_361469252859017.jpeg?fit=1080%2C1292&ssl=1","jetpack-related-posts":[],"jetpack_sharing_enabled":true,"jetpack_likes_enabled":true,"jetpack_shortlink":"https:\/\/wp.me\/pgFE77-og","_links":{"self":[{"href":"https:\/\/oeilsportif.info\/index.php\/wp-json\/wp\/v2\/posts\/1504","targetHints":{"allow":["GET"]}}],"collection":[{"href":"https:\/\/oeilsportif.info\/index.php\/wp-json\/wp\/v2\/posts"}],"about":[{"href":"https:\/\/oeilsportif.info\/index.php\/wp-json\/wp\/v2\/types\/post"}],"author":[{"embeddable":true,"href":"https:\/\/oeilsportif.info\/index.php\/wp-json\/wp\/v2\/users\/2"}],"replies":[{"embeddable":true,"href":"https:\/\/oeilsportif.info\/index.php\/wp-json\/wp\/v2\/comments?post=1504"}],"version-history":[{"count":0,"href":"https:\/\/oeilsportif.info\/index.php\/wp-json\/wp\/v2\/posts\/1504\/revisions"}],"wp:featuredmedia":[{"embeddable":true,"href":"https:\/\/oeilsportif.info\/index.php\/wp-json\/wp\/v2\/media\/1505"}],"wp:attachment":[{"href":"https:\/\/oeilsportif.info\/index.php\/wp-json\/wp\/v2\/media?parent=1504"}],"wp:term":[{"taxonomy":"category","embeddable":true,"href":"https:\/\/oeilsportif.info\/index.php\/wp-json\/wp\/v2\/categories?post=1504"},{"taxonomy":"post_tag","embeddable":true,"href":"https:\/\/oeilsportif.info\/index.php\/wp-json\/wp\/v2\/tags?post=1504"}],"curies":[{"name":"wp","href":"https:\/\/api.w.org\/{rel}","templated":true}]}}