{"id":1501,"date":"2022-08-19T20:59:54","date_gmt":"2022-08-19T20:59:54","guid":{"rendered":"https:\/\/oeilsportif.info\/index.php\/?p=1501"},"modified":"2022-08-19T20:59:54","modified_gmt":"2022-08-19T20:59:54","slug":"mercato-casemiro-dit-by-by-au-real-madrid-et-signe-a-m-u","status":"publish","type":"post","link":"https:\/\/oeilsportif.info\/index.php\/mercato-casemiro-dit-by-by-au-real-madrid-et-signe-a-m-u\/","title":{"rendered":"Mercato: Casemiro dit \u00ab\u00a0by by\u00a0\u00bb au Real Madrid et sign\u00e9 \u00e0 M.U !"},"content":{"rendered":"<p>C\u2019\u00e9tait dans l\u2019air, c\u2019est d\u00e9sormais officiel. Apr\u00e8s dix belles saisons pass\u00e9es au Real Madrid, Casemiro a d\u00e9cid\u00e9 de quitter la capitale espagnole et de rejoindre Manchester United. Apr\u00e8s avoir pass\u00e9 la traditionnelle visite m\u00e9dicale avec succ\u00e8s vendredi matin, le milieu de terrain se serait engag\u00e9 pour quatre saisons, plus une suppl\u00e9mentaire en option.<\/p>\n<p>Le Br\u00e9silien serait donc li\u00e9 \u00e0 Manchester United jusqu\u2019en 2026.<\/p>\n<p>L&rsquo;op\u00e9ration a co\u00fbt\u00e9 60 millions d&rsquo;euros plus 10 millions en bonus.<\/p>\n<p><strong>MoussavouBilla<\/strong><\/p>\n","protected":false},"excerpt":{"rendered":"<p>C\u2019\u00e9tait dans l\u2019air, c\u2019est d\u00e9sormais officiel. Apr\u00e8s dix belles saisons pass\u00e9es au Real Madrid, Casemiro a d\u00e9cid\u00e9 de quitter la capitale espagnole et de rejoindre Manchester United. Apr\u00e8s avoir pass\u00e9 la traditionnelle visite m\u00e9dicale avec succ\u00e8s vendredi matin, le milieu de terrain se serait engag\u00e9 pour quatre saisons, plus une suppl\u00e9mentaire en option. Le Br\u00e9silien [&hellip;]<\/p>\n","protected":false},"author":2,"featured_media":1502,"comment_status":"closed","ping_status":"open","sticky":false,"template":"","format":"standard","meta":{"_jetpack_memberships_contains_paid_content":false,"footnotes":"","jetpack_publicize_message":"","jetpack_publicize_feature_enabled":true,"jetpack_social_post_already_shared":true,"jetpack_social_options":{"image_generator_settings":{"template":"highway","default_image_id":0,"font":"","enabled":false},"version":2}},"categories":[5],"tags":[],"class_list":{"0":"post-1501","1":"post","2":"type-post","3":"status-publish","4":"format-standard","5":"has-post-thumbnail","7":"category-football"},"yoast_head":"<!-- This site is optimized with the Yoast SEO plugin v27.4 - https:\/\/yoast.com\/product\/yoast-seo-wordpress\/ -->\n<title>Mercato: Casemiro dit &quot;by by&quot; au Real Madrid et sign\u00e9 \u00e0 M.U ! - le regard du sportif<\/title>\n<meta name=\"robots\" content=\"index, follow, max-snippet:-1, max-image-preview:large, max-video-preview:-1\" \/>\n<link rel=\"canonical\" href=\"https:\/\/oeilsportif.info\/index.php\/mercato-casemiro-dit-by-by-au-real-madrid-et-signe-a-m-u\/\" \/>\n<meta property=\"og:locale\" content=\"fr_FR\" \/>\n<meta property=\"og:type\" content=\"article\" \/>\n<meta property=\"og:title\" content=\"Mercato: Casemiro dit &quot;by by&quot; au Real Madrid et sign\u00e9 \u00e0 M.U ! - le regard du sportif\" \/>\n<meta property=\"og:description\" content=\"C\u2019\u00e9tait dans l\u2019air, c\u2019est d\u00e9sormais officiel. Apr\u00e8s dix belles saisons pass\u00e9es au Real Madrid, Casemiro a d\u00e9cid\u00e9 de quitter la capitale espagnole et de rejoindre Manchester United. Apr\u00e8s avoir pass\u00e9 la traditionnelle visite m\u00e9dicale avec succ\u00e8s vendredi matin, le milieu de terrain se serait engag\u00e9 pour quatre saisons, plus une suppl\u00e9mentaire en option. Le Br\u00e9silien [&hellip;]\" \/>\n<meta property=\"og:url\" content=\"https:\/\/oeilsportif.info\/index.php\/mercato-casemiro-dit-by-by-au-real-madrid-et-signe-a-m-u\/\" \/>\n<meta property=\"og:site_name\" content=\"le regard du sportif\" \/>\n<meta property=\"article:published_time\" content=\"2022-08-19T20:59:54+00:00\" \/>\n<meta property=\"og:image\" content=\"https:\/\/oeilsportif.info\/wp-content\/uploads\/2022\/08\/FB_IMG_1660942649408.jpg\" \/>\n\t<meta property=\"og:image:width\" content=\"960\" \/>\n\t<meta property=\"og:image:height\" content=\"540\" \/>\n\t<meta property=\"og:image:type\" content=\"image\/jpeg\" \/>\n<meta name=\"author\" content=\"L&#039;Equipe de la R\u00e9daction\" \/>\n<meta name=\"twitter:label1\" content=\"\u00c9crit par\" \/>\n\t<meta name=\"twitter:data1\" content=\"L&#039;Equipe de la R\u00e9daction\" \/>\n\t<meta name=\"twitter:label2\" content=\"Dur\u00e9e de lecture estim\u00e9e\" \/>\n\t<meta name=\"twitter:data2\" content=\"1 minute\" \/>\n<script type=\"application\/ld+json\" class=\"yoast-schema-graph\">{\"@context\":\"https:\\\/\\\/schema.org\",\"@graph\":[{\"@type\":\"Article\",\"@id\":\"https:\\\/\\\/oeilsportif.info\\\/index.php\\\/mercato-casemiro-dit-by-by-au-real-madrid-et-signe-a-m-u\\\/#article\",\"isPartOf\":{\"@id\":\"https:\\\/\\\/oeilsportif.info\\\/index.php\\\/mercato-casemiro-dit-by-by-au-real-madrid-et-signe-a-m-u\\\/\"},\"author\":{\"name\":\"L'Equipe de la R\u00e9daction\",\"@id\":\"https:\\\/\\\/oeilsportif.info\\\/#\\\/schema\\\/person\\\/cfbded294aa6095f7d96608d7905e9a1\"},\"headline\":\"Mercato: Casemiro dit \u00ab\u00a0by by\u00a0\u00bb au Real Madrid et sign\u00e9 \u00e0 M.U !\",\"datePublished\":\"2022-08-19T20:59:54+00:00\",\"mainEntityOfPage\":{\"@id\":\"https:\\\/\\\/oeilsportif.info\\\/index.php\\\/mercato-casemiro-dit-by-by-au-real-madrid-et-signe-a-m-u\\\/\"},\"wordCount\":100,\"image\":{\"@id\":\"https:\\\/\\\/oeilsportif.info\\\/index.php\\\/mercato-casemiro-dit-by-by-au-real-madrid-et-signe-a-m-u\\\/#primaryimage\"},\"thumbnailUrl\":\"https:\\\/\\\/i0.wp.com\\\/oeilsportif.info\\\/wp-content\\\/uploads\\\/2022\\\/08\\\/FB_IMG_1660942649408.jpg?fit=960%2C540&ssl=1\",\"articleSection\":[\"Football\"],\"inLanguage\":\"fr-FR\"},{\"@type\":\"WebPage\",\"@id\":\"https:\\\/\\\/oeilsportif.info\\\/index.php\\\/mercato-casemiro-dit-by-by-au-real-madrid-et-signe-a-m-u\\\/\",\"url\":\"https:\\\/\\\/oeilsportif.info\\\/index.php\\\/mercato-casemiro-dit-by-by-au-real-madrid-et-signe-a-m-u\\\/\",\"name\":\"Mercato: Casemiro dit \\\"by by\\\" au Real Madrid et sign\u00e9 \u00e0 M.U ! - le regard du sportif\",\"isPartOf\":{\"@id\":\"https:\\\/\\\/oeilsportif.info\\\/#website\"},\"primaryImageOfPage\":{\"@id\":\"https:\\\/\\\/oeilsportif.info\\\/index.php\\\/mercato-casemiro-dit-by-by-au-real-madrid-et-signe-a-m-u\\\/#primaryimage\"},\"image\":{\"@id\":\"https:\\\/\\\/oeilsportif.info\\\/index.php\\\/mercato-casemiro-dit-by-by-au-real-madrid-et-signe-a-m-u\\\/#primaryimage\"},\"thumbnailUrl\":\"https:\\\/\\\/i0.wp.com\\\/oeilsportif.info\\\/wp-content\\\/uploads\\\/2022\\\/08\\\/FB_IMG_1660942649408.jpg?fit=960%2C540&ssl=1\",\"datePublished\":\"2022-08-19T20:59:54+00:00\",\"author\":{\"@id\":\"https:\\\/\\\/oeilsportif.info\\\/#\\\/schema\\\/person\\\/cfbded294aa6095f7d96608d7905e9a1\"},\"inLanguage\":\"fr-FR\",\"potentialAction\":[{\"@type\":\"ReadAction\",\"target\":[\"https:\\\/\\\/oeilsportif.info\\\/index.php\\\/mercato-casemiro-dit-by-by-au-real-madrid-et-signe-a-m-u\\\/\"]}]},{\"@type\":\"ImageObject\",\"inLanguage\":\"fr-FR\",\"@id\":\"https:\\\/\\\/oeilsportif.info\\\/index.php\\\/mercato-casemiro-dit-by-by-au-real-madrid-et-signe-a-m-u\\\/#primaryimage\",\"url\":\"https:\\\/\\\/i0.wp.com\\\/oeilsportif.info\\\/wp-content\\\/uploads\\\/2022\\\/08\\\/FB_IMG_1660942649408.jpg?fit=960%2C540&ssl=1\",\"contentUrl\":\"https:\\\/\\\/i0.wp.com\\\/oeilsportif.info\\\/wp-content\\\/uploads\\\/2022\\\/08\\\/FB_IMG_1660942649408.jpg?fit=960%2C540&ssl=1\",\"width\":960,\"height\":540},{\"@type\":\"WebSite\",\"@id\":\"https:\\\/\\\/oeilsportif.info\\\/#website\",\"url\":\"https:\\\/\\\/oeilsportif.info\\\/\",\"name\":\"le regard du sportif\",\"description\":\"\",\"potentialAction\":[{\"@type\":\"SearchAction\",\"target\":{\"@type\":\"EntryPoint\",\"urlTemplate\":\"https:\\\/\\\/oeilsportif.info\\\/?s={search_term_string}\"},\"query-input\":{\"@type\":\"PropertyValueSpecification\",\"valueRequired\":true,\"valueName\":\"search_term_string\"}}],\"inLanguage\":\"fr-FR\"},{\"@type\":\"Person\",\"@id\":\"https:\\\/\\\/oeilsportif.info\\\/#\\\/schema\\\/person\\\/cfbded294aa6095f7d96608d7905e9a1\",\"name\":\"L'Equipe de la R\u00e9daction\",\"image\":{\"@type\":\"ImageObject\",\"inLanguage\":\"fr-FR\",\"@id\":\"https:\\\/\\\/oeilsportif.info\\\/wp-content\\\/uploads\\\/2025\\\/07\\\/cropped-cropped-logo-os-96x96.jpeg\",\"url\":\"https:\\\/\\\/oeilsportif.info\\\/wp-content\\\/uploads\\\/2025\\\/07\\\/cropped-cropped-logo-os-96x96.jpeg\",\"contentUrl\":\"https:\\\/\\\/oeilsportif.info\\\/wp-content\\\/uploads\\\/2025\\\/07\\\/cropped-cropped-logo-os-96x96.jpeg\",\"caption\":\"L'Equipe de la R\u00e9daction\"},\"url\":\"https:\\\/\\\/oeilsportif.info\\\/index.php\\\/author\\\/tawel\\\/\"}]}<\/script>\n<!-- \/ Yoast SEO plugin. -->","yoast_head_json":{"title":"Mercato: Casemiro dit \"by by\" au Real Madrid et sign\u00e9 \u00e0 M.U ! - le regard du sportif","robots":{"index":"index","follow":"follow","max-snippet":"max-snippet:-1","max-image-preview":"max-image-preview:large","max-video-preview":"max-video-preview:-1"},"canonical":"https:\/\/oeilsportif.info\/index.php\/mercato-casemiro-dit-by-by-au-real-madrid-et-signe-a-m-u\/","og_locale":"fr_FR","og_type":"article","og_title":"Mercato: Casemiro dit \"by by\" au Real Madrid et sign\u00e9 \u00e0 M.U ! - le regard du sportif","og_description":"C\u2019\u00e9tait dans l\u2019air, c\u2019est d\u00e9sormais officiel. Apr\u00e8s dix belles saisons pass\u00e9es au Real Madrid, Casemiro a d\u00e9cid\u00e9 de quitter la capitale espagnole et de rejoindre Manchester United. Apr\u00e8s avoir pass\u00e9 la traditionnelle visite m\u00e9dicale avec succ\u00e8s vendredi matin, le milieu de terrain se serait engag\u00e9 pour quatre saisons, plus une suppl\u00e9mentaire en option. Le Br\u00e9silien [&hellip;]","og_url":"https:\/\/oeilsportif.info\/index.php\/mercato-casemiro-dit-by-by-au-real-madrid-et-signe-a-m-u\/","og_site_name":"le regard du sportif","article_published_time":"2022-08-19T20:59:54+00:00","og_image":[{"width":960,"height":540,"url":"https:\/\/oeilsportif.info\/wp-content\/uploads\/2022\/08\/FB_IMG_1660942649408.jpg","type":"image\/jpeg"}],"author":"L'Equipe de la R\u00e9daction","twitter_misc":{"\u00c9crit par":"L'Equipe de la R\u00e9daction","Dur\u00e9e de lecture estim\u00e9e":"1 minute"},"schema":{"@context":"https:\/\/schema.org","@graph":[{"@type":"Article","@id":"https:\/\/oeilsportif.info\/index.php\/mercato-casemiro-dit-by-by-au-real-madrid-et-signe-a-m-u\/#article","isPartOf":{"@id":"https:\/\/oeilsportif.info\/index.php\/mercato-casemiro-dit-by-by-au-real-madrid-et-signe-a-m-u\/"},"author":{"name":"L'Equipe de la R\u00e9daction","@id":"https:\/\/oeilsportif.info\/#\/schema\/person\/cfbded294aa6095f7d96608d7905e9a1"},"headline":"Mercato: Casemiro dit \u00ab\u00a0by by\u00a0\u00bb au Real Madrid et sign\u00e9 \u00e0 M.U !","datePublished":"2022-08-19T20:59:54+00:00","mainEntityOfPage":{"@id":"https:\/\/oeilsportif.info\/index.php\/mercato-casemiro-dit-by-by-au-real-madrid-et-signe-a-m-u\/"},"wordCount":100,"image":{"@id":"https:\/\/oeilsportif.info\/index.php\/mercato-casemiro-dit-by-by-au-real-madrid-et-signe-a-m-u\/#primaryimage"},"thumbnailUrl":"https:\/\/i0.wp.com\/oeilsportif.info\/wp-content\/uploads\/2022\/08\/FB_IMG_1660942649408.jpg?fit=960%2C540&ssl=1","articleSection":["Football"],"inLanguage":"fr-FR"},{"@type":"WebPage","@id":"https:\/\/oeilsportif.info\/index.php\/mercato-casemiro-dit-by-by-au-real-madrid-et-signe-a-m-u\/","url":"https:\/\/oeilsportif.info\/index.php\/mercato-casemiro-dit-by-by-au-real-madrid-et-signe-a-m-u\/","name":"Mercato: Casemiro dit \"by by\" au Real Madrid et sign\u00e9 \u00e0 M.U ! - le regard du sportif","isPartOf":{"@id":"https:\/\/oeilsportif.info\/#website"},"primaryImageOfPage":{"@id":"https:\/\/oeilsportif.info\/index.php\/mercato-casemiro-dit-by-by-au-real-madrid-et-signe-a-m-u\/#primaryimage"},"image":{"@id":"https:\/\/oeilsportif.info\/index.php\/mercato-casemiro-dit-by-by-au-real-madrid-et-signe-a-m-u\/#primaryimage"},"thumbnailUrl":"https:\/\/i0.wp.com\/oeilsportif.info\/wp-content\/uploads\/2022\/08\/FB_IMG_1660942649408.jpg?fit=960%2C540&ssl=1","datePublished":"2022-08-19T20:59:54+00:00","author":{"@id":"https:\/\/oeilsportif.info\/#\/schema\/person\/cfbded294aa6095f7d96608d7905e9a1"},"inLanguage":"fr-FR","potentialAction":[{"@type":"ReadAction","target":["https:\/\/oeilsportif.info\/index.php\/mercato-casemiro-dit-by-by-au-real-madrid-et-signe-a-m-u\/"]}]},{"@type":"ImageObject","inLanguage":"fr-FR","@id":"https:\/\/oeilsportif.info\/index.php\/mercato-casemiro-dit-by-by-au-real-madrid-et-signe-a-m-u\/#primaryimage","url":"https:\/\/i0.wp.com\/oeilsportif.info\/wp-content\/uploads\/2022\/08\/FB_IMG_1660942649408.jpg?fit=960%2C540&ssl=1","contentUrl":"https:\/\/i0.wp.com\/oeilsportif.info\/wp-content\/uploads\/2022\/08\/FB_IMG_1660942649408.jpg?fit=960%2C540&ssl=1","width":960,"height":540},{"@type":"WebSite","@id":"https:\/\/oeilsportif.info\/#website","url":"https:\/\/oeilsportif.info\/","name":"le regard du sportif","description":"","potentialAction":[{"@type":"SearchAction","target":{"@type":"EntryPoint","urlTemplate":"https:\/\/oeilsportif.info\/?s={search_term_string}"},"query-input":{"@type":"PropertyValueSpecification","valueRequired":true,"valueName":"search_term_string"}}],"inLanguage":"fr-FR"},{"@type":"Person","@id":"https:\/\/oeilsportif.info\/#\/schema\/person\/cfbded294aa6095f7d96608d7905e9a1","name":"L'Equipe de la R\u00e9daction","image":{"@type":"ImageObject","inLanguage":"fr-FR","@id":"https:\/\/oeilsportif.info\/wp-content\/uploads\/2025\/07\/cropped-cropped-logo-os-96x96.jpeg","url":"https:\/\/oeilsportif.info\/wp-content\/uploads\/2025\/07\/cropped-cropped-logo-os-96x96.jpeg","contentUrl":"https:\/\/oeilsportif.info\/wp-content\/uploads\/2025\/07\/cropped-cropped-logo-os-96x96.jpeg","caption":"L'Equipe de la R\u00e9daction"},"url":"https:\/\/oeilsportif.info\/index.php\/author\/tawel\/"}]}},"jetpack_publicize_connections":[],"jetpack_featured_media_url":"https:\/\/i0.wp.com\/oeilsportif.info\/wp-content\/uploads\/2022\/08\/FB_IMG_1660942649408.jpg?fit=960%2C540&ssl=1","jetpack-related-posts":[],"jetpack_sharing_enabled":true,"jetpack_likes_enabled":true,"jetpack_shortlink":"https:\/\/wp.me\/pgFE77-od","_links":{"self":[{"href":"https:\/\/oeilsportif.info\/index.php\/wp-json\/wp\/v2\/posts\/1501","targetHints":{"allow":["GET"]}}],"collection":[{"href":"https:\/\/oeilsportif.info\/index.php\/wp-json\/wp\/v2\/posts"}],"about":[{"href":"https:\/\/oeilsportif.info\/index.php\/wp-json\/wp\/v2\/types\/post"}],"author":[{"embeddable":true,"href":"https:\/\/oeilsportif.info\/index.php\/wp-json\/wp\/v2\/users\/2"}],"replies":[{"embeddable":true,"href":"https:\/\/oeilsportif.info\/index.php\/wp-json\/wp\/v2\/comments?post=1501"}],"version-history":[{"count":0,"href":"https:\/\/oeilsportif.info\/index.php\/wp-json\/wp\/v2\/posts\/1501\/revisions"}],"wp:featuredmedia":[{"embeddable":true,"href":"https:\/\/oeilsportif.info\/index.php\/wp-json\/wp\/v2\/media\/1502"}],"wp:attachment":[{"href":"https:\/\/oeilsportif.info\/index.php\/wp-json\/wp\/v2\/media?parent=1501"}],"wp:term":[{"taxonomy":"category","embeddable":true,"href":"https:\/\/oeilsportif.info\/index.php\/wp-json\/wp\/v2\/categories?post=1501"},{"taxonomy":"post_tag","embeddable":true,"href":"https:\/\/oeilsportif.info\/index.php\/wp-json\/wp\/v2\/tags?post=1501"}],"curies":[{"name":"wp","href":"https:\/\/api.w.org\/{rel}","templated":true}]}}