{"id":1495,"date":"2022-08-18T14:45:26","date_gmt":"2022-08-18T14:45:26","guid":{"rendered":"https:\/\/oeilsportif.info\/index.php\/?p=1495"},"modified":"2022-08-18T14:45:26","modified_gmt":"2022-08-18T14:45:26","slug":"mercato-guiebre-monte-dun-cranet-signe-serie-b-italienne","status":"publish","type":"post","link":"https:\/\/oeilsportif.info\/index.php\/mercato-guiebre-monte-dun-cranet-signe-serie-b-italienne\/","title":{"rendered":"Mercato: Guiebre monte d&rsquo;un \u00ab\u00a0cran\u00a0\u00bbet signe s\u00e9rie B italienne.."},"content":{"rendered":"<p><strong>Depuis ce matin,l&rsquo;on apprend que l&rsquo;arri\u00e8re gauche Burkinab\u00e8 Abdoul Razack Guiebre (24ans) s&rsquo;est engag\u00e9 avec le club de BARI en s\u00e9rie B italienne(D2).<\/strong><\/p>\n<p>Un accord a \u00e9t\u00e9 trouv\u00e9 mais Guiebre restera en pr\u00eat pour cette nouvelle saison dans son club actuel le SS Monopoli en Serie C (D3 italienne)<\/p>\n<p>Guiebre a \u00e9t\u00e9 auteur de pr\u00e8s de 40 matchs la saison \u00e9coul\u00e9e avec Monopolis et rejoindra donc Bari Bari Football Club la saison prochaine.<\/p>\n<p>MoussavouBilla<\/p>\n","protected":false},"excerpt":{"rendered":"<p>Depuis ce matin,l&rsquo;on apprend que l&rsquo;arri\u00e8re gauche Burkinab\u00e8 Abdoul Razack Guiebre (24ans) s&rsquo;est engag\u00e9 avec le club de BARI en s\u00e9rie B italienne(D2). Un accord a \u00e9t\u00e9 trouv\u00e9 mais Guiebre restera en pr\u00eat pour cette nouvelle saison dans son club actuel le SS Monopoli en Serie C (D3 italienne) Guiebre a \u00e9t\u00e9 auteur de pr\u00e8s [&hellip;]<\/p>\n","protected":false},"author":2,"featured_media":1496,"comment_status":"closed","ping_status":"open","sticky":false,"template":"","format":"standard","meta":{"_jetpack_memberships_contains_paid_content":false,"footnotes":"","jetpack_publicize_message":"","jetpack_publicize_feature_enabled":true,"jetpack_social_post_already_shared":true,"jetpack_social_options":{"image_generator_settings":{"template":"highway","default_image_id":0,"font":"","enabled":false},"version":2}},"categories":[5],"tags":[],"class_list":{"0":"post-1495","1":"post","2":"type-post","3":"status-publish","4":"format-standard","5":"has-post-thumbnail","7":"category-football"},"yoast_head":"<!-- This site is optimized with the Yoast SEO plugin v27.4 - https:\/\/yoast.com\/product\/yoast-seo-wordpress\/ -->\n<title>Mercato: Guiebre monte d&#039;un &quot;cran&quot;et signe s\u00e9rie B italienne.. - le regard du sportif<\/title>\n<meta name=\"robots\" content=\"index, follow, max-snippet:-1, max-image-preview:large, max-video-preview:-1\" \/>\n<link rel=\"canonical\" href=\"https:\/\/oeilsportif.info\/index.php\/mercato-guiebre-monte-dun-cranet-signe-serie-b-italienne\/\" \/>\n<meta property=\"og:locale\" content=\"fr_FR\" \/>\n<meta property=\"og:type\" content=\"article\" \/>\n<meta property=\"og:title\" content=\"Mercato: Guiebre monte d&#039;un &quot;cran&quot;et signe s\u00e9rie B italienne.. - le regard du sportif\" \/>\n<meta property=\"og:description\" content=\"Depuis ce matin,l&rsquo;on apprend que l&rsquo;arri\u00e8re gauche Burkinab\u00e8 Abdoul Razack Guiebre (24ans) s&rsquo;est engag\u00e9 avec le club de BARI en s\u00e9rie B italienne(D2). Un accord a \u00e9t\u00e9 trouv\u00e9 mais Guiebre restera en pr\u00eat pour cette nouvelle saison dans son club actuel le SS Monopoli en Serie C (D3 italienne) Guiebre a \u00e9t\u00e9 auteur de pr\u00e8s [&hellip;]\" \/>\n<meta property=\"og:url\" content=\"https:\/\/oeilsportif.info\/index.php\/mercato-guiebre-monte-dun-cranet-signe-serie-b-italienne\/\" \/>\n<meta property=\"og:site_name\" content=\"le regard du sportif\" \/>\n<meta property=\"article:published_time\" content=\"2022-08-18T14:45:26+00:00\" \/>\n<meta property=\"og:image\" content=\"https:\/\/oeilsportif.info\/wp-content\/uploads\/2022\/08\/FB_IMG_1660833803054.jpg\" \/>\n\t<meta property=\"og:image:width\" content=\"888\" \/>\n\t<meta property=\"og:image:height\" content=\"960\" \/>\n\t<meta property=\"og:image:type\" content=\"image\/jpeg\" \/>\n<meta name=\"author\" content=\"L&#039;Equipe de la R\u00e9daction\" \/>\n<meta name=\"twitter:label1\" content=\"\u00c9crit par\" \/>\n\t<meta name=\"twitter:data1\" content=\"L&#039;Equipe de la R\u00e9daction\" \/>\n\t<meta name=\"twitter:label2\" content=\"Dur\u00e9e de lecture estim\u00e9e\" \/>\n\t<meta name=\"twitter:data2\" content=\"1 minute\" \/>\n<script type=\"application\/ld+json\" class=\"yoast-schema-graph\">{\"@context\":\"https:\\\/\\\/schema.org\",\"@graph\":[{\"@type\":\"Article\",\"@id\":\"https:\\\/\\\/oeilsportif.info\\\/index.php\\\/mercato-guiebre-monte-dun-cranet-signe-serie-b-italienne\\\/#article\",\"isPartOf\":{\"@id\":\"https:\\\/\\\/oeilsportif.info\\\/index.php\\\/mercato-guiebre-monte-dun-cranet-signe-serie-b-italienne\\\/\"},\"author\":{\"name\":\"L'Equipe de la R\u00e9daction\",\"@id\":\"https:\\\/\\\/oeilsportif.info\\\/#\\\/schema\\\/person\\\/cfbded294aa6095f7d96608d7905e9a1\"},\"headline\":\"Mercato: Guiebre monte d&rsquo;un \u00ab\u00a0cran\u00a0\u00bbet signe s\u00e9rie B italienne..\",\"datePublished\":\"2022-08-18T14:45:26+00:00\",\"mainEntityOfPage\":{\"@id\":\"https:\\\/\\\/oeilsportif.info\\\/index.php\\\/mercato-guiebre-monte-dun-cranet-signe-serie-b-italienne\\\/\"},\"wordCount\":95,\"image\":{\"@id\":\"https:\\\/\\\/oeilsportif.info\\\/index.php\\\/mercato-guiebre-monte-dun-cranet-signe-serie-b-italienne\\\/#primaryimage\"},\"thumbnailUrl\":\"https:\\\/\\\/i0.wp.com\\\/oeilsportif.info\\\/wp-content\\\/uploads\\\/2022\\\/08\\\/FB_IMG_1660833803054.jpg?fit=888%2C960&ssl=1\",\"articleSection\":[\"Football\"],\"inLanguage\":\"fr-FR\"},{\"@type\":\"WebPage\",\"@id\":\"https:\\\/\\\/oeilsportif.info\\\/index.php\\\/mercato-guiebre-monte-dun-cranet-signe-serie-b-italienne\\\/\",\"url\":\"https:\\\/\\\/oeilsportif.info\\\/index.php\\\/mercato-guiebre-monte-dun-cranet-signe-serie-b-italienne\\\/\",\"name\":\"Mercato: Guiebre monte d'un \\\"cran\\\"et signe s\u00e9rie B italienne.. - le regard du sportif\",\"isPartOf\":{\"@id\":\"https:\\\/\\\/oeilsportif.info\\\/#website\"},\"primaryImageOfPage\":{\"@id\":\"https:\\\/\\\/oeilsportif.info\\\/index.php\\\/mercato-guiebre-monte-dun-cranet-signe-serie-b-italienne\\\/#primaryimage\"},\"image\":{\"@id\":\"https:\\\/\\\/oeilsportif.info\\\/index.php\\\/mercato-guiebre-monte-dun-cranet-signe-serie-b-italienne\\\/#primaryimage\"},\"thumbnailUrl\":\"https:\\\/\\\/i0.wp.com\\\/oeilsportif.info\\\/wp-content\\\/uploads\\\/2022\\\/08\\\/FB_IMG_1660833803054.jpg?fit=888%2C960&ssl=1\",\"datePublished\":\"2022-08-18T14:45:26+00:00\",\"author\":{\"@id\":\"https:\\\/\\\/oeilsportif.info\\\/#\\\/schema\\\/person\\\/cfbded294aa6095f7d96608d7905e9a1\"},\"inLanguage\":\"fr-FR\",\"potentialAction\":[{\"@type\":\"ReadAction\",\"target\":[\"https:\\\/\\\/oeilsportif.info\\\/index.php\\\/mercato-guiebre-monte-dun-cranet-signe-serie-b-italienne\\\/\"]}]},{\"@type\":\"ImageObject\",\"inLanguage\":\"fr-FR\",\"@id\":\"https:\\\/\\\/oeilsportif.info\\\/index.php\\\/mercato-guiebre-monte-dun-cranet-signe-serie-b-italienne\\\/#primaryimage\",\"url\":\"https:\\\/\\\/i0.wp.com\\\/oeilsportif.info\\\/wp-content\\\/uploads\\\/2022\\\/08\\\/FB_IMG_1660833803054.jpg?fit=888%2C960&ssl=1\",\"contentUrl\":\"https:\\\/\\\/i0.wp.com\\\/oeilsportif.info\\\/wp-content\\\/uploads\\\/2022\\\/08\\\/FB_IMG_1660833803054.jpg?fit=888%2C960&ssl=1\",\"width\":888,\"height\":960},{\"@type\":\"WebSite\",\"@id\":\"https:\\\/\\\/oeilsportif.info\\\/#website\",\"url\":\"https:\\\/\\\/oeilsportif.info\\\/\",\"name\":\"le regard du sportif\",\"description\":\"\",\"potentialAction\":[{\"@type\":\"SearchAction\",\"target\":{\"@type\":\"EntryPoint\",\"urlTemplate\":\"https:\\\/\\\/oeilsportif.info\\\/?s={search_term_string}\"},\"query-input\":{\"@type\":\"PropertyValueSpecification\",\"valueRequired\":true,\"valueName\":\"search_term_string\"}}],\"inLanguage\":\"fr-FR\"},{\"@type\":\"Person\",\"@id\":\"https:\\\/\\\/oeilsportif.info\\\/#\\\/schema\\\/person\\\/cfbded294aa6095f7d96608d7905e9a1\",\"name\":\"L'Equipe de la R\u00e9daction\",\"image\":{\"@type\":\"ImageObject\",\"inLanguage\":\"fr-FR\",\"@id\":\"https:\\\/\\\/oeilsportif.info\\\/wp-content\\\/uploads\\\/2025\\\/07\\\/cropped-cropped-logo-os-96x96.jpeg\",\"url\":\"https:\\\/\\\/oeilsportif.info\\\/wp-content\\\/uploads\\\/2025\\\/07\\\/cropped-cropped-logo-os-96x96.jpeg\",\"contentUrl\":\"https:\\\/\\\/oeilsportif.info\\\/wp-content\\\/uploads\\\/2025\\\/07\\\/cropped-cropped-logo-os-96x96.jpeg\",\"caption\":\"L'Equipe de la R\u00e9daction\"},\"url\":\"https:\\\/\\\/oeilsportif.info\\\/index.php\\\/author\\\/tawel\\\/\"}]}<\/script>\n<!-- \/ Yoast SEO plugin. -->","yoast_head_json":{"title":"Mercato: Guiebre monte d'un \"cran\"et signe s\u00e9rie B italienne.. - le regard du sportif","robots":{"index":"index","follow":"follow","max-snippet":"max-snippet:-1","max-image-preview":"max-image-preview:large","max-video-preview":"max-video-preview:-1"},"canonical":"https:\/\/oeilsportif.info\/index.php\/mercato-guiebre-monte-dun-cranet-signe-serie-b-italienne\/","og_locale":"fr_FR","og_type":"article","og_title":"Mercato: Guiebre monte d'un \"cran\"et signe s\u00e9rie B italienne.. - le regard du sportif","og_description":"Depuis ce matin,l&rsquo;on apprend que l&rsquo;arri\u00e8re gauche Burkinab\u00e8 Abdoul Razack Guiebre (24ans) s&rsquo;est engag\u00e9 avec le club de BARI en s\u00e9rie B italienne(D2). Un accord a \u00e9t\u00e9 trouv\u00e9 mais Guiebre restera en pr\u00eat pour cette nouvelle saison dans son club actuel le SS Monopoli en Serie C (D3 italienne) Guiebre a \u00e9t\u00e9 auteur de pr\u00e8s [&hellip;]","og_url":"https:\/\/oeilsportif.info\/index.php\/mercato-guiebre-monte-dun-cranet-signe-serie-b-italienne\/","og_site_name":"le regard du sportif","article_published_time":"2022-08-18T14:45:26+00:00","og_image":[{"width":888,"height":960,"url":"https:\/\/oeilsportif.info\/wp-content\/uploads\/2022\/08\/FB_IMG_1660833803054.jpg","type":"image\/jpeg"}],"author":"L'Equipe de la R\u00e9daction","twitter_misc":{"\u00c9crit par":"L'Equipe de la R\u00e9daction","Dur\u00e9e de lecture estim\u00e9e":"1 minute"},"schema":{"@context":"https:\/\/schema.org","@graph":[{"@type":"Article","@id":"https:\/\/oeilsportif.info\/index.php\/mercato-guiebre-monte-dun-cranet-signe-serie-b-italienne\/#article","isPartOf":{"@id":"https:\/\/oeilsportif.info\/index.php\/mercato-guiebre-monte-dun-cranet-signe-serie-b-italienne\/"},"author":{"name":"L'Equipe de la R\u00e9daction","@id":"https:\/\/oeilsportif.info\/#\/schema\/person\/cfbded294aa6095f7d96608d7905e9a1"},"headline":"Mercato: Guiebre monte d&rsquo;un \u00ab\u00a0cran\u00a0\u00bbet signe s\u00e9rie B italienne..","datePublished":"2022-08-18T14:45:26+00:00","mainEntityOfPage":{"@id":"https:\/\/oeilsportif.info\/index.php\/mercato-guiebre-monte-dun-cranet-signe-serie-b-italienne\/"},"wordCount":95,"image":{"@id":"https:\/\/oeilsportif.info\/index.php\/mercato-guiebre-monte-dun-cranet-signe-serie-b-italienne\/#primaryimage"},"thumbnailUrl":"https:\/\/i0.wp.com\/oeilsportif.info\/wp-content\/uploads\/2022\/08\/FB_IMG_1660833803054.jpg?fit=888%2C960&ssl=1","articleSection":["Football"],"inLanguage":"fr-FR"},{"@type":"WebPage","@id":"https:\/\/oeilsportif.info\/index.php\/mercato-guiebre-monte-dun-cranet-signe-serie-b-italienne\/","url":"https:\/\/oeilsportif.info\/index.php\/mercato-guiebre-monte-dun-cranet-signe-serie-b-italienne\/","name":"Mercato: Guiebre monte d'un \"cran\"et signe s\u00e9rie B italienne.. - le regard du sportif","isPartOf":{"@id":"https:\/\/oeilsportif.info\/#website"},"primaryImageOfPage":{"@id":"https:\/\/oeilsportif.info\/index.php\/mercato-guiebre-monte-dun-cranet-signe-serie-b-italienne\/#primaryimage"},"image":{"@id":"https:\/\/oeilsportif.info\/index.php\/mercato-guiebre-monte-dun-cranet-signe-serie-b-italienne\/#primaryimage"},"thumbnailUrl":"https:\/\/i0.wp.com\/oeilsportif.info\/wp-content\/uploads\/2022\/08\/FB_IMG_1660833803054.jpg?fit=888%2C960&ssl=1","datePublished":"2022-08-18T14:45:26+00:00","author":{"@id":"https:\/\/oeilsportif.info\/#\/schema\/person\/cfbded294aa6095f7d96608d7905e9a1"},"inLanguage":"fr-FR","potentialAction":[{"@type":"ReadAction","target":["https:\/\/oeilsportif.info\/index.php\/mercato-guiebre-monte-dun-cranet-signe-serie-b-italienne\/"]}]},{"@type":"ImageObject","inLanguage":"fr-FR","@id":"https:\/\/oeilsportif.info\/index.php\/mercato-guiebre-monte-dun-cranet-signe-serie-b-italienne\/#primaryimage","url":"https:\/\/i0.wp.com\/oeilsportif.info\/wp-content\/uploads\/2022\/08\/FB_IMG_1660833803054.jpg?fit=888%2C960&ssl=1","contentUrl":"https:\/\/i0.wp.com\/oeilsportif.info\/wp-content\/uploads\/2022\/08\/FB_IMG_1660833803054.jpg?fit=888%2C960&ssl=1","width":888,"height":960},{"@type":"WebSite","@id":"https:\/\/oeilsportif.info\/#website","url":"https:\/\/oeilsportif.info\/","name":"le regard du sportif","description":"","potentialAction":[{"@type":"SearchAction","target":{"@type":"EntryPoint","urlTemplate":"https:\/\/oeilsportif.info\/?s={search_term_string}"},"query-input":{"@type":"PropertyValueSpecification","valueRequired":true,"valueName":"search_term_string"}}],"inLanguage":"fr-FR"},{"@type":"Person","@id":"https:\/\/oeilsportif.info\/#\/schema\/person\/cfbded294aa6095f7d96608d7905e9a1","name":"L'Equipe de la R\u00e9daction","image":{"@type":"ImageObject","inLanguage":"fr-FR","@id":"https:\/\/oeilsportif.info\/wp-content\/uploads\/2025\/07\/cropped-cropped-logo-os-96x96.jpeg","url":"https:\/\/oeilsportif.info\/wp-content\/uploads\/2025\/07\/cropped-cropped-logo-os-96x96.jpeg","contentUrl":"https:\/\/oeilsportif.info\/wp-content\/uploads\/2025\/07\/cropped-cropped-logo-os-96x96.jpeg","caption":"L'Equipe de la R\u00e9daction"},"url":"https:\/\/oeilsportif.info\/index.php\/author\/tawel\/"}]}},"jetpack_publicize_connections":[],"jetpack_featured_media_url":"https:\/\/i0.wp.com\/oeilsportif.info\/wp-content\/uploads\/2022\/08\/FB_IMG_1660833803054.jpg?fit=888%2C960&ssl=1","jetpack-related-posts":[],"jetpack_sharing_enabled":true,"jetpack_likes_enabled":true,"jetpack_shortlink":"https:\/\/wp.me\/pgFE77-o7","_links":{"self":[{"href":"https:\/\/oeilsportif.info\/index.php\/wp-json\/wp\/v2\/posts\/1495","targetHints":{"allow":["GET"]}}],"collection":[{"href":"https:\/\/oeilsportif.info\/index.php\/wp-json\/wp\/v2\/posts"}],"about":[{"href":"https:\/\/oeilsportif.info\/index.php\/wp-json\/wp\/v2\/types\/post"}],"author":[{"embeddable":true,"href":"https:\/\/oeilsportif.info\/index.php\/wp-json\/wp\/v2\/users\/2"}],"replies":[{"embeddable":true,"href":"https:\/\/oeilsportif.info\/index.php\/wp-json\/wp\/v2\/comments?post=1495"}],"version-history":[{"count":0,"href":"https:\/\/oeilsportif.info\/index.php\/wp-json\/wp\/v2\/posts\/1495\/revisions"}],"wp:featuredmedia":[{"embeddable":true,"href":"https:\/\/oeilsportif.info\/index.php\/wp-json\/wp\/v2\/media\/1496"}],"wp:attachment":[{"href":"https:\/\/oeilsportif.info\/index.php\/wp-json\/wp\/v2\/media?parent=1495"}],"wp:term":[{"taxonomy":"category","embeddable":true,"href":"https:\/\/oeilsportif.info\/index.php\/wp-json\/wp\/v2\/categories?post=1495"},{"taxonomy":"post_tag","embeddable":true,"href":"https:\/\/oeilsportif.info\/index.php\/wp-json\/wp\/v2\/tags?post=1495"}],"curies":[{"name":"wp","href":"https:\/\/api.w.org\/{rel}","templated":true}]}}