{"id":1489,"date":"2022-08-17T11:33:11","date_gmt":"2022-08-17T11:33:11","guid":{"rendered":"https:\/\/oeilsportif.info\/index.php\/?p=1489"},"modified":"2022-08-17T11:33:11","modified_gmt":"2022-08-17T11:33:11","slug":"handisport-tir-sportif-david-dulin-la-gachette-mancelle-bientot-champion-du-monde","status":"publish","type":"post","link":"https:\/\/oeilsportif.info\/index.php\/handisport-tir-sportif-david-dulin-la-gachette-mancelle-bientot-champion-du-monde\/","title":{"rendered":"Handisport. Tir sportif : David Dulin, la g\u00e2chette mancelle, bient\u00f4t champion du monde ?"},"content":{"rendered":"<p><strong>En 2019, David Dulin d\u00e9couvre le tir sportif pour d\u00e9ficients visuels. Un vrai coup de c\u0153ur pour ce Manceau de 47 ans qui souffre d\u2019une d\u00e9g\u00e9n\u00e9ration de la r\u00e9tine. Depuis trois ans, il encha\u00eene les comp\u00e9titions, a gagn\u00e9 des titres nationaux et se pr\u00e9pare \u00e0 d\u00e9fier les meilleurs au monde. Un parcours sem\u00e9 d\u2019emb\u00fbches, auxquelles il r\u00e9pond de la m\u00eame mani\u00e8re : en tirant en plein dans le mille.<\/strong><\/p>\n<p>Triple champion de France en titre, deux participations \u00e0 des \u00e9preuves de Coupe du monde, en juin, \u00e0 Ch\u00e2teauroux, o\u00f9 il termine 6e en tir debout, 7e en coucher et 1er dans les deux cat\u00e9gories \u00e0 Munich (Allemagne). C\u2019est le palmar\u00e8s que s\u2019est construit le Sarthois David Dulin dans le tir sportif, \u00e0 10 m, destin\u00e9 aux d\u00e9ficients visuels, en seulement trois ans de pratique. C\u2019est dans son bureau de kin\u00e9sith\u00e9rapeute, en plein c\u0153ur du Mans, qu\u2019il accepte de se d\u00e9voiler. Son bureau exigu ressemble \u00e0 tout ce qu\u2019il y a de plus m\u00e9dical : une petite banquette rouge bordeaux sur laquelle Monique, sa coach, si\u00e8ge durant l\u2019entretien et des appareils de remise en forme. \u00c0 c\u00f4t\u00e9 se niche une batterie. Pas forc\u00e9ment pour son c\u00f4t\u00e9 m\u00e9lomane mais l\u2019instrument aide \u00e0 certaines r\u00e9\u00e9ducations. David, lui, prend place \u00e0 son bureau, imprimante derri\u00e8re la t\u00eate, polo sombre sur les \u00e9paules. Depuis ses 18 ans, David Dulin souffre d\u2019une d\u00e9g\u00e9n\u00e9ration de la r\u00e9tine. Sa vue baisse peu \u00e0 peu. Ses pupilles, elles, s\u2019agitent fr\u00e9n\u00e9tiquement lorsque l\u2019 on plonge dans son regard.<\/p>\n<p>OUEST-FRANCE<\/p>\n","protected":false},"excerpt":{"rendered":"<p>En 2019, David Dulin d\u00e9couvre le tir sportif pour d\u00e9ficients visuels. Un vrai coup de c\u0153ur pour ce Manceau de 47 ans qui souffre d\u2019une d\u00e9g\u00e9n\u00e9ration de la r\u00e9tine. Depuis trois ans, il encha\u00eene les comp\u00e9titions, a gagn\u00e9 des titres nationaux et se pr\u00e9pare \u00e0 d\u00e9fier les meilleurs au monde. Un parcours sem\u00e9 d\u2019emb\u00fbches, auxquelles [&hellip;]<\/p>\n","protected":false},"author":2,"featured_media":1490,"comment_status":"closed","ping_status":"open","sticky":false,"template":"","format":"standard","meta":{"_jetpack_memberships_contains_paid_content":false,"footnotes":"","jetpack_publicize_message":"","jetpack_publicize_feature_enabled":true,"jetpack_social_post_already_shared":true,"jetpack_social_options":{"image_generator_settings":{"template":"highway","default_image_id":0,"font":"","enabled":false},"version":2}},"categories":[9],"tags":[],"class_list":{"0":"post-1489","1":"post","2":"type-post","3":"status-publish","4":"format-standard","5":"has-post-thumbnail","7":"category-handisport"},"yoast_head":"<!-- This site is optimized with the Yoast SEO plugin v27.4 - https:\/\/yoast.com\/product\/yoast-seo-wordpress\/ -->\n<title>Handisport. Tir sportif : David Dulin, la g\u00e2chette mancelle, bient\u00f4t champion du monde ? - le regard du sportif<\/title>\n<meta name=\"robots\" content=\"index, follow, max-snippet:-1, max-image-preview:large, max-video-preview:-1\" \/>\n<link rel=\"canonical\" href=\"https:\/\/oeilsportif.info\/index.php\/handisport-tir-sportif-david-dulin-la-gachette-mancelle-bientot-champion-du-monde\/\" \/>\n<meta property=\"og:locale\" content=\"fr_FR\" \/>\n<meta property=\"og:type\" content=\"article\" \/>\n<meta property=\"og:title\" content=\"Handisport. Tir sportif : David Dulin, la g\u00e2chette mancelle, bient\u00f4t champion du monde ? - le regard du sportif\" \/>\n<meta property=\"og:description\" content=\"En 2019, David Dulin d\u00e9couvre le tir sportif pour d\u00e9ficients visuels. Un vrai coup de c\u0153ur pour ce Manceau de 47 ans qui souffre d\u2019une d\u00e9g\u00e9n\u00e9ration de la r\u00e9tine. Depuis trois ans, il encha\u00eene les comp\u00e9titions, a gagn\u00e9 des titres nationaux et se pr\u00e9pare \u00e0 d\u00e9fier les meilleurs au monde. Un parcours sem\u00e9 d\u2019emb\u00fbches, auxquelles [&hellip;]\" \/>\n<meta property=\"og:url\" content=\"https:\/\/oeilsportif.info\/index.php\/handisport-tir-sportif-david-dulin-la-gachette-mancelle-bientot-champion-du-monde\/\" \/>\n<meta property=\"og:site_name\" content=\"le regard du sportif\" \/>\n<meta property=\"article:published_time\" content=\"2022-08-17T11:33:11+00:00\" \/>\n<meta property=\"og:image\" content=\"https:\/\/oeilsportif.info\/wp-content\/uploads\/2022\/08\/MjAyMjA4ODAwM2I1Mjg3Zjc4YmQwMWIxNTE3NzdmZmU1NzJlM2I.jpeg\" \/>\n\t<meta property=\"og:image:width\" content=\"480\" \/>\n\t<meta property=\"og:image:height\" content=\"270\" \/>\n\t<meta property=\"og:image:type\" content=\"image\/jpeg\" \/>\n<meta name=\"author\" content=\"L&#039;Equipe de la R\u00e9daction\" \/>\n<meta name=\"twitter:label1\" content=\"\u00c9crit par\" \/>\n\t<meta name=\"twitter:data1\" content=\"L&#039;Equipe de la R\u00e9daction\" \/>\n\t<meta name=\"twitter:label2\" content=\"Dur\u00e9e de lecture estim\u00e9e\" \/>\n\t<meta name=\"twitter:data2\" content=\"2 minutes\" \/>\n<script type=\"application\/ld+json\" class=\"yoast-schema-graph\">{\"@context\":\"https:\\\/\\\/schema.org\",\"@graph\":[{\"@type\":\"Article\",\"@id\":\"https:\\\/\\\/oeilsportif.info\\\/index.php\\\/handisport-tir-sportif-david-dulin-la-gachette-mancelle-bientot-champion-du-monde\\\/#article\",\"isPartOf\":{\"@id\":\"https:\\\/\\\/oeilsportif.info\\\/index.php\\\/handisport-tir-sportif-david-dulin-la-gachette-mancelle-bientot-champion-du-monde\\\/\"},\"author\":{\"name\":\"L'Equipe de la R\u00e9daction\",\"@id\":\"https:\\\/\\\/oeilsportif.info\\\/#\\\/schema\\\/person\\\/cfbded294aa6095f7d96608d7905e9a1\"},\"headline\":\"Handisport. Tir sportif : David Dulin, la g\u00e2chette mancelle, bient\u00f4t champion du monde ?\",\"datePublished\":\"2022-08-17T11:33:11+00:00\",\"mainEntityOfPage\":{\"@id\":\"https:\\\/\\\/oeilsportif.info\\\/index.php\\\/handisport-tir-sportif-david-dulin-la-gachette-mancelle-bientot-champion-du-monde\\\/\"},\"wordCount\":296,\"image\":{\"@id\":\"https:\\\/\\\/oeilsportif.info\\\/index.php\\\/handisport-tir-sportif-david-dulin-la-gachette-mancelle-bientot-champion-du-monde\\\/#primaryimage\"},\"thumbnailUrl\":\"https:\\\/\\\/i0.wp.com\\\/oeilsportif.info\\\/wp-content\\\/uploads\\\/2022\\\/08\\\/MjAyMjA4ODAwM2I1Mjg3Zjc4YmQwMWIxNTE3NzdmZmU1NzJlM2I.jpeg?fit=480%2C270&ssl=1\",\"articleSection\":[\"Handisport\"],\"inLanguage\":\"fr-FR\"},{\"@type\":\"WebPage\",\"@id\":\"https:\\\/\\\/oeilsportif.info\\\/index.php\\\/handisport-tir-sportif-david-dulin-la-gachette-mancelle-bientot-champion-du-monde\\\/\",\"url\":\"https:\\\/\\\/oeilsportif.info\\\/index.php\\\/handisport-tir-sportif-david-dulin-la-gachette-mancelle-bientot-champion-du-monde\\\/\",\"name\":\"Handisport. Tir sportif : David Dulin, la g\u00e2chette mancelle, bient\u00f4t champion du monde ? - le regard du sportif\",\"isPartOf\":{\"@id\":\"https:\\\/\\\/oeilsportif.info\\\/#website\"},\"primaryImageOfPage\":{\"@id\":\"https:\\\/\\\/oeilsportif.info\\\/index.php\\\/handisport-tir-sportif-david-dulin-la-gachette-mancelle-bientot-champion-du-monde\\\/#primaryimage\"},\"image\":{\"@id\":\"https:\\\/\\\/oeilsportif.info\\\/index.php\\\/handisport-tir-sportif-david-dulin-la-gachette-mancelle-bientot-champion-du-monde\\\/#primaryimage\"},\"thumbnailUrl\":\"https:\\\/\\\/i0.wp.com\\\/oeilsportif.info\\\/wp-content\\\/uploads\\\/2022\\\/08\\\/MjAyMjA4ODAwM2I1Mjg3Zjc4YmQwMWIxNTE3NzdmZmU1NzJlM2I.jpeg?fit=480%2C270&ssl=1\",\"datePublished\":\"2022-08-17T11:33:11+00:00\",\"author\":{\"@id\":\"https:\\\/\\\/oeilsportif.info\\\/#\\\/schema\\\/person\\\/cfbded294aa6095f7d96608d7905e9a1\"},\"inLanguage\":\"fr-FR\",\"potentialAction\":[{\"@type\":\"ReadAction\",\"target\":[\"https:\\\/\\\/oeilsportif.info\\\/index.php\\\/handisport-tir-sportif-david-dulin-la-gachette-mancelle-bientot-champion-du-monde\\\/\"]}]},{\"@type\":\"ImageObject\",\"inLanguage\":\"fr-FR\",\"@id\":\"https:\\\/\\\/oeilsportif.info\\\/index.php\\\/handisport-tir-sportif-david-dulin-la-gachette-mancelle-bientot-champion-du-monde\\\/#primaryimage\",\"url\":\"https:\\\/\\\/i0.wp.com\\\/oeilsportif.info\\\/wp-content\\\/uploads\\\/2022\\\/08\\\/MjAyMjA4ODAwM2I1Mjg3Zjc4YmQwMWIxNTE3NzdmZmU1NzJlM2I.jpeg?fit=480%2C270&ssl=1\",\"contentUrl\":\"https:\\\/\\\/i0.wp.com\\\/oeilsportif.info\\\/wp-content\\\/uploads\\\/2022\\\/08\\\/MjAyMjA4ODAwM2I1Mjg3Zjc4YmQwMWIxNTE3NzdmZmU1NzJlM2I.jpeg?fit=480%2C270&ssl=1\",\"width\":480,\"height\":270},{\"@type\":\"WebSite\",\"@id\":\"https:\\\/\\\/oeilsportif.info\\\/#website\",\"url\":\"https:\\\/\\\/oeilsportif.info\\\/\",\"name\":\"le regard du sportif\",\"description\":\"\",\"potentialAction\":[{\"@type\":\"SearchAction\",\"target\":{\"@type\":\"EntryPoint\",\"urlTemplate\":\"https:\\\/\\\/oeilsportif.info\\\/?s={search_term_string}\"},\"query-input\":{\"@type\":\"PropertyValueSpecification\",\"valueRequired\":true,\"valueName\":\"search_term_string\"}}],\"inLanguage\":\"fr-FR\"},{\"@type\":\"Person\",\"@id\":\"https:\\\/\\\/oeilsportif.info\\\/#\\\/schema\\\/person\\\/cfbded294aa6095f7d96608d7905e9a1\",\"name\":\"L'Equipe de la R\u00e9daction\",\"image\":{\"@type\":\"ImageObject\",\"inLanguage\":\"fr-FR\",\"@id\":\"https:\\\/\\\/oeilsportif.info\\\/wp-content\\\/uploads\\\/2025\\\/07\\\/cropped-cropped-logo-os-96x96.jpeg\",\"url\":\"https:\\\/\\\/oeilsportif.info\\\/wp-content\\\/uploads\\\/2025\\\/07\\\/cropped-cropped-logo-os-96x96.jpeg\",\"contentUrl\":\"https:\\\/\\\/oeilsportif.info\\\/wp-content\\\/uploads\\\/2025\\\/07\\\/cropped-cropped-logo-os-96x96.jpeg\",\"caption\":\"L'Equipe de la R\u00e9daction\"},\"url\":\"https:\\\/\\\/oeilsportif.info\\\/index.php\\\/author\\\/tawel\\\/\"}]}<\/script>\n<!-- \/ Yoast SEO plugin. -->","yoast_head_json":{"title":"Handisport. Tir sportif : David Dulin, la g\u00e2chette mancelle, bient\u00f4t champion du monde ? - le regard du sportif","robots":{"index":"index","follow":"follow","max-snippet":"max-snippet:-1","max-image-preview":"max-image-preview:large","max-video-preview":"max-video-preview:-1"},"canonical":"https:\/\/oeilsportif.info\/index.php\/handisport-tir-sportif-david-dulin-la-gachette-mancelle-bientot-champion-du-monde\/","og_locale":"fr_FR","og_type":"article","og_title":"Handisport. Tir sportif : David Dulin, la g\u00e2chette mancelle, bient\u00f4t champion du monde ? - le regard du sportif","og_description":"En 2019, David Dulin d\u00e9couvre le tir sportif pour d\u00e9ficients visuels. Un vrai coup de c\u0153ur pour ce Manceau de 47 ans qui souffre d\u2019une d\u00e9g\u00e9n\u00e9ration de la r\u00e9tine. Depuis trois ans, il encha\u00eene les comp\u00e9titions, a gagn\u00e9 des titres nationaux et se pr\u00e9pare \u00e0 d\u00e9fier les meilleurs au monde. Un parcours sem\u00e9 d\u2019emb\u00fbches, auxquelles [&hellip;]","og_url":"https:\/\/oeilsportif.info\/index.php\/handisport-tir-sportif-david-dulin-la-gachette-mancelle-bientot-champion-du-monde\/","og_site_name":"le regard du sportif","article_published_time":"2022-08-17T11:33:11+00:00","og_image":[{"width":480,"height":270,"url":"https:\/\/oeilsportif.info\/wp-content\/uploads\/2022\/08\/MjAyMjA4ODAwM2I1Mjg3Zjc4YmQwMWIxNTE3NzdmZmU1NzJlM2I.jpeg","type":"image\/jpeg"}],"author":"L'Equipe de la R\u00e9daction","twitter_misc":{"\u00c9crit par":"L'Equipe de la R\u00e9daction","Dur\u00e9e de lecture estim\u00e9e":"2 minutes"},"schema":{"@context":"https:\/\/schema.org","@graph":[{"@type":"Article","@id":"https:\/\/oeilsportif.info\/index.php\/handisport-tir-sportif-david-dulin-la-gachette-mancelle-bientot-champion-du-monde\/#article","isPartOf":{"@id":"https:\/\/oeilsportif.info\/index.php\/handisport-tir-sportif-david-dulin-la-gachette-mancelle-bientot-champion-du-monde\/"},"author":{"name":"L'Equipe de la R\u00e9daction","@id":"https:\/\/oeilsportif.info\/#\/schema\/person\/cfbded294aa6095f7d96608d7905e9a1"},"headline":"Handisport. Tir sportif : David Dulin, la g\u00e2chette mancelle, bient\u00f4t champion du monde ?","datePublished":"2022-08-17T11:33:11+00:00","mainEntityOfPage":{"@id":"https:\/\/oeilsportif.info\/index.php\/handisport-tir-sportif-david-dulin-la-gachette-mancelle-bientot-champion-du-monde\/"},"wordCount":296,"image":{"@id":"https:\/\/oeilsportif.info\/index.php\/handisport-tir-sportif-david-dulin-la-gachette-mancelle-bientot-champion-du-monde\/#primaryimage"},"thumbnailUrl":"https:\/\/i0.wp.com\/oeilsportif.info\/wp-content\/uploads\/2022\/08\/MjAyMjA4ODAwM2I1Mjg3Zjc4YmQwMWIxNTE3NzdmZmU1NzJlM2I.jpeg?fit=480%2C270&ssl=1","articleSection":["Handisport"],"inLanguage":"fr-FR"},{"@type":"WebPage","@id":"https:\/\/oeilsportif.info\/index.php\/handisport-tir-sportif-david-dulin-la-gachette-mancelle-bientot-champion-du-monde\/","url":"https:\/\/oeilsportif.info\/index.php\/handisport-tir-sportif-david-dulin-la-gachette-mancelle-bientot-champion-du-monde\/","name":"Handisport. Tir sportif : David Dulin, la g\u00e2chette mancelle, bient\u00f4t champion du monde ? - le regard du sportif","isPartOf":{"@id":"https:\/\/oeilsportif.info\/#website"},"primaryImageOfPage":{"@id":"https:\/\/oeilsportif.info\/index.php\/handisport-tir-sportif-david-dulin-la-gachette-mancelle-bientot-champion-du-monde\/#primaryimage"},"image":{"@id":"https:\/\/oeilsportif.info\/index.php\/handisport-tir-sportif-david-dulin-la-gachette-mancelle-bientot-champion-du-monde\/#primaryimage"},"thumbnailUrl":"https:\/\/i0.wp.com\/oeilsportif.info\/wp-content\/uploads\/2022\/08\/MjAyMjA4ODAwM2I1Mjg3Zjc4YmQwMWIxNTE3NzdmZmU1NzJlM2I.jpeg?fit=480%2C270&ssl=1","datePublished":"2022-08-17T11:33:11+00:00","author":{"@id":"https:\/\/oeilsportif.info\/#\/schema\/person\/cfbded294aa6095f7d96608d7905e9a1"},"inLanguage":"fr-FR","potentialAction":[{"@type":"ReadAction","target":["https:\/\/oeilsportif.info\/index.php\/handisport-tir-sportif-david-dulin-la-gachette-mancelle-bientot-champion-du-monde\/"]}]},{"@type":"ImageObject","inLanguage":"fr-FR","@id":"https:\/\/oeilsportif.info\/index.php\/handisport-tir-sportif-david-dulin-la-gachette-mancelle-bientot-champion-du-monde\/#primaryimage","url":"https:\/\/i0.wp.com\/oeilsportif.info\/wp-content\/uploads\/2022\/08\/MjAyMjA4ODAwM2I1Mjg3Zjc4YmQwMWIxNTE3NzdmZmU1NzJlM2I.jpeg?fit=480%2C270&ssl=1","contentUrl":"https:\/\/i0.wp.com\/oeilsportif.info\/wp-content\/uploads\/2022\/08\/MjAyMjA4ODAwM2I1Mjg3Zjc4YmQwMWIxNTE3NzdmZmU1NzJlM2I.jpeg?fit=480%2C270&ssl=1","width":480,"height":270},{"@type":"WebSite","@id":"https:\/\/oeilsportif.info\/#website","url":"https:\/\/oeilsportif.info\/","name":"le regard du sportif","description":"","potentialAction":[{"@type":"SearchAction","target":{"@type":"EntryPoint","urlTemplate":"https:\/\/oeilsportif.info\/?s={search_term_string}"},"query-input":{"@type":"PropertyValueSpecification","valueRequired":true,"valueName":"search_term_string"}}],"inLanguage":"fr-FR"},{"@type":"Person","@id":"https:\/\/oeilsportif.info\/#\/schema\/person\/cfbded294aa6095f7d96608d7905e9a1","name":"L'Equipe de la R\u00e9daction","image":{"@type":"ImageObject","inLanguage":"fr-FR","@id":"https:\/\/oeilsportif.info\/wp-content\/uploads\/2025\/07\/cropped-cropped-logo-os-96x96.jpeg","url":"https:\/\/oeilsportif.info\/wp-content\/uploads\/2025\/07\/cropped-cropped-logo-os-96x96.jpeg","contentUrl":"https:\/\/oeilsportif.info\/wp-content\/uploads\/2025\/07\/cropped-cropped-logo-os-96x96.jpeg","caption":"L'Equipe de la R\u00e9daction"},"url":"https:\/\/oeilsportif.info\/index.php\/author\/tawel\/"}]}},"jetpack_publicize_connections":[],"jetpack_featured_media_url":"https:\/\/i0.wp.com\/oeilsportif.info\/wp-content\/uploads\/2022\/08\/MjAyMjA4ODAwM2I1Mjg3Zjc4YmQwMWIxNTE3NzdmZmU1NzJlM2I.jpeg?fit=480%2C270&ssl=1","jetpack-related-posts":[],"jetpack_sharing_enabled":true,"jetpack_likes_enabled":true,"jetpack_shortlink":"https:\/\/wp.me\/pgFE77-o1","_links":{"self":[{"href":"https:\/\/oeilsportif.info\/index.php\/wp-json\/wp\/v2\/posts\/1489","targetHints":{"allow":["GET"]}}],"collection":[{"href":"https:\/\/oeilsportif.info\/index.php\/wp-json\/wp\/v2\/posts"}],"about":[{"href":"https:\/\/oeilsportif.info\/index.php\/wp-json\/wp\/v2\/types\/post"}],"author":[{"embeddable":true,"href":"https:\/\/oeilsportif.info\/index.php\/wp-json\/wp\/v2\/users\/2"}],"replies":[{"embeddable":true,"href":"https:\/\/oeilsportif.info\/index.php\/wp-json\/wp\/v2\/comments?post=1489"}],"version-history":[{"count":0,"href":"https:\/\/oeilsportif.info\/index.php\/wp-json\/wp\/v2\/posts\/1489\/revisions"}],"wp:featuredmedia":[{"embeddable":true,"href":"https:\/\/oeilsportif.info\/index.php\/wp-json\/wp\/v2\/media\/1490"}],"wp:attachment":[{"href":"https:\/\/oeilsportif.info\/index.php\/wp-json\/wp\/v2\/media?parent=1489"}],"wp:term":[{"taxonomy":"category","embeddable":true,"href":"https:\/\/oeilsportif.info\/index.php\/wp-json\/wp\/v2\/categories?post=1489"},{"taxonomy":"post_tag","embeddable":true,"href":"https:\/\/oeilsportif.info\/index.php\/wp-json\/wp\/v2\/tags?post=1489"}],"curies":[{"name":"wp","href":"https:\/\/api.w.org\/{rel}","templated":true}]}}