{"id":1486,"date":"2022-08-17T11:03:52","date_gmt":"2022-08-17T11:03:52","guid":{"rendered":"https:\/\/oeilsportif.info\/index.php\/?p=1486"},"modified":"2022-08-17T11:03:52","modified_gmt":"2022-08-17T11:03:52","slug":"championnats-europeens-2022-deux-medailles-dargent-en-para-aviron-pour-lequipe-de-france","status":"publish","type":"post","link":"https:\/\/oeilsportif.info\/index.php\/championnats-europeens-2022-deux-medailles-dargent-en-para-aviron-pour-lequipe-de-france\/","title":{"rendered":"Championnats europ\u00e9ens 2022 : deux m\u00e9dailles d\u2019argent en para-aviron pour l\u2019\u00e9quipe de France"},"content":{"rendered":"<p><strong>La paire fran\u00e7aise Perle Bouge (44 ans) et St\u00e9phane Tardieu (52 ans) a d\u00e9croch\u00e9 la m\u00e9daille d\u2019argent sur le deux de couple mixte en aviron handisport (gr\u00e2ce \u00e0 un temps de 8&rsquo;57\u00a0\u00bb95). Les tricolores sont devanc\u00e9s par l\u2019Ukraine, tandis que la Pologne compl\u00e8te le podium.<\/strong><\/p>\n<p>L\u2019\u00e9quipe de France de para-aviron a glan\u00e9, dimanche, deux m\u00e9dailles d\u2019argent gr\u00e2ce au deux de couple et au quatre barr\u00e9 mixte.<br \/>\nLes Fran\u00e7ais Stephane Tardieu et Perle Bouge ont pris la deuxi\u00e8me place de la finale PR2 (limitation mod\u00e9r\u00e9e de mouvement des jambes, des hanches, des genoux, ou l&rsquo;absence de membres) en deux de couple des championnats d\u2019Europe de para-aviron, ce dimanche 14 ao\u00fbt, \u00e0 Munich. C\u2019est la dixi\u00e8me m\u00e9daille internationale pour Perle et Bouge qui, lui, a d\u00e9j\u00e0 remport\u00e9 deux m\u00e9dailles paralympiques avec St\u00e9phane Tardieu (en argent \u00e0 Londres et en bronze \u00e0 Rio). Le duo s\u2019\u00e9tait s\u00e9par\u00e9 pendant plusieurs ann\u00e9es avant de se remettre ensemble sur les comp\u00e9titions de deux de couple.<\/p>\n<p>Le quatre barr\u00e9 mixte fran\u00e7ais, compos\u00e9 d\u2019Erika Sauzeau, Margot Boulet, J\u00e9r\u00f4me Hamelin et Laurent Cadot, en compagnie de la barreuse Emilie Acquistapace, est all\u00e9 chercher la m\u00e9daille d\u2019argent (en 7&rsquo;26\u00a0\u00bb06), derri\u00e8re la Grande-Bretagne. Le podium est compl\u00e9t\u00e9 par l&rsquo;Allemagne, \u00e0 domicile.<br \/>\nLe quatre barr\u00e9 mixte en argent<br \/>\nUn peu plus tard dans la matin\u00e9e, Erika Sauzeau, Margot Boulet, J\u00e9r\u00f4me Hamelin, Laurent Cadot et Emilie Acquistapace ont remport\u00e9 la m\u00e9daille d\u2019argent du quatre barr\u00e9 mixte dans la cat\u00e9gorie PR3 (d\u00e9ficiences physiques et malvoyants). Les Fran\u00e7ais ont termin\u00e9 \u00e0 20 secondes de la formation britannique.<\/p>\n<p><strong>Franceifno sport<\/strong><\/p>\n","protected":false},"excerpt":{"rendered":"<p>La paire fran\u00e7aise Perle Bouge (44 ans) et St\u00e9phane Tardieu (52 ans) a d\u00e9croch\u00e9 la m\u00e9daille d\u2019argent sur le deux de couple mixte en aviron handisport (gr\u00e2ce \u00e0 un temps de 8&rsquo;57\u00a0\u00bb95). Les tricolores sont devanc\u00e9s par l\u2019Ukraine, tandis que la Pologne compl\u00e8te le podium. L\u2019\u00e9quipe de France de para-aviron a glan\u00e9, dimanche, deux m\u00e9dailles [&hellip;]<\/p>\n","protected":false},"author":2,"featured_media":1487,"comment_status":"closed","ping_status":"open","sticky":false,"template":"","format":"standard","meta":{"_jetpack_memberships_contains_paid_content":false,"footnotes":"","jetpack_publicize_message":"","jetpack_publicize_feature_enabled":true,"jetpack_social_post_already_shared":true,"jetpack_social_options":{"image_generator_settings":{"template":"highway","default_image_id":0,"font":"","enabled":false},"version":2}},"categories":[9],"tags":[],"class_list":{"0":"post-1486","1":"post","2":"type-post","3":"status-publish","4":"format-standard","5":"has-post-thumbnail","7":"category-handisport"},"yoast_head":"<!-- This site is optimized with the Yoast SEO plugin v27.4 - https:\/\/yoast.com\/product\/yoast-seo-wordpress\/ -->\n<title>Championnats europ\u00e9ens 2022 : deux m\u00e9dailles d\u2019argent en para-aviron pour l\u2019\u00e9quipe de France - le regard du sportif<\/title>\n<meta name=\"robots\" content=\"index, follow, max-snippet:-1, max-image-preview:large, max-video-preview:-1\" \/>\n<link rel=\"canonical\" href=\"https:\/\/oeilsportif.info\/index.php\/championnats-europeens-2022-deux-medailles-dargent-en-para-aviron-pour-lequipe-de-france\/\" \/>\n<meta property=\"og:locale\" content=\"fr_FR\" \/>\n<meta property=\"og:type\" content=\"article\" \/>\n<meta property=\"og:title\" content=\"Championnats europ\u00e9ens 2022 : deux m\u00e9dailles d\u2019argent en para-aviron pour l\u2019\u00e9quipe de France - le regard du sportif\" \/>\n<meta property=\"og:description\" content=\"La paire fran\u00e7aise Perle Bouge (44 ans) et St\u00e9phane Tardieu (52 ans) a d\u00e9croch\u00e9 la m\u00e9daille d\u2019argent sur le deux de couple mixte en aviron handisport (gr\u00e2ce \u00e0 un temps de 8&rsquo;57\u00a0\u00bb95). Les tricolores sont devanc\u00e9s par l\u2019Ukraine, tandis que la Pologne compl\u00e8te le podium. L\u2019\u00e9quipe de France de para-aviron a glan\u00e9, dimanche, deux m\u00e9dailles [&hellip;]\" \/>\n<meta property=\"og:url\" content=\"https:\/\/oeilsportif.info\/index.php\/championnats-europeens-2022-deux-medailles-dargent-en-para-aviron-pour-lequipe-de-france\/\" \/>\n<meta property=\"og:site_name\" content=\"le regard du sportif\" \/>\n<meta property=\"article:published_time\" content=\"2022-08-17T11:03:52+00:00\" \/>\n<meta property=\"og:image\" content=\"https:\/\/oeilsportif.info\/wp-content\/uploads\/2022\/08\/eltVideoWs-be142112-1bb8-11ed-b4a2-c3ed945d3889-62f8c9464368e.jpg\" \/>\n\t<meta property=\"og:image:width\" content=\"640\" \/>\n\t<meta property=\"og:image:height\" content=\"360\" \/>\n\t<meta property=\"og:image:type\" content=\"image\/jpeg\" \/>\n<meta name=\"author\" content=\"L&#039;Equipe de la R\u00e9daction\" \/>\n<meta name=\"twitter:label1\" content=\"\u00c9crit par\" \/>\n\t<meta name=\"twitter:data1\" content=\"L&#039;Equipe de la R\u00e9daction\" \/>\n\t<meta name=\"twitter:label2\" content=\"Dur\u00e9e de lecture estim\u00e9e\" \/>\n\t<meta name=\"twitter:data2\" content=\"2 minutes\" \/>\n<script type=\"application\/ld+json\" class=\"yoast-schema-graph\">{\"@context\":\"https:\\\/\\\/schema.org\",\"@graph\":[{\"@type\":\"Article\",\"@id\":\"https:\\\/\\\/oeilsportif.info\\\/index.php\\\/championnats-europeens-2022-deux-medailles-dargent-en-para-aviron-pour-lequipe-de-france\\\/#article\",\"isPartOf\":{\"@id\":\"https:\\\/\\\/oeilsportif.info\\\/index.php\\\/championnats-europeens-2022-deux-medailles-dargent-en-para-aviron-pour-lequipe-de-france\\\/\"},\"author\":{\"name\":\"L'Equipe de la R\u00e9daction\",\"@id\":\"https:\\\/\\\/oeilsportif.info\\\/#\\\/schema\\\/person\\\/cfbded294aa6095f7d96608d7905e9a1\"},\"headline\":\"Championnats europ\u00e9ens 2022 : deux m\u00e9dailles d\u2019argent en para-aviron pour l\u2019\u00e9quipe de France\",\"datePublished\":\"2022-08-17T11:03:52+00:00\",\"mainEntityOfPage\":{\"@id\":\"https:\\\/\\\/oeilsportif.info\\\/index.php\\\/championnats-europeens-2022-deux-medailles-dargent-en-para-aviron-pour-lequipe-de-france\\\/\"},\"wordCount\":304,\"image\":{\"@id\":\"https:\\\/\\\/oeilsportif.info\\\/index.php\\\/championnats-europeens-2022-deux-medailles-dargent-en-para-aviron-pour-lequipe-de-france\\\/#primaryimage\"},\"thumbnailUrl\":\"https:\\\/\\\/i0.wp.com\\\/oeilsportif.info\\\/wp-content\\\/uploads\\\/2022\\\/08\\\/eltVideoWs-be142112-1bb8-11ed-b4a2-c3ed945d3889-62f8c9464368e.jpg?fit=640%2C360&ssl=1\",\"articleSection\":[\"Handisport\"],\"inLanguage\":\"fr-FR\"},{\"@type\":\"WebPage\",\"@id\":\"https:\\\/\\\/oeilsportif.info\\\/index.php\\\/championnats-europeens-2022-deux-medailles-dargent-en-para-aviron-pour-lequipe-de-france\\\/\",\"url\":\"https:\\\/\\\/oeilsportif.info\\\/index.php\\\/championnats-europeens-2022-deux-medailles-dargent-en-para-aviron-pour-lequipe-de-france\\\/\",\"name\":\"Championnats europ\u00e9ens 2022 : deux m\u00e9dailles d\u2019argent en para-aviron pour l\u2019\u00e9quipe de France - le regard du sportif\",\"isPartOf\":{\"@id\":\"https:\\\/\\\/oeilsportif.info\\\/#website\"},\"primaryImageOfPage\":{\"@id\":\"https:\\\/\\\/oeilsportif.info\\\/index.php\\\/championnats-europeens-2022-deux-medailles-dargent-en-para-aviron-pour-lequipe-de-france\\\/#primaryimage\"},\"image\":{\"@id\":\"https:\\\/\\\/oeilsportif.info\\\/index.php\\\/championnats-europeens-2022-deux-medailles-dargent-en-para-aviron-pour-lequipe-de-france\\\/#primaryimage\"},\"thumbnailUrl\":\"https:\\\/\\\/i0.wp.com\\\/oeilsportif.info\\\/wp-content\\\/uploads\\\/2022\\\/08\\\/eltVideoWs-be142112-1bb8-11ed-b4a2-c3ed945d3889-62f8c9464368e.jpg?fit=640%2C360&ssl=1\",\"datePublished\":\"2022-08-17T11:03:52+00:00\",\"author\":{\"@id\":\"https:\\\/\\\/oeilsportif.info\\\/#\\\/schema\\\/person\\\/cfbded294aa6095f7d96608d7905e9a1\"},\"inLanguage\":\"fr-FR\",\"potentialAction\":[{\"@type\":\"ReadAction\",\"target\":[\"https:\\\/\\\/oeilsportif.info\\\/index.php\\\/championnats-europeens-2022-deux-medailles-dargent-en-para-aviron-pour-lequipe-de-france\\\/\"]}]},{\"@type\":\"ImageObject\",\"inLanguage\":\"fr-FR\",\"@id\":\"https:\\\/\\\/oeilsportif.info\\\/index.php\\\/championnats-europeens-2022-deux-medailles-dargent-en-para-aviron-pour-lequipe-de-france\\\/#primaryimage\",\"url\":\"https:\\\/\\\/i0.wp.com\\\/oeilsportif.info\\\/wp-content\\\/uploads\\\/2022\\\/08\\\/eltVideoWs-be142112-1bb8-11ed-b4a2-c3ed945d3889-62f8c9464368e.jpg?fit=640%2C360&ssl=1\",\"contentUrl\":\"https:\\\/\\\/i0.wp.com\\\/oeilsportif.info\\\/wp-content\\\/uploads\\\/2022\\\/08\\\/eltVideoWs-be142112-1bb8-11ed-b4a2-c3ed945d3889-62f8c9464368e.jpg?fit=640%2C360&ssl=1\",\"width\":640,\"height\":360},{\"@type\":\"WebSite\",\"@id\":\"https:\\\/\\\/oeilsportif.info\\\/#website\",\"url\":\"https:\\\/\\\/oeilsportif.info\\\/\",\"name\":\"le regard du sportif\",\"description\":\"\",\"potentialAction\":[{\"@type\":\"SearchAction\",\"target\":{\"@type\":\"EntryPoint\",\"urlTemplate\":\"https:\\\/\\\/oeilsportif.info\\\/?s={search_term_string}\"},\"query-input\":{\"@type\":\"PropertyValueSpecification\",\"valueRequired\":true,\"valueName\":\"search_term_string\"}}],\"inLanguage\":\"fr-FR\"},{\"@type\":\"Person\",\"@id\":\"https:\\\/\\\/oeilsportif.info\\\/#\\\/schema\\\/person\\\/cfbded294aa6095f7d96608d7905e9a1\",\"name\":\"L'Equipe de la R\u00e9daction\",\"image\":{\"@type\":\"ImageObject\",\"inLanguage\":\"fr-FR\",\"@id\":\"https:\\\/\\\/oeilsportif.info\\\/wp-content\\\/uploads\\\/2025\\\/07\\\/cropped-cropped-logo-os-96x96.jpeg\",\"url\":\"https:\\\/\\\/oeilsportif.info\\\/wp-content\\\/uploads\\\/2025\\\/07\\\/cropped-cropped-logo-os-96x96.jpeg\",\"contentUrl\":\"https:\\\/\\\/oeilsportif.info\\\/wp-content\\\/uploads\\\/2025\\\/07\\\/cropped-cropped-logo-os-96x96.jpeg\",\"caption\":\"L'Equipe de la R\u00e9daction\"},\"url\":\"https:\\\/\\\/oeilsportif.info\\\/index.php\\\/author\\\/tawel\\\/\"}]}<\/script>\n<!-- \/ Yoast SEO plugin. -->","yoast_head_json":{"title":"Championnats europ\u00e9ens 2022 : deux m\u00e9dailles d\u2019argent en para-aviron pour l\u2019\u00e9quipe de France - le regard du sportif","robots":{"index":"index","follow":"follow","max-snippet":"max-snippet:-1","max-image-preview":"max-image-preview:large","max-video-preview":"max-video-preview:-1"},"canonical":"https:\/\/oeilsportif.info\/index.php\/championnats-europeens-2022-deux-medailles-dargent-en-para-aviron-pour-lequipe-de-france\/","og_locale":"fr_FR","og_type":"article","og_title":"Championnats europ\u00e9ens 2022 : deux m\u00e9dailles d\u2019argent en para-aviron pour l\u2019\u00e9quipe de France - le regard du sportif","og_description":"La paire fran\u00e7aise Perle Bouge (44 ans) et St\u00e9phane Tardieu (52 ans) a d\u00e9croch\u00e9 la m\u00e9daille d\u2019argent sur le deux de couple mixte en aviron handisport (gr\u00e2ce \u00e0 un temps de 8&rsquo;57\u00a0\u00bb95). Les tricolores sont devanc\u00e9s par l\u2019Ukraine, tandis que la Pologne compl\u00e8te le podium. L\u2019\u00e9quipe de France de para-aviron a glan\u00e9, dimanche, deux m\u00e9dailles [&hellip;]","og_url":"https:\/\/oeilsportif.info\/index.php\/championnats-europeens-2022-deux-medailles-dargent-en-para-aviron-pour-lequipe-de-france\/","og_site_name":"le regard du sportif","article_published_time":"2022-08-17T11:03:52+00:00","og_image":[{"width":640,"height":360,"url":"https:\/\/oeilsportif.info\/wp-content\/uploads\/2022\/08\/eltVideoWs-be142112-1bb8-11ed-b4a2-c3ed945d3889-62f8c9464368e.jpg","type":"image\/jpeg"}],"author":"L'Equipe de la R\u00e9daction","twitter_misc":{"\u00c9crit par":"L'Equipe de la R\u00e9daction","Dur\u00e9e de lecture estim\u00e9e":"2 minutes"},"schema":{"@context":"https:\/\/schema.org","@graph":[{"@type":"Article","@id":"https:\/\/oeilsportif.info\/index.php\/championnats-europeens-2022-deux-medailles-dargent-en-para-aviron-pour-lequipe-de-france\/#article","isPartOf":{"@id":"https:\/\/oeilsportif.info\/index.php\/championnats-europeens-2022-deux-medailles-dargent-en-para-aviron-pour-lequipe-de-france\/"},"author":{"name":"L'Equipe de la R\u00e9daction","@id":"https:\/\/oeilsportif.info\/#\/schema\/person\/cfbded294aa6095f7d96608d7905e9a1"},"headline":"Championnats europ\u00e9ens 2022 : deux m\u00e9dailles d\u2019argent en para-aviron pour l\u2019\u00e9quipe de France","datePublished":"2022-08-17T11:03:52+00:00","mainEntityOfPage":{"@id":"https:\/\/oeilsportif.info\/index.php\/championnats-europeens-2022-deux-medailles-dargent-en-para-aviron-pour-lequipe-de-france\/"},"wordCount":304,"image":{"@id":"https:\/\/oeilsportif.info\/index.php\/championnats-europeens-2022-deux-medailles-dargent-en-para-aviron-pour-lequipe-de-france\/#primaryimage"},"thumbnailUrl":"https:\/\/i0.wp.com\/oeilsportif.info\/wp-content\/uploads\/2022\/08\/eltVideoWs-be142112-1bb8-11ed-b4a2-c3ed945d3889-62f8c9464368e.jpg?fit=640%2C360&ssl=1","articleSection":["Handisport"],"inLanguage":"fr-FR"},{"@type":"WebPage","@id":"https:\/\/oeilsportif.info\/index.php\/championnats-europeens-2022-deux-medailles-dargent-en-para-aviron-pour-lequipe-de-france\/","url":"https:\/\/oeilsportif.info\/index.php\/championnats-europeens-2022-deux-medailles-dargent-en-para-aviron-pour-lequipe-de-france\/","name":"Championnats europ\u00e9ens 2022 : deux m\u00e9dailles d\u2019argent en para-aviron pour l\u2019\u00e9quipe de France - le regard du sportif","isPartOf":{"@id":"https:\/\/oeilsportif.info\/#website"},"primaryImageOfPage":{"@id":"https:\/\/oeilsportif.info\/index.php\/championnats-europeens-2022-deux-medailles-dargent-en-para-aviron-pour-lequipe-de-france\/#primaryimage"},"image":{"@id":"https:\/\/oeilsportif.info\/index.php\/championnats-europeens-2022-deux-medailles-dargent-en-para-aviron-pour-lequipe-de-france\/#primaryimage"},"thumbnailUrl":"https:\/\/i0.wp.com\/oeilsportif.info\/wp-content\/uploads\/2022\/08\/eltVideoWs-be142112-1bb8-11ed-b4a2-c3ed945d3889-62f8c9464368e.jpg?fit=640%2C360&ssl=1","datePublished":"2022-08-17T11:03:52+00:00","author":{"@id":"https:\/\/oeilsportif.info\/#\/schema\/person\/cfbded294aa6095f7d96608d7905e9a1"},"inLanguage":"fr-FR","potentialAction":[{"@type":"ReadAction","target":["https:\/\/oeilsportif.info\/index.php\/championnats-europeens-2022-deux-medailles-dargent-en-para-aviron-pour-lequipe-de-france\/"]}]},{"@type":"ImageObject","inLanguage":"fr-FR","@id":"https:\/\/oeilsportif.info\/index.php\/championnats-europeens-2022-deux-medailles-dargent-en-para-aviron-pour-lequipe-de-france\/#primaryimage","url":"https:\/\/i0.wp.com\/oeilsportif.info\/wp-content\/uploads\/2022\/08\/eltVideoWs-be142112-1bb8-11ed-b4a2-c3ed945d3889-62f8c9464368e.jpg?fit=640%2C360&ssl=1","contentUrl":"https:\/\/i0.wp.com\/oeilsportif.info\/wp-content\/uploads\/2022\/08\/eltVideoWs-be142112-1bb8-11ed-b4a2-c3ed945d3889-62f8c9464368e.jpg?fit=640%2C360&ssl=1","width":640,"height":360},{"@type":"WebSite","@id":"https:\/\/oeilsportif.info\/#website","url":"https:\/\/oeilsportif.info\/","name":"le regard du sportif","description":"","potentialAction":[{"@type":"SearchAction","target":{"@type":"EntryPoint","urlTemplate":"https:\/\/oeilsportif.info\/?s={search_term_string}"},"query-input":{"@type":"PropertyValueSpecification","valueRequired":true,"valueName":"search_term_string"}}],"inLanguage":"fr-FR"},{"@type":"Person","@id":"https:\/\/oeilsportif.info\/#\/schema\/person\/cfbded294aa6095f7d96608d7905e9a1","name":"L'Equipe de la R\u00e9daction","image":{"@type":"ImageObject","inLanguage":"fr-FR","@id":"https:\/\/oeilsportif.info\/wp-content\/uploads\/2025\/07\/cropped-cropped-logo-os-96x96.jpeg","url":"https:\/\/oeilsportif.info\/wp-content\/uploads\/2025\/07\/cropped-cropped-logo-os-96x96.jpeg","contentUrl":"https:\/\/oeilsportif.info\/wp-content\/uploads\/2025\/07\/cropped-cropped-logo-os-96x96.jpeg","caption":"L'Equipe de la R\u00e9daction"},"url":"https:\/\/oeilsportif.info\/index.php\/author\/tawel\/"}]}},"jetpack_publicize_connections":[],"jetpack_featured_media_url":"https:\/\/i0.wp.com\/oeilsportif.info\/wp-content\/uploads\/2022\/08\/eltVideoWs-be142112-1bb8-11ed-b4a2-c3ed945d3889-62f8c9464368e.jpg?fit=640%2C360&ssl=1","jetpack-related-posts":[],"jetpack_sharing_enabled":true,"jetpack_likes_enabled":true,"jetpack_shortlink":"https:\/\/wp.me\/pgFE77-nY","_links":{"self":[{"href":"https:\/\/oeilsportif.info\/index.php\/wp-json\/wp\/v2\/posts\/1486","targetHints":{"allow":["GET"]}}],"collection":[{"href":"https:\/\/oeilsportif.info\/index.php\/wp-json\/wp\/v2\/posts"}],"about":[{"href":"https:\/\/oeilsportif.info\/index.php\/wp-json\/wp\/v2\/types\/post"}],"author":[{"embeddable":true,"href":"https:\/\/oeilsportif.info\/index.php\/wp-json\/wp\/v2\/users\/2"}],"replies":[{"embeddable":true,"href":"https:\/\/oeilsportif.info\/index.php\/wp-json\/wp\/v2\/comments?post=1486"}],"version-history":[{"count":0,"href":"https:\/\/oeilsportif.info\/index.php\/wp-json\/wp\/v2\/posts\/1486\/revisions"}],"wp:featuredmedia":[{"embeddable":true,"href":"https:\/\/oeilsportif.info\/index.php\/wp-json\/wp\/v2\/media\/1487"}],"wp:attachment":[{"href":"https:\/\/oeilsportif.info\/index.php\/wp-json\/wp\/v2\/media?parent=1486"}],"wp:term":[{"taxonomy":"category","embeddable":true,"href":"https:\/\/oeilsportif.info\/index.php\/wp-json\/wp\/v2\/categories?post=1486"},{"taxonomy":"post_tag","embeddable":true,"href":"https:\/\/oeilsportif.info\/index.php\/wp-json\/wp\/v2\/tags?post=1486"}],"curies":[{"name":"wp","href":"https:\/\/api.w.org\/{rel}","templated":true}]}}