{"id":1480,"date":"2022-08-17T01:28:04","date_gmt":"2022-08-17T01:28:04","guid":{"rendered":"https:\/\/oeilsportif.info\/index.php\/?p=1480"},"modified":"2022-08-17T01:28:04","modified_gmt":"2022-08-17T01:28:04","slug":"pau-fc-mohamed-yattara-signe-pour-deux-saisons","status":"publish","type":"post","link":"https:\/\/oeilsportif.info\/index.php\/pau-fc-mohamed-yattara-signe-pour-deux-saisons\/","title":{"rendered":"Pau FC : Mohamed Yattara signe pour deux saisons"},"content":{"rendered":"<p><strong>Sans club depuis pr\u00e8s d\u2019une ann\u00e9e, Mohamed Lamine Yattara trouve un point de chute. L\u2019international guin\u00e9en s\u2019est engag\u00e9 pour deux saisons avec Pau FC (en deuxi\u00e8me division fran\u00e7aise) apr\u00e8s un essai concluant.<\/strong><\/p>\n<p><span style=\"color: #000000\"><strong>\u00ab L\u2019attaquant international guin\u00e9en de 29 ans, form\u00e9 \u00e0 l\u2019OL et qui compte plus de 200 matchs en Ligue 1 et Ligue 2, rejoint le Pau FC pour les deux prochaines saisons. Il portera le n\u00b018 \u00bb,<\/strong> <\/span>a annonc\u00e9 le club ce mardi.<\/p>\n<p>Mohamed Yattara revient en France apr\u00e8s un passage compliqu\u00e9 en Chine. L\u2019attaquant guin\u00e9en avait eu une rupture des ligaments crois\u00e9s du genou qui l\u2019a \u00e9loign\u00e9 des terrains pendant plusieurs mois, avant de r\u00e9silier finalement son contrat avec le Sichuan Jiuniu.<\/p>\n<p>De retour de blessure, il a \u00e9t\u00e9 accueilli au centre d\u2019entra\u00eenement de l\u2019AJ Auxerre, o\u00f9 il a travaill\u00e9 pour se remettre sur pieds et tenter de se relancer. Mis \u00e0 l\u2019essai la semaine derni\u00e8re \u00e0 Pau FC, Elo, l\u2019ancien buteur du Syli national a convaincu les dirigeants du club de le conserver.<\/p>\n<p>Il revient dans un championnat qu\u2019il conna\u00eet tr\u00e8s bien parce qu\u2019il a d\u00e9j\u00e0 \u00e9volu\u00e9 en Ligue 2 sous les maillots d\u2019Arles-Avignon, Angers et Auxerre. Avec un seul but inscrit en trois matchs jou\u00e9s cette saison (une d\u00e9faite et deux nuls), Pau FC attend du Guin\u00e9en qu\u2019il l\u2019aide \u00e0 r\u00e9soudre son manque de r\u00e9alisme.<\/p>\n<p><strong>Foot224<\/strong><\/p>\n","protected":false},"excerpt":{"rendered":"<p>Sans club depuis pr\u00e8s d\u2019une ann\u00e9e, Mohamed Lamine Yattara trouve un point de chute. L\u2019international guin\u00e9en s\u2019est engag\u00e9 pour deux saisons avec Pau FC (en deuxi\u00e8me division fran\u00e7aise) apr\u00e8s un essai concluant. \u00ab L\u2019attaquant international guin\u00e9en de 29 ans, form\u00e9 \u00e0 l\u2019OL et qui compte plus de 200 matchs en Ligue 1 et Ligue 2, [&hellip;]<\/p>\n","protected":false},"author":2,"featured_media":1481,"comment_status":"closed","ping_status":"open","sticky":false,"template":"","format":"standard","meta":{"_jetpack_memberships_contains_paid_content":false,"footnotes":"","jetpack_publicize_message":"","jetpack_publicize_feature_enabled":true,"jetpack_social_post_already_shared":true,"jetpack_social_options":{"image_generator_settings":{"template":"highway","default_image_id":0,"font":"","enabled":false},"version":2}},"categories":[5],"tags":[],"class_list":{"0":"post-1480","1":"post","2":"type-post","3":"status-publish","4":"format-standard","5":"has-post-thumbnail","7":"category-football"},"yoast_head":"<!-- This site is optimized with the Yoast SEO plugin v27.4 - https:\/\/yoast.com\/product\/yoast-seo-wordpress\/ -->\n<title>Pau FC : Mohamed Yattara signe pour deux saisons - le regard du sportif<\/title>\n<meta name=\"robots\" content=\"index, follow, max-snippet:-1, max-image-preview:large, max-video-preview:-1\" \/>\n<link rel=\"canonical\" href=\"https:\/\/oeilsportif.info\/index.php\/pau-fc-mohamed-yattara-signe-pour-deux-saisons\/\" \/>\n<meta property=\"og:locale\" content=\"fr_FR\" \/>\n<meta property=\"og:type\" content=\"article\" \/>\n<meta property=\"og:title\" content=\"Pau FC : Mohamed Yattara signe pour deux saisons - le regard du sportif\" \/>\n<meta property=\"og:description\" content=\"Sans club depuis pr\u00e8s d\u2019une ann\u00e9e, Mohamed Lamine Yattara trouve un point de chute. L\u2019international guin\u00e9en s\u2019est engag\u00e9 pour deux saisons avec Pau FC (en deuxi\u00e8me division fran\u00e7aise) apr\u00e8s un essai concluant. \u00ab L\u2019attaquant international guin\u00e9en de 29 ans, form\u00e9 \u00e0 l\u2019OL et qui compte plus de 200 matchs en Ligue 1 et Ligue 2, [&hellip;]\" \/>\n<meta property=\"og:url\" content=\"https:\/\/oeilsportif.info\/index.php\/pau-fc-mohamed-yattara-signe-pour-deux-saisons\/\" \/>\n<meta property=\"og:site_name\" content=\"le regard du sportif\" \/>\n<meta property=\"article:published_time\" content=\"2022-08-17T01:28:04+00:00\" \/>\n<meta property=\"og:image\" content=\"https:\/\/oeilsportif.info\/wp-content\/uploads\/2022\/08\/FB_IMG_1660699265267.jpg\" \/>\n\t<meta property=\"og:image:width\" content=\"1080\" \/>\n\t<meta property=\"og:image:height\" content=\"1080\" \/>\n\t<meta property=\"og:image:type\" content=\"image\/jpeg\" \/>\n<meta name=\"author\" content=\"L&#039;Equipe de la R\u00e9daction\" \/>\n<meta name=\"twitter:label1\" content=\"\u00c9crit par\" \/>\n\t<meta name=\"twitter:data1\" content=\"L&#039;Equipe de la R\u00e9daction\" \/>\n\t<meta name=\"twitter:label2\" content=\"Dur\u00e9e de lecture estim\u00e9e\" \/>\n\t<meta name=\"twitter:data2\" content=\"2 minutes\" \/>\n<script type=\"application\/ld+json\" class=\"yoast-schema-graph\">{\"@context\":\"https:\\\/\\\/schema.org\",\"@graph\":[{\"@type\":\"Article\",\"@id\":\"https:\\\/\\\/oeilsportif.info\\\/index.php\\\/pau-fc-mohamed-yattara-signe-pour-deux-saisons\\\/#article\",\"isPartOf\":{\"@id\":\"https:\\\/\\\/oeilsportif.info\\\/index.php\\\/pau-fc-mohamed-yattara-signe-pour-deux-saisons\\\/\"},\"author\":{\"name\":\"L'Equipe de la R\u00e9daction\",\"@id\":\"https:\\\/\\\/oeilsportif.info\\\/#\\\/schema\\\/person\\\/cfbded294aa6095f7d96608d7905e9a1\"},\"headline\":\"Pau FC : Mohamed Yattara signe pour deux saisons\",\"datePublished\":\"2022-08-17T01:28:04+00:00\",\"mainEntityOfPage\":{\"@id\":\"https:\\\/\\\/oeilsportif.info\\\/index.php\\\/pau-fc-mohamed-yattara-signe-pour-deux-saisons\\\/\"},\"wordCount\":255,\"image\":{\"@id\":\"https:\\\/\\\/oeilsportif.info\\\/index.php\\\/pau-fc-mohamed-yattara-signe-pour-deux-saisons\\\/#primaryimage\"},\"thumbnailUrl\":\"https:\\\/\\\/i0.wp.com\\\/oeilsportif.info\\\/wp-content\\\/uploads\\\/2022\\\/08\\\/FB_IMG_1660699265267.jpg?fit=1080%2C1080&ssl=1\",\"articleSection\":[\"Football\"],\"inLanguage\":\"fr-FR\"},{\"@type\":\"WebPage\",\"@id\":\"https:\\\/\\\/oeilsportif.info\\\/index.php\\\/pau-fc-mohamed-yattara-signe-pour-deux-saisons\\\/\",\"url\":\"https:\\\/\\\/oeilsportif.info\\\/index.php\\\/pau-fc-mohamed-yattara-signe-pour-deux-saisons\\\/\",\"name\":\"Pau FC : Mohamed Yattara signe pour deux saisons - le regard du sportif\",\"isPartOf\":{\"@id\":\"https:\\\/\\\/oeilsportif.info\\\/#website\"},\"primaryImageOfPage\":{\"@id\":\"https:\\\/\\\/oeilsportif.info\\\/index.php\\\/pau-fc-mohamed-yattara-signe-pour-deux-saisons\\\/#primaryimage\"},\"image\":{\"@id\":\"https:\\\/\\\/oeilsportif.info\\\/index.php\\\/pau-fc-mohamed-yattara-signe-pour-deux-saisons\\\/#primaryimage\"},\"thumbnailUrl\":\"https:\\\/\\\/i0.wp.com\\\/oeilsportif.info\\\/wp-content\\\/uploads\\\/2022\\\/08\\\/FB_IMG_1660699265267.jpg?fit=1080%2C1080&ssl=1\",\"datePublished\":\"2022-08-17T01:28:04+00:00\",\"author\":{\"@id\":\"https:\\\/\\\/oeilsportif.info\\\/#\\\/schema\\\/person\\\/cfbded294aa6095f7d96608d7905e9a1\"},\"inLanguage\":\"fr-FR\",\"potentialAction\":[{\"@type\":\"ReadAction\",\"target\":[\"https:\\\/\\\/oeilsportif.info\\\/index.php\\\/pau-fc-mohamed-yattara-signe-pour-deux-saisons\\\/\"]}]},{\"@type\":\"ImageObject\",\"inLanguage\":\"fr-FR\",\"@id\":\"https:\\\/\\\/oeilsportif.info\\\/index.php\\\/pau-fc-mohamed-yattara-signe-pour-deux-saisons\\\/#primaryimage\",\"url\":\"https:\\\/\\\/i0.wp.com\\\/oeilsportif.info\\\/wp-content\\\/uploads\\\/2022\\\/08\\\/FB_IMG_1660699265267.jpg?fit=1080%2C1080&ssl=1\",\"contentUrl\":\"https:\\\/\\\/i0.wp.com\\\/oeilsportif.info\\\/wp-content\\\/uploads\\\/2022\\\/08\\\/FB_IMG_1660699265267.jpg?fit=1080%2C1080&ssl=1\",\"width\":1080,\"height\":1080},{\"@type\":\"WebSite\",\"@id\":\"https:\\\/\\\/oeilsportif.info\\\/#website\",\"url\":\"https:\\\/\\\/oeilsportif.info\\\/\",\"name\":\"le regard du sportif\",\"description\":\"\",\"potentialAction\":[{\"@type\":\"SearchAction\",\"target\":{\"@type\":\"EntryPoint\",\"urlTemplate\":\"https:\\\/\\\/oeilsportif.info\\\/?s={search_term_string}\"},\"query-input\":{\"@type\":\"PropertyValueSpecification\",\"valueRequired\":true,\"valueName\":\"search_term_string\"}}],\"inLanguage\":\"fr-FR\"},{\"@type\":\"Person\",\"@id\":\"https:\\\/\\\/oeilsportif.info\\\/#\\\/schema\\\/person\\\/cfbded294aa6095f7d96608d7905e9a1\",\"name\":\"L'Equipe de la R\u00e9daction\",\"image\":{\"@type\":\"ImageObject\",\"inLanguage\":\"fr-FR\",\"@id\":\"https:\\\/\\\/oeilsportif.info\\\/wp-content\\\/uploads\\\/2025\\\/07\\\/cropped-cropped-logo-os-96x96.jpeg\",\"url\":\"https:\\\/\\\/oeilsportif.info\\\/wp-content\\\/uploads\\\/2025\\\/07\\\/cropped-cropped-logo-os-96x96.jpeg\",\"contentUrl\":\"https:\\\/\\\/oeilsportif.info\\\/wp-content\\\/uploads\\\/2025\\\/07\\\/cropped-cropped-logo-os-96x96.jpeg\",\"caption\":\"L'Equipe de la R\u00e9daction\"},\"url\":\"https:\\\/\\\/oeilsportif.info\\\/index.php\\\/author\\\/tawel\\\/\"}]}<\/script>\n<!-- \/ Yoast SEO plugin. -->","yoast_head_json":{"title":"Pau FC : Mohamed Yattara signe pour deux saisons - le regard du sportif","robots":{"index":"index","follow":"follow","max-snippet":"max-snippet:-1","max-image-preview":"max-image-preview:large","max-video-preview":"max-video-preview:-1"},"canonical":"https:\/\/oeilsportif.info\/index.php\/pau-fc-mohamed-yattara-signe-pour-deux-saisons\/","og_locale":"fr_FR","og_type":"article","og_title":"Pau FC : Mohamed Yattara signe pour deux saisons - le regard du sportif","og_description":"Sans club depuis pr\u00e8s d\u2019une ann\u00e9e, Mohamed Lamine Yattara trouve un point de chute. L\u2019international guin\u00e9en s\u2019est engag\u00e9 pour deux saisons avec Pau FC (en deuxi\u00e8me division fran\u00e7aise) apr\u00e8s un essai concluant. \u00ab L\u2019attaquant international guin\u00e9en de 29 ans, form\u00e9 \u00e0 l\u2019OL et qui compte plus de 200 matchs en Ligue 1 et Ligue 2, [&hellip;]","og_url":"https:\/\/oeilsportif.info\/index.php\/pau-fc-mohamed-yattara-signe-pour-deux-saisons\/","og_site_name":"le regard du sportif","article_published_time":"2022-08-17T01:28:04+00:00","og_image":[{"width":1080,"height":1080,"url":"https:\/\/oeilsportif.info\/wp-content\/uploads\/2022\/08\/FB_IMG_1660699265267.jpg","type":"image\/jpeg"}],"author":"L'Equipe de la R\u00e9daction","twitter_misc":{"\u00c9crit par":"L'Equipe de la R\u00e9daction","Dur\u00e9e de lecture estim\u00e9e":"2 minutes"},"schema":{"@context":"https:\/\/schema.org","@graph":[{"@type":"Article","@id":"https:\/\/oeilsportif.info\/index.php\/pau-fc-mohamed-yattara-signe-pour-deux-saisons\/#article","isPartOf":{"@id":"https:\/\/oeilsportif.info\/index.php\/pau-fc-mohamed-yattara-signe-pour-deux-saisons\/"},"author":{"name":"L'Equipe de la R\u00e9daction","@id":"https:\/\/oeilsportif.info\/#\/schema\/person\/cfbded294aa6095f7d96608d7905e9a1"},"headline":"Pau FC : Mohamed Yattara signe pour deux saisons","datePublished":"2022-08-17T01:28:04+00:00","mainEntityOfPage":{"@id":"https:\/\/oeilsportif.info\/index.php\/pau-fc-mohamed-yattara-signe-pour-deux-saisons\/"},"wordCount":255,"image":{"@id":"https:\/\/oeilsportif.info\/index.php\/pau-fc-mohamed-yattara-signe-pour-deux-saisons\/#primaryimage"},"thumbnailUrl":"https:\/\/i0.wp.com\/oeilsportif.info\/wp-content\/uploads\/2022\/08\/FB_IMG_1660699265267.jpg?fit=1080%2C1080&ssl=1","articleSection":["Football"],"inLanguage":"fr-FR"},{"@type":"WebPage","@id":"https:\/\/oeilsportif.info\/index.php\/pau-fc-mohamed-yattara-signe-pour-deux-saisons\/","url":"https:\/\/oeilsportif.info\/index.php\/pau-fc-mohamed-yattara-signe-pour-deux-saisons\/","name":"Pau FC : Mohamed Yattara signe pour deux saisons - le regard du sportif","isPartOf":{"@id":"https:\/\/oeilsportif.info\/#website"},"primaryImageOfPage":{"@id":"https:\/\/oeilsportif.info\/index.php\/pau-fc-mohamed-yattara-signe-pour-deux-saisons\/#primaryimage"},"image":{"@id":"https:\/\/oeilsportif.info\/index.php\/pau-fc-mohamed-yattara-signe-pour-deux-saisons\/#primaryimage"},"thumbnailUrl":"https:\/\/i0.wp.com\/oeilsportif.info\/wp-content\/uploads\/2022\/08\/FB_IMG_1660699265267.jpg?fit=1080%2C1080&ssl=1","datePublished":"2022-08-17T01:28:04+00:00","author":{"@id":"https:\/\/oeilsportif.info\/#\/schema\/person\/cfbded294aa6095f7d96608d7905e9a1"},"inLanguage":"fr-FR","potentialAction":[{"@type":"ReadAction","target":["https:\/\/oeilsportif.info\/index.php\/pau-fc-mohamed-yattara-signe-pour-deux-saisons\/"]}]},{"@type":"ImageObject","inLanguage":"fr-FR","@id":"https:\/\/oeilsportif.info\/index.php\/pau-fc-mohamed-yattara-signe-pour-deux-saisons\/#primaryimage","url":"https:\/\/i0.wp.com\/oeilsportif.info\/wp-content\/uploads\/2022\/08\/FB_IMG_1660699265267.jpg?fit=1080%2C1080&ssl=1","contentUrl":"https:\/\/i0.wp.com\/oeilsportif.info\/wp-content\/uploads\/2022\/08\/FB_IMG_1660699265267.jpg?fit=1080%2C1080&ssl=1","width":1080,"height":1080},{"@type":"WebSite","@id":"https:\/\/oeilsportif.info\/#website","url":"https:\/\/oeilsportif.info\/","name":"le regard du sportif","description":"","potentialAction":[{"@type":"SearchAction","target":{"@type":"EntryPoint","urlTemplate":"https:\/\/oeilsportif.info\/?s={search_term_string}"},"query-input":{"@type":"PropertyValueSpecification","valueRequired":true,"valueName":"search_term_string"}}],"inLanguage":"fr-FR"},{"@type":"Person","@id":"https:\/\/oeilsportif.info\/#\/schema\/person\/cfbded294aa6095f7d96608d7905e9a1","name":"L'Equipe de la R\u00e9daction","image":{"@type":"ImageObject","inLanguage":"fr-FR","@id":"https:\/\/oeilsportif.info\/wp-content\/uploads\/2025\/07\/cropped-cropped-logo-os-96x96.jpeg","url":"https:\/\/oeilsportif.info\/wp-content\/uploads\/2025\/07\/cropped-cropped-logo-os-96x96.jpeg","contentUrl":"https:\/\/oeilsportif.info\/wp-content\/uploads\/2025\/07\/cropped-cropped-logo-os-96x96.jpeg","caption":"L'Equipe de la R\u00e9daction"},"url":"https:\/\/oeilsportif.info\/index.php\/author\/tawel\/"}]}},"jetpack_publicize_connections":[],"jetpack_featured_media_url":"https:\/\/i0.wp.com\/oeilsportif.info\/wp-content\/uploads\/2022\/08\/FB_IMG_1660699265267.jpg?fit=1080%2C1080&ssl=1","jetpack-related-posts":[],"jetpack_sharing_enabled":true,"jetpack_likes_enabled":true,"jetpack_shortlink":"https:\/\/wp.me\/pgFE77-nS","_links":{"self":[{"href":"https:\/\/oeilsportif.info\/index.php\/wp-json\/wp\/v2\/posts\/1480","targetHints":{"allow":["GET"]}}],"collection":[{"href":"https:\/\/oeilsportif.info\/index.php\/wp-json\/wp\/v2\/posts"}],"about":[{"href":"https:\/\/oeilsportif.info\/index.php\/wp-json\/wp\/v2\/types\/post"}],"author":[{"embeddable":true,"href":"https:\/\/oeilsportif.info\/index.php\/wp-json\/wp\/v2\/users\/2"}],"replies":[{"embeddable":true,"href":"https:\/\/oeilsportif.info\/index.php\/wp-json\/wp\/v2\/comments?post=1480"}],"version-history":[{"count":0,"href":"https:\/\/oeilsportif.info\/index.php\/wp-json\/wp\/v2\/posts\/1480\/revisions"}],"wp:featuredmedia":[{"embeddable":true,"href":"https:\/\/oeilsportif.info\/index.php\/wp-json\/wp\/v2\/media\/1481"}],"wp:attachment":[{"href":"https:\/\/oeilsportif.info\/index.php\/wp-json\/wp\/v2\/media?parent=1480"}],"wp:term":[{"taxonomy":"category","embeddable":true,"href":"https:\/\/oeilsportif.info\/index.php\/wp-json\/wp\/v2\/categories?post=1480"},{"taxonomy":"post_tag","embeddable":true,"href":"https:\/\/oeilsportif.info\/index.php\/wp-json\/wp\/v2\/tags?post=1480"}],"curies":[{"name":"wp","href":"https:\/\/api.w.org\/{rel}","templated":true}]}}