{"id":1477,"date":"2022-08-17T01:08:14","date_gmt":"2022-08-17T01:08:14","guid":{"rendered":"https:\/\/oeilsportif.info\/index.php\/?p=1477"},"modified":"2022-08-17T01:08:14","modified_gmt":"2022-08-17T01:08:14","slug":"horoya-ac-deux-semaines-de-stage-mise-au-vert-a-dubreka","status":"publish","type":"post","link":"https:\/\/oeilsportif.info\/index.php\/horoya-ac-deux-semaines-de-stage-mise-au-vert-a-dubreka\/","title":{"rendered":"HOROYA AC : DEUX SEMAINES DE STAGE , MISE AU VERT \u00c0 DUBREKA"},"content":{"rendered":"<p><strong>Comme \u00e0 l\u2019accoutum\u00e9e, lors de chaque pr\u00e9-saison, le champion de Guin\u00e9e prend l\u2019air de l\u2019arri\u00e8re pays. C\u2019est dans ce contexte que les Matamkas se sont rendus, ce Dimanche 14 Ao\u00fbt 2022, \u00e0 Dubreka pour un stage de deux semaines.<\/strong><\/p>\n<p>En effet , apr\u00e8s deux semaines de travail basique, le coach Lamine et ses poulains ont pris la direction de la ville de Dubreka, histoire d\u2019aff\u00fbter doublement leurs armes : pr\u00e9parer le tournoi international mais surtout le premier tour pr\u00e9liminaire de la Ligue des champions. Sous la montagne le \u00bb chien qui fume \u00bb les Matamkas effectueront deux semaines de travail intense sous la conduite d\u2019un staff pr\u00eat \u00e0 les aider \u00e0 progresser.<\/p>\n<p>C\u2019est \u00e0 partir de de ce dimanche 7h 30 que la d\u00e9l\u00e9gation s\u2019est rendue sur Dubreka a situ\u00e9 \u00e0 pr\u00e8s de 50 km de la capitale Conakry.<\/p>\n<p><strong>Cellule de communication du Horoya AC<\/strong><\/p>\n<p>&nbsp;<\/p>\n","protected":false},"excerpt":{"rendered":"<p>Comme \u00e0 l\u2019accoutum\u00e9e, lors de chaque pr\u00e9-saison, le champion de Guin\u00e9e prend l\u2019air de l\u2019arri\u00e8re pays. C\u2019est dans ce contexte que les Matamkas se sont rendus, ce Dimanche 14 Ao\u00fbt 2022, \u00e0 Dubreka pour un stage de deux semaines. En effet , apr\u00e8s deux semaines de travail basique, le coach Lamine et ses poulains ont [&hellip;]<\/p>\n","protected":false},"author":2,"featured_media":1478,"comment_status":"closed","ping_status":"open","sticky":false,"template":"","format":"standard","meta":{"_jetpack_memberships_contains_paid_content":false,"footnotes":"","jetpack_publicize_message":"","jetpack_publicize_feature_enabled":true,"jetpack_social_post_already_shared":true,"jetpack_social_options":{"image_generator_settings":{"template":"highway","default_image_id":0,"font":"","enabled":false},"version":2}},"categories":[5],"tags":[],"class_list":{"0":"post-1477","1":"post","2":"type-post","3":"status-publish","4":"format-standard","5":"has-post-thumbnail","7":"category-football"},"yoast_head":"<!-- This site is optimized with the Yoast SEO plugin v27.4 - https:\/\/yoast.com\/product\/yoast-seo-wordpress\/ -->\n<title>HOROYA AC : DEUX SEMAINES DE STAGE , MISE AU VERT \u00c0 DUBREKA - le regard du sportif<\/title>\n<meta name=\"robots\" content=\"index, follow, max-snippet:-1, max-image-preview:large, max-video-preview:-1\" \/>\n<link rel=\"canonical\" href=\"https:\/\/oeilsportif.info\/index.php\/horoya-ac-deux-semaines-de-stage-mise-au-vert-a-dubreka\/\" \/>\n<meta property=\"og:locale\" content=\"fr_FR\" \/>\n<meta property=\"og:type\" content=\"article\" \/>\n<meta property=\"og:title\" content=\"HOROYA AC : DEUX SEMAINES DE STAGE , MISE AU VERT \u00c0 DUBREKA - le regard du sportif\" \/>\n<meta property=\"og:description\" content=\"Comme \u00e0 l\u2019accoutum\u00e9e, lors de chaque pr\u00e9-saison, le champion de Guin\u00e9e prend l\u2019air de l\u2019arri\u00e8re pays. C\u2019est dans ce contexte que les Matamkas se sont rendus, ce Dimanche 14 Ao\u00fbt 2022, \u00e0 Dubreka pour un stage de deux semaines. En effet , apr\u00e8s deux semaines de travail basique, le coach Lamine et ses poulains ont [&hellip;]\" \/>\n<meta property=\"og:url\" content=\"https:\/\/oeilsportif.info\/index.php\/horoya-ac-deux-semaines-de-stage-mise-au-vert-a-dubreka\/\" \/>\n<meta property=\"og:site_name\" content=\"le regard du sportif\" \/>\n<meta property=\"article:published_time\" content=\"2022-08-17T01:08:14+00:00\" \/>\n<meta property=\"og:image\" content=\"https:\/\/oeilsportif.info\/wp-content\/uploads\/2022\/08\/FB_IMG_1660698408309.jpg\" \/>\n\t<meta property=\"og:image:width\" content=\"1080\" \/>\n\t<meta property=\"og:image:height\" content=\"1350\" \/>\n\t<meta property=\"og:image:type\" content=\"image\/jpeg\" \/>\n<meta name=\"author\" content=\"L&#039;Equipe de la R\u00e9daction\" \/>\n<meta name=\"twitter:label1\" content=\"\u00c9crit par\" \/>\n\t<meta name=\"twitter:data1\" content=\"L&#039;Equipe de la R\u00e9daction\" \/>\n\t<meta name=\"twitter:label2\" content=\"Dur\u00e9e de lecture estim\u00e9e\" \/>\n\t<meta name=\"twitter:data2\" content=\"1 minute\" \/>\n<script type=\"application\/ld+json\" class=\"yoast-schema-graph\">{\"@context\":\"https:\\\/\\\/schema.org\",\"@graph\":[{\"@type\":\"Article\",\"@id\":\"https:\\\/\\\/oeilsportif.info\\\/index.php\\\/horoya-ac-deux-semaines-de-stage-mise-au-vert-a-dubreka\\\/#article\",\"isPartOf\":{\"@id\":\"https:\\\/\\\/oeilsportif.info\\\/index.php\\\/horoya-ac-deux-semaines-de-stage-mise-au-vert-a-dubreka\\\/\"},\"author\":{\"name\":\"L'Equipe de la R\u00e9daction\",\"@id\":\"https:\\\/\\\/oeilsportif.info\\\/#\\\/schema\\\/person\\\/cfbded294aa6095f7d96608d7905e9a1\"},\"headline\":\"HOROYA AC : DEUX SEMAINES DE STAGE , MISE AU VERT \u00c0 DUBREKA\",\"datePublished\":\"2022-08-17T01:08:14+00:00\",\"mainEntityOfPage\":{\"@id\":\"https:\\\/\\\/oeilsportif.info\\\/index.php\\\/horoya-ac-deux-semaines-de-stage-mise-au-vert-a-dubreka\\\/\"},\"wordCount\":163,\"image\":{\"@id\":\"https:\\\/\\\/oeilsportif.info\\\/index.php\\\/horoya-ac-deux-semaines-de-stage-mise-au-vert-a-dubreka\\\/#primaryimage\"},\"thumbnailUrl\":\"https:\\\/\\\/i0.wp.com\\\/oeilsportif.info\\\/wp-content\\\/uploads\\\/2022\\\/08\\\/FB_IMG_1660698408309.jpg?fit=1080%2C1350&ssl=1\",\"articleSection\":[\"Football\"],\"inLanguage\":\"fr-FR\"},{\"@type\":\"WebPage\",\"@id\":\"https:\\\/\\\/oeilsportif.info\\\/index.php\\\/horoya-ac-deux-semaines-de-stage-mise-au-vert-a-dubreka\\\/\",\"url\":\"https:\\\/\\\/oeilsportif.info\\\/index.php\\\/horoya-ac-deux-semaines-de-stage-mise-au-vert-a-dubreka\\\/\",\"name\":\"HOROYA AC : DEUX SEMAINES DE STAGE , MISE AU VERT \u00c0 DUBREKA - le regard du sportif\",\"isPartOf\":{\"@id\":\"https:\\\/\\\/oeilsportif.info\\\/#website\"},\"primaryImageOfPage\":{\"@id\":\"https:\\\/\\\/oeilsportif.info\\\/index.php\\\/horoya-ac-deux-semaines-de-stage-mise-au-vert-a-dubreka\\\/#primaryimage\"},\"image\":{\"@id\":\"https:\\\/\\\/oeilsportif.info\\\/index.php\\\/horoya-ac-deux-semaines-de-stage-mise-au-vert-a-dubreka\\\/#primaryimage\"},\"thumbnailUrl\":\"https:\\\/\\\/i0.wp.com\\\/oeilsportif.info\\\/wp-content\\\/uploads\\\/2022\\\/08\\\/FB_IMG_1660698408309.jpg?fit=1080%2C1350&ssl=1\",\"datePublished\":\"2022-08-17T01:08:14+00:00\",\"author\":{\"@id\":\"https:\\\/\\\/oeilsportif.info\\\/#\\\/schema\\\/person\\\/cfbded294aa6095f7d96608d7905e9a1\"},\"inLanguage\":\"fr-FR\",\"potentialAction\":[{\"@type\":\"ReadAction\",\"target\":[\"https:\\\/\\\/oeilsportif.info\\\/index.php\\\/horoya-ac-deux-semaines-de-stage-mise-au-vert-a-dubreka\\\/\"]}]},{\"@type\":\"ImageObject\",\"inLanguage\":\"fr-FR\",\"@id\":\"https:\\\/\\\/oeilsportif.info\\\/index.php\\\/horoya-ac-deux-semaines-de-stage-mise-au-vert-a-dubreka\\\/#primaryimage\",\"url\":\"https:\\\/\\\/i0.wp.com\\\/oeilsportif.info\\\/wp-content\\\/uploads\\\/2022\\\/08\\\/FB_IMG_1660698408309.jpg?fit=1080%2C1350&ssl=1\",\"contentUrl\":\"https:\\\/\\\/i0.wp.com\\\/oeilsportif.info\\\/wp-content\\\/uploads\\\/2022\\\/08\\\/FB_IMG_1660698408309.jpg?fit=1080%2C1350&ssl=1\",\"width\":1080,\"height\":1350},{\"@type\":\"WebSite\",\"@id\":\"https:\\\/\\\/oeilsportif.info\\\/#website\",\"url\":\"https:\\\/\\\/oeilsportif.info\\\/\",\"name\":\"le regard du sportif\",\"description\":\"\",\"potentialAction\":[{\"@type\":\"SearchAction\",\"target\":{\"@type\":\"EntryPoint\",\"urlTemplate\":\"https:\\\/\\\/oeilsportif.info\\\/?s={search_term_string}\"},\"query-input\":{\"@type\":\"PropertyValueSpecification\",\"valueRequired\":true,\"valueName\":\"search_term_string\"}}],\"inLanguage\":\"fr-FR\"},{\"@type\":\"Person\",\"@id\":\"https:\\\/\\\/oeilsportif.info\\\/#\\\/schema\\\/person\\\/cfbded294aa6095f7d96608d7905e9a1\",\"name\":\"L'Equipe de la R\u00e9daction\",\"image\":{\"@type\":\"ImageObject\",\"inLanguage\":\"fr-FR\",\"@id\":\"https:\\\/\\\/oeilsportif.info\\\/wp-content\\\/uploads\\\/2025\\\/07\\\/cropped-cropped-logo-os-96x96.jpeg\",\"url\":\"https:\\\/\\\/oeilsportif.info\\\/wp-content\\\/uploads\\\/2025\\\/07\\\/cropped-cropped-logo-os-96x96.jpeg\",\"contentUrl\":\"https:\\\/\\\/oeilsportif.info\\\/wp-content\\\/uploads\\\/2025\\\/07\\\/cropped-cropped-logo-os-96x96.jpeg\",\"caption\":\"L'Equipe de la R\u00e9daction\"},\"url\":\"https:\\\/\\\/oeilsportif.info\\\/index.php\\\/author\\\/tawel\\\/\"}]}<\/script>\n<!-- \/ Yoast SEO plugin. -->","yoast_head_json":{"title":"HOROYA AC : DEUX SEMAINES DE STAGE , MISE AU VERT \u00c0 DUBREKA - le regard du sportif","robots":{"index":"index","follow":"follow","max-snippet":"max-snippet:-1","max-image-preview":"max-image-preview:large","max-video-preview":"max-video-preview:-1"},"canonical":"https:\/\/oeilsportif.info\/index.php\/horoya-ac-deux-semaines-de-stage-mise-au-vert-a-dubreka\/","og_locale":"fr_FR","og_type":"article","og_title":"HOROYA AC : DEUX SEMAINES DE STAGE , MISE AU VERT \u00c0 DUBREKA - le regard du sportif","og_description":"Comme \u00e0 l\u2019accoutum\u00e9e, lors de chaque pr\u00e9-saison, le champion de Guin\u00e9e prend l\u2019air de l\u2019arri\u00e8re pays. C\u2019est dans ce contexte que les Matamkas se sont rendus, ce Dimanche 14 Ao\u00fbt 2022, \u00e0 Dubreka pour un stage de deux semaines. En effet , apr\u00e8s deux semaines de travail basique, le coach Lamine et ses poulains ont [&hellip;]","og_url":"https:\/\/oeilsportif.info\/index.php\/horoya-ac-deux-semaines-de-stage-mise-au-vert-a-dubreka\/","og_site_name":"le regard du sportif","article_published_time":"2022-08-17T01:08:14+00:00","og_image":[{"width":1080,"height":1350,"url":"https:\/\/oeilsportif.info\/wp-content\/uploads\/2022\/08\/FB_IMG_1660698408309.jpg","type":"image\/jpeg"}],"author":"L'Equipe de la R\u00e9daction","twitter_misc":{"\u00c9crit par":"L'Equipe de la R\u00e9daction","Dur\u00e9e de lecture estim\u00e9e":"1 minute"},"schema":{"@context":"https:\/\/schema.org","@graph":[{"@type":"Article","@id":"https:\/\/oeilsportif.info\/index.php\/horoya-ac-deux-semaines-de-stage-mise-au-vert-a-dubreka\/#article","isPartOf":{"@id":"https:\/\/oeilsportif.info\/index.php\/horoya-ac-deux-semaines-de-stage-mise-au-vert-a-dubreka\/"},"author":{"name":"L'Equipe de la R\u00e9daction","@id":"https:\/\/oeilsportif.info\/#\/schema\/person\/cfbded294aa6095f7d96608d7905e9a1"},"headline":"HOROYA AC : DEUX SEMAINES DE STAGE , MISE AU VERT \u00c0 DUBREKA","datePublished":"2022-08-17T01:08:14+00:00","mainEntityOfPage":{"@id":"https:\/\/oeilsportif.info\/index.php\/horoya-ac-deux-semaines-de-stage-mise-au-vert-a-dubreka\/"},"wordCount":163,"image":{"@id":"https:\/\/oeilsportif.info\/index.php\/horoya-ac-deux-semaines-de-stage-mise-au-vert-a-dubreka\/#primaryimage"},"thumbnailUrl":"https:\/\/i0.wp.com\/oeilsportif.info\/wp-content\/uploads\/2022\/08\/FB_IMG_1660698408309.jpg?fit=1080%2C1350&ssl=1","articleSection":["Football"],"inLanguage":"fr-FR"},{"@type":"WebPage","@id":"https:\/\/oeilsportif.info\/index.php\/horoya-ac-deux-semaines-de-stage-mise-au-vert-a-dubreka\/","url":"https:\/\/oeilsportif.info\/index.php\/horoya-ac-deux-semaines-de-stage-mise-au-vert-a-dubreka\/","name":"HOROYA AC : DEUX SEMAINES DE STAGE , MISE AU VERT \u00c0 DUBREKA - le regard du sportif","isPartOf":{"@id":"https:\/\/oeilsportif.info\/#website"},"primaryImageOfPage":{"@id":"https:\/\/oeilsportif.info\/index.php\/horoya-ac-deux-semaines-de-stage-mise-au-vert-a-dubreka\/#primaryimage"},"image":{"@id":"https:\/\/oeilsportif.info\/index.php\/horoya-ac-deux-semaines-de-stage-mise-au-vert-a-dubreka\/#primaryimage"},"thumbnailUrl":"https:\/\/i0.wp.com\/oeilsportif.info\/wp-content\/uploads\/2022\/08\/FB_IMG_1660698408309.jpg?fit=1080%2C1350&ssl=1","datePublished":"2022-08-17T01:08:14+00:00","author":{"@id":"https:\/\/oeilsportif.info\/#\/schema\/person\/cfbded294aa6095f7d96608d7905e9a1"},"inLanguage":"fr-FR","potentialAction":[{"@type":"ReadAction","target":["https:\/\/oeilsportif.info\/index.php\/horoya-ac-deux-semaines-de-stage-mise-au-vert-a-dubreka\/"]}]},{"@type":"ImageObject","inLanguage":"fr-FR","@id":"https:\/\/oeilsportif.info\/index.php\/horoya-ac-deux-semaines-de-stage-mise-au-vert-a-dubreka\/#primaryimage","url":"https:\/\/i0.wp.com\/oeilsportif.info\/wp-content\/uploads\/2022\/08\/FB_IMG_1660698408309.jpg?fit=1080%2C1350&ssl=1","contentUrl":"https:\/\/i0.wp.com\/oeilsportif.info\/wp-content\/uploads\/2022\/08\/FB_IMG_1660698408309.jpg?fit=1080%2C1350&ssl=1","width":1080,"height":1350},{"@type":"WebSite","@id":"https:\/\/oeilsportif.info\/#website","url":"https:\/\/oeilsportif.info\/","name":"le regard du sportif","description":"","potentialAction":[{"@type":"SearchAction","target":{"@type":"EntryPoint","urlTemplate":"https:\/\/oeilsportif.info\/?s={search_term_string}"},"query-input":{"@type":"PropertyValueSpecification","valueRequired":true,"valueName":"search_term_string"}}],"inLanguage":"fr-FR"},{"@type":"Person","@id":"https:\/\/oeilsportif.info\/#\/schema\/person\/cfbded294aa6095f7d96608d7905e9a1","name":"L'Equipe de la R\u00e9daction","image":{"@type":"ImageObject","inLanguage":"fr-FR","@id":"https:\/\/oeilsportif.info\/wp-content\/uploads\/2025\/07\/cropped-cropped-logo-os-96x96.jpeg","url":"https:\/\/oeilsportif.info\/wp-content\/uploads\/2025\/07\/cropped-cropped-logo-os-96x96.jpeg","contentUrl":"https:\/\/oeilsportif.info\/wp-content\/uploads\/2025\/07\/cropped-cropped-logo-os-96x96.jpeg","caption":"L'Equipe de la R\u00e9daction"},"url":"https:\/\/oeilsportif.info\/index.php\/author\/tawel\/"}]}},"jetpack_publicize_connections":[],"jetpack_featured_media_url":"https:\/\/i0.wp.com\/oeilsportif.info\/wp-content\/uploads\/2022\/08\/FB_IMG_1660698408309.jpg?fit=1080%2C1350&ssl=1","jetpack-related-posts":[],"jetpack_sharing_enabled":true,"jetpack_likes_enabled":true,"jetpack_shortlink":"https:\/\/wp.me\/pgFE77-nP","_links":{"self":[{"href":"https:\/\/oeilsportif.info\/index.php\/wp-json\/wp\/v2\/posts\/1477","targetHints":{"allow":["GET"]}}],"collection":[{"href":"https:\/\/oeilsportif.info\/index.php\/wp-json\/wp\/v2\/posts"}],"about":[{"href":"https:\/\/oeilsportif.info\/index.php\/wp-json\/wp\/v2\/types\/post"}],"author":[{"embeddable":true,"href":"https:\/\/oeilsportif.info\/index.php\/wp-json\/wp\/v2\/users\/2"}],"replies":[{"embeddable":true,"href":"https:\/\/oeilsportif.info\/index.php\/wp-json\/wp\/v2\/comments?post=1477"}],"version-history":[{"count":0,"href":"https:\/\/oeilsportif.info\/index.php\/wp-json\/wp\/v2\/posts\/1477\/revisions"}],"wp:featuredmedia":[{"embeddable":true,"href":"https:\/\/oeilsportif.info\/index.php\/wp-json\/wp\/v2\/media\/1478"}],"wp:attachment":[{"href":"https:\/\/oeilsportif.info\/index.php\/wp-json\/wp\/v2\/media?parent=1477"}],"wp:term":[{"taxonomy":"category","embeddable":true,"href":"https:\/\/oeilsportif.info\/index.php\/wp-json\/wp\/v2\/categories?post=1477"},{"taxonomy":"post_tag","embeddable":true,"href":"https:\/\/oeilsportif.info\/index.php\/wp-json\/wp\/v2\/tags?post=1477"}],"curies":[{"name":"wp","href":"https:\/\/api.w.org\/{rel}","templated":true}]}}