{"id":1471,"date":"2022-08-17T00:51:05","date_gmt":"2022-08-17T00:51:05","guid":{"rendered":"https:\/\/oeilsportif.info\/index.php\/?p=1471"},"modified":"2022-08-17T00:51:05","modified_gmt":"2022-08-17T00:51:05","slug":"ligue-1-casimir-jagiello-nouveau-directeur-sportif-du-hafia-fc","status":"publish","type":"post","link":"https:\/\/oeilsportif.info\/index.php\/ligue-1-casimir-jagiello-nouveau-directeur-sportif-du-hafia-fc\/","title":{"rendered":"Ligue 1 : Casimir Jagiello, nouveau Directeur Sportif du Hafia FC !"},"content":{"rendered":"<p>L\u2019ancien joueur international polonais Casimir Jagiello a \u00e9t\u00e9 recrut\u00e9 directeur sportif du Hafia FC ce mardi 16 ao\u00fbt 2022. L\u2019ancien manager de Royale Union Saint-Gilloise (Belgique) et ancien Directeur Sportif de Milo FC de Kankan, a sign\u00e9 un contrat d\u2019une saison avec option, avec l\u2019\u00e9quipe du pr\u00e9sident Kerfalla Camara KPC. Le nouveau Directeur Sportif des (vert et blanc) de Conakry, aura en charge tout le levier sportif du Hafia FC. Ainsi, Casimir Jagiello mettra son exp\u00e9rience \u00e0 contribution pour permettre au premier triple champion d\u2019Afrique des clubs d\u2019am\u00e9liorer son r\u00e9sultat.<\/p>\n<p><strong>S\u00e9kouna Camara pour la Cellule de communication du Hafia FC\u00a0<\/strong><\/p>\n","protected":false},"excerpt":{"rendered":"<p>L\u2019ancien joueur international polonais Casimir Jagiello a \u00e9t\u00e9 recrut\u00e9 directeur sportif du Hafia FC ce mardi 16 ao\u00fbt 2022. L\u2019ancien manager de Royale Union Saint-Gilloise (Belgique) et ancien Directeur Sportif de Milo FC de Kankan, a sign\u00e9 un contrat d\u2019une saison avec option, avec l\u2019\u00e9quipe du pr\u00e9sident Kerfalla Camara KPC. Le nouveau Directeur Sportif des [&hellip;]<\/p>\n","protected":false},"author":2,"featured_media":1472,"comment_status":"closed","ping_status":"open","sticky":false,"template":"","format":"standard","meta":{"_jetpack_memberships_contains_paid_content":false,"footnotes":"","jetpack_publicize_message":"","jetpack_publicize_feature_enabled":true,"jetpack_social_post_already_shared":true,"jetpack_social_options":{"image_generator_settings":{"template":"highway","default_image_id":0,"font":"","enabled":false},"version":2}},"categories":[5],"tags":[],"class_list":{"0":"post-1471","1":"post","2":"type-post","3":"status-publish","4":"format-standard","5":"has-post-thumbnail","7":"category-football"},"yoast_head":"<!-- This site is optimized with the Yoast SEO plugin v27.4 - https:\/\/yoast.com\/product\/yoast-seo-wordpress\/ -->\n<title>Ligue 1 : Casimir Jagiello, nouveau Directeur Sportif du Hafia FC ! - le regard du sportif<\/title>\n<meta name=\"robots\" content=\"index, follow, max-snippet:-1, max-image-preview:large, max-video-preview:-1\" \/>\n<link rel=\"canonical\" href=\"https:\/\/oeilsportif.info\/index.php\/ligue-1-casimir-jagiello-nouveau-directeur-sportif-du-hafia-fc\/\" \/>\n<meta property=\"og:locale\" content=\"fr_FR\" \/>\n<meta property=\"og:type\" content=\"article\" \/>\n<meta property=\"og:title\" content=\"Ligue 1 : Casimir Jagiello, nouveau Directeur Sportif du Hafia FC ! - le regard du sportif\" \/>\n<meta property=\"og:description\" content=\"L\u2019ancien joueur international polonais Casimir Jagiello a \u00e9t\u00e9 recrut\u00e9 directeur sportif du Hafia FC ce mardi 16 ao\u00fbt 2022. L\u2019ancien manager de Royale Union Saint-Gilloise (Belgique) et ancien Directeur Sportif de Milo FC de Kankan, a sign\u00e9 un contrat d\u2019une saison avec option, avec l\u2019\u00e9quipe du pr\u00e9sident Kerfalla Camara KPC. Le nouveau Directeur Sportif des [&hellip;]\" \/>\n<meta property=\"og:url\" content=\"https:\/\/oeilsportif.info\/index.php\/ligue-1-casimir-jagiello-nouveau-directeur-sportif-du-hafia-fc\/\" \/>\n<meta property=\"og:site_name\" content=\"le regard du sportif\" \/>\n<meta property=\"article:published_time\" content=\"2022-08-17T00:51:05+00:00\" \/>\n<meta property=\"og:image\" content=\"https:\/\/oeilsportif.info\/wp-content\/uploads\/2022\/08\/FB_IMG_1660697359246.jpg\" \/>\n\t<meta property=\"og:image:width\" content=\"658\" \/>\n\t<meta property=\"og:image:height\" content=\"768\" \/>\n\t<meta property=\"og:image:type\" content=\"image\/jpeg\" \/>\n<meta name=\"author\" content=\"L&#039;Equipe de la R\u00e9daction\" \/>\n<meta name=\"twitter:label1\" content=\"\u00c9crit par\" \/>\n\t<meta name=\"twitter:data1\" content=\"L&#039;Equipe de la R\u00e9daction\" \/>\n\t<meta name=\"twitter:label2\" content=\"Dur\u00e9e de lecture estim\u00e9e\" \/>\n\t<meta name=\"twitter:data2\" content=\"1 minute\" \/>\n<script type=\"application\/ld+json\" class=\"yoast-schema-graph\">{\"@context\":\"https:\\\/\\\/schema.org\",\"@graph\":[{\"@type\":\"Article\",\"@id\":\"https:\\\/\\\/oeilsportif.info\\\/index.php\\\/ligue-1-casimir-jagiello-nouveau-directeur-sportif-du-hafia-fc\\\/#article\",\"isPartOf\":{\"@id\":\"https:\\\/\\\/oeilsportif.info\\\/index.php\\\/ligue-1-casimir-jagiello-nouveau-directeur-sportif-du-hafia-fc\\\/\"},\"author\":{\"name\":\"L'Equipe de la R\u00e9daction\",\"@id\":\"https:\\\/\\\/oeilsportif.info\\\/#\\\/schema\\\/person\\\/cfbded294aa6095f7d96608d7905e9a1\"},\"headline\":\"Ligue 1 : Casimir Jagiello, nouveau Directeur Sportif du Hafia FC !\",\"datePublished\":\"2022-08-17T00:51:05+00:00\",\"mainEntityOfPage\":{\"@id\":\"https:\\\/\\\/oeilsportif.info\\\/index.php\\\/ligue-1-casimir-jagiello-nouveau-directeur-sportif-du-hafia-fc\\\/\"},\"wordCount\":118,\"image\":{\"@id\":\"https:\\\/\\\/oeilsportif.info\\\/index.php\\\/ligue-1-casimir-jagiello-nouveau-directeur-sportif-du-hafia-fc\\\/#primaryimage\"},\"thumbnailUrl\":\"https:\\\/\\\/i0.wp.com\\\/oeilsportif.info\\\/wp-content\\\/uploads\\\/2022\\\/08\\\/FB_IMG_1660697359246.jpg?fit=658%2C768&ssl=1\",\"articleSection\":[\"Football\"],\"inLanguage\":\"fr-FR\"},{\"@type\":\"WebPage\",\"@id\":\"https:\\\/\\\/oeilsportif.info\\\/index.php\\\/ligue-1-casimir-jagiello-nouveau-directeur-sportif-du-hafia-fc\\\/\",\"url\":\"https:\\\/\\\/oeilsportif.info\\\/index.php\\\/ligue-1-casimir-jagiello-nouveau-directeur-sportif-du-hafia-fc\\\/\",\"name\":\"Ligue 1 : Casimir Jagiello, nouveau Directeur Sportif du Hafia FC ! - le regard du sportif\",\"isPartOf\":{\"@id\":\"https:\\\/\\\/oeilsportif.info\\\/#website\"},\"primaryImageOfPage\":{\"@id\":\"https:\\\/\\\/oeilsportif.info\\\/index.php\\\/ligue-1-casimir-jagiello-nouveau-directeur-sportif-du-hafia-fc\\\/#primaryimage\"},\"image\":{\"@id\":\"https:\\\/\\\/oeilsportif.info\\\/index.php\\\/ligue-1-casimir-jagiello-nouveau-directeur-sportif-du-hafia-fc\\\/#primaryimage\"},\"thumbnailUrl\":\"https:\\\/\\\/i0.wp.com\\\/oeilsportif.info\\\/wp-content\\\/uploads\\\/2022\\\/08\\\/FB_IMG_1660697359246.jpg?fit=658%2C768&ssl=1\",\"datePublished\":\"2022-08-17T00:51:05+00:00\",\"author\":{\"@id\":\"https:\\\/\\\/oeilsportif.info\\\/#\\\/schema\\\/person\\\/cfbded294aa6095f7d96608d7905e9a1\"},\"inLanguage\":\"fr-FR\",\"potentialAction\":[{\"@type\":\"ReadAction\",\"target\":[\"https:\\\/\\\/oeilsportif.info\\\/index.php\\\/ligue-1-casimir-jagiello-nouveau-directeur-sportif-du-hafia-fc\\\/\"]}]},{\"@type\":\"ImageObject\",\"inLanguage\":\"fr-FR\",\"@id\":\"https:\\\/\\\/oeilsportif.info\\\/index.php\\\/ligue-1-casimir-jagiello-nouveau-directeur-sportif-du-hafia-fc\\\/#primaryimage\",\"url\":\"https:\\\/\\\/i0.wp.com\\\/oeilsportif.info\\\/wp-content\\\/uploads\\\/2022\\\/08\\\/FB_IMG_1660697359246.jpg?fit=658%2C768&ssl=1\",\"contentUrl\":\"https:\\\/\\\/i0.wp.com\\\/oeilsportif.info\\\/wp-content\\\/uploads\\\/2022\\\/08\\\/FB_IMG_1660697359246.jpg?fit=658%2C768&ssl=1\",\"width\":658,\"height\":768},{\"@type\":\"WebSite\",\"@id\":\"https:\\\/\\\/oeilsportif.info\\\/#website\",\"url\":\"https:\\\/\\\/oeilsportif.info\\\/\",\"name\":\"le regard du sportif\",\"description\":\"\",\"potentialAction\":[{\"@type\":\"SearchAction\",\"target\":{\"@type\":\"EntryPoint\",\"urlTemplate\":\"https:\\\/\\\/oeilsportif.info\\\/?s={search_term_string}\"},\"query-input\":{\"@type\":\"PropertyValueSpecification\",\"valueRequired\":true,\"valueName\":\"search_term_string\"}}],\"inLanguage\":\"fr-FR\"},{\"@type\":\"Person\",\"@id\":\"https:\\\/\\\/oeilsportif.info\\\/#\\\/schema\\\/person\\\/cfbded294aa6095f7d96608d7905e9a1\",\"name\":\"L'Equipe de la R\u00e9daction\",\"image\":{\"@type\":\"ImageObject\",\"inLanguage\":\"fr-FR\",\"@id\":\"https:\\\/\\\/oeilsportif.info\\\/wp-content\\\/uploads\\\/2025\\\/07\\\/cropped-cropped-logo-os-96x96.jpeg\",\"url\":\"https:\\\/\\\/oeilsportif.info\\\/wp-content\\\/uploads\\\/2025\\\/07\\\/cropped-cropped-logo-os-96x96.jpeg\",\"contentUrl\":\"https:\\\/\\\/oeilsportif.info\\\/wp-content\\\/uploads\\\/2025\\\/07\\\/cropped-cropped-logo-os-96x96.jpeg\",\"caption\":\"L'Equipe de la R\u00e9daction\"},\"url\":\"https:\\\/\\\/oeilsportif.info\\\/index.php\\\/author\\\/tawel\\\/\"}]}<\/script>\n<!-- \/ Yoast SEO plugin. -->","yoast_head_json":{"title":"Ligue 1 : Casimir Jagiello, nouveau Directeur Sportif du Hafia FC ! - le regard du sportif","robots":{"index":"index","follow":"follow","max-snippet":"max-snippet:-1","max-image-preview":"max-image-preview:large","max-video-preview":"max-video-preview:-1"},"canonical":"https:\/\/oeilsportif.info\/index.php\/ligue-1-casimir-jagiello-nouveau-directeur-sportif-du-hafia-fc\/","og_locale":"fr_FR","og_type":"article","og_title":"Ligue 1 : Casimir Jagiello, nouveau Directeur Sportif du Hafia FC ! - le regard du sportif","og_description":"L\u2019ancien joueur international polonais Casimir Jagiello a \u00e9t\u00e9 recrut\u00e9 directeur sportif du Hafia FC ce mardi 16 ao\u00fbt 2022. L\u2019ancien manager de Royale Union Saint-Gilloise (Belgique) et ancien Directeur Sportif de Milo FC de Kankan, a sign\u00e9 un contrat d\u2019une saison avec option, avec l\u2019\u00e9quipe du pr\u00e9sident Kerfalla Camara KPC. Le nouveau Directeur Sportif des [&hellip;]","og_url":"https:\/\/oeilsportif.info\/index.php\/ligue-1-casimir-jagiello-nouveau-directeur-sportif-du-hafia-fc\/","og_site_name":"le regard du sportif","article_published_time":"2022-08-17T00:51:05+00:00","og_image":[{"width":658,"height":768,"url":"https:\/\/oeilsportif.info\/wp-content\/uploads\/2022\/08\/FB_IMG_1660697359246.jpg","type":"image\/jpeg"}],"author":"L'Equipe de la R\u00e9daction","twitter_misc":{"\u00c9crit par":"L'Equipe de la R\u00e9daction","Dur\u00e9e de lecture estim\u00e9e":"1 minute"},"schema":{"@context":"https:\/\/schema.org","@graph":[{"@type":"Article","@id":"https:\/\/oeilsportif.info\/index.php\/ligue-1-casimir-jagiello-nouveau-directeur-sportif-du-hafia-fc\/#article","isPartOf":{"@id":"https:\/\/oeilsportif.info\/index.php\/ligue-1-casimir-jagiello-nouveau-directeur-sportif-du-hafia-fc\/"},"author":{"name":"L'Equipe de la R\u00e9daction","@id":"https:\/\/oeilsportif.info\/#\/schema\/person\/cfbded294aa6095f7d96608d7905e9a1"},"headline":"Ligue 1 : Casimir Jagiello, nouveau Directeur Sportif du Hafia FC !","datePublished":"2022-08-17T00:51:05+00:00","mainEntityOfPage":{"@id":"https:\/\/oeilsportif.info\/index.php\/ligue-1-casimir-jagiello-nouveau-directeur-sportif-du-hafia-fc\/"},"wordCount":118,"image":{"@id":"https:\/\/oeilsportif.info\/index.php\/ligue-1-casimir-jagiello-nouveau-directeur-sportif-du-hafia-fc\/#primaryimage"},"thumbnailUrl":"https:\/\/i0.wp.com\/oeilsportif.info\/wp-content\/uploads\/2022\/08\/FB_IMG_1660697359246.jpg?fit=658%2C768&ssl=1","articleSection":["Football"],"inLanguage":"fr-FR"},{"@type":"WebPage","@id":"https:\/\/oeilsportif.info\/index.php\/ligue-1-casimir-jagiello-nouveau-directeur-sportif-du-hafia-fc\/","url":"https:\/\/oeilsportif.info\/index.php\/ligue-1-casimir-jagiello-nouveau-directeur-sportif-du-hafia-fc\/","name":"Ligue 1 : Casimir Jagiello, nouveau Directeur Sportif du Hafia FC ! - le regard du sportif","isPartOf":{"@id":"https:\/\/oeilsportif.info\/#website"},"primaryImageOfPage":{"@id":"https:\/\/oeilsportif.info\/index.php\/ligue-1-casimir-jagiello-nouveau-directeur-sportif-du-hafia-fc\/#primaryimage"},"image":{"@id":"https:\/\/oeilsportif.info\/index.php\/ligue-1-casimir-jagiello-nouveau-directeur-sportif-du-hafia-fc\/#primaryimage"},"thumbnailUrl":"https:\/\/i0.wp.com\/oeilsportif.info\/wp-content\/uploads\/2022\/08\/FB_IMG_1660697359246.jpg?fit=658%2C768&ssl=1","datePublished":"2022-08-17T00:51:05+00:00","author":{"@id":"https:\/\/oeilsportif.info\/#\/schema\/person\/cfbded294aa6095f7d96608d7905e9a1"},"inLanguage":"fr-FR","potentialAction":[{"@type":"ReadAction","target":["https:\/\/oeilsportif.info\/index.php\/ligue-1-casimir-jagiello-nouveau-directeur-sportif-du-hafia-fc\/"]}]},{"@type":"ImageObject","inLanguage":"fr-FR","@id":"https:\/\/oeilsportif.info\/index.php\/ligue-1-casimir-jagiello-nouveau-directeur-sportif-du-hafia-fc\/#primaryimage","url":"https:\/\/i0.wp.com\/oeilsportif.info\/wp-content\/uploads\/2022\/08\/FB_IMG_1660697359246.jpg?fit=658%2C768&ssl=1","contentUrl":"https:\/\/i0.wp.com\/oeilsportif.info\/wp-content\/uploads\/2022\/08\/FB_IMG_1660697359246.jpg?fit=658%2C768&ssl=1","width":658,"height":768},{"@type":"WebSite","@id":"https:\/\/oeilsportif.info\/#website","url":"https:\/\/oeilsportif.info\/","name":"le regard du sportif","description":"","potentialAction":[{"@type":"SearchAction","target":{"@type":"EntryPoint","urlTemplate":"https:\/\/oeilsportif.info\/?s={search_term_string}"},"query-input":{"@type":"PropertyValueSpecification","valueRequired":true,"valueName":"search_term_string"}}],"inLanguage":"fr-FR"},{"@type":"Person","@id":"https:\/\/oeilsportif.info\/#\/schema\/person\/cfbded294aa6095f7d96608d7905e9a1","name":"L'Equipe de la R\u00e9daction","image":{"@type":"ImageObject","inLanguage":"fr-FR","@id":"https:\/\/oeilsportif.info\/wp-content\/uploads\/2025\/07\/cropped-cropped-logo-os-96x96.jpeg","url":"https:\/\/oeilsportif.info\/wp-content\/uploads\/2025\/07\/cropped-cropped-logo-os-96x96.jpeg","contentUrl":"https:\/\/oeilsportif.info\/wp-content\/uploads\/2025\/07\/cropped-cropped-logo-os-96x96.jpeg","caption":"L'Equipe de la R\u00e9daction"},"url":"https:\/\/oeilsportif.info\/index.php\/author\/tawel\/"}]}},"jetpack_publicize_connections":[],"jetpack_featured_media_url":"https:\/\/i0.wp.com\/oeilsportif.info\/wp-content\/uploads\/2022\/08\/FB_IMG_1660697359246.jpg?fit=658%2C768&ssl=1","jetpack-related-posts":[],"jetpack_sharing_enabled":true,"jetpack_likes_enabled":true,"jetpack_shortlink":"https:\/\/wp.me\/pgFE77-nJ","_links":{"self":[{"href":"https:\/\/oeilsportif.info\/index.php\/wp-json\/wp\/v2\/posts\/1471","targetHints":{"allow":["GET"]}}],"collection":[{"href":"https:\/\/oeilsportif.info\/index.php\/wp-json\/wp\/v2\/posts"}],"about":[{"href":"https:\/\/oeilsportif.info\/index.php\/wp-json\/wp\/v2\/types\/post"}],"author":[{"embeddable":true,"href":"https:\/\/oeilsportif.info\/index.php\/wp-json\/wp\/v2\/users\/2"}],"replies":[{"embeddable":true,"href":"https:\/\/oeilsportif.info\/index.php\/wp-json\/wp\/v2\/comments?post=1471"}],"version-history":[{"count":0,"href":"https:\/\/oeilsportif.info\/index.php\/wp-json\/wp\/v2\/posts\/1471\/revisions"}],"wp:featuredmedia":[{"embeddable":true,"href":"https:\/\/oeilsportif.info\/index.php\/wp-json\/wp\/v2\/media\/1472"}],"wp:attachment":[{"href":"https:\/\/oeilsportif.info\/index.php\/wp-json\/wp\/v2\/media?parent=1471"}],"wp:term":[{"taxonomy":"category","embeddable":true,"href":"https:\/\/oeilsportif.info\/index.php\/wp-json\/wp\/v2\/categories?post=1471"},{"taxonomy":"post_tag","embeddable":true,"href":"https:\/\/oeilsportif.info\/index.php\/wp-json\/wp\/v2\/tags?post=1471"}],"curies":[{"name":"wp","href":"https:\/\/api.w.org\/{rel}","templated":true}]}}