{"id":1460,"date":"2022-08-14T10:27:23","date_gmt":"2022-08-14T10:27:23","guid":{"rendered":"https:\/\/oeilsportif.info\/index.php\/?p=1460"},"modified":"2022-08-14T10:27:23","modified_gmt":"2022-08-14T10:27:23","slug":"as-mineurs-de-sangaredi-facinet-mechny-keita-promu-dans-la-cellule-de-communication-du-club","status":"publish","type":"post","link":"https:\/\/oeilsportif.info\/index.php\/as-mineurs-de-sangaredi-facinet-mechny-keita-promu-dans-la-cellule-de-communication-du-club\/","title":{"rendered":"AS Mineurs de Sangar\u00e9di : Facinet Mechny Ke\u00efta\u00a0 promu dans la cellule de communication du club !"},"content":{"rendered":"<p><strong>Ce samedi 13 ao\u00fbt 2022 Facinet Ke\u00efta a \u00e9t\u00e9 nomm\u00e9 charg\u00e9 de communication digital de l\u2019AS Mineurs de Sangar\u00e9di.<\/strong><\/p>\n<p>Par son courage et son travail, Facinet Ke\u00efta a \u00e9t\u00e9 nomm\u00e9 par le Pr\u00e9sident de l&rsquo;ASMS, Louis Camara au poste de charg\u00e9 de communication digital de l\u2019Association Sportive des Mineurs de Sangar\u00e9di. Juste apr\u00e8s sa nomination Facinet Ke\u00efta a remerci\u00e9 le Pr\u00e9sident Louis Camara de lui port\u00e9 cette confiance\u00a0:\u00a0\u00ab\u00a0 Je suis heureux et gratifi\u00e9 \u00e0 plus d&rsquo;un titre suite \u00e0 ma nomination au poste de responsable de communication digitale dans le bureau ex\u00e9cutif de l&rsquo;association sportive des mineurs de sangaredi (ASMS) \u00e0 travers une note sign\u00e9e par le pr\u00e9sident Louis Camara.<\/p>\n<p>Un seul mot, juste \u00ab\u00a0MERCI\u00a0\u00bb pour la confiance renouvel\u00e9e envers ma modeste personne. J&rsquo;avoue, depuis trois ans, toujours derri\u00e8re mes clavier sous le soleil ardent ou la pluie incessante dans le but de collecter, traiter et diffuser des informations pour une bonne visibilit\u00e9 du club minier de sangaredi. Plus de temps \u00e0 perdre !<\/p>\n<p>On se met au travail !\u00a0\u00bb a-t-il d\u00e9clar\u00e9.<\/p>\n","protected":false},"excerpt":{"rendered":"<p>Ce samedi 13 ao\u00fbt 2022 Facinet Ke\u00efta a \u00e9t\u00e9 nomm\u00e9 charg\u00e9 de communication digital de l\u2019AS Mineurs de Sangar\u00e9di. Par son courage et son travail, Facinet Ke\u00efta a \u00e9t\u00e9 nomm\u00e9 par le Pr\u00e9sident de l&rsquo;ASMS, Louis Camara au poste de charg\u00e9 de communication digital de l\u2019Association Sportive des Mineurs de Sangar\u00e9di. Juste apr\u00e8s sa nomination [&hellip;]<\/p>\n","protected":false},"author":2,"featured_media":1461,"comment_status":"closed","ping_status":"open","sticky":false,"template":"","format":"standard","meta":{"_jetpack_memberships_contains_paid_content":false,"footnotes":"","jetpack_publicize_message":"","jetpack_publicize_feature_enabled":true,"jetpack_social_post_already_shared":true,"jetpack_social_options":{"image_generator_settings":{"template":"highway","default_image_id":0,"font":"","enabled":false},"version":2}},"categories":[5],"tags":[],"class_list":{"0":"post-1460","1":"post","2":"type-post","3":"status-publish","4":"format-standard","5":"has-post-thumbnail","7":"category-football"},"yoast_head":"<!-- This site is optimized with the Yoast SEO plugin v27.4 - https:\/\/yoast.com\/product\/yoast-seo-wordpress\/ -->\n<title>AS Mineurs de Sangar\u00e9di : Facinet Mechny Ke\u00efta\u00a0 promu dans la cellule de communication du club ! - le regard du sportif<\/title>\n<meta name=\"robots\" content=\"index, follow, max-snippet:-1, max-image-preview:large, max-video-preview:-1\" \/>\n<link rel=\"canonical\" href=\"https:\/\/oeilsportif.info\/index.php\/as-mineurs-de-sangaredi-facinet-mechny-keita-promu-dans-la-cellule-de-communication-du-club\/\" \/>\n<meta property=\"og:locale\" content=\"fr_FR\" \/>\n<meta property=\"og:type\" content=\"article\" \/>\n<meta property=\"og:title\" content=\"AS Mineurs de Sangar\u00e9di : Facinet Mechny Ke\u00efta\u00a0 promu dans la cellule de communication du club ! - le regard du sportif\" \/>\n<meta property=\"og:description\" content=\"Ce samedi 13 ao\u00fbt 2022 Facinet Ke\u00efta a \u00e9t\u00e9 nomm\u00e9 charg\u00e9 de communication digital de l\u2019AS Mineurs de Sangar\u00e9di. Par son courage et son travail, Facinet Ke\u00efta a \u00e9t\u00e9 nomm\u00e9 par le Pr\u00e9sident de l&rsquo;ASMS, Louis Camara au poste de charg\u00e9 de communication digital de l\u2019Association Sportive des Mineurs de Sangar\u00e9di. Juste apr\u00e8s sa nomination [&hellip;]\" \/>\n<meta property=\"og:url\" content=\"https:\/\/oeilsportif.info\/index.php\/as-mineurs-de-sangaredi-facinet-mechny-keita-promu-dans-la-cellule-de-communication-du-club\/\" \/>\n<meta property=\"og:site_name\" content=\"le regard du sportif\" \/>\n<meta property=\"article:published_time\" content=\"2022-08-14T10:27:23+00:00\" \/>\n<meta property=\"og:image\" content=\"https:\/\/oeilsportif.info\/wp-content\/uploads\/2022\/08\/FB_IMG_1660463953458.jpg\" \/>\n\t<meta property=\"og:image:width\" content=\"972\" \/>\n\t<meta property=\"og:image:height\" content=\"964\" \/>\n\t<meta property=\"og:image:type\" content=\"image\/jpeg\" \/>\n<meta name=\"author\" content=\"L&#039;Equipe de la R\u00e9daction\" \/>\n<meta name=\"twitter:label1\" content=\"\u00c9crit par\" \/>\n\t<meta name=\"twitter:data1\" content=\"L&#039;Equipe de la R\u00e9daction\" \/>\n\t<meta name=\"twitter:label2\" content=\"Dur\u00e9e de lecture estim\u00e9e\" \/>\n\t<meta name=\"twitter:data2\" content=\"1 minute\" \/>\n<script type=\"application\/ld+json\" class=\"yoast-schema-graph\">{\"@context\":\"https:\\\/\\\/schema.org\",\"@graph\":[{\"@type\":\"Article\",\"@id\":\"https:\\\/\\\/oeilsportif.info\\\/index.php\\\/as-mineurs-de-sangaredi-facinet-mechny-keita-promu-dans-la-cellule-de-communication-du-club\\\/#article\",\"isPartOf\":{\"@id\":\"https:\\\/\\\/oeilsportif.info\\\/index.php\\\/as-mineurs-de-sangaredi-facinet-mechny-keita-promu-dans-la-cellule-de-communication-du-club\\\/\"},\"author\":{\"name\":\"L'Equipe de la R\u00e9daction\",\"@id\":\"https:\\\/\\\/oeilsportif.info\\\/#\\\/schema\\\/person\\\/cfbded294aa6095f7d96608d7905e9a1\"},\"headline\":\"AS Mineurs de Sangar\u00e9di : Facinet Mechny Ke\u00efta\u00a0 promu dans la cellule de communication du club !\",\"datePublished\":\"2022-08-14T10:27:23+00:00\",\"mainEntityOfPage\":{\"@id\":\"https:\\\/\\\/oeilsportif.info\\\/index.php\\\/as-mineurs-de-sangaredi-facinet-mechny-keita-promu-dans-la-cellule-de-communication-du-club\\\/\"},\"wordCount\":202,\"image\":{\"@id\":\"https:\\\/\\\/oeilsportif.info\\\/index.php\\\/as-mineurs-de-sangaredi-facinet-mechny-keita-promu-dans-la-cellule-de-communication-du-club\\\/#primaryimage\"},\"thumbnailUrl\":\"https:\\\/\\\/i0.wp.com\\\/oeilsportif.info\\\/wp-content\\\/uploads\\\/2022\\\/08\\\/FB_IMG_1660463953458.jpg?fit=972%2C964&ssl=1\",\"articleSection\":[\"Football\"],\"inLanguage\":\"fr-FR\"},{\"@type\":\"WebPage\",\"@id\":\"https:\\\/\\\/oeilsportif.info\\\/index.php\\\/as-mineurs-de-sangaredi-facinet-mechny-keita-promu-dans-la-cellule-de-communication-du-club\\\/\",\"url\":\"https:\\\/\\\/oeilsportif.info\\\/index.php\\\/as-mineurs-de-sangaredi-facinet-mechny-keita-promu-dans-la-cellule-de-communication-du-club\\\/\",\"name\":\"AS Mineurs de Sangar\u00e9di : Facinet Mechny Ke\u00efta\u00a0 promu dans la cellule de communication du club ! - le regard du sportif\",\"isPartOf\":{\"@id\":\"https:\\\/\\\/oeilsportif.info\\\/#website\"},\"primaryImageOfPage\":{\"@id\":\"https:\\\/\\\/oeilsportif.info\\\/index.php\\\/as-mineurs-de-sangaredi-facinet-mechny-keita-promu-dans-la-cellule-de-communication-du-club\\\/#primaryimage\"},\"image\":{\"@id\":\"https:\\\/\\\/oeilsportif.info\\\/index.php\\\/as-mineurs-de-sangaredi-facinet-mechny-keita-promu-dans-la-cellule-de-communication-du-club\\\/#primaryimage\"},\"thumbnailUrl\":\"https:\\\/\\\/i0.wp.com\\\/oeilsportif.info\\\/wp-content\\\/uploads\\\/2022\\\/08\\\/FB_IMG_1660463953458.jpg?fit=972%2C964&ssl=1\",\"datePublished\":\"2022-08-14T10:27:23+00:00\",\"author\":{\"@id\":\"https:\\\/\\\/oeilsportif.info\\\/#\\\/schema\\\/person\\\/cfbded294aa6095f7d96608d7905e9a1\"},\"inLanguage\":\"fr-FR\",\"potentialAction\":[{\"@type\":\"ReadAction\",\"target\":[\"https:\\\/\\\/oeilsportif.info\\\/index.php\\\/as-mineurs-de-sangaredi-facinet-mechny-keita-promu-dans-la-cellule-de-communication-du-club\\\/\"]}]},{\"@type\":\"ImageObject\",\"inLanguage\":\"fr-FR\",\"@id\":\"https:\\\/\\\/oeilsportif.info\\\/index.php\\\/as-mineurs-de-sangaredi-facinet-mechny-keita-promu-dans-la-cellule-de-communication-du-club\\\/#primaryimage\",\"url\":\"https:\\\/\\\/i0.wp.com\\\/oeilsportif.info\\\/wp-content\\\/uploads\\\/2022\\\/08\\\/FB_IMG_1660463953458.jpg?fit=972%2C964&ssl=1\",\"contentUrl\":\"https:\\\/\\\/i0.wp.com\\\/oeilsportif.info\\\/wp-content\\\/uploads\\\/2022\\\/08\\\/FB_IMG_1660463953458.jpg?fit=972%2C964&ssl=1\",\"width\":972,\"height\":964},{\"@type\":\"WebSite\",\"@id\":\"https:\\\/\\\/oeilsportif.info\\\/#website\",\"url\":\"https:\\\/\\\/oeilsportif.info\\\/\",\"name\":\"le regard du sportif\",\"description\":\"\",\"potentialAction\":[{\"@type\":\"SearchAction\",\"target\":{\"@type\":\"EntryPoint\",\"urlTemplate\":\"https:\\\/\\\/oeilsportif.info\\\/?s={search_term_string}\"},\"query-input\":{\"@type\":\"PropertyValueSpecification\",\"valueRequired\":true,\"valueName\":\"search_term_string\"}}],\"inLanguage\":\"fr-FR\"},{\"@type\":\"Person\",\"@id\":\"https:\\\/\\\/oeilsportif.info\\\/#\\\/schema\\\/person\\\/cfbded294aa6095f7d96608d7905e9a1\",\"name\":\"L'Equipe de la R\u00e9daction\",\"image\":{\"@type\":\"ImageObject\",\"inLanguage\":\"fr-FR\",\"@id\":\"https:\\\/\\\/oeilsportif.info\\\/wp-content\\\/uploads\\\/2025\\\/07\\\/cropped-cropped-logo-os-96x96.jpeg\",\"url\":\"https:\\\/\\\/oeilsportif.info\\\/wp-content\\\/uploads\\\/2025\\\/07\\\/cropped-cropped-logo-os-96x96.jpeg\",\"contentUrl\":\"https:\\\/\\\/oeilsportif.info\\\/wp-content\\\/uploads\\\/2025\\\/07\\\/cropped-cropped-logo-os-96x96.jpeg\",\"caption\":\"L'Equipe de la R\u00e9daction\"},\"url\":\"https:\\\/\\\/oeilsportif.info\\\/index.php\\\/author\\\/tawel\\\/\"}]}<\/script>\n<!-- \/ Yoast SEO plugin. -->","yoast_head_json":{"title":"AS Mineurs de Sangar\u00e9di : Facinet Mechny Ke\u00efta\u00a0 promu dans la cellule de communication du club ! - le regard du sportif","robots":{"index":"index","follow":"follow","max-snippet":"max-snippet:-1","max-image-preview":"max-image-preview:large","max-video-preview":"max-video-preview:-1"},"canonical":"https:\/\/oeilsportif.info\/index.php\/as-mineurs-de-sangaredi-facinet-mechny-keita-promu-dans-la-cellule-de-communication-du-club\/","og_locale":"fr_FR","og_type":"article","og_title":"AS Mineurs de Sangar\u00e9di : Facinet Mechny Ke\u00efta\u00a0 promu dans la cellule de communication du club ! - le regard du sportif","og_description":"Ce samedi 13 ao\u00fbt 2022 Facinet Ke\u00efta a \u00e9t\u00e9 nomm\u00e9 charg\u00e9 de communication digital de l\u2019AS Mineurs de Sangar\u00e9di. Par son courage et son travail, Facinet Ke\u00efta a \u00e9t\u00e9 nomm\u00e9 par le Pr\u00e9sident de l&rsquo;ASMS, Louis Camara au poste de charg\u00e9 de communication digital de l\u2019Association Sportive des Mineurs de Sangar\u00e9di. Juste apr\u00e8s sa nomination [&hellip;]","og_url":"https:\/\/oeilsportif.info\/index.php\/as-mineurs-de-sangaredi-facinet-mechny-keita-promu-dans-la-cellule-de-communication-du-club\/","og_site_name":"le regard du sportif","article_published_time":"2022-08-14T10:27:23+00:00","og_image":[{"width":972,"height":964,"url":"https:\/\/oeilsportif.info\/wp-content\/uploads\/2022\/08\/FB_IMG_1660463953458.jpg","type":"image\/jpeg"}],"author":"L'Equipe de la R\u00e9daction","twitter_misc":{"\u00c9crit par":"L'Equipe de la R\u00e9daction","Dur\u00e9e de lecture estim\u00e9e":"1 minute"},"schema":{"@context":"https:\/\/schema.org","@graph":[{"@type":"Article","@id":"https:\/\/oeilsportif.info\/index.php\/as-mineurs-de-sangaredi-facinet-mechny-keita-promu-dans-la-cellule-de-communication-du-club\/#article","isPartOf":{"@id":"https:\/\/oeilsportif.info\/index.php\/as-mineurs-de-sangaredi-facinet-mechny-keita-promu-dans-la-cellule-de-communication-du-club\/"},"author":{"name":"L'Equipe de la R\u00e9daction","@id":"https:\/\/oeilsportif.info\/#\/schema\/person\/cfbded294aa6095f7d96608d7905e9a1"},"headline":"AS Mineurs de Sangar\u00e9di : Facinet Mechny Ke\u00efta\u00a0 promu dans la cellule de communication du club !","datePublished":"2022-08-14T10:27:23+00:00","mainEntityOfPage":{"@id":"https:\/\/oeilsportif.info\/index.php\/as-mineurs-de-sangaredi-facinet-mechny-keita-promu-dans-la-cellule-de-communication-du-club\/"},"wordCount":202,"image":{"@id":"https:\/\/oeilsportif.info\/index.php\/as-mineurs-de-sangaredi-facinet-mechny-keita-promu-dans-la-cellule-de-communication-du-club\/#primaryimage"},"thumbnailUrl":"https:\/\/i0.wp.com\/oeilsportif.info\/wp-content\/uploads\/2022\/08\/FB_IMG_1660463953458.jpg?fit=972%2C964&ssl=1","articleSection":["Football"],"inLanguage":"fr-FR"},{"@type":"WebPage","@id":"https:\/\/oeilsportif.info\/index.php\/as-mineurs-de-sangaredi-facinet-mechny-keita-promu-dans-la-cellule-de-communication-du-club\/","url":"https:\/\/oeilsportif.info\/index.php\/as-mineurs-de-sangaredi-facinet-mechny-keita-promu-dans-la-cellule-de-communication-du-club\/","name":"AS Mineurs de Sangar\u00e9di : Facinet Mechny Ke\u00efta\u00a0 promu dans la cellule de communication du club ! - le regard du sportif","isPartOf":{"@id":"https:\/\/oeilsportif.info\/#website"},"primaryImageOfPage":{"@id":"https:\/\/oeilsportif.info\/index.php\/as-mineurs-de-sangaredi-facinet-mechny-keita-promu-dans-la-cellule-de-communication-du-club\/#primaryimage"},"image":{"@id":"https:\/\/oeilsportif.info\/index.php\/as-mineurs-de-sangaredi-facinet-mechny-keita-promu-dans-la-cellule-de-communication-du-club\/#primaryimage"},"thumbnailUrl":"https:\/\/i0.wp.com\/oeilsportif.info\/wp-content\/uploads\/2022\/08\/FB_IMG_1660463953458.jpg?fit=972%2C964&ssl=1","datePublished":"2022-08-14T10:27:23+00:00","author":{"@id":"https:\/\/oeilsportif.info\/#\/schema\/person\/cfbded294aa6095f7d96608d7905e9a1"},"inLanguage":"fr-FR","potentialAction":[{"@type":"ReadAction","target":["https:\/\/oeilsportif.info\/index.php\/as-mineurs-de-sangaredi-facinet-mechny-keita-promu-dans-la-cellule-de-communication-du-club\/"]}]},{"@type":"ImageObject","inLanguage":"fr-FR","@id":"https:\/\/oeilsportif.info\/index.php\/as-mineurs-de-sangaredi-facinet-mechny-keita-promu-dans-la-cellule-de-communication-du-club\/#primaryimage","url":"https:\/\/i0.wp.com\/oeilsportif.info\/wp-content\/uploads\/2022\/08\/FB_IMG_1660463953458.jpg?fit=972%2C964&ssl=1","contentUrl":"https:\/\/i0.wp.com\/oeilsportif.info\/wp-content\/uploads\/2022\/08\/FB_IMG_1660463953458.jpg?fit=972%2C964&ssl=1","width":972,"height":964},{"@type":"WebSite","@id":"https:\/\/oeilsportif.info\/#website","url":"https:\/\/oeilsportif.info\/","name":"le regard du sportif","description":"","potentialAction":[{"@type":"SearchAction","target":{"@type":"EntryPoint","urlTemplate":"https:\/\/oeilsportif.info\/?s={search_term_string}"},"query-input":{"@type":"PropertyValueSpecification","valueRequired":true,"valueName":"search_term_string"}}],"inLanguage":"fr-FR"},{"@type":"Person","@id":"https:\/\/oeilsportif.info\/#\/schema\/person\/cfbded294aa6095f7d96608d7905e9a1","name":"L'Equipe de la R\u00e9daction","image":{"@type":"ImageObject","inLanguage":"fr-FR","@id":"https:\/\/oeilsportif.info\/wp-content\/uploads\/2025\/07\/cropped-cropped-logo-os-96x96.jpeg","url":"https:\/\/oeilsportif.info\/wp-content\/uploads\/2025\/07\/cropped-cropped-logo-os-96x96.jpeg","contentUrl":"https:\/\/oeilsportif.info\/wp-content\/uploads\/2025\/07\/cropped-cropped-logo-os-96x96.jpeg","caption":"L'Equipe de la R\u00e9daction"},"url":"https:\/\/oeilsportif.info\/index.php\/author\/tawel\/"}]}},"jetpack_publicize_connections":[],"jetpack_featured_media_url":"https:\/\/i0.wp.com\/oeilsportif.info\/wp-content\/uploads\/2022\/08\/FB_IMG_1660463953458.jpg?fit=972%2C964&ssl=1","jetpack-related-posts":[],"jetpack_sharing_enabled":true,"jetpack_likes_enabled":true,"jetpack_shortlink":"https:\/\/wp.me\/pgFE77-ny","_links":{"self":[{"href":"https:\/\/oeilsportif.info\/index.php\/wp-json\/wp\/v2\/posts\/1460","targetHints":{"allow":["GET"]}}],"collection":[{"href":"https:\/\/oeilsportif.info\/index.php\/wp-json\/wp\/v2\/posts"}],"about":[{"href":"https:\/\/oeilsportif.info\/index.php\/wp-json\/wp\/v2\/types\/post"}],"author":[{"embeddable":true,"href":"https:\/\/oeilsportif.info\/index.php\/wp-json\/wp\/v2\/users\/2"}],"replies":[{"embeddable":true,"href":"https:\/\/oeilsportif.info\/index.php\/wp-json\/wp\/v2\/comments?post=1460"}],"version-history":[{"count":0,"href":"https:\/\/oeilsportif.info\/index.php\/wp-json\/wp\/v2\/posts\/1460\/revisions"}],"wp:featuredmedia":[{"embeddable":true,"href":"https:\/\/oeilsportif.info\/index.php\/wp-json\/wp\/v2\/media\/1461"}],"wp:attachment":[{"href":"https:\/\/oeilsportif.info\/index.php\/wp-json\/wp\/v2\/media?parent=1460"}],"wp:term":[{"taxonomy":"category","embeddable":true,"href":"https:\/\/oeilsportif.info\/index.php\/wp-json\/wp\/v2\/categories?post=1460"},{"taxonomy":"post_tag","embeddable":true,"href":"https:\/\/oeilsportif.info\/index.php\/wp-json\/wp\/v2\/tags?post=1460"}],"curies":[{"name":"wp","href":"https:\/\/api.w.org\/{rel}","templated":true}]}}